{"id":38535,"date":"2026-04-06T12:45:13","date_gmt":"2026-04-06T17:45:13","guid":{"rendered":"https:\/\/codeq.qroo.gob.mx\/?p=38535"},"modified":"2026-04-06T12:45:14","modified_gmt":"2026-04-06T17:45:14","slug":"dia-internacional-del-deporte-para-el-desarrollo-y-la-paz-movimiento-que-une-transforma-y-construye-paz-en-quintana-roo-mara-lezama","status":"publish","type":"post","link":"https:\/\/codeq.qroo.gob.mx\/index.php\/2026\/04\/06\/dia-internacional-del-deporte-para-el-desarrollo-y-la-paz-movimiento-que-une-transforma-y-construye-paz-en-quintana-roo-mara-lezama\/","title":{"rendered":"D\u00eda Internacional del Deporte para el Desarrollo y la Paz: movimiento que une, transforma y construye paz en Quintana Roo: Mara Lezama"},"content":{"rendered":"\n<p><\/p>\n\n\n\n<ul class=\"wp-block-list\">\n<li>Desde el gimnasio Nohoch Suku\u2019n, en la capital del estado, la Gobernadora impulsa agenda deportiva con inversi\u00f3n hist\u00f3rica, inclusi\u00f3n y bienestar, llevando actividad f\u00edsica y oportunidades a miles de quintanarroenses bajo el lema: \u201c\u00a1El deporte es vida!\u201d<\/li>\n\n\n\n<li>La Gobernadora destac\u00f3 la pronta atenci\u00f3n a la infraestructura deportiva, con la reapertura de la Alberca Semiol\u00edmpica tras la correcci\u00f3n de una fisura en el \u00e1rea de nado<\/li>\n<\/ul>\n\n\n\n<p>Rodeada de personas en el gimnasio Nohoch Suku\u00b4n, en donde practican su disciplina favorita, la gobernadora Mara Lezama Espinosa destac\u00f3 el papel del deporte como una herramienta clave para fortalecer la salud, fomentar valores y contribuir a la construcci\u00f3n de paz.<\/p>\n\n\n\n<p>Acompa\u00f1ada de Jacobo Arzate, titular de la Comisi\u00f3n del Deporte de Quintana Roo (CODEQ), y en el marco del D\u00eda Internacional del Deporte para el Desarrollo y la Paz, la Gobernadora a\u00f1adi\u00f3 que la pr\u00e1ctica deportiva no solo mejora la calidad de vida, sino que tambi\u00e9n impulsa la disciplina, la inclusi\u00f3n, la tolerancia y el trabajo en equipo.<\/p>\n\n\n\n<p>\u201cEl deporte forma car\u00e1cter, fortalece valores, es una herramienta para construir paz. Fomenta la disciplina, promueve la tolerancia, la inclusi\u00f3n y la colaboraci\u00f3n. Tambi\u00e9n nos ense\u00f1a a respetar al adversario, cumplir reglas y convivir de manera sana\u201d, expres\u00f3 desde el gimnasio Nohoch Suku\u2019n, en la capital del estado.<\/p>\n\n\n\n<p>Por su parte, Jacobo Arzate inform\u00f3 que, en el marco de esta conmemoraci\u00f3n, se llevan a cabo diversas actividades f\u00edsicas en todo el estado, como parte de la Semana de Cultura F\u00edsica y Deporte. Detall\u00f3 que, a trav\u00e9s de la CODEQ, se han destinado 35.6 millones de pesos para un sistema abierto de becas y est\u00edmulos que beneficia a mil 502 deportistas y 96 entrenadores.<\/p>\n\n\n\n<p>Durante el recorrido, tambi\u00e9n visitaron la Alberca Semiol\u00edmpica, el cual fue reaperturado recientemente, tras haber realizado trabajos de mantenimiento al atender de manera pronta y oportuna una fisura que presentaba el piso de la alberca.<\/p>\n\n\n\n<p>&#8220;Los invito a que se ejerciten, lo disfruten, cuiden su cuerpo y que juntos sigamos siendo parte de la Construcci\u00f3n de Paz en Quintana Roo porque \u00a1El deporte es vida!\u201d, concluy\u00f3.<\/p>\n\n\n\n<p>Asimismo, destac\u00f3 una inversi\u00f3n cercana a los 400 millones de pesos a nivel de cancha en infraestructura deportiva, enfocada en la construcci\u00f3n, rehabilitaci\u00f3n y mantenimiento de espacios dignos, inclusivos y accesibles en Quintana Roo, como el gimnasio Nohoch Suku\u00b4n.<\/p>\n\n\n\n<p>La Gobernadora tambi\u00e9n resalt\u00f3 la colaboraci\u00f3n de este gobierno humanista con coraz\u00f3n feminista con la Comisi\u00f3n Nacional de Cultura F\u00edsica y Deporte en programas de activaci\u00f3n f\u00edsica en los 11 municipios, que han beneficiado a m\u00e1s de 86 mil personas. A\u00f1adi\u00f3 que la inclusi\u00f3n es una prioridad en este gobierno diferente, por lo que se cre\u00f3 un departamento enfocado en el impulso del deporte adaptado.<\/p>\n\n\n\n<p>Finalmente, Mara Lezama y Jacobo Arzate invitaron a la ciudadan\u00eda a incorporarse a la actividad f\u00edsica y adoptar h\u00e1bitos saludables, al reiterar que el deporte contribuye al bienestar integral y a la construcci\u00f3n de paz social. \u201c\u00a1El deporte es vida!\u201d, concluyeron.<\/p>\n\n\n\n<figure class=\"wp-block-gallery has-nested-images columns-default is-cropped wp-block-gallery-1 is-layout-flex wp-block-gallery-is-layout-flex\">\n<figure class=\"wp-block-image size-large\"><img fetchpriority=\"high\" decoding=\"async\" width=\"1024\" height=\"682\" data-id=\"38537\" src=\"https:\/\/codeq.qroo.gob.mx\/wp-content\/uploads\/2026\/04\/WhatsApp-Image-2026-04-06-at-12.41.27-PM-2-1024x682.jpeg\" alt=\"\" class=\"wp-image-38537\" srcset=\"https:\/\/codeq.qroo.gob.mx\/wp-content\/uploads\/2026\/04\/WhatsApp-Image-2026-04-06-at-12.41.27-PM-2-1024x682.jpeg 1024w, https:\/\/codeq.qroo.gob.mx\/wp-content\/uploads\/2026\/04\/WhatsApp-Image-2026-04-06-at-12.41.27-PM-2-300x200.jpeg 300w, https:\/\/codeq.qroo.gob.mx\/wp-content\/uploads\/2026\/04\/WhatsApp-Image-2026-04-06-at-12.41.27-PM-2-768x511.jpeg 768w, https:\/\/codeq.qroo.gob.mx\/wp-content\/uploads\/2026\/04\/WhatsApp-Image-2026-04-06-at-12.41.27-PM-2.jpeg 1280w\" sizes=\"(max-width: 1024px) 100vw, 1024px\" \/><\/figure>\n\n\n\n<figure class=\"wp-block-image size-large\"><img decoding=\"async\" width=\"1024\" height=\"682\" data-id=\"38542\" src=\"https:\/\/codeq.qroo.gob.mx\/wp-content\/uploads\/2026\/04\/WhatsApp-Image-2026-04-06-at-12.41.27-PM-1-1024x682.jpeg\" alt=\"\" class=\"wp-image-38542\" srcset=\"https:\/\/codeq.qroo.gob.mx\/wp-content\/uploads\/2026\/04\/WhatsApp-Image-2026-04-06-at-12.41.27-PM-1-1024x682.jpeg 1024w, https:\/\/codeq.qroo.gob.mx\/wp-content\/uploads\/2026\/04\/WhatsApp-Image-2026-04-06-at-12.41.27-PM-1-300x200.jpeg 300w, https:\/\/codeq.qroo.gob.mx\/wp-content\/uploads\/2026\/04\/WhatsApp-Image-2026-04-06-at-12.41.27-PM-1-768x512.jpeg 768w, https:\/\/codeq.qroo.gob.mx\/wp-content\/uploads\/2026\/04\/WhatsApp-Image-2026-04-06-at-12.41.27-PM-1.jpeg 1280w\" sizes=\"(max-width: 1024px) 100vw, 1024px\" \/><\/figure>\n\n\n\n<figure class=\"wp-block-image size-large\"><img decoding=\"async\" width=\"1024\" height=\"682\" data-id=\"38536\" src=\"https:\/\/codeq.qroo.gob.mx\/wp-content\/uploads\/2026\/04\/WhatsApp-Image-2026-04-06-at-12.41.27-PM-1024x682.jpeg\" alt=\"\" class=\"wp-image-38536\" srcset=\"https:\/\/codeq.qroo.gob.mx\/wp-content\/uploads\/2026\/04\/WhatsApp-Image-2026-04-06-at-12.41.27-PM-1024x682.jpeg 1024w, https:\/\/codeq.qroo.gob.mx\/wp-content\/uploads\/2026\/04\/WhatsApp-Image-2026-04-06-at-12.41.27-PM-300x200.jpeg 300w, https:\/\/codeq.qroo.gob.mx\/wp-content\/uploads\/2026\/04\/WhatsApp-Image-2026-04-06-at-12.41.27-PM-768x511.jpeg 768w, https:\/\/codeq.qroo.gob.mx\/wp-content\/uploads\/2026\/04\/WhatsApp-Image-2026-04-06-at-12.41.27-PM.jpeg 1280w\" sizes=\"(max-width: 1024px) 100vw, 1024px\" \/><\/figure>\n\n\n\n<figure class=\"wp-block-image size-large\"><img loading=\"lazy\" decoding=\"async\" width=\"1024\" height=\"682\" data-id=\"38543\" src=\"https:\/\/codeq.qroo.gob.mx\/wp-content\/uploads\/2026\/04\/WhatsApp-Image-2026-04-06-at-12.41.26-PM-3-1024x682.jpeg\" alt=\"\" class=\"wp-image-38543\" srcset=\"https:\/\/codeq.qroo.gob.mx\/wp-content\/uploads\/2026\/04\/WhatsApp-Image-2026-04-06-at-12.41.26-PM-3-1024x682.jpeg 1024w, https:\/\/codeq.qroo.gob.mx\/wp-content\/uploads\/2026\/04\/WhatsApp-Image-2026-04-06-at-12.41.26-PM-3-300x200.jpeg 300w, https:\/\/codeq.qroo.gob.mx\/wp-content\/uploads\/2026\/04\/WhatsApp-Image-2026-04-06-at-12.41.26-PM-3-768x512.jpeg 768w, https:\/\/codeq.qroo.gob.mx\/wp-content\/uploads\/2026\/04\/WhatsApp-Image-2026-04-06-at-12.41.26-PM-3-1536x1023.jpeg 1536w, https:\/\/codeq.qroo.gob.mx\/wp-content\/uploads\/2026\/04\/WhatsApp-Image-2026-04-06-at-12.41.26-PM-3.jpeg 1600w\" sizes=\"(max-width: 1024px) 100vw, 1024px\" \/><\/figure>\n\n\n\n<figure class=\"wp-block-image size-large\"><img loading=\"lazy\" decoding=\"async\" width=\"1024\" height=\"682\" data-id=\"38538\" src=\"https:\/\/codeq.qroo.gob.mx\/wp-content\/uploads\/2026\/04\/WhatsApp-Image-2026-04-06-at-12.41.26-PM-2-1024x682.jpeg\" alt=\"\" class=\"wp-image-38538\" srcset=\"https:\/\/codeq.qroo.gob.mx\/wp-content\/uploads\/2026\/04\/WhatsApp-Image-2026-04-06-at-12.41.26-PM-2-1024x682.jpeg 1024w, https:\/\/codeq.qroo.gob.mx\/wp-content\/uploads\/2026\/04\/WhatsApp-Image-2026-04-06-at-12.41.26-PM-2-300x200.jpeg 300w, https:\/\/codeq.qroo.gob.mx\/wp-content\/uploads\/2026\/04\/WhatsApp-Image-2026-04-06-at-12.41.26-PM-2-768x511.jpeg 768w, https:\/\/codeq.qroo.gob.mx\/wp-content\/uploads\/2026\/04\/WhatsApp-Image-2026-04-06-at-12.41.26-PM-2.jpeg 1280w\" sizes=\"(max-width: 1024px) 100vw, 1024px\" \/><\/figure>\n\n\n\n<figure class=\"wp-block-image size-large\"><img loading=\"lazy\" decoding=\"async\" width=\"1024\" height=\"682\" data-id=\"38540\" src=\"https:\/\/codeq.qroo.gob.mx\/wp-content\/uploads\/2026\/04\/WhatsApp-Image-2026-04-06-at-12.41.26-PM-1-1024x682.jpeg\" alt=\"\" class=\"wp-image-38540\" srcset=\"https:\/\/codeq.qroo.gob.mx\/wp-content\/uploads\/2026\/04\/WhatsApp-Image-2026-04-06-at-12.41.26-PM-1-1024x682.jpeg 1024w, https:\/\/codeq.qroo.gob.mx\/wp-content\/uploads\/2026\/04\/WhatsApp-Image-2026-04-06-at-12.41.26-PM-1-300x200.jpeg 300w, https:\/\/codeq.qroo.gob.mx\/wp-content\/uploads\/2026\/04\/WhatsApp-Image-2026-04-06-at-12.41.26-PM-1-768x512.jpeg 768w, https:\/\/codeq.qroo.gob.mx\/wp-content\/uploads\/2026\/04\/WhatsApp-Image-2026-04-06-at-12.41.26-PM-1-1536x1023.jpeg 1536w, https:\/\/codeq.qroo.gob.mx\/wp-content\/uploads\/2026\/04\/WhatsApp-Image-2026-04-06-at-12.41.26-PM-1.jpeg 1600w\" sizes=\"(max-width: 1024px) 100vw, 1024px\" \/><\/figure>\n\n\n\n<figure class=\"wp-block-image size-large\"><img loading=\"lazy\" decoding=\"async\" width=\"1024\" height=\"682\" data-id=\"38541\" src=\"https:\/\/codeq.qroo.gob.mx\/wp-content\/uploads\/2026\/04\/WhatsApp-Image-2026-04-06-at-12.41.26-PM-1024x682.jpeg\" alt=\"\" class=\"wp-image-38541\" srcset=\"https:\/\/codeq.qroo.gob.mx\/wp-content\/uploads\/2026\/04\/WhatsApp-Image-2026-04-06-at-12.41.26-PM-1024x682.jpeg 1024w, https:\/\/codeq.qroo.gob.mx\/wp-content\/uploads\/2026\/04\/WhatsApp-Image-2026-04-06-at-12.41.26-PM-300x200.jpeg 300w, https:\/\/codeq.qroo.gob.mx\/wp-content\/uploads\/2026\/04\/WhatsApp-Image-2026-04-06-at-12.41.26-PM-768x512.jpeg 768w, https:\/\/codeq.qroo.gob.mx\/wp-content\/uploads\/2026\/04\/WhatsApp-Image-2026-04-06-at-12.41.26-PM-1536x1023.jpeg 1536w, https:\/\/codeq.qroo.gob.mx\/wp-content\/uploads\/2026\/04\/WhatsApp-Image-2026-04-06-at-12.41.26-PM.jpeg 1600w\" sizes=\"(max-width: 1024px) 100vw, 1024px\" \/><\/figure>\n\n\n\n<figure class=\"wp-block-image size-large\"><img loading=\"lazy\" decoding=\"async\" width=\"1024\" height=\"682\" data-id=\"38539\" src=\"https:\/\/codeq.qroo.gob.mx\/wp-content\/uploads\/2026\/04\/WhatsApp-Image-2026-04-06-at-12.41.25-PM-1024x682.jpeg\" alt=\"\" class=\"wp-image-38539\" srcset=\"https:\/\/codeq.qroo.gob.mx\/wp-content\/uploads\/2026\/04\/WhatsApp-Image-2026-04-06-at-12.41.25-PM-1024x682.jpeg 1024w, https:\/\/codeq.qroo.gob.mx\/wp-content\/uploads\/2026\/04\/WhatsApp-Image-2026-04-06-at-12.41.25-PM-300x200.jpeg 300w, https:\/\/codeq.qroo.gob.mx\/wp-content\/uploads\/2026\/04\/WhatsApp-Image-2026-04-06-at-12.41.25-PM-768x512.jpeg 768w, https:\/\/codeq.qroo.gob.mx\/wp-content\/uploads\/2026\/04\/WhatsApp-Image-2026-04-06-at-12.41.25-PM.jpeg 1280w\" sizes=\"(max-width: 1024px) 100vw, 1024px\" \/><\/figure>\n<\/figure>\n","protected":false},"excerpt":{"rendered":"<p>Rodeada de personas en el gimnasio Nohoch Suku\u00b4n, en donde practican su disciplina favorita, la gobernadora Mara Lezama Espinosa destac\u00f3 el papel del deporte como una herramienta clave para fortalecer la salud, fomentar valores y contribuir a la construcci\u00f3n de paz. Acompa\u00f1ada de Jacobo Arzate, titular de la Comisi\u00f3n del Deporte de Quintana Roo (CODEQ), &#8230; <a title=\"D\u00eda Internacional del Deporte para el Desarrollo y la Paz: movimiento que une, transforma y construye paz en Quintana Roo: Mara Lezama\" class=\"read-more\" href=\"https:\/\/codeq.qroo.gob.mx\/index.php\/2026\/04\/06\/dia-internacional-del-deporte-para-el-desarrollo-y-la-paz-movimiento-que-une-transforma-y-construye-paz-en-quintana-roo-mara-lezama\/\" aria-label=\"Leer m\u00e1s sobre D\u00eda Internacional del Deporte para el Desarrollo y la Paz: movimiento que une, transforma y construye paz en Quintana Roo: Mara Lezama\">Leer m\u00e1s<\/a><\/p>\n","protected":false},"author":3,"featured_media":38539,"comment_status":"open","ping_status":"open","sticky":false,"template":"","format":"standard","meta":{"footnotes":""},"categories":[5],"tags":[],"class_list":["post-38535","post","type-post","status-publish","format-standard","has-post-thumbnail","hentry","category-noticias"],"yoast_head":"<!-- This site is optimized with the Yoast SEO plugin v25.5 - https:\/\/yoast.com\/wordpress\/plugins\/seo\/ -->\n<title>D\u00eda Internacional del Deporte para el Desarrollo y la Paz: movimiento que une, transforma y construye paz en Quintana Roo: Mara Lezama - Comisi\u00f3n del Deporte de Quintana Roo<\/title>\n<meta name=\"robots\" content=\"index, follow, max-snippet:-1, max-image-preview:large, max-video-preview:-1\" \/>\n<link rel=\"canonical\" href=\"https:\/\/codeq.qroo.gob.mx\/index.php\/2026\/04\/06\/dia-internacional-del-deporte-para-el-desarrollo-y-la-paz-movimiento-que-une-transforma-y-construye-paz-en-quintana-roo-mara-lezama\/\" \/>\n<meta property=\"og:locale\" content=\"es_MX\" \/>\n<meta property=\"og:type\" content=\"article\" \/>\n<meta property=\"og:title\" content=\"D\u00eda Internacional del Deporte para el Desarrollo y la Paz: movimiento que une, transforma y construye paz en Quintana Roo: Mara Lezama - Comisi\u00f3n del Deporte de Quintana Roo\" \/>\n<meta property=\"og:description\" content=\"Rodeada de personas en el gimnasio Nohoch Suku\u00b4n, en donde practican su disciplina favorita, la gobernadora Mara Lezama Espinosa destac\u00f3 el papel del deporte como una herramienta clave para fortalecer la salud, fomentar valores y contribuir a la construcci\u00f3n de paz. Acompa\u00f1ada de Jacobo Arzate, titular de la Comisi\u00f3n del Deporte de Quintana Roo (CODEQ), ... Leer m\u00e1s\" \/>\n<meta property=\"og:url\" content=\"https:\/\/codeq.qroo.gob.mx\/index.php\/2026\/04\/06\/dia-internacional-del-deporte-para-el-desarrollo-y-la-paz-movimiento-que-une-transforma-y-construye-paz-en-quintana-roo-mara-lezama\/\" \/>\n<meta property=\"og:site_name\" content=\"Comisi\u00f3n del Deporte de Quintana Roo\" \/>\n<meta property=\"article:published_time\" content=\"2026-04-06T17:45:13+00:00\" \/>\n<meta property=\"article:modified_time\" content=\"2026-04-06T17:45:14+00:00\" \/>\n<meta property=\"og:image\" content=\"https:\/\/codeq.qroo.gob.mx\/wp-content\/uploads\/2026\/04\/WhatsApp-Image-2026-04-06-at-12.41.25-PM.jpeg\" \/>\n\t<meta property=\"og:image:width\" content=\"1280\" \/>\n\t<meta property=\"og:image:height\" content=\"853\" \/>\n\t<meta property=\"og:image:type\" content=\"image\/jpeg\" \/>\n<meta name=\"author\" content=\"Jorge Antonio Carvajal Maldonado\" \/>\n<meta name=\"twitter:card\" content=\"summary_large_image\" \/>\n<meta name=\"twitter:label1\" content=\"Escrito por\" \/>\n\t<meta name=\"twitter:data1\" content=\"Jorge Antonio Carvajal Maldonado\" \/>\n\t<meta name=\"twitter:label2\" content=\"Tiempo de lectura\" \/>\n\t<meta name=\"twitter:data2\" content=\"5 minutos\" \/>\n<script type=\"application\/ld+json\" class=\"yoast-schema-graph\">{\"@context\":\"https:\/\/schema.org\",\"@graph\":[{\"@type\":\"Article\",\"@id\":\"https:\/\/codeq.qroo.gob.mx\/index.php\/2026\/04\/06\/dia-internacional-del-deporte-para-el-desarrollo-y-la-paz-movimiento-que-une-transforma-y-construye-paz-en-quintana-roo-mara-lezama\/#article\",\"isPartOf\":{\"@id\":\"https:\/\/codeq.qroo.gob.mx\/index.php\/2026\/04\/06\/dia-internacional-del-deporte-para-el-desarrollo-y-la-paz-movimiento-que-une-transforma-y-construye-paz-en-quintana-roo-mara-lezama\/\"},\"author\":{\"name\":\"Jorge Antonio Carvajal Maldonado\",\"@id\":\"https:\/\/codeq.qroo.gob.mx\/#\/schema\/person\/08f280f71ae6986a008ff55cb6d46160\"},\"headline\":\"D\u00eda Internacional del Deporte para el Desarrollo y la Paz: movimiento que une, transforma y construye paz en Quintana Roo: Mara Lezama\",\"datePublished\":\"2026-04-06T17:45:13+00:00\",\"dateModified\":\"2026-04-06T17:45:14+00:00\",\"mainEntityOfPage\":{\"@id\":\"https:\/\/codeq.qroo.gob.mx\/index.php\/2026\/04\/06\/dia-internacional-del-deporte-para-el-desarrollo-y-la-paz-movimiento-que-une-transforma-y-construye-paz-en-quintana-roo-mara-lezama\/\"},\"wordCount\":554,\"commentCount\":0,\"publisher\":{\"@id\":\"https:\/\/codeq.qroo.gob.mx\/#organization\"},\"image\":{\"@id\":\"https:\/\/codeq.qroo.gob.mx\/index.php\/2026\/04\/06\/dia-internacional-del-deporte-para-el-desarrollo-y-la-paz-movimiento-que-une-transforma-y-construye-paz-en-quintana-roo-mara-lezama\/#primaryimage\"},\"thumbnailUrl\":\"https:\/\/codeq.qroo.gob.mx\/wp-content\/uploads\/2026\/04\/WhatsApp-Image-2026-04-06-at-12.41.25-PM.jpeg\",\"articleSection\":[\"Noticias\"],\"inLanguage\":\"es\",\"potentialAction\":[{\"@type\":\"CommentAction\",\"name\":\"Comment\",\"target\":[\"https:\/\/codeq.qroo.gob.mx\/index.php\/2026\/04\/06\/dia-internacional-del-deporte-para-el-desarrollo-y-la-paz-movimiento-que-une-transforma-y-construye-paz-en-quintana-roo-mara-lezama\/#respond\"]}]},{\"@type\":\"WebPage\",\"@id\":\"https:\/\/codeq.qroo.gob.mx\/index.php\/2026\/04\/06\/dia-internacional-del-deporte-para-el-desarrollo-y-la-paz-movimiento-que-une-transforma-y-construye-paz-en-quintana-roo-mara-lezama\/\",\"url\":\"https:\/\/codeq.qroo.gob.mx\/index.php\/2026\/04\/06\/dia-internacional-del-deporte-para-el-desarrollo-y-la-paz-movimiento-que-une-transforma-y-construye-paz-en-quintana-roo-mara-lezama\/\",\"name\":\"D\u00eda Internacional del Deporte para el Desarrollo y la Paz: movimiento que une, transforma y construye paz en Quintana Roo: Mara Lezama - Comisi\u00f3n del Deporte de Quintana Roo\",\"isPartOf\":{\"@id\":\"https:\/\/codeq.qroo.gob.mx\/#website\"},\"primaryImageOfPage\":{\"@id\":\"https:\/\/codeq.qroo.gob.mx\/index.php\/2026\/04\/06\/dia-internacional-del-deporte-para-el-desarrollo-y-la-paz-movimiento-que-une-transforma-y-construye-paz-en-quintana-roo-mara-lezama\/#primaryimage\"},\"image\":{\"@id\":\"https:\/\/codeq.qroo.gob.mx\/index.php\/2026\/04\/06\/dia-internacional-del-deporte-para-el-desarrollo-y-la-paz-movimiento-que-une-transforma-y-construye-paz-en-quintana-roo-mara-lezama\/#primaryimage\"},\"thumbnailUrl\":\"https:\/\/codeq.qroo.gob.mx\/wp-content\/uploads\/2026\/04\/WhatsApp-Image-2026-04-06-at-12.41.25-PM.jpeg\",\"datePublished\":\"2026-04-06T17:45:13+00:00\",\"dateModified\":\"2026-04-06T17:45:14+00:00\",\"breadcrumb\":{\"@id\":\"https:\/\/codeq.qroo.gob.mx\/index.php\/2026\/04\/06\/dia-internacional-del-deporte-para-el-desarrollo-y-la-paz-movimiento-que-une-transforma-y-construye-paz-en-quintana-roo-mara-lezama\/#breadcrumb\"},\"inLanguage\":\"es\",\"potentialAction\":[{\"@type\":\"ReadAction\",\"target\":[\"https:\/\/codeq.qroo.gob.mx\/index.php\/2026\/04\/06\/dia-internacional-del-deporte-para-el-desarrollo-y-la-paz-movimiento-que-une-transforma-y-construye-paz-en-quintana-roo-mara-lezama\/\"]}]},{\"@type\":\"ImageObject\",\"inLanguage\":\"es\",\"@id\":\"https:\/\/codeq.qroo.gob.mx\/index.php\/2026\/04\/06\/dia-internacional-del-deporte-para-el-desarrollo-y-la-paz-movimiento-que-une-transforma-y-construye-paz-en-quintana-roo-mara-lezama\/#primaryimage\",\"url\":\"https:\/\/codeq.qroo.gob.mx\/wp-content\/uploads\/2026\/04\/WhatsApp-Image-2026-04-06-at-12.41.25-PM.jpeg\",\"contentUrl\":\"https:\/\/codeq.qroo.gob.mx\/wp-content\/uploads\/2026\/04\/WhatsApp-Image-2026-04-06-at-12.41.25-PM.jpeg\",\"width\":1280,\"height\":853},{\"@type\":\"BreadcrumbList\",\"@id\":\"https:\/\/codeq.qroo.gob.mx\/index.php\/2026\/04\/06\/dia-internacional-del-deporte-para-el-desarrollo-y-la-paz-movimiento-que-une-transforma-y-construye-paz-en-quintana-roo-mara-lezama\/#breadcrumb\",\"itemListElement\":[{\"@type\":\"ListItem\",\"position\":1,\"name\":\"Inicio\",\"item\":\"https:\/\/codeq.qroo.gob.mx\/\"},{\"@type\":\"ListItem\",\"position\":2,\"name\":\"D\u00eda Internacional del Deporte para el Desarrollo y la Paz: movimiento que une, transforma y construye paz en Quintana Roo: Mara Lezama\"}]},{\"@type\":\"WebSite\",\"@id\":\"https:\/\/codeq.qroo.gob.mx\/#website\",\"url\":\"https:\/\/codeq.qroo.gob.mx\/\",\"name\":\"Comisi\u00f3n del Deporte de Quintana Roo\",\"description\":\"CODEQ\",\"publisher\":{\"@id\":\"https:\/\/codeq.qroo.gob.mx\/#organization\"},\"potentialAction\":[{\"@type\":\"SearchAction\",\"target\":{\"@type\":\"EntryPoint\",\"urlTemplate\":\"https:\/\/codeq.qroo.gob.mx\/?s={search_term_string}\"},\"query-input\":{\"@type\":\"PropertyValueSpecification\",\"valueRequired\":true,\"valueName\":\"search_term_string\"}}],\"inLanguage\":\"es\"},{\"@type\":\"Organization\",\"@id\":\"https:\/\/codeq.qroo.gob.mx\/#organization\",\"name\":\"Comisi\u00f3n del Deporte de Quintana Roo\",\"url\":\"https:\/\/codeq.qroo.gob.mx\/\",\"logo\":{\"@type\":\"ImageObject\",\"inLanguage\":\"es\",\"@id\":\"https:\/\/codeq.qroo.gob.mx\/#\/schema\/logo\/image\/\",\"url\":\"https:\/\/codeq.qroo.gob.mx\/wp-content\/uploads\/2024\/07\/CODEQ.png\",\"contentUrl\":\"https:\/\/codeq.qroo.gob.mx\/wp-content\/uploads\/2024\/07\/CODEQ.png\",\"width\":3000,\"height\":1688,\"caption\":\"Comisi\u00f3n del Deporte de Quintana Roo\"},\"image\":{\"@id\":\"https:\/\/codeq.qroo.gob.mx\/#\/schema\/logo\/image\/\"}},{\"@type\":\"Person\",\"@id\":\"https:\/\/codeq.qroo.gob.mx\/#\/schema\/person\/08f280f71ae6986a008ff55cb6d46160\",\"name\":\"Jorge Antonio Carvajal Maldonado\",\"image\":{\"@type\":\"ImageObject\",\"inLanguage\":\"es\",\"@id\":\"https:\/\/codeq.qroo.gob.mx\/#\/schema\/person\/image\/\",\"url\":\"https:\/\/secure.gravatar.com\/avatar\/e61cdf534226ddcecdaed9988ec080e5df82259aa9a3e3f50abf5a5f2b95122f?s=96&d=mm&r=g\",\"contentUrl\":\"https:\/\/secure.gravatar.com\/avatar\/e61cdf534226ddcecdaed9988ec080e5df82259aa9a3e3f50abf5a5f2b95122f?s=96&d=mm&r=g\",\"caption\":\"Jorge Antonio Carvajal Maldonado\"},\"url\":\"https:\/\/codeq.qroo.gob.mx\/index.php\/author\/antonio\/\"}]}<\/script>\n<!-- \/ Yoast SEO plugin. -->","yoast_head_json":{"title":"D\u00eda Internacional del Deporte para el Desarrollo y la Paz: movimiento que une, transforma y construye paz en Quintana Roo: Mara Lezama - Comisi\u00f3n del Deporte de Quintana Roo","robots":{"index":"index","follow":"follow","max-snippet":"max-snippet:-1","max-image-preview":"max-image-preview:large","max-video-preview":"max-video-preview:-1"},"canonical":"https:\/\/codeq.qroo.gob.mx\/index.php\/2026\/04\/06\/dia-internacional-del-deporte-para-el-desarrollo-y-la-paz-movimiento-que-une-transforma-y-construye-paz-en-quintana-roo-mara-lezama\/","og_locale":"es_MX","og_type":"article","og_title":"D\u00eda Internacional del Deporte para el Desarrollo y la Paz: movimiento que une, transforma y construye paz en Quintana Roo: Mara Lezama - Comisi\u00f3n del Deporte de Quintana Roo","og_description":"Rodeada de personas en el gimnasio Nohoch Suku\u00b4n, en donde practican su disciplina favorita, la gobernadora Mara Lezama Espinosa destac\u00f3 el papel del deporte como una herramienta clave para fortalecer la salud, fomentar valores y contribuir a la construcci\u00f3n de paz. Acompa\u00f1ada de Jacobo Arzate, titular de la Comisi\u00f3n del Deporte de Quintana Roo (CODEQ), ... Leer m\u00e1s","og_url":"https:\/\/codeq.qroo.gob.mx\/index.php\/2026\/04\/06\/dia-internacional-del-deporte-para-el-desarrollo-y-la-paz-movimiento-que-une-transforma-y-construye-paz-en-quintana-roo-mara-lezama\/","og_site_name":"Comisi\u00f3n del Deporte de Quintana Roo","article_published_time":"2026-04-06T17:45:13+00:00","article_modified_time":"2026-04-06T17:45:14+00:00","og_image":[{"width":1280,"height":853,"url":"https:\/\/codeq.qroo.gob.mx\/wp-content\/uploads\/2026\/04\/WhatsApp-Image-2026-04-06-at-12.41.25-PM.jpeg","type":"image\/jpeg"}],"author":"Jorge Antonio Carvajal Maldonado","twitter_card":"summary_large_image","twitter_misc":{"Escrito por":"Jorge Antonio Carvajal Maldonado","Tiempo de lectura":"5 minutos"},"schema":{"@context":"https:\/\/schema.org","@graph":[{"@type":"Article","@id":"https:\/\/codeq.qroo.gob.mx\/index.php\/2026\/04\/06\/dia-internacional-del-deporte-para-el-desarrollo-y-la-paz-movimiento-que-une-transforma-y-construye-paz-en-quintana-roo-mara-lezama\/#article","isPartOf":{"@id":"https:\/\/codeq.qroo.gob.mx\/index.php\/2026\/04\/06\/dia-internacional-del-deporte-para-el-desarrollo-y-la-paz-movimiento-que-une-transforma-y-construye-paz-en-quintana-roo-mara-lezama\/"},"author":{"name":"Jorge Antonio Carvajal Maldonado","@id":"https:\/\/codeq.qroo.gob.mx\/#\/schema\/person\/08f280f71ae6986a008ff55cb6d46160"},"headline":"D\u00eda Internacional del Deporte para el Desarrollo y la Paz: movimiento que une, transforma y construye paz en Quintana Roo: Mara Lezama","datePublished":"2026-04-06T17:45:13+00:00","dateModified":"2026-04-06T17:45:14+00:00","mainEntityOfPage":{"@id":"https:\/\/codeq.qroo.gob.mx\/index.php\/2026\/04\/06\/dia-internacional-del-deporte-para-el-desarrollo-y-la-paz-movimiento-que-une-transforma-y-construye-paz-en-quintana-roo-mara-lezama\/"},"wordCount":554,"commentCount":0,"publisher":{"@id":"https:\/\/codeq.qroo.gob.mx\/#organization"},"image":{"@id":"https:\/\/codeq.qroo.gob.mx\/index.php\/2026\/04\/06\/dia-internacional-del-deporte-para-el-desarrollo-y-la-paz-movimiento-que-une-transforma-y-construye-paz-en-quintana-roo-mara-lezama\/#primaryimage"},"thumbnailUrl":"https:\/\/codeq.qroo.gob.mx\/wp-content\/uploads\/2026\/04\/WhatsApp-Image-2026-04-06-at-12.41.25-PM.jpeg","articleSection":["Noticias"],"inLanguage":"es","potentialAction":[{"@type":"CommentAction","name":"Comment","target":["https:\/\/codeq.qroo.gob.mx\/index.php\/2026\/04\/06\/dia-internacional-del-deporte-para-el-desarrollo-y-la-paz-movimiento-que-une-transforma-y-construye-paz-en-quintana-roo-mara-lezama\/#respond"]}]},{"@type":"WebPage","@id":"https:\/\/codeq.qroo.gob.mx\/index.php\/2026\/04\/06\/dia-internacional-del-deporte-para-el-desarrollo-y-la-paz-movimiento-que-une-transforma-y-construye-paz-en-quintana-roo-mara-lezama\/","url":"https:\/\/codeq.qroo.gob.mx\/index.php\/2026\/04\/06\/dia-internacional-del-deporte-para-el-desarrollo-y-la-paz-movimiento-que-une-transforma-y-construye-paz-en-quintana-roo-mara-lezama\/","name":"D\u00eda Internacional del Deporte para el Desarrollo y la Paz: movimiento que une, transforma y construye paz en Quintana Roo: Mara Lezama - Comisi\u00f3n del Deporte de Quintana Roo","isPartOf":{"@id":"https:\/\/codeq.qroo.gob.mx\/#website"},"primaryImageOfPage":{"@id":"https:\/\/codeq.qroo.gob.mx\/index.php\/2026\/04\/06\/dia-internacional-del-deporte-para-el-desarrollo-y-la-paz-movimiento-que-une-transforma-y-construye-paz-en-quintana-roo-mara-lezama\/#primaryimage"},"image":{"@id":"https:\/\/codeq.qroo.gob.mx\/index.php\/2026\/04\/06\/dia-internacional-del-deporte-para-el-desarrollo-y-la-paz-movimiento-que-une-transforma-y-construye-paz-en-quintana-roo-mara-lezama\/#primaryimage"},"thumbnailUrl":"https:\/\/codeq.qroo.gob.mx\/wp-content\/uploads\/2026\/04\/WhatsApp-Image-2026-04-06-at-12.41.25-PM.jpeg","datePublished":"2026-04-06T17:45:13+00:00","dateModified":"2026-04-06T17:45:14+00:00","breadcrumb":{"@id":"https:\/\/codeq.qroo.gob.mx\/index.php\/2026\/04\/06\/dia-internacional-del-deporte-para-el-desarrollo-y-la-paz-movimiento-que-une-transforma-y-construye-paz-en-quintana-roo-mara-lezama\/#breadcrumb"},"inLanguage":"es","potentialAction":[{"@type":"ReadAction","target":["https:\/\/codeq.qroo.gob.mx\/index.php\/2026\/04\/06\/dia-internacional-del-deporte-para-el-desarrollo-y-la-paz-movimiento-que-une-transforma-y-construye-paz-en-quintana-roo-mara-lezama\/"]}]},{"@type":"ImageObject","inLanguage":"es","@id":"https:\/\/codeq.qroo.gob.mx\/index.php\/2026\/04\/06\/dia-internacional-del-deporte-para-el-desarrollo-y-la-paz-movimiento-que-une-transforma-y-construye-paz-en-quintana-roo-mara-lezama\/#primaryimage","url":"https:\/\/codeq.qroo.gob.mx\/wp-content\/uploads\/2026\/04\/WhatsApp-Image-2026-04-06-at-12.41.25-PM.jpeg","contentUrl":"https:\/\/codeq.qroo.gob.mx\/wp-content\/uploads\/2026\/04\/WhatsApp-Image-2026-04-06-at-12.41.25-PM.jpeg","width":1280,"height":853},{"@type":"BreadcrumbList","@id":"https:\/\/codeq.qroo.gob.mx\/index.php\/2026\/04\/06\/dia-internacional-del-deporte-para-el-desarrollo-y-la-paz-movimiento-que-une-transforma-y-construye-paz-en-quintana-roo-mara-lezama\/#breadcrumb","itemListElement":[{"@type":"ListItem","position":1,"name":"Inicio","item":"https:\/\/codeq.qroo.gob.mx\/"},{"@type":"ListItem","position":2,"name":"D\u00eda Internacional del Deporte para el Desarrollo y la Paz: movimiento que une, transforma y construye paz en Quintana Roo: Mara Lezama"}]},{"@type":"WebSite","@id":"https:\/\/codeq.qroo.gob.mx\/#website","url":"https:\/\/codeq.qroo.gob.mx\/","name":"Comisi\u00f3n del Deporte de Quintana Roo","description":"CODEQ","publisher":{"@id":"https:\/\/codeq.qroo.gob.mx\/#organization"},"potentialAction":[{"@type":"SearchAction","target":{"@type":"EntryPoint","urlTemplate":"https:\/\/codeq.qroo.gob.mx\/?s={search_term_string}"},"query-input":{"@type":"PropertyValueSpecification","valueRequired":true,"valueName":"search_term_string"}}],"inLanguage":"es"},{"@type":"Organization","@id":"https:\/\/codeq.qroo.gob.mx\/#organization","name":"Comisi\u00f3n del Deporte de Quintana Roo","url":"https:\/\/codeq.qroo.gob.mx\/","logo":{"@type":"ImageObject","inLanguage":"es","@id":"https:\/\/codeq.qroo.gob.mx\/#\/schema\/logo\/image\/","url":"https:\/\/codeq.qroo.gob.mx\/wp-content\/uploads\/2024\/07\/CODEQ.png","contentUrl":"https:\/\/codeq.qroo.gob.mx\/wp-content\/uploads\/2024\/07\/CODEQ.png","width":3000,"height":1688,"caption":"Comisi\u00f3n del Deporte de Quintana Roo"},"image":{"@id":"https:\/\/codeq.qroo.gob.mx\/#\/schema\/logo\/image\/"}},{"@type":"Person","@id":"https:\/\/codeq.qroo.gob.mx\/#\/schema\/person\/08f280f71ae6986a008ff55cb6d46160","name":"Jorge Antonio Carvajal Maldonado","image":{"@type":"ImageObject","inLanguage":"es","@id":"https:\/\/codeq.qroo.gob.mx\/#\/schema\/person\/image\/","url":"https:\/\/secure.gravatar.com\/avatar\/e61cdf534226ddcecdaed9988ec080e5df82259aa9a3e3f50abf5a5f2b95122f?s=96&d=mm&r=g","contentUrl":"https:\/\/secure.gravatar.com\/avatar\/e61cdf534226ddcecdaed9988ec080e5df82259aa9a3e3f50abf5a5f2b95122f?s=96&d=mm&r=g","caption":"Jorge Antonio Carvajal Maldonado"},"url":"https:\/\/codeq.qroo.gob.mx\/index.php\/author\/antonio\/"}]}},"_links":{"self":[{"href":"https:\/\/codeq.qroo.gob.mx\/index.php\/wp-json\/wp\/v2\/posts\/38535","targetHints":{"allow":["GET"]}}],"collection":[{"href":"https:\/\/codeq.qroo.gob.mx\/index.php\/wp-json\/wp\/v2\/posts"}],"about":[{"href":"https:\/\/codeq.qroo.gob.mx\/index.php\/wp-json\/wp\/v2\/types\/post"}],"author":[{"embeddable":true,"href":"https:\/\/codeq.qroo.gob.mx\/index.php\/wp-json\/wp\/v2\/users\/3"}],"replies":[{"embeddable":true,"href":"https:\/\/codeq.qroo.gob.mx\/index.php\/wp-json\/wp\/v2\/comments?post=38535"}],"version-history":[{"count":1,"href":"https:\/\/codeq.qroo.gob.mx\/index.php\/wp-json\/wp\/v2\/posts\/38535\/revisions"}],"predecessor-version":[{"id":38544,"href":"https:\/\/codeq.qroo.gob.mx\/index.php\/wp-json\/wp\/v2\/posts\/38535\/revisions\/38544"}],"wp:featuredmedia":[{"embeddable":true,"href":"https:\/\/codeq.qroo.gob.mx\/index.php\/wp-json\/wp\/v2\/media\/38539"}],"wp:attachment":[{"href":"https:\/\/codeq.qroo.gob.mx\/index.php\/wp-json\/wp\/v2\/media?parent=38535"}],"wp:term":[{"taxonomy":"category","embeddable":true,"href":"https:\/\/codeq.qroo.gob.mx\/index.php\/wp-json\/wp\/v2\/categories?post=38535"},{"taxonomy":"post_tag","embeddable":true,"href":"https:\/\/codeq.qroo.gob.mx\/index.php\/wp-json\/wp\/v2\/tags?post=38535"}],"curies":[{"name":"wp","href":"https:\/\/api.w.org\/{rel}","templated":true}]}}