{"id":38151,"date":"2026-02-04T09:46:17","date_gmt":"2026-02-04T14:46:17","guid":{"rendered":"https:\/\/codeq.qroo.gob.mx\/?p=38151"},"modified":"2026-02-04T09:46:19","modified_gmt":"2026-02-04T14:46:19","slug":"destacan-gladiadores-quintanarroenses-en-el-campeonato-abierto-mexicano-de-luchas-asociadas-2026","status":"publish","type":"post","link":"https:\/\/codeq.qroo.gob.mx\/index.php\/2026\/02\/04\/destacan-gladiadores-quintanarroenses-en-el-campeonato-abierto-mexicano-de-luchas-asociadas-2026\/","title":{"rendered":"Destacan gladiadores quintanarroenses en el Campeonato Abierto Mexicano de Luchas Asociadas 2026"},"content":{"rendered":"\n<p><\/p>\n\n\n\n<ul class=\"wp-block-list\">\n<li>El equipo estatal tuvo una brillante actuaci\u00f3n durante el certamen celebrado en Ciudad de M\u00e9xico, donde concretaron un total de 20 preseas, 6 de oro, 5 de plata y 9 de bronce.<\/li>\n<\/ul>\n\n\n\n<p>La Selecci\u00f3n de Quintana Roo en la disciplina de Luchas Asociadas hizo muestra de su poder\u00edo en el Campeonato Abierto Mexicano de la especialidad, celebrado en la Ciudad de M\u00e9xico, donde las y los atletas cerraron de manera fruct\u00edfera su participaci\u00f3n, al conquistar un total de 20 preseas, las cuales fueron seis medallas de oro, cinco de plata y nueve m\u00e1s de bronce.<\/p>\n\n\n\n<p>Adem\u00e1s, este importante evento, que tuvo como escenario el Gimnasio \u201cPlan Sexenal\u201d, sirvi\u00f3 tambi\u00e9n para que el combinado quintanarroense tenga fogueo de preparaci\u00f3n, esto como parte del proceso rumbo a la pr\u00f3xima Olimpiada Nacional CONADE 2026, la justa del deporte amateur m\u00e1s importante del pa\u00eds.<\/p>\n\n\n\n<p>Tal como lo marca el Nuevo Acuerdo por el Bienestar y Desarrollo, que impulsa la gobernadora Mara Lezama Espinosa, a trav\u00e9s de la Comisi\u00f3n del Deporte de Quintana Roo (CODEQ), presidida por Jacobo Arzate Hop, se prioriza que las y los deportistas de la entidad cuenten con las oportunidades para seguirse desarroll\u00e1ndose en su deporte favorito.<\/p>\n\n\n\n<p>Cabe resaltar que, dentro de las acciones del certamen, las y los gladiadores de la entidad compitieron dentro de las modalidades de Lucha Grecorromana, adem\u00e1s de Lucha Libre, tanto para la rama Femenil como Varonil.<\/p>\n\n\n\n<p>En cuanto a los resultados, el equipo de Greco logr\u00f3 dos medallas de oro y tres de bronce; posteriormente, en Libre Femenil se sumaron dos de oro, cuatro de plata y cuatro de bronce y, finalmente, en Libre Varonil se cosecharon dos metales dorados, uno plateado y dos m\u00e1s de bronce, para de esta forma cerrar la participaci\u00f3n quintanarroense.<\/p>\n\n\n\n<p>La representaci\u00f3n estatal estuvo conformada por 46 atletas, quienes acudieron acompa\u00f1ados por el equipo de entrenadoras y entrenadores como William Portal Marrero, Derian Cardona, Jos\u00e9 Manuel Beytia; y el evento sirvi\u00f3 como preparaci\u00f3n rumbo a la Olimpiada Nacional CONADE 2026, y tambi\u00e9n fue clasificatorio para eventos internacionales de este a\u00f1o, como los Juegos Panamericanos.<\/p>\n\n\n\n<figure class=\"wp-block-gallery has-nested-images columns-default is-cropped wp-block-gallery-1 is-layout-flex wp-block-gallery-is-layout-flex\">\n<figure class=\"wp-block-image size-large\"><img fetchpriority=\"high\" decoding=\"async\" width=\"1024\" height=\"667\" data-id=\"38152\" src=\"https:\/\/codeq.qroo.gob.mx\/wp-content\/uploads\/2026\/02\/WhatsApp-Image-2026-02-04-at-9.41.08-AM-1-1024x667.jpeg\" alt=\"\" class=\"wp-image-38152\" srcset=\"https:\/\/codeq.qroo.gob.mx\/wp-content\/uploads\/2026\/02\/WhatsApp-Image-2026-02-04-at-9.41.08-AM-1-1024x667.jpeg 1024w, https:\/\/codeq.qroo.gob.mx\/wp-content\/uploads\/2026\/02\/WhatsApp-Image-2026-02-04-at-9.41.08-AM-1-300x195.jpeg 300w, https:\/\/codeq.qroo.gob.mx\/wp-content\/uploads\/2026\/02\/WhatsApp-Image-2026-02-04-at-9.41.08-AM-1-768x500.jpeg 768w, https:\/\/codeq.qroo.gob.mx\/wp-content\/uploads\/2026\/02\/WhatsApp-Image-2026-02-04-at-9.41.08-AM-1.jpeg 1274w\" sizes=\"(max-width: 1024px) 100vw, 1024px\" \/><\/figure>\n\n\n\n<figure class=\"wp-block-image size-large\"><img decoding=\"async\" width=\"1024\" height=\"579\" data-id=\"38153\" src=\"https:\/\/codeq.qroo.gob.mx\/wp-content\/uploads\/2026\/02\/WhatsApp-Image-2026-02-04-at-9.41.08-AM-1024x579.jpeg\" alt=\"\" class=\"wp-image-38153\" srcset=\"https:\/\/codeq.qroo.gob.mx\/wp-content\/uploads\/2026\/02\/WhatsApp-Image-2026-02-04-at-9.41.08-AM-1024x579.jpeg 1024w, https:\/\/codeq.qroo.gob.mx\/wp-content\/uploads\/2026\/02\/WhatsApp-Image-2026-02-04-at-9.41.08-AM-300x170.jpeg 300w, https:\/\/codeq.qroo.gob.mx\/wp-content\/uploads\/2026\/02\/WhatsApp-Image-2026-02-04-at-9.41.08-AM-768x434.jpeg 768w, https:\/\/codeq.qroo.gob.mx\/wp-content\/uploads\/2026\/02\/WhatsApp-Image-2026-02-04-at-9.41.08-AM.jpeg 1280w\" sizes=\"(max-width: 1024px) 100vw, 1024px\" \/><\/figure>\n<\/figure>\n","protected":false},"excerpt":{"rendered":"<p>La Selecci\u00f3n de Quintana Roo en la disciplina de Luchas Asociadas hizo muestra de su poder\u00edo en el Campeonato Abierto Mexicano de la especialidad, celebrado en la Ciudad de M\u00e9xico, donde las y los atletas cerraron de manera fruct\u00edfera su participaci\u00f3n, al conquistar un total de 20 preseas, las cuales fueron seis medallas de oro, &#8230; <a title=\"Destacan gladiadores quintanarroenses en el Campeonato Abierto Mexicano de Luchas Asociadas 2026\" class=\"read-more\" href=\"https:\/\/codeq.qroo.gob.mx\/index.php\/2026\/02\/04\/destacan-gladiadores-quintanarroenses-en-el-campeonato-abierto-mexicano-de-luchas-asociadas-2026\/\" aria-label=\"Leer m\u00e1s sobre Destacan gladiadores quintanarroenses en el Campeonato Abierto Mexicano de Luchas Asociadas 2026\">Leer m\u00e1s<\/a><\/p>\n","protected":false},"author":3,"featured_media":38153,"comment_status":"open","ping_status":"open","sticky":false,"template":"","format":"standard","meta":{"footnotes":""},"categories":[5],"tags":[],"class_list":["post-38151","post","type-post","status-publish","format-standard","has-post-thumbnail","hentry","category-noticias"],"yoast_head":"<!-- This site is optimized with the Yoast SEO plugin v25.5 - https:\/\/yoast.com\/wordpress\/plugins\/seo\/ -->\n<title>Destacan gladiadores quintanarroenses en el Campeonato Abierto Mexicano de Luchas Asociadas 2026 - Comisi\u00f3n del Deporte de Quintana Roo<\/title>\n<meta name=\"robots\" content=\"index, follow, max-snippet:-1, max-image-preview:large, max-video-preview:-1\" \/>\n<link rel=\"canonical\" href=\"https:\/\/codeq.qroo.gob.mx\/index.php\/2026\/02\/04\/destacan-gladiadores-quintanarroenses-en-el-campeonato-abierto-mexicano-de-luchas-asociadas-2026\/\" \/>\n<meta property=\"og:locale\" content=\"es_MX\" \/>\n<meta property=\"og:type\" content=\"article\" \/>\n<meta property=\"og:title\" content=\"Destacan gladiadores quintanarroenses en el Campeonato Abierto Mexicano de Luchas Asociadas 2026 - Comisi\u00f3n del Deporte de Quintana Roo\" \/>\n<meta property=\"og:description\" content=\"La Selecci\u00f3n de Quintana Roo en la disciplina de Luchas Asociadas hizo muestra de su poder\u00edo en el Campeonato Abierto Mexicano de la especialidad, celebrado en la Ciudad de M\u00e9xico, donde las y los atletas cerraron de manera fruct\u00edfera su participaci\u00f3n, al conquistar un total de 20 preseas, las cuales fueron seis medallas de oro, ... Leer m\u00e1s\" \/>\n<meta property=\"og:url\" content=\"https:\/\/codeq.qroo.gob.mx\/index.php\/2026\/02\/04\/destacan-gladiadores-quintanarroenses-en-el-campeonato-abierto-mexicano-de-luchas-asociadas-2026\/\" \/>\n<meta property=\"og:site_name\" content=\"Comisi\u00f3n del Deporte de Quintana Roo\" \/>\n<meta property=\"article:published_time\" content=\"2026-02-04T14:46:17+00:00\" \/>\n<meta property=\"article:modified_time\" content=\"2026-02-04T14:46:19+00:00\" \/>\n<meta property=\"og:image\" content=\"https:\/\/codeq.qroo.gob.mx\/wp-content\/uploads\/2026\/02\/WhatsApp-Image-2026-02-04-at-9.41.08-AM.jpeg\" \/>\n\t<meta property=\"og:image:width\" content=\"1280\" \/>\n\t<meta property=\"og:image:height\" content=\"724\" \/>\n\t<meta property=\"og:image:type\" content=\"image\/jpeg\" \/>\n<meta name=\"author\" content=\"Jorge Antonio Carvajal Maldonado\" \/>\n<meta name=\"twitter:card\" content=\"summary_large_image\" \/>\n<meta name=\"twitter:label1\" content=\"Escrito por\" \/>\n\t<meta name=\"twitter:data1\" content=\"Jorge Antonio Carvajal Maldonado\" \/>\n\t<meta name=\"twitter:label2\" content=\"Tiempo de lectura\" \/>\n\t<meta name=\"twitter:data2\" content=\"3 minutos\" \/>\n<script type=\"application\/ld+json\" class=\"yoast-schema-graph\">{\"@context\":\"https:\/\/schema.org\",\"@graph\":[{\"@type\":\"Article\",\"@id\":\"https:\/\/codeq.qroo.gob.mx\/index.php\/2026\/02\/04\/destacan-gladiadores-quintanarroenses-en-el-campeonato-abierto-mexicano-de-luchas-asociadas-2026\/#article\",\"isPartOf\":{\"@id\":\"https:\/\/codeq.qroo.gob.mx\/index.php\/2026\/02\/04\/destacan-gladiadores-quintanarroenses-en-el-campeonato-abierto-mexicano-de-luchas-asociadas-2026\/\"},\"author\":{\"name\":\"Jorge Antonio Carvajal Maldonado\",\"@id\":\"https:\/\/codeq.qroo.gob.mx\/#\/schema\/person\/08f280f71ae6986a008ff55cb6d46160\"},\"headline\":\"Destacan gladiadores quintanarroenses en el Campeonato Abierto Mexicano de Luchas Asociadas 2026\",\"datePublished\":\"2026-02-04T14:46:17+00:00\",\"dateModified\":\"2026-02-04T14:46:19+00:00\",\"mainEntityOfPage\":{\"@id\":\"https:\/\/codeq.qroo.gob.mx\/index.php\/2026\/02\/04\/destacan-gladiadores-quintanarroenses-en-el-campeonato-abierto-mexicano-de-luchas-asociadas-2026\/\"},\"wordCount\":372,\"commentCount\":0,\"publisher\":{\"@id\":\"https:\/\/codeq.qroo.gob.mx\/#organization\"},\"image\":{\"@id\":\"https:\/\/codeq.qroo.gob.mx\/index.php\/2026\/02\/04\/destacan-gladiadores-quintanarroenses-en-el-campeonato-abierto-mexicano-de-luchas-asociadas-2026\/#primaryimage\"},\"thumbnailUrl\":\"https:\/\/codeq.qroo.gob.mx\/wp-content\/uploads\/2026\/02\/WhatsApp-Image-2026-02-04-at-9.41.08-AM.jpeg\",\"articleSection\":[\"Noticias\"],\"inLanguage\":\"es\",\"potentialAction\":[{\"@type\":\"CommentAction\",\"name\":\"Comment\",\"target\":[\"https:\/\/codeq.qroo.gob.mx\/index.php\/2026\/02\/04\/destacan-gladiadores-quintanarroenses-en-el-campeonato-abierto-mexicano-de-luchas-asociadas-2026\/#respond\"]}]},{\"@type\":\"WebPage\",\"@id\":\"https:\/\/codeq.qroo.gob.mx\/index.php\/2026\/02\/04\/destacan-gladiadores-quintanarroenses-en-el-campeonato-abierto-mexicano-de-luchas-asociadas-2026\/\",\"url\":\"https:\/\/codeq.qroo.gob.mx\/index.php\/2026\/02\/04\/destacan-gladiadores-quintanarroenses-en-el-campeonato-abierto-mexicano-de-luchas-asociadas-2026\/\",\"name\":\"Destacan gladiadores quintanarroenses en el Campeonato Abierto Mexicano de Luchas Asociadas 2026 - Comisi\u00f3n del Deporte de Quintana Roo\",\"isPartOf\":{\"@id\":\"https:\/\/codeq.qroo.gob.mx\/#website\"},\"primaryImageOfPage\":{\"@id\":\"https:\/\/codeq.qroo.gob.mx\/index.php\/2026\/02\/04\/destacan-gladiadores-quintanarroenses-en-el-campeonato-abierto-mexicano-de-luchas-asociadas-2026\/#primaryimage\"},\"image\":{\"@id\":\"https:\/\/codeq.qroo.gob.mx\/index.php\/2026\/02\/04\/destacan-gladiadores-quintanarroenses-en-el-campeonato-abierto-mexicano-de-luchas-asociadas-2026\/#primaryimage\"},\"thumbnailUrl\":\"https:\/\/codeq.qroo.gob.mx\/wp-content\/uploads\/2026\/02\/WhatsApp-Image-2026-02-04-at-9.41.08-AM.jpeg\",\"datePublished\":\"2026-02-04T14:46:17+00:00\",\"dateModified\":\"2026-02-04T14:46:19+00:00\",\"breadcrumb\":{\"@id\":\"https:\/\/codeq.qroo.gob.mx\/index.php\/2026\/02\/04\/destacan-gladiadores-quintanarroenses-en-el-campeonato-abierto-mexicano-de-luchas-asociadas-2026\/#breadcrumb\"},\"inLanguage\":\"es\",\"potentialAction\":[{\"@type\":\"ReadAction\",\"target\":[\"https:\/\/codeq.qroo.gob.mx\/index.php\/2026\/02\/04\/destacan-gladiadores-quintanarroenses-en-el-campeonato-abierto-mexicano-de-luchas-asociadas-2026\/\"]}]},{\"@type\":\"ImageObject\",\"inLanguage\":\"es\",\"@id\":\"https:\/\/codeq.qroo.gob.mx\/index.php\/2026\/02\/04\/destacan-gladiadores-quintanarroenses-en-el-campeonato-abierto-mexicano-de-luchas-asociadas-2026\/#primaryimage\",\"url\":\"https:\/\/codeq.qroo.gob.mx\/wp-content\/uploads\/2026\/02\/WhatsApp-Image-2026-02-04-at-9.41.08-AM.jpeg\",\"contentUrl\":\"https:\/\/codeq.qroo.gob.mx\/wp-content\/uploads\/2026\/02\/WhatsApp-Image-2026-02-04-at-9.41.08-AM.jpeg\",\"width\":1280,\"height\":724},{\"@type\":\"BreadcrumbList\",\"@id\":\"https:\/\/codeq.qroo.gob.mx\/index.php\/2026\/02\/04\/destacan-gladiadores-quintanarroenses-en-el-campeonato-abierto-mexicano-de-luchas-asociadas-2026\/#breadcrumb\",\"itemListElement\":[{\"@type\":\"ListItem\",\"position\":1,\"name\":\"Inicio\",\"item\":\"https:\/\/codeq.qroo.gob.mx\/\"},{\"@type\":\"ListItem\",\"position\":2,\"name\":\"Destacan gladiadores quintanarroenses en el Campeonato Abierto Mexicano de Luchas Asociadas 2026\"}]},{\"@type\":\"WebSite\",\"@id\":\"https:\/\/codeq.qroo.gob.mx\/#website\",\"url\":\"https:\/\/codeq.qroo.gob.mx\/\",\"name\":\"Comisi\u00f3n del Deporte de Quintana Roo\",\"description\":\"CODEQ\",\"publisher\":{\"@id\":\"https:\/\/codeq.qroo.gob.mx\/#organization\"},\"potentialAction\":[{\"@type\":\"SearchAction\",\"target\":{\"@type\":\"EntryPoint\",\"urlTemplate\":\"https:\/\/codeq.qroo.gob.mx\/?s={search_term_string}\"},\"query-input\":{\"@type\":\"PropertyValueSpecification\",\"valueRequired\":true,\"valueName\":\"search_term_string\"}}],\"inLanguage\":\"es\"},{\"@type\":\"Organization\",\"@id\":\"https:\/\/codeq.qroo.gob.mx\/#organization\",\"name\":\"Comisi\u00f3n del Deporte de Quintana Roo\",\"url\":\"https:\/\/codeq.qroo.gob.mx\/\",\"logo\":{\"@type\":\"ImageObject\",\"inLanguage\":\"es\",\"@id\":\"https:\/\/codeq.qroo.gob.mx\/#\/schema\/logo\/image\/\",\"url\":\"https:\/\/codeq.qroo.gob.mx\/wp-content\/uploads\/2024\/07\/CODEQ.png\",\"contentUrl\":\"https:\/\/codeq.qroo.gob.mx\/wp-content\/uploads\/2024\/07\/CODEQ.png\",\"width\":3000,\"height\":1688,\"caption\":\"Comisi\u00f3n del Deporte de Quintana Roo\"},\"image\":{\"@id\":\"https:\/\/codeq.qroo.gob.mx\/#\/schema\/logo\/image\/\"}},{\"@type\":\"Person\",\"@id\":\"https:\/\/codeq.qroo.gob.mx\/#\/schema\/person\/08f280f71ae6986a008ff55cb6d46160\",\"name\":\"Jorge Antonio Carvajal Maldonado\",\"image\":{\"@type\":\"ImageObject\",\"inLanguage\":\"es\",\"@id\":\"https:\/\/codeq.qroo.gob.mx\/#\/schema\/person\/image\/\",\"url\":\"https:\/\/secure.gravatar.com\/avatar\/e61cdf534226ddcecdaed9988ec080e5df82259aa9a3e3f50abf5a5f2b95122f?s=96&d=mm&r=g\",\"contentUrl\":\"https:\/\/secure.gravatar.com\/avatar\/e61cdf534226ddcecdaed9988ec080e5df82259aa9a3e3f50abf5a5f2b95122f?s=96&d=mm&r=g\",\"caption\":\"Jorge Antonio Carvajal Maldonado\"},\"url\":\"https:\/\/codeq.qroo.gob.mx\/index.php\/author\/antonio\/\"}]}<\/script>\n<!-- \/ Yoast SEO plugin. -->","yoast_head_json":{"title":"Destacan gladiadores quintanarroenses en el Campeonato Abierto Mexicano de Luchas Asociadas 2026 - Comisi\u00f3n del Deporte de Quintana Roo","robots":{"index":"index","follow":"follow","max-snippet":"max-snippet:-1","max-image-preview":"max-image-preview:large","max-video-preview":"max-video-preview:-1"},"canonical":"https:\/\/codeq.qroo.gob.mx\/index.php\/2026\/02\/04\/destacan-gladiadores-quintanarroenses-en-el-campeonato-abierto-mexicano-de-luchas-asociadas-2026\/","og_locale":"es_MX","og_type":"article","og_title":"Destacan gladiadores quintanarroenses en el Campeonato Abierto Mexicano de Luchas Asociadas 2026 - Comisi\u00f3n del Deporte de Quintana Roo","og_description":"La Selecci\u00f3n de Quintana Roo en la disciplina de Luchas Asociadas hizo muestra de su poder\u00edo en el Campeonato Abierto Mexicano de la especialidad, celebrado en la Ciudad de M\u00e9xico, donde las y los atletas cerraron de manera fruct\u00edfera su participaci\u00f3n, al conquistar un total de 20 preseas, las cuales fueron seis medallas de oro, ... Leer m\u00e1s","og_url":"https:\/\/codeq.qroo.gob.mx\/index.php\/2026\/02\/04\/destacan-gladiadores-quintanarroenses-en-el-campeonato-abierto-mexicano-de-luchas-asociadas-2026\/","og_site_name":"Comisi\u00f3n del Deporte de Quintana Roo","article_published_time":"2026-02-04T14:46:17+00:00","article_modified_time":"2026-02-04T14:46:19+00:00","og_image":[{"width":1280,"height":724,"url":"https:\/\/codeq.qroo.gob.mx\/wp-content\/uploads\/2026\/02\/WhatsApp-Image-2026-02-04-at-9.41.08-AM.jpeg","type":"image\/jpeg"}],"author":"Jorge Antonio Carvajal Maldonado","twitter_card":"summary_large_image","twitter_misc":{"Escrito por":"Jorge Antonio Carvajal Maldonado","Tiempo de lectura":"3 minutos"},"schema":{"@context":"https:\/\/schema.org","@graph":[{"@type":"Article","@id":"https:\/\/codeq.qroo.gob.mx\/index.php\/2026\/02\/04\/destacan-gladiadores-quintanarroenses-en-el-campeonato-abierto-mexicano-de-luchas-asociadas-2026\/#article","isPartOf":{"@id":"https:\/\/codeq.qroo.gob.mx\/index.php\/2026\/02\/04\/destacan-gladiadores-quintanarroenses-en-el-campeonato-abierto-mexicano-de-luchas-asociadas-2026\/"},"author":{"name":"Jorge Antonio Carvajal Maldonado","@id":"https:\/\/codeq.qroo.gob.mx\/#\/schema\/person\/08f280f71ae6986a008ff55cb6d46160"},"headline":"Destacan gladiadores quintanarroenses en el Campeonato Abierto Mexicano de Luchas Asociadas 2026","datePublished":"2026-02-04T14:46:17+00:00","dateModified":"2026-02-04T14:46:19+00:00","mainEntityOfPage":{"@id":"https:\/\/codeq.qroo.gob.mx\/index.php\/2026\/02\/04\/destacan-gladiadores-quintanarroenses-en-el-campeonato-abierto-mexicano-de-luchas-asociadas-2026\/"},"wordCount":372,"commentCount":0,"publisher":{"@id":"https:\/\/codeq.qroo.gob.mx\/#organization"},"image":{"@id":"https:\/\/codeq.qroo.gob.mx\/index.php\/2026\/02\/04\/destacan-gladiadores-quintanarroenses-en-el-campeonato-abierto-mexicano-de-luchas-asociadas-2026\/#primaryimage"},"thumbnailUrl":"https:\/\/codeq.qroo.gob.mx\/wp-content\/uploads\/2026\/02\/WhatsApp-Image-2026-02-04-at-9.41.08-AM.jpeg","articleSection":["Noticias"],"inLanguage":"es","potentialAction":[{"@type":"CommentAction","name":"Comment","target":["https:\/\/codeq.qroo.gob.mx\/index.php\/2026\/02\/04\/destacan-gladiadores-quintanarroenses-en-el-campeonato-abierto-mexicano-de-luchas-asociadas-2026\/#respond"]}]},{"@type":"WebPage","@id":"https:\/\/codeq.qroo.gob.mx\/index.php\/2026\/02\/04\/destacan-gladiadores-quintanarroenses-en-el-campeonato-abierto-mexicano-de-luchas-asociadas-2026\/","url":"https:\/\/codeq.qroo.gob.mx\/index.php\/2026\/02\/04\/destacan-gladiadores-quintanarroenses-en-el-campeonato-abierto-mexicano-de-luchas-asociadas-2026\/","name":"Destacan gladiadores quintanarroenses en el Campeonato Abierto Mexicano de Luchas Asociadas 2026 - Comisi\u00f3n del Deporte de Quintana Roo","isPartOf":{"@id":"https:\/\/codeq.qroo.gob.mx\/#website"},"primaryImageOfPage":{"@id":"https:\/\/codeq.qroo.gob.mx\/index.php\/2026\/02\/04\/destacan-gladiadores-quintanarroenses-en-el-campeonato-abierto-mexicano-de-luchas-asociadas-2026\/#primaryimage"},"image":{"@id":"https:\/\/codeq.qroo.gob.mx\/index.php\/2026\/02\/04\/destacan-gladiadores-quintanarroenses-en-el-campeonato-abierto-mexicano-de-luchas-asociadas-2026\/#primaryimage"},"thumbnailUrl":"https:\/\/codeq.qroo.gob.mx\/wp-content\/uploads\/2026\/02\/WhatsApp-Image-2026-02-04-at-9.41.08-AM.jpeg","datePublished":"2026-02-04T14:46:17+00:00","dateModified":"2026-02-04T14:46:19+00:00","breadcrumb":{"@id":"https:\/\/codeq.qroo.gob.mx\/index.php\/2026\/02\/04\/destacan-gladiadores-quintanarroenses-en-el-campeonato-abierto-mexicano-de-luchas-asociadas-2026\/#breadcrumb"},"inLanguage":"es","potentialAction":[{"@type":"ReadAction","target":["https:\/\/codeq.qroo.gob.mx\/index.php\/2026\/02\/04\/destacan-gladiadores-quintanarroenses-en-el-campeonato-abierto-mexicano-de-luchas-asociadas-2026\/"]}]},{"@type":"ImageObject","inLanguage":"es","@id":"https:\/\/codeq.qroo.gob.mx\/index.php\/2026\/02\/04\/destacan-gladiadores-quintanarroenses-en-el-campeonato-abierto-mexicano-de-luchas-asociadas-2026\/#primaryimage","url":"https:\/\/codeq.qroo.gob.mx\/wp-content\/uploads\/2026\/02\/WhatsApp-Image-2026-02-04-at-9.41.08-AM.jpeg","contentUrl":"https:\/\/codeq.qroo.gob.mx\/wp-content\/uploads\/2026\/02\/WhatsApp-Image-2026-02-04-at-9.41.08-AM.jpeg","width":1280,"height":724},{"@type":"BreadcrumbList","@id":"https:\/\/codeq.qroo.gob.mx\/index.php\/2026\/02\/04\/destacan-gladiadores-quintanarroenses-en-el-campeonato-abierto-mexicano-de-luchas-asociadas-2026\/#breadcrumb","itemListElement":[{"@type":"ListItem","position":1,"name":"Inicio","item":"https:\/\/codeq.qroo.gob.mx\/"},{"@type":"ListItem","position":2,"name":"Destacan gladiadores quintanarroenses en el Campeonato Abierto Mexicano de Luchas Asociadas 2026"}]},{"@type":"WebSite","@id":"https:\/\/codeq.qroo.gob.mx\/#website","url":"https:\/\/codeq.qroo.gob.mx\/","name":"Comisi\u00f3n del Deporte de Quintana Roo","description":"CODEQ","publisher":{"@id":"https:\/\/codeq.qroo.gob.mx\/#organization"},"potentialAction":[{"@type":"SearchAction","target":{"@type":"EntryPoint","urlTemplate":"https:\/\/codeq.qroo.gob.mx\/?s={search_term_string}"},"query-input":{"@type":"PropertyValueSpecification","valueRequired":true,"valueName":"search_term_string"}}],"inLanguage":"es"},{"@type":"Organization","@id":"https:\/\/codeq.qroo.gob.mx\/#organization","name":"Comisi\u00f3n del Deporte de Quintana Roo","url":"https:\/\/codeq.qroo.gob.mx\/","logo":{"@type":"ImageObject","inLanguage":"es","@id":"https:\/\/codeq.qroo.gob.mx\/#\/schema\/logo\/image\/","url":"https:\/\/codeq.qroo.gob.mx\/wp-content\/uploads\/2024\/07\/CODEQ.png","contentUrl":"https:\/\/codeq.qroo.gob.mx\/wp-content\/uploads\/2024\/07\/CODEQ.png","width":3000,"height":1688,"caption":"Comisi\u00f3n del Deporte de Quintana Roo"},"image":{"@id":"https:\/\/codeq.qroo.gob.mx\/#\/schema\/logo\/image\/"}},{"@type":"Person","@id":"https:\/\/codeq.qroo.gob.mx\/#\/schema\/person\/08f280f71ae6986a008ff55cb6d46160","name":"Jorge Antonio Carvajal Maldonado","image":{"@type":"ImageObject","inLanguage":"es","@id":"https:\/\/codeq.qroo.gob.mx\/#\/schema\/person\/image\/","url":"https:\/\/secure.gravatar.com\/avatar\/e61cdf534226ddcecdaed9988ec080e5df82259aa9a3e3f50abf5a5f2b95122f?s=96&d=mm&r=g","contentUrl":"https:\/\/secure.gravatar.com\/avatar\/e61cdf534226ddcecdaed9988ec080e5df82259aa9a3e3f50abf5a5f2b95122f?s=96&d=mm&r=g","caption":"Jorge Antonio Carvajal Maldonado"},"url":"https:\/\/codeq.qroo.gob.mx\/index.php\/author\/antonio\/"}]}},"_links":{"self":[{"href":"https:\/\/codeq.qroo.gob.mx\/index.php\/wp-json\/wp\/v2\/posts\/38151","targetHints":{"allow":["GET"]}}],"collection":[{"href":"https:\/\/codeq.qroo.gob.mx\/index.php\/wp-json\/wp\/v2\/posts"}],"about":[{"href":"https:\/\/codeq.qroo.gob.mx\/index.php\/wp-json\/wp\/v2\/types\/post"}],"author":[{"embeddable":true,"href":"https:\/\/codeq.qroo.gob.mx\/index.php\/wp-json\/wp\/v2\/users\/3"}],"replies":[{"embeddable":true,"href":"https:\/\/codeq.qroo.gob.mx\/index.php\/wp-json\/wp\/v2\/comments?post=38151"}],"version-history":[{"count":1,"href":"https:\/\/codeq.qroo.gob.mx\/index.php\/wp-json\/wp\/v2\/posts\/38151\/revisions"}],"predecessor-version":[{"id":38154,"href":"https:\/\/codeq.qroo.gob.mx\/index.php\/wp-json\/wp\/v2\/posts\/38151\/revisions\/38154"}],"wp:featuredmedia":[{"embeddable":true,"href":"https:\/\/codeq.qroo.gob.mx\/index.php\/wp-json\/wp\/v2\/media\/38153"}],"wp:attachment":[{"href":"https:\/\/codeq.qroo.gob.mx\/index.php\/wp-json\/wp\/v2\/media?parent=38151"}],"wp:term":[{"taxonomy":"category","embeddable":true,"href":"https:\/\/codeq.qroo.gob.mx\/index.php\/wp-json\/wp\/v2\/categories?post=38151"},{"taxonomy":"post_tag","embeddable":true,"href":"https:\/\/codeq.qroo.gob.mx\/index.php\/wp-json\/wp\/v2\/tags?post=38151"}],"curies":[{"name":"wp","href":"https:\/\/api.w.org\/{rel}","templated":true}]}}