{"id":38066,"date":"2026-01-14T09:48:52","date_gmt":"2026-01-14T14:48:52","guid":{"rendered":"https:\/\/codeq.qroo.gob.mx\/?p=38066"},"modified":"2026-01-14T09:48:53","modified_gmt":"2026-01-14T14:48:53","slug":"mara-lezama-felicita-a-las-mayas-de-cancun-por-conquistar-el-campeonato-continental-de-flag-football","status":"publish","type":"post","link":"https:\/\/codeq.qroo.gob.mx\/index.php\/2026\/01\/14\/mara-lezama-felicita-a-las-mayas-de-cancun-por-conquistar-el-campeonato-continental-de-flag-football\/","title":{"rendered":"Mara Lezama felicita a las Mayas de Canc\u00fan por conquistar el campeonato continental de flag football"},"content":{"rendered":"\n<ul class=\"wp-block-list\">\n<li>La Gobernadora destac\u00f3 el talento, la entrega y el amor por Quintana Roo de la selecci\u00f3n femenil, que se coron\u00f3 campeona del NFL Flag Championship Am\u00e9ricas tras vencer a potencias del continente<\/li>\n<\/ul>\n\n\n\n<p>La gobernadora Mara Lezama Espinosa felicit\u00f3 y reconoci\u00f3 p\u00fablicamente a la selecci\u00f3n quintanarroense femenil de flag football \u201cMayas de Canc\u00fan\u201d, tras conquistar el Campeonato Continental NFL Flag Championship Am\u00e9ricas, celebrado en Monterrey, Nuevo Le\u00f3n.<\/p>\n\n\n\n<p>Durante su mensaje, la titular del Ejecutivo expres\u00f3 su orgullo por este equipo 100 por ciento quintanarroense, que ya era campe\u00f3n nacional y ahora se consolida como el mejor del continente al imponerse a selecciones de alto nivel como Panam\u00e1, Canad\u00e1, Puerto Rico y Brasil.<\/p>\n\n\n\n<p>Mara Lezama subray\u00f3 que las jugadoras representan un ejemplo extraordinario de talento, entrega, dedicaci\u00f3n y pasi\u00f3n, pero sobre todo de amor por Quintana Roo y por M\u00e9xico, demostrando que est\u00e1n hechas para grandes logros y que el esfuerzo constante rinde frutos.<\/p>\n\n\n\n<p>La gobernadora felicit\u00f3 de manera especial a las integrantes del equipo: Paloma, Debhani, Renata, Sarahi, Valentina, Victoria, Sof\u00eda, Mar\u00eda, Celeste y Vannia, as\u00ed como a sus entrenadores \u00c1ngel Medel\u00edn y Emilio Fern\u00e1ndez, a quienes reconoci\u00f3 por el trabajo en equipo que hizo posible este triunfo hist\u00f3rico.<\/p>\n\n\n\n<p>Asimismo, destac\u00f3 el respaldo fundamental de las madres y padres de familia, quienes realizan un gran esfuerzo para apoyar el desarrollo deportivo de sus hijas, y reafirm\u00f3 su compromiso de seguir impulsando el talento femenil en la entidad.<\/p>\n\n\n\n<p>\u201cLas Mayas dejan huella y abren puertas a futuras jugadoras, porque ya demostraron que s\u00ed se puede\u201d, expres\u00f3 Mara Lezama, al augurar que vendr\u00e1n m\u00e1s triunfos y reconocimientos para el deporte femenil de Quintana Roo.<\/p>\n\n\n\n<p>El equipo quintanarroense, que entrena en el campo de la supermanzana 61 de la ciudad de Canc\u00fan, enfrent\u00f3 este certamen donde se hizo frente ante las selecciones de Panam\u00e1, Canad\u00e1, Puerto Rico y Brasil, sacando importantes resultados para al final proclamarse como las monarcas del evento, mismo que tuvo como escenario el Estadio \u201cBanorte\u201d de la Sultana del Norte.<\/p>\n\n\n\n<p>Los coaches en lideraron este conjunto a la victoria fueron Sergio \u00c1ngel Orozco Medell\u00edn y Emilio \u201cTit\u00e1n\u201d Fern\u00e1ndez.<\/p>\n\n\n\n<p>Cabe resaltar que, para competir en este certamen continental, las Mayas lograron su pase luego de proclamarse campeones en el Torneo Nacional Femenil NFL Flag Tochito U15 del pasado 2015.<\/p>\n\n\n\n<p>Al reconocimiento y felicitaci\u00f3n tambi\u00e9n estuvo presente Eric Arcila Arjona, Jefe de la Oficina de la Gobernadora y Jacobo Arzate Hop, presidente de la Comisi\u00f3n del Deporte de Quintana Roo (CODEQ).<\/p>\n\n\n\n<figure class=\"wp-block-gallery has-nested-images columns-default is-cropped wp-block-gallery-1 is-layout-flex wp-block-gallery-is-layout-flex\">\n<figure class=\"wp-block-image size-large\"><img fetchpriority=\"high\" decoding=\"async\" width=\"1024\" height=\"683\" data-id=\"38067\" src=\"https:\/\/codeq.qroo.gob.mx\/wp-content\/uploads\/2026\/01\/WhatsApp-Image-2026-01-13-at-10.22.11-PM-1024x683.jpeg\" alt=\"\" class=\"wp-image-38067\" srcset=\"https:\/\/codeq.qroo.gob.mx\/wp-content\/uploads\/2026\/01\/WhatsApp-Image-2026-01-13-at-10.22.11-PM-1024x683.jpeg 1024w, https:\/\/codeq.qroo.gob.mx\/wp-content\/uploads\/2026\/01\/WhatsApp-Image-2026-01-13-at-10.22.11-PM-300x200.jpeg 300w, https:\/\/codeq.qroo.gob.mx\/wp-content\/uploads\/2026\/01\/WhatsApp-Image-2026-01-13-at-10.22.11-PM-768x512.jpeg 768w, https:\/\/codeq.qroo.gob.mx\/wp-content\/uploads\/2026\/01\/WhatsApp-Image-2026-01-13-at-10.22.11-PM.jpeg 1280w\" sizes=\"(max-width: 1024px) 100vw, 1024px\" \/><\/figure>\n\n\n\n<figure class=\"wp-block-image size-large\"><img decoding=\"async\" width=\"1024\" height=\"683\" data-id=\"38068\" src=\"https:\/\/codeq.qroo.gob.mx\/wp-content\/uploads\/2026\/01\/WhatsApp-Image-2026-01-13-at-10.22.10-PM1-1024x683.jpeg\" alt=\"\" class=\"wp-image-38068\" srcset=\"https:\/\/codeq.qroo.gob.mx\/wp-content\/uploads\/2026\/01\/WhatsApp-Image-2026-01-13-at-10.22.10-PM1-1024x683.jpeg 1024w, https:\/\/codeq.qroo.gob.mx\/wp-content\/uploads\/2026\/01\/WhatsApp-Image-2026-01-13-at-10.22.10-PM1-300x200.jpeg 300w, https:\/\/codeq.qroo.gob.mx\/wp-content\/uploads\/2026\/01\/WhatsApp-Image-2026-01-13-at-10.22.10-PM1-768x512.jpeg 768w, https:\/\/codeq.qroo.gob.mx\/wp-content\/uploads\/2026\/01\/WhatsApp-Image-2026-01-13-at-10.22.10-PM1.jpeg 1280w\" sizes=\"(max-width: 1024px) 100vw, 1024px\" \/><\/figure>\n\n\n\n<figure class=\"wp-block-image size-large\"><img decoding=\"async\" width=\"1024\" height=\"683\" data-id=\"38069\" src=\"https:\/\/codeq.qroo.gob.mx\/wp-content\/uploads\/2026\/01\/WhatsApp-Image-2026-01-13-at-10.22.10-PM-1024x683.jpeg\" alt=\"\" class=\"wp-image-38069\" srcset=\"https:\/\/codeq.qroo.gob.mx\/wp-content\/uploads\/2026\/01\/WhatsApp-Image-2026-01-13-at-10.22.10-PM-1024x683.jpeg 1024w, https:\/\/codeq.qroo.gob.mx\/wp-content\/uploads\/2026\/01\/WhatsApp-Image-2026-01-13-at-10.22.10-PM-300x200.jpeg 300w, https:\/\/codeq.qroo.gob.mx\/wp-content\/uploads\/2026\/01\/WhatsApp-Image-2026-01-13-at-10.22.10-PM-768x512.jpeg 768w, https:\/\/codeq.qroo.gob.mx\/wp-content\/uploads\/2026\/01\/WhatsApp-Image-2026-01-13-at-10.22.10-PM.jpeg 1280w\" sizes=\"(max-width: 1024px) 100vw, 1024px\" \/><\/figure>\n<\/figure>\n","protected":false},"excerpt":{"rendered":"<p>La gobernadora Mara Lezama Espinosa felicit\u00f3 y reconoci\u00f3 p\u00fablicamente a la selecci\u00f3n quintanarroense femenil de flag football \u201cMayas de Canc\u00fan\u201d, tras conquistar el Campeonato Continental NFL Flag Championship Am\u00e9ricas, celebrado en Monterrey, Nuevo Le\u00f3n. Durante su mensaje, la titular del Ejecutivo expres\u00f3 su orgullo por este equipo 100 por ciento quintanarroense, que ya era campe\u00f3n &#8230; <a title=\"Mara Lezama felicita a las Mayas de Canc\u00fan por conquistar el campeonato continental de flag football\" class=\"read-more\" href=\"https:\/\/codeq.qroo.gob.mx\/index.php\/2026\/01\/14\/mara-lezama-felicita-a-las-mayas-de-cancun-por-conquistar-el-campeonato-continental-de-flag-football\/\" aria-label=\"Leer m\u00e1s sobre Mara Lezama felicita a las Mayas de Canc\u00fan por conquistar el campeonato continental de flag football\">Leer m\u00e1s<\/a><\/p>\n","protected":false},"author":3,"featured_media":38069,"comment_status":"open","ping_status":"open","sticky":false,"template":"","format":"standard","meta":{"footnotes":""},"categories":[5],"tags":[],"class_list":["post-38066","post","type-post","status-publish","format-standard","has-post-thumbnail","hentry","category-noticias"],"yoast_head":"<!-- This site is optimized with the Yoast SEO plugin v25.5 - https:\/\/yoast.com\/wordpress\/plugins\/seo\/ -->\n<title>Mara Lezama felicita a las Mayas de Canc\u00fan por conquistar el campeonato continental de flag football - Comisi\u00f3n del Deporte de Quintana Roo<\/title>\n<meta name=\"robots\" content=\"index, follow, max-snippet:-1, max-image-preview:large, max-video-preview:-1\" \/>\n<link rel=\"canonical\" href=\"https:\/\/codeq.qroo.gob.mx\/index.php\/2026\/01\/14\/mara-lezama-felicita-a-las-mayas-de-cancun-por-conquistar-el-campeonato-continental-de-flag-football\/\" \/>\n<meta property=\"og:locale\" content=\"es_MX\" \/>\n<meta property=\"og:type\" content=\"article\" \/>\n<meta property=\"og:title\" content=\"Mara Lezama felicita a las Mayas de Canc\u00fan por conquistar el campeonato continental de flag football - Comisi\u00f3n del Deporte de Quintana Roo\" \/>\n<meta property=\"og:description\" content=\"La gobernadora Mara Lezama Espinosa felicit\u00f3 y reconoci\u00f3 p\u00fablicamente a la selecci\u00f3n quintanarroense femenil de flag football \u201cMayas de Canc\u00fan\u201d, tras conquistar el Campeonato Continental NFL Flag Championship Am\u00e9ricas, celebrado en Monterrey, Nuevo Le\u00f3n. Durante su mensaje, la titular del Ejecutivo expres\u00f3 su orgullo por este equipo 100 por ciento quintanarroense, que ya era campe\u00f3n ... Leer m\u00e1s\" \/>\n<meta property=\"og:url\" content=\"https:\/\/codeq.qroo.gob.mx\/index.php\/2026\/01\/14\/mara-lezama-felicita-a-las-mayas-de-cancun-por-conquistar-el-campeonato-continental-de-flag-football\/\" \/>\n<meta property=\"og:site_name\" content=\"Comisi\u00f3n del Deporte de Quintana Roo\" \/>\n<meta property=\"article:published_time\" content=\"2026-01-14T14:48:52+00:00\" \/>\n<meta property=\"article:modified_time\" content=\"2026-01-14T14:48:53+00:00\" \/>\n<meta property=\"og:image\" content=\"https:\/\/codeq.qroo.gob.mx\/wp-content\/uploads\/2026\/01\/WhatsApp-Image-2026-01-13-at-10.22.10-PM.jpeg\" \/>\n\t<meta property=\"og:image:width\" content=\"1280\" \/>\n\t<meta property=\"og:image:height\" content=\"854\" \/>\n\t<meta property=\"og:image:type\" content=\"image\/jpeg\" \/>\n<meta name=\"author\" content=\"Jorge Antonio Carvajal Maldonado\" \/>\n<meta name=\"twitter:card\" content=\"summary_large_image\" \/>\n<meta name=\"twitter:label1\" content=\"Escrito por\" \/>\n\t<meta name=\"twitter:data1\" content=\"Jorge Antonio Carvajal Maldonado\" \/>\n\t<meta name=\"twitter:label2\" content=\"Tiempo de lectura\" \/>\n\t<meta name=\"twitter:data2\" content=\"3 minutos\" \/>\n<script type=\"application\/ld+json\" class=\"yoast-schema-graph\">{\"@context\":\"https:\/\/schema.org\",\"@graph\":[{\"@type\":\"Article\",\"@id\":\"https:\/\/codeq.qroo.gob.mx\/index.php\/2026\/01\/14\/mara-lezama-felicita-a-las-mayas-de-cancun-por-conquistar-el-campeonato-continental-de-flag-football\/#article\",\"isPartOf\":{\"@id\":\"https:\/\/codeq.qroo.gob.mx\/index.php\/2026\/01\/14\/mara-lezama-felicita-a-las-mayas-de-cancun-por-conquistar-el-campeonato-continental-de-flag-football\/\"},\"author\":{\"name\":\"Jorge Antonio Carvajal Maldonado\",\"@id\":\"https:\/\/codeq.qroo.gob.mx\/#\/schema\/person\/08f280f71ae6986a008ff55cb6d46160\"},\"headline\":\"Mara Lezama felicita a las Mayas de Canc\u00fan por conquistar el campeonato continental de flag football\",\"datePublished\":\"2026-01-14T14:48:52+00:00\",\"dateModified\":\"2026-01-14T14:48:53+00:00\",\"mainEntityOfPage\":{\"@id\":\"https:\/\/codeq.qroo.gob.mx\/index.php\/2026\/01\/14\/mara-lezama-felicita-a-las-mayas-de-cancun-por-conquistar-el-campeonato-continental-de-flag-football\/\"},\"wordCount\":449,\"commentCount\":0,\"publisher\":{\"@id\":\"https:\/\/codeq.qroo.gob.mx\/#organization\"},\"image\":{\"@id\":\"https:\/\/codeq.qroo.gob.mx\/index.php\/2026\/01\/14\/mara-lezama-felicita-a-las-mayas-de-cancun-por-conquistar-el-campeonato-continental-de-flag-football\/#primaryimage\"},\"thumbnailUrl\":\"https:\/\/codeq.qroo.gob.mx\/wp-content\/uploads\/2026\/01\/WhatsApp-Image-2026-01-13-at-10.22.10-PM.jpeg\",\"articleSection\":[\"Noticias\"],\"inLanguage\":\"es\",\"potentialAction\":[{\"@type\":\"CommentAction\",\"name\":\"Comment\",\"target\":[\"https:\/\/codeq.qroo.gob.mx\/index.php\/2026\/01\/14\/mara-lezama-felicita-a-las-mayas-de-cancun-por-conquistar-el-campeonato-continental-de-flag-football\/#respond\"]}]},{\"@type\":\"WebPage\",\"@id\":\"https:\/\/codeq.qroo.gob.mx\/index.php\/2026\/01\/14\/mara-lezama-felicita-a-las-mayas-de-cancun-por-conquistar-el-campeonato-continental-de-flag-football\/\",\"url\":\"https:\/\/codeq.qroo.gob.mx\/index.php\/2026\/01\/14\/mara-lezama-felicita-a-las-mayas-de-cancun-por-conquistar-el-campeonato-continental-de-flag-football\/\",\"name\":\"Mara Lezama felicita a las Mayas de Canc\u00fan por conquistar el campeonato continental de flag football - Comisi\u00f3n del Deporte de Quintana Roo\",\"isPartOf\":{\"@id\":\"https:\/\/codeq.qroo.gob.mx\/#website\"},\"primaryImageOfPage\":{\"@id\":\"https:\/\/codeq.qroo.gob.mx\/index.php\/2026\/01\/14\/mara-lezama-felicita-a-las-mayas-de-cancun-por-conquistar-el-campeonato-continental-de-flag-football\/#primaryimage\"},\"image\":{\"@id\":\"https:\/\/codeq.qroo.gob.mx\/index.php\/2026\/01\/14\/mara-lezama-felicita-a-las-mayas-de-cancun-por-conquistar-el-campeonato-continental-de-flag-football\/#primaryimage\"},\"thumbnailUrl\":\"https:\/\/codeq.qroo.gob.mx\/wp-content\/uploads\/2026\/01\/WhatsApp-Image-2026-01-13-at-10.22.10-PM.jpeg\",\"datePublished\":\"2026-01-14T14:48:52+00:00\",\"dateModified\":\"2026-01-14T14:48:53+00:00\",\"breadcrumb\":{\"@id\":\"https:\/\/codeq.qroo.gob.mx\/index.php\/2026\/01\/14\/mara-lezama-felicita-a-las-mayas-de-cancun-por-conquistar-el-campeonato-continental-de-flag-football\/#breadcrumb\"},\"inLanguage\":\"es\",\"potentialAction\":[{\"@type\":\"ReadAction\",\"target\":[\"https:\/\/codeq.qroo.gob.mx\/index.php\/2026\/01\/14\/mara-lezama-felicita-a-las-mayas-de-cancun-por-conquistar-el-campeonato-continental-de-flag-football\/\"]}]},{\"@type\":\"ImageObject\",\"inLanguage\":\"es\",\"@id\":\"https:\/\/codeq.qroo.gob.mx\/index.php\/2026\/01\/14\/mara-lezama-felicita-a-las-mayas-de-cancun-por-conquistar-el-campeonato-continental-de-flag-football\/#primaryimage\",\"url\":\"https:\/\/codeq.qroo.gob.mx\/wp-content\/uploads\/2026\/01\/WhatsApp-Image-2026-01-13-at-10.22.10-PM.jpeg\",\"contentUrl\":\"https:\/\/codeq.qroo.gob.mx\/wp-content\/uploads\/2026\/01\/WhatsApp-Image-2026-01-13-at-10.22.10-PM.jpeg\",\"width\":1280,\"height\":854},{\"@type\":\"BreadcrumbList\",\"@id\":\"https:\/\/codeq.qroo.gob.mx\/index.php\/2026\/01\/14\/mara-lezama-felicita-a-las-mayas-de-cancun-por-conquistar-el-campeonato-continental-de-flag-football\/#breadcrumb\",\"itemListElement\":[{\"@type\":\"ListItem\",\"position\":1,\"name\":\"Inicio\",\"item\":\"https:\/\/codeq.qroo.gob.mx\/\"},{\"@type\":\"ListItem\",\"position\":2,\"name\":\"Mara Lezama felicita a las Mayas de Canc\u00fan por conquistar el campeonato continental de flag football\"}]},{\"@type\":\"WebSite\",\"@id\":\"https:\/\/codeq.qroo.gob.mx\/#website\",\"url\":\"https:\/\/codeq.qroo.gob.mx\/\",\"name\":\"Comisi\u00f3n del Deporte de Quintana Roo\",\"description\":\"CODEQ\",\"publisher\":{\"@id\":\"https:\/\/codeq.qroo.gob.mx\/#organization\"},\"potentialAction\":[{\"@type\":\"SearchAction\",\"target\":{\"@type\":\"EntryPoint\",\"urlTemplate\":\"https:\/\/codeq.qroo.gob.mx\/?s={search_term_string}\"},\"query-input\":{\"@type\":\"PropertyValueSpecification\",\"valueRequired\":true,\"valueName\":\"search_term_string\"}}],\"inLanguage\":\"es\"},{\"@type\":\"Organization\",\"@id\":\"https:\/\/codeq.qroo.gob.mx\/#organization\",\"name\":\"Comisi\u00f3n del Deporte de Quintana Roo\",\"url\":\"https:\/\/codeq.qroo.gob.mx\/\",\"logo\":{\"@type\":\"ImageObject\",\"inLanguage\":\"es\",\"@id\":\"https:\/\/codeq.qroo.gob.mx\/#\/schema\/logo\/image\/\",\"url\":\"https:\/\/codeq.qroo.gob.mx\/wp-content\/uploads\/2024\/07\/CODEQ.png\",\"contentUrl\":\"https:\/\/codeq.qroo.gob.mx\/wp-content\/uploads\/2024\/07\/CODEQ.png\",\"width\":3000,\"height\":1688,\"caption\":\"Comisi\u00f3n del Deporte de Quintana Roo\"},\"image\":{\"@id\":\"https:\/\/codeq.qroo.gob.mx\/#\/schema\/logo\/image\/\"}},{\"@type\":\"Person\",\"@id\":\"https:\/\/codeq.qroo.gob.mx\/#\/schema\/person\/08f280f71ae6986a008ff55cb6d46160\",\"name\":\"Jorge Antonio Carvajal Maldonado\",\"image\":{\"@type\":\"ImageObject\",\"inLanguage\":\"es\",\"@id\":\"https:\/\/codeq.qroo.gob.mx\/#\/schema\/person\/image\/\",\"url\":\"https:\/\/secure.gravatar.com\/avatar\/e61cdf534226ddcecdaed9988ec080e5df82259aa9a3e3f50abf5a5f2b95122f?s=96&d=mm&r=g\",\"contentUrl\":\"https:\/\/secure.gravatar.com\/avatar\/e61cdf534226ddcecdaed9988ec080e5df82259aa9a3e3f50abf5a5f2b95122f?s=96&d=mm&r=g\",\"caption\":\"Jorge Antonio Carvajal Maldonado\"},\"url\":\"https:\/\/codeq.qroo.gob.mx\/index.php\/author\/antonio\/\"}]}<\/script>\n<!-- \/ Yoast SEO plugin. -->","yoast_head_json":{"title":"Mara Lezama felicita a las Mayas de Canc\u00fan por conquistar el campeonato continental de flag football - Comisi\u00f3n del Deporte de Quintana Roo","robots":{"index":"index","follow":"follow","max-snippet":"max-snippet:-1","max-image-preview":"max-image-preview:large","max-video-preview":"max-video-preview:-1"},"canonical":"https:\/\/codeq.qroo.gob.mx\/index.php\/2026\/01\/14\/mara-lezama-felicita-a-las-mayas-de-cancun-por-conquistar-el-campeonato-continental-de-flag-football\/","og_locale":"es_MX","og_type":"article","og_title":"Mara Lezama felicita a las Mayas de Canc\u00fan por conquistar el campeonato continental de flag football - Comisi\u00f3n del Deporte de Quintana Roo","og_description":"La gobernadora Mara Lezama Espinosa felicit\u00f3 y reconoci\u00f3 p\u00fablicamente a la selecci\u00f3n quintanarroense femenil de flag football \u201cMayas de Canc\u00fan\u201d, tras conquistar el Campeonato Continental NFL Flag Championship Am\u00e9ricas, celebrado en Monterrey, Nuevo Le\u00f3n. Durante su mensaje, la titular del Ejecutivo expres\u00f3 su orgullo por este equipo 100 por ciento quintanarroense, que ya era campe\u00f3n ... Leer m\u00e1s","og_url":"https:\/\/codeq.qroo.gob.mx\/index.php\/2026\/01\/14\/mara-lezama-felicita-a-las-mayas-de-cancun-por-conquistar-el-campeonato-continental-de-flag-football\/","og_site_name":"Comisi\u00f3n del Deporte de Quintana Roo","article_published_time":"2026-01-14T14:48:52+00:00","article_modified_time":"2026-01-14T14:48:53+00:00","og_image":[{"width":1280,"height":854,"url":"https:\/\/codeq.qroo.gob.mx\/wp-content\/uploads\/2026\/01\/WhatsApp-Image-2026-01-13-at-10.22.10-PM.jpeg","type":"image\/jpeg"}],"author":"Jorge Antonio Carvajal Maldonado","twitter_card":"summary_large_image","twitter_misc":{"Escrito por":"Jorge Antonio Carvajal Maldonado","Tiempo de lectura":"3 minutos"},"schema":{"@context":"https:\/\/schema.org","@graph":[{"@type":"Article","@id":"https:\/\/codeq.qroo.gob.mx\/index.php\/2026\/01\/14\/mara-lezama-felicita-a-las-mayas-de-cancun-por-conquistar-el-campeonato-continental-de-flag-football\/#article","isPartOf":{"@id":"https:\/\/codeq.qroo.gob.mx\/index.php\/2026\/01\/14\/mara-lezama-felicita-a-las-mayas-de-cancun-por-conquistar-el-campeonato-continental-de-flag-football\/"},"author":{"name":"Jorge Antonio Carvajal Maldonado","@id":"https:\/\/codeq.qroo.gob.mx\/#\/schema\/person\/08f280f71ae6986a008ff55cb6d46160"},"headline":"Mara Lezama felicita a las Mayas de Canc\u00fan por conquistar el campeonato continental de flag football","datePublished":"2026-01-14T14:48:52+00:00","dateModified":"2026-01-14T14:48:53+00:00","mainEntityOfPage":{"@id":"https:\/\/codeq.qroo.gob.mx\/index.php\/2026\/01\/14\/mara-lezama-felicita-a-las-mayas-de-cancun-por-conquistar-el-campeonato-continental-de-flag-football\/"},"wordCount":449,"commentCount":0,"publisher":{"@id":"https:\/\/codeq.qroo.gob.mx\/#organization"},"image":{"@id":"https:\/\/codeq.qroo.gob.mx\/index.php\/2026\/01\/14\/mara-lezama-felicita-a-las-mayas-de-cancun-por-conquistar-el-campeonato-continental-de-flag-football\/#primaryimage"},"thumbnailUrl":"https:\/\/codeq.qroo.gob.mx\/wp-content\/uploads\/2026\/01\/WhatsApp-Image-2026-01-13-at-10.22.10-PM.jpeg","articleSection":["Noticias"],"inLanguage":"es","potentialAction":[{"@type":"CommentAction","name":"Comment","target":["https:\/\/codeq.qroo.gob.mx\/index.php\/2026\/01\/14\/mara-lezama-felicita-a-las-mayas-de-cancun-por-conquistar-el-campeonato-continental-de-flag-football\/#respond"]}]},{"@type":"WebPage","@id":"https:\/\/codeq.qroo.gob.mx\/index.php\/2026\/01\/14\/mara-lezama-felicita-a-las-mayas-de-cancun-por-conquistar-el-campeonato-continental-de-flag-football\/","url":"https:\/\/codeq.qroo.gob.mx\/index.php\/2026\/01\/14\/mara-lezama-felicita-a-las-mayas-de-cancun-por-conquistar-el-campeonato-continental-de-flag-football\/","name":"Mara Lezama felicita a las Mayas de Canc\u00fan por conquistar el campeonato continental de flag football - Comisi\u00f3n del Deporte de Quintana Roo","isPartOf":{"@id":"https:\/\/codeq.qroo.gob.mx\/#website"},"primaryImageOfPage":{"@id":"https:\/\/codeq.qroo.gob.mx\/index.php\/2026\/01\/14\/mara-lezama-felicita-a-las-mayas-de-cancun-por-conquistar-el-campeonato-continental-de-flag-football\/#primaryimage"},"image":{"@id":"https:\/\/codeq.qroo.gob.mx\/index.php\/2026\/01\/14\/mara-lezama-felicita-a-las-mayas-de-cancun-por-conquistar-el-campeonato-continental-de-flag-football\/#primaryimage"},"thumbnailUrl":"https:\/\/codeq.qroo.gob.mx\/wp-content\/uploads\/2026\/01\/WhatsApp-Image-2026-01-13-at-10.22.10-PM.jpeg","datePublished":"2026-01-14T14:48:52+00:00","dateModified":"2026-01-14T14:48:53+00:00","breadcrumb":{"@id":"https:\/\/codeq.qroo.gob.mx\/index.php\/2026\/01\/14\/mara-lezama-felicita-a-las-mayas-de-cancun-por-conquistar-el-campeonato-continental-de-flag-football\/#breadcrumb"},"inLanguage":"es","potentialAction":[{"@type":"ReadAction","target":["https:\/\/codeq.qroo.gob.mx\/index.php\/2026\/01\/14\/mara-lezama-felicita-a-las-mayas-de-cancun-por-conquistar-el-campeonato-continental-de-flag-football\/"]}]},{"@type":"ImageObject","inLanguage":"es","@id":"https:\/\/codeq.qroo.gob.mx\/index.php\/2026\/01\/14\/mara-lezama-felicita-a-las-mayas-de-cancun-por-conquistar-el-campeonato-continental-de-flag-football\/#primaryimage","url":"https:\/\/codeq.qroo.gob.mx\/wp-content\/uploads\/2026\/01\/WhatsApp-Image-2026-01-13-at-10.22.10-PM.jpeg","contentUrl":"https:\/\/codeq.qroo.gob.mx\/wp-content\/uploads\/2026\/01\/WhatsApp-Image-2026-01-13-at-10.22.10-PM.jpeg","width":1280,"height":854},{"@type":"BreadcrumbList","@id":"https:\/\/codeq.qroo.gob.mx\/index.php\/2026\/01\/14\/mara-lezama-felicita-a-las-mayas-de-cancun-por-conquistar-el-campeonato-continental-de-flag-football\/#breadcrumb","itemListElement":[{"@type":"ListItem","position":1,"name":"Inicio","item":"https:\/\/codeq.qroo.gob.mx\/"},{"@type":"ListItem","position":2,"name":"Mara Lezama felicita a las Mayas de Canc\u00fan por conquistar el campeonato continental de flag football"}]},{"@type":"WebSite","@id":"https:\/\/codeq.qroo.gob.mx\/#website","url":"https:\/\/codeq.qroo.gob.mx\/","name":"Comisi\u00f3n del Deporte de Quintana Roo","description":"CODEQ","publisher":{"@id":"https:\/\/codeq.qroo.gob.mx\/#organization"},"potentialAction":[{"@type":"SearchAction","target":{"@type":"EntryPoint","urlTemplate":"https:\/\/codeq.qroo.gob.mx\/?s={search_term_string}"},"query-input":{"@type":"PropertyValueSpecification","valueRequired":true,"valueName":"search_term_string"}}],"inLanguage":"es"},{"@type":"Organization","@id":"https:\/\/codeq.qroo.gob.mx\/#organization","name":"Comisi\u00f3n del Deporte de Quintana Roo","url":"https:\/\/codeq.qroo.gob.mx\/","logo":{"@type":"ImageObject","inLanguage":"es","@id":"https:\/\/codeq.qroo.gob.mx\/#\/schema\/logo\/image\/","url":"https:\/\/codeq.qroo.gob.mx\/wp-content\/uploads\/2024\/07\/CODEQ.png","contentUrl":"https:\/\/codeq.qroo.gob.mx\/wp-content\/uploads\/2024\/07\/CODEQ.png","width":3000,"height":1688,"caption":"Comisi\u00f3n del Deporte de Quintana Roo"},"image":{"@id":"https:\/\/codeq.qroo.gob.mx\/#\/schema\/logo\/image\/"}},{"@type":"Person","@id":"https:\/\/codeq.qroo.gob.mx\/#\/schema\/person\/08f280f71ae6986a008ff55cb6d46160","name":"Jorge Antonio Carvajal Maldonado","image":{"@type":"ImageObject","inLanguage":"es","@id":"https:\/\/codeq.qroo.gob.mx\/#\/schema\/person\/image\/","url":"https:\/\/secure.gravatar.com\/avatar\/e61cdf534226ddcecdaed9988ec080e5df82259aa9a3e3f50abf5a5f2b95122f?s=96&d=mm&r=g","contentUrl":"https:\/\/secure.gravatar.com\/avatar\/e61cdf534226ddcecdaed9988ec080e5df82259aa9a3e3f50abf5a5f2b95122f?s=96&d=mm&r=g","caption":"Jorge Antonio Carvajal Maldonado"},"url":"https:\/\/codeq.qroo.gob.mx\/index.php\/author\/antonio\/"}]}},"_links":{"self":[{"href":"https:\/\/codeq.qroo.gob.mx\/index.php\/wp-json\/wp\/v2\/posts\/38066","targetHints":{"allow":["GET"]}}],"collection":[{"href":"https:\/\/codeq.qroo.gob.mx\/index.php\/wp-json\/wp\/v2\/posts"}],"about":[{"href":"https:\/\/codeq.qroo.gob.mx\/index.php\/wp-json\/wp\/v2\/types\/post"}],"author":[{"embeddable":true,"href":"https:\/\/codeq.qroo.gob.mx\/index.php\/wp-json\/wp\/v2\/users\/3"}],"replies":[{"embeddable":true,"href":"https:\/\/codeq.qroo.gob.mx\/index.php\/wp-json\/wp\/v2\/comments?post=38066"}],"version-history":[{"count":1,"href":"https:\/\/codeq.qroo.gob.mx\/index.php\/wp-json\/wp\/v2\/posts\/38066\/revisions"}],"predecessor-version":[{"id":38070,"href":"https:\/\/codeq.qroo.gob.mx\/index.php\/wp-json\/wp\/v2\/posts\/38066\/revisions\/38070"}],"wp:featuredmedia":[{"embeddable":true,"href":"https:\/\/codeq.qroo.gob.mx\/index.php\/wp-json\/wp\/v2\/media\/38069"}],"wp:attachment":[{"href":"https:\/\/codeq.qroo.gob.mx\/index.php\/wp-json\/wp\/v2\/media?parent=38066"}],"wp:term":[{"taxonomy":"category","embeddable":true,"href":"https:\/\/codeq.qroo.gob.mx\/index.php\/wp-json\/wp\/v2\/categories?post=38066"},{"taxonomy":"post_tag","embeddable":true,"href":"https:\/\/codeq.qroo.gob.mx\/index.php\/wp-json\/wp\/v2\/tags?post=38066"}],"curies":[{"name":"wp","href":"https:\/\/api.w.org\/{rel}","templated":true}]}}