{"id":38035,"date":"2025-12-15T12:50:53","date_gmt":"2025-12-15T17:50:53","guid":{"rendered":"https:\/\/codeq.qroo.gob.mx\/?p=38035"},"modified":"2025-12-15T12:50:54","modified_gmt":"2025-12-15T17:50:54","slug":"cumplen-atletas-quintanarroenses-con-sus-clasificatorios-estatales-con-miras-a-la-olimpiada-nacional-conade-2026","status":"publish","type":"post","link":"https:\/\/codeq.qroo.gob.mx\/index.php\/2025\/12\/15\/cumplen-atletas-quintanarroenses-con-sus-clasificatorios-estatales-con-miras-a-la-olimpiada-nacional-conade-2026\/","title":{"rendered":"Cumplen atletas quintanarroenses con sus clasificatorios estatales con miras a la Olimpiada Nacional CONADE 2026"},"content":{"rendered":"\n<p><\/p>\n\n\n\n<ul class=\"wp-block-list\">\n<li>El proceso selectivo contin\u00faa y toc\u00f3 el turno de entrar en acci\u00f3n a las y los deportistas de Levantamiento de Pesas y Polo Acu\u00e1tico en Chetumal, as\u00ed como Voleibol de Playa en Canc\u00fan<\/li>\n<\/ul>\n\n\n\n<p>Para darle continuidad al proceso de conformaci\u00f3n de la Selecci\u00f3n de Quintana Roo con miras a la pr\u00f3xima Olimpiada Nacional CONADE 2026, siguen realiz\u00e1ndose los clasificatorios para las y los atletas de la entidad, por lo que toc\u00f3 el turno de entrar en acci\u00f3n a las y los representantes de las disciplinas de Levantamiento de Pesas y Polo Acu\u00e1tico en Chetumal, as\u00ed como Voleibol de Playa en Canc\u00fan.<\/p>\n\n\n\n<p>Bajo el respaldo y supervisi\u00f3n de la Comisi\u00f3n del Deporte de Quintana Roo (CODEQ), que preside Jacobo Arzate Hop, las y los deportistas quintanarroenses se encuentran en pleno proceso para concretar su clasificaci\u00f3n a la pr\u00f3xima edici\u00f3n de la justa del deporte amateur m\u00e1s importante del pa\u00eds, tal como lo marca el Nuevo Acuerdo por el Bienestar y Desarrollo, que promueve la gobernadora Mara Lezama Espinosa.<\/p>\n\n\n\n<p>\u201cSeguimos con los clasificatorios estatales y me da mucha alegr\u00eda ver que nuestras y nuestros atletas contin\u00faan mostrando su calidad y nos da confianza para la justa nacional, donde estamos seguros y convencidos de que ellas y ellos lograr\u00e1n sus objetivos\u201d, coment\u00f3 Jacobo Arzate, titular de la CODEQ.<\/p>\n\n\n\n<p>Para esta ocasi\u00f3n hubo actividad deportiva de manera simult\u00e1nea en dos municipios; por un lado, el Gimnasio de la Unidad Deportiva Bicentenario de Chetumal fue el escenario para las actividades de la disciplina de Levantamiento de Pesas, en la que participaron poco m\u00e1s de 180 atletas (100 varones y 80 mujeres), provenientes de todos los municipios del estado.<\/p>\n\n\n\n<p>Esta Eliminatoria Estatal se desarroll\u00f3 en las categor\u00edas Sub-12 (iniciaci\u00f3n), Sub-15, Sub-17, Sub-20 y Sub-23, y fue supervisada por el equipo t\u00e9cnico-deportivo de la CODEQ.<\/p>\n\n\n\n<p>Por otro lado, tambi\u00e9n se realiz\u00f3 el Tope de Control Estatal de la disciplina de Polo Acu\u00e1tico, el cual tuvo como escenario la Fosa de Clavados de Chetumal y en donde se tuvo una participaci\u00f3n de 55 atletas, que conforman cinco equipos y que fueron puestos a prueba con ejercicios de fundamento b\u00e1sico y t\u00e9cnico.<\/p>\n\n\n\n<p>Finalmente, en las canchas de arena del Centro Estatal Deportivo de Alto Rendimiento (CEDAR) de Canc\u00fan se realiz\u00f3 el Estatal de Voleibol de Playa, donde se disputaron intensos encuentros para visorear y conformar los selectivos estatales.<\/p>\n\n\n\n<figure class=\"wp-block-gallery has-nested-images columns-default is-cropped wp-block-gallery-1 is-layout-flex wp-block-gallery-is-layout-flex\">\n<figure class=\"wp-block-image size-large\"><img fetchpriority=\"high\" decoding=\"async\" width=\"683\" height=\"1024\" data-id=\"38037\" src=\"https:\/\/codeq.qroo.gob.mx\/wp-content\/uploads\/2025\/12\/WhatsApp-Image-2025-12-15-at-12.44.59-PM3-683x1024.jpeg\" alt=\"\" class=\"wp-image-38037\" srcset=\"https:\/\/codeq.qroo.gob.mx\/wp-content\/uploads\/2025\/12\/WhatsApp-Image-2025-12-15-at-12.44.59-PM3-683x1024.jpeg 683w, https:\/\/codeq.qroo.gob.mx\/wp-content\/uploads\/2025\/12\/WhatsApp-Image-2025-12-15-at-12.44.59-PM3-200x300.jpeg 200w, https:\/\/codeq.qroo.gob.mx\/wp-content\/uploads\/2025\/12\/WhatsApp-Image-2025-12-15-at-12.44.59-PM3-768x1151.jpeg 768w, https:\/\/codeq.qroo.gob.mx\/wp-content\/uploads\/2025\/12\/WhatsApp-Image-2025-12-15-at-12.44.59-PM3.jpeg 854w\" sizes=\"(max-width: 683px) 100vw, 683px\" \/><\/figure>\n\n\n\n<figure class=\"wp-block-image size-large\"><img decoding=\"async\" width=\"1024\" height=\"683\" data-id=\"38036\" src=\"https:\/\/codeq.qroo.gob.mx\/wp-content\/uploads\/2025\/12\/WhatsApp-Image-2025-12-15-at-12.44.59-PM2-1024x683.jpeg\" alt=\"\" class=\"wp-image-38036\" srcset=\"https:\/\/codeq.qroo.gob.mx\/wp-content\/uploads\/2025\/12\/WhatsApp-Image-2025-12-15-at-12.44.59-PM2-1024x683.jpeg 1024w, https:\/\/codeq.qroo.gob.mx\/wp-content\/uploads\/2025\/12\/WhatsApp-Image-2025-12-15-at-12.44.59-PM2-300x200.jpeg 300w, https:\/\/codeq.qroo.gob.mx\/wp-content\/uploads\/2025\/12\/WhatsApp-Image-2025-12-15-at-12.44.59-PM2-768x512.jpeg 768w, https:\/\/codeq.qroo.gob.mx\/wp-content\/uploads\/2025\/12\/WhatsApp-Image-2025-12-15-at-12.44.59-PM2.jpeg 1280w\" sizes=\"(max-width: 1024px) 100vw, 1024px\" \/><\/figure>\n\n\n\n<figure class=\"wp-block-image size-large\"><img decoding=\"async\" width=\"1024\" height=\"683\" data-id=\"38040\" src=\"https:\/\/codeq.qroo.gob.mx\/wp-content\/uploads\/2025\/12\/WhatsApp-Image-2025-12-15-at-12.44.59-PM1-1024x683.jpeg\" alt=\"\" class=\"wp-image-38040\" srcset=\"https:\/\/codeq.qroo.gob.mx\/wp-content\/uploads\/2025\/12\/WhatsApp-Image-2025-12-15-at-12.44.59-PM1-1024x683.jpeg 1024w, https:\/\/codeq.qroo.gob.mx\/wp-content\/uploads\/2025\/12\/WhatsApp-Image-2025-12-15-at-12.44.59-PM1-300x200.jpeg 300w, https:\/\/codeq.qroo.gob.mx\/wp-content\/uploads\/2025\/12\/WhatsApp-Image-2025-12-15-at-12.44.59-PM1-768x512.jpeg 768w, https:\/\/codeq.qroo.gob.mx\/wp-content\/uploads\/2025\/12\/WhatsApp-Image-2025-12-15-at-12.44.59-PM1.jpeg 1280w\" sizes=\"(max-width: 1024px) 100vw, 1024px\" \/><\/figure>\n\n\n\n<figure class=\"wp-block-image size-large\"><img loading=\"lazy\" decoding=\"async\" width=\"1024\" height=\"683\" data-id=\"38039\" src=\"https:\/\/codeq.qroo.gob.mx\/wp-content\/uploads\/2025\/12\/WhatsApp-Image-2025-12-15-at-12.44.59-PM-1024x683.jpeg\" alt=\"\" class=\"wp-image-38039\" srcset=\"https:\/\/codeq.qroo.gob.mx\/wp-content\/uploads\/2025\/12\/WhatsApp-Image-2025-12-15-at-12.44.59-PM-1024x683.jpeg 1024w, https:\/\/codeq.qroo.gob.mx\/wp-content\/uploads\/2025\/12\/WhatsApp-Image-2025-12-15-at-12.44.59-PM-300x200.jpeg 300w, https:\/\/codeq.qroo.gob.mx\/wp-content\/uploads\/2025\/12\/WhatsApp-Image-2025-12-15-at-12.44.59-PM-768x512.jpeg 768w, https:\/\/codeq.qroo.gob.mx\/wp-content\/uploads\/2025\/12\/WhatsApp-Image-2025-12-15-at-12.44.59-PM.jpeg 1280w\" sizes=\"(max-width: 1024px) 100vw, 1024px\" \/><\/figure>\n\n\n\n<figure class=\"wp-block-image size-large\"><img loading=\"lazy\" decoding=\"async\" width=\"1024\" height=\"682\" data-id=\"38042\" src=\"https:\/\/codeq.qroo.gob.mx\/wp-content\/uploads\/2025\/12\/WhatsApp-Image-2025-12-15-at-12.44.58-PM3-1024x682.jpeg\" alt=\"\" class=\"wp-image-38042\" srcset=\"https:\/\/codeq.qroo.gob.mx\/wp-content\/uploads\/2025\/12\/WhatsApp-Image-2025-12-15-at-12.44.58-PM3-1024x682.jpeg 1024w, https:\/\/codeq.qroo.gob.mx\/wp-content\/uploads\/2025\/12\/WhatsApp-Image-2025-12-15-at-12.44.58-PM3-300x200.jpeg 300w, https:\/\/codeq.qroo.gob.mx\/wp-content\/uploads\/2025\/12\/WhatsApp-Image-2025-12-15-at-12.44.58-PM3-768x512.jpeg 768w, https:\/\/codeq.qroo.gob.mx\/wp-content\/uploads\/2025\/12\/WhatsApp-Image-2025-12-15-at-12.44.58-PM3-1536x1023.jpeg 1536w, https:\/\/codeq.qroo.gob.mx\/wp-content\/uploads\/2025\/12\/WhatsApp-Image-2025-12-15-at-12.44.58-PM3.jpeg 1600w\" sizes=\"(max-width: 1024px) 100vw, 1024px\" \/><\/figure>\n\n\n\n<figure class=\"wp-block-image size-large\"><img loading=\"lazy\" decoding=\"async\" width=\"1024\" height=\"682\" data-id=\"38041\" src=\"https:\/\/codeq.qroo.gob.mx\/wp-content\/uploads\/2025\/12\/WhatsApp-Image-2025-12-15-at-12.44.58-PM2-1024x682.jpeg\" alt=\"\" class=\"wp-image-38041\" srcset=\"https:\/\/codeq.qroo.gob.mx\/wp-content\/uploads\/2025\/12\/WhatsApp-Image-2025-12-15-at-12.44.58-PM2-1024x682.jpeg 1024w, https:\/\/codeq.qroo.gob.mx\/wp-content\/uploads\/2025\/12\/WhatsApp-Image-2025-12-15-at-12.44.58-PM2-300x200.jpeg 300w, https:\/\/codeq.qroo.gob.mx\/wp-content\/uploads\/2025\/12\/WhatsApp-Image-2025-12-15-at-12.44.58-PM2-768x512.jpeg 768w, https:\/\/codeq.qroo.gob.mx\/wp-content\/uploads\/2025\/12\/WhatsApp-Image-2025-12-15-at-12.44.58-PM2-1536x1023.jpeg 1536w, https:\/\/codeq.qroo.gob.mx\/wp-content\/uploads\/2025\/12\/WhatsApp-Image-2025-12-15-at-12.44.58-PM2.jpeg 1600w\" sizes=\"(max-width: 1024px) 100vw, 1024px\" \/><\/figure>\n\n\n\n<figure class=\"wp-block-image size-large\"><img loading=\"lazy\" decoding=\"async\" width=\"1024\" height=\"682\" data-id=\"38038\" src=\"https:\/\/codeq.qroo.gob.mx\/wp-content\/uploads\/2025\/12\/WhatsApp-Image-2025-12-15-at-12.44.58-PM1-1024x682.jpeg\" alt=\"\" class=\"wp-image-38038\" srcset=\"https:\/\/codeq.qroo.gob.mx\/wp-content\/uploads\/2025\/12\/WhatsApp-Image-2025-12-15-at-12.44.58-PM1-1024x682.jpeg 1024w, https:\/\/codeq.qroo.gob.mx\/wp-content\/uploads\/2025\/12\/WhatsApp-Image-2025-12-15-at-12.44.58-PM1-300x200.jpeg 300w, https:\/\/codeq.qroo.gob.mx\/wp-content\/uploads\/2025\/12\/WhatsApp-Image-2025-12-15-at-12.44.58-PM1-768x512.jpeg 768w, https:\/\/codeq.qroo.gob.mx\/wp-content\/uploads\/2025\/12\/WhatsApp-Image-2025-12-15-at-12.44.58-PM1-1536x1023.jpeg 1536w, https:\/\/codeq.qroo.gob.mx\/wp-content\/uploads\/2025\/12\/WhatsApp-Image-2025-12-15-at-12.44.58-PM1.jpeg 1600w\" sizes=\"(max-width: 1024px) 100vw, 1024px\" \/><\/figure>\n\n\n\n<figure class=\"wp-block-image size-large\"><img loading=\"lazy\" decoding=\"async\" width=\"1024\" height=\"682\" data-id=\"38044\" src=\"https:\/\/codeq.qroo.gob.mx\/wp-content\/uploads\/2025\/12\/WhatsApp-Image-2025-12-15-at-12.44.58-PM-1024x682.jpeg\" alt=\"\" class=\"wp-image-38044\" srcset=\"https:\/\/codeq.qroo.gob.mx\/wp-content\/uploads\/2025\/12\/WhatsApp-Image-2025-12-15-at-12.44.58-PM-1024x682.jpeg 1024w, https:\/\/codeq.qroo.gob.mx\/wp-content\/uploads\/2025\/12\/WhatsApp-Image-2025-12-15-at-12.44.58-PM-300x200.jpeg 300w, https:\/\/codeq.qroo.gob.mx\/wp-content\/uploads\/2025\/12\/WhatsApp-Image-2025-12-15-at-12.44.58-PM-768x512.jpeg 768w, https:\/\/codeq.qroo.gob.mx\/wp-content\/uploads\/2025\/12\/WhatsApp-Image-2025-12-15-at-12.44.58-PM-1536x1023.jpeg 1536w, https:\/\/codeq.qroo.gob.mx\/wp-content\/uploads\/2025\/12\/WhatsApp-Image-2025-12-15-at-12.44.58-PM.jpeg 1600w\" sizes=\"(max-width: 1024px) 100vw, 1024px\" \/><\/figure>\n\n\n\n<figure class=\"wp-block-image size-large\"><img loading=\"lazy\" decoding=\"async\" width=\"1024\" height=\"682\" data-id=\"38043\" src=\"https:\/\/codeq.qroo.gob.mx\/wp-content\/uploads\/2025\/12\/WhatsApp-Image-2025-12-15-at-12.44.57-PM2-1024x682.jpeg\" alt=\"\" class=\"wp-image-38043\" srcset=\"https:\/\/codeq.qroo.gob.mx\/wp-content\/uploads\/2025\/12\/WhatsApp-Image-2025-12-15-at-12.44.57-PM2-1024x682.jpeg 1024w, https:\/\/codeq.qroo.gob.mx\/wp-content\/uploads\/2025\/12\/WhatsApp-Image-2025-12-15-at-12.44.57-PM2-300x200.jpeg 300w, https:\/\/codeq.qroo.gob.mx\/wp-content\/uploads\/2025\/12\/WhatsApp-Image-2025-12-15-at-12.44.57-PM2-768x512.jpeg 768w, https:\/\/codeq.qroo.gob.mx\/wp-content\/uploads\/2025\/12\/WhatsApp-Image-2025-12-15-at-12.44.57-PM2-1536x1023.jpeg 1536w, https:\/\/codeq.qroo.gob.mx\/wp-content\/uploads\/2025\/12\/WhatsApp-Image-2025-12-15-at-12.44.57-PM2.jpeg 1600w\" sizes=\"(max-width: 1024px) 100vw, 1024px\" \/><\/figure>\n\n\n\n<figure class=\"wp-block-image size-large\"><img loading=\"lazy\" decoding=\"async\" width=\"1024\" height=\"682\" data-id=\"38046\" src=\"https:\/\/codeq.qroo.gob.mx\/wp-content\/uploads\/2025\/12\/WhatsApp-Image-2025-12-15-at-12.44.57-PM1-1024x682.jpeg\" alt=\"\" class=\"wp-image-38046\" srcset=\"https:\/\/codeq.qroo.gob.mx\/wp-content\/uploads\/2025\/12\/WhatsApp-Image-2025-12-15-at-12.44.57-PM1-1024x682.jpeg 1024w, https:\/\/codeq.qroo.gob.mx\/wp-content\/uploads\/2025\/12\/WhatsApp-Image-2025-12-15-at-12.44.57-PM1-300x200.jpeg 300w, https:\/\/codeq.qroo.gob.mx\/wp-content\/uploads\/2025\/12\/WhatsApp-Image-2025-12-15-at-12.44.57-PM1-768x512.jpeg 768w, https:\/\/codeq.qroo.gob.mx\/wp-content\/uploads\/2025\/12\/WhatsApp-Image-2025-12-15-at-12.44.57-PM1-1536x1023.jpeg 1536w, https:\/\/codeq.qroo.gob.mx\/wp-content\/uploads\/2025\/12\/WhatsApp-Image-2025-12-15-at-12.44.57-PM1.jpeg 1600w\" sizes=\"(max-width: 1024px) 100vw, 1024px\" \/><\/figure>\n\n\n\n<figure class=\"wp-block-image size-large\"><img loading=\"lazy\" decoding=\"async\" width=\"1024\" height=\"682\" data-id=\"38045\" src=\"https:\/\/codeq.qroo.gob.mx\/wp-content\/uploads\/2025\/12\/WhatsApp-Image-2025-12-15-at-12.44.57-PM-1024x682.jpeg\" alt=\"\" class=\"wp-image-38045\" srcset=\"https:\/\/codeq.qroo.gob.mx\/wp-content\/uploads\/2025\/12\/WhatsApp-Image-2025-12-15-at-12.44.57-PM-1024x682.jpeg 1024w, https:\/\/codeq.qroo.gob.mx\/wp-content\/uploads\/2025\/12\/WhatsApp-Image-2025-12-15-at-12.44.57-PM-300x200.jpeg 300w, https:\/\/codeq.qroo.gob.mx\/wp-content\/uploads\/2025\/12\/WhatsApp-Image-2025-12-15-at-12.44.57-PM-768x512.jpeg 768w, https:\/\/codeq.qroo.gob.mx\/wp-content\/uploads\/2025\/12\/WhatsApp-Image-2025-12-15-at-12.44.57-PM-1536x1023.jpeg 1536w, https:\/\/codeq.qroo.gob.mx\/wp-content\/uploads\/2025\/12\/WhatsApp-Image-2025-12-15-at-12.44.57-PM.jpeg 1600w\" sizes=\"(max-width: 1024px) 100vw, 1024px\" \/><\/figure>\n\n\n\n<figure class=\"wp-block-image size-large\"><img loading=\"lazy\" decoding=\"async\" width=\"1024\" height=\"682\" data-id=\"38047\" src=\"https:\/\/codeq.qroo.gob.mx\/wp-content\/uploads\/2025\/12\/WhatsApp-Image-2025-12-15-at-12.44.56-PM-1024x682.jpeg\" alt=\"\" class=\"wp-image-38047\" srcset=\"https:\/\/codeq.qroo.gob.mx\/wp-content\/uploads\/2025\/12\/WhatsApp-Image-2025-12-15-at-12.44.56-PM-1024x682.jpeg 1024w, https:\/\/codeq.qroo.gob.mx\/wp-content\/uploads\/2025\/12\/WhatsApp-Image-2025-12-15-at-12.44.56-PM-300x200.jpeg 300w, https:\/\/codeq.qroo.gob.mx\/wp-content\/uploads\/2025\/12\/WhatsApp-Image-2025-12-15-at-12.44.56-PM-768x512.jpeg 768w, https:\/\/codeq.qroo.gob.mx\/wp-content\/uploads\/2025\/12\/WhatsApp-Image-2025-12-15-at-12.44.56-PM-1536x1023.jpeg 1536w, https:\/\/codeq.qroo.gob.mx\/wp-content\/uploads\/2025\/12\/WhatsApp-Image-2025-12-15-at-12.44.56-PM.jpeg 1600w\" sizes=\"(max-width: 1024px) 100vw, 1024px\" \/><\/figure>\n<\/figure>\n","protected":false},"excerpt":{"rendered":"<p>Para darle continuidad al proceso de conformaci\u00f3n de la Selecci\u00f3n de Quintana Roo con miras a la pr\u00f3xima Olimpiada Nacional CONADE 2026, siguen realiz\u00e1ndose los clasificatorios para las y los atletas de la entidad, por lo que toc\u00f3 el turno de entrar en acci\u00f3n a las y los representantes de las disciplinas de Levantamiento de &#8230; <a title=\"Cumplen atletas quintanarroenses con sus clasificatorios estatales con miras a la Olimpiada Nacional CONADE 2026\" class=\"read-more\" href=\"https:\/\/codeq.qroo.gob.mx\/index.php\/2025\/12\/15\/cumplen-atletas-quintanarroenses-con-sus-clasificatorios-estatales-con-miras-a-la-olimpiada-nacional-conade-2026\/\" aria-label=\"Leer m\u00e1s sobre Cumplen atletas quintanarroenses con sus clasificatorios estatales con miras a la Olimpiada Nacional CONADE 2026\">Leer m\u00e1s<\/a><\/p>\n","protected":false},"author":3,"featured_media":38045,"comment_status":"open","ping_status":"open","sticky":false,"template":"","format":"standard","meta":{"footnotes":""},"categories":[5],"tags":[],"class_list":["post-38035","post","type-post","status-publish","format-standard","has-post-thumbnail","hentry","category-noticias"],"yoast_head":"<!-- This site is optimized with the Yoast SEO plugin v25.5 - https:\/\/yoast.com\/wordpress\/plugins\/seo\/ -->\n<title>Cumplen atletas quintanarroenses con sus clasificatorios estatales con miras a la Olimpiada Nacional CONADE 2026 - Comisi\u00f3n del Deporte de Quintana Roo<\/title>\n<meta name=\"robots\" content=\"index, follow, max-snippet:-1, max-image-preview:large, max-video-preview:-1\" \/>\n<link rel=\"canonical\" href=\"https:\/\/codeq.qroo.gob.mx\/index.php\/2025\/12\/15\/cumplen-atletas-quintanarroenses-con-sus-clasificatorios-estatales-con-miras-a-la-olimpiada-nacional-conade-2026\/\" \/>\n<meta property=\"og:locale\" content=\"es_MX\" \/>\n<meta property=\"og:type\" content=\"article\" \/>\n<meta property=\"og:title\" content=\"Cumplen atletas quintanarroenses con sus clasificatorios estatales con miras a la Olimpiada Nacional CONADE 2026 - Comisi\u00f3n del Deporte de Quintana Roo\" \/>\n<meta property=\"og:description\" content=\"Para darle continuidad al proceso de conformaci\u00f3n de la Selecci\u00f3n de Quintana Roo con miras a la pr\u00f3xima Olimpiada Nacional CONADE 2026, siguen realiz\u00e1ndose los clasificatorios para las y los atletas de la entidad, por lo que toc\u00f3 el turno de entrar en acci\u00f3n a las y los representantes de las disciplinas de Levantamiento de ... Leer m\u00e1s\" \/>\n<meta property=\"og:url\" content=\"https:\/\/codeq.qroo.gob.mx\/index.php\/2025\/12\/15\/cumplen-atletas-quintanarroenses-con-sus-clasificatorios-estatales-con-miras-a-la-olimpiada-nacional-conade-2026\/\" \/>\n<meta property=\"og:site_name\" content=\"Comisi\u00f3n del Deporte de Quintana Roo\" \/>\n<meta property=\"article:published_time\" content=\"2025-12-15T17:50:53+00:00\" \/>\n<meta property=\"article:modified_time\" content=\"2025-12-15T17:50:54+00:00\" \/>\n<meta property=\"og:image\" content=\"https:\/\/codeq.qroo.gob.mx\/wp-content\/uploads\/2025\/12\/WhatsApp-Image-2025-12-15-at-12.44.57-PM.jpeg\" \/>\n\t<meta property=\"og:image:width\" content=\"1600\" \/>\n\t<meta property=\"og:image:height\" content=\"1066\" \/>\n\t<meta property=\"og:image:type\" content=\"image\/jpeg\" \/>\n<meta name=\"author\" content=\"Jorge Antonio Carvajal Maldonado\" \/>\n<meta name=\"twitter:card\" content=\"summary_large_image\" \/>\n<meta name=\"twitter:label1\" content=\"Escrito por\" \/>\n\t<meta name=\"twitter:data1\" content=\"Jorge Antonio Carvajal Maldonado\" \/>\n\t<meta name=\"twitter:label2\" content=\"Tiempo de lectura\" \/>\n\t<meta name=\"twitter:data2\" content=\"5 minutos\" \/>\n<script type=\"application\/ld+json\" class=\"yoast-schema-graph\">{\"@context\":\"https:\/\/schema.org\",\"@graph\":[{\"@type\":\"Article\",\"@id\":\"https:\/\/codeq.qroo.gob.mx\/index.php\/2025\/12\/15\/cumplen-atletas-quintanarroenses-con-sus-clasificatorios-estatales-con-miras-a-la-olimpiada-nacional-conade-2026\/#article\",\"isPartOf\":{\"@id\":\"https:\/\/codeq.qroo.gob.mx\/index.php\/2025\/12\/15\/cumplen-atletas-quintanarroenses-con-sus-clasificatorios-estatales-con-miras-a-la-olimpiada-nacional-conade-2026\/\"},\"author\":{\"name\":\"Jorge Antonio Carvajal Maldonado\",\"@id\":\"https:\/\/codeq.qroo.gob.mx\/#\/schema\/person\/08f280f71ae6986a008ff55cb6d46160\"},\"headline\":\"Cumplen atletas quintanarroenses con sus clasificatorios estatales con miras a la Olimpiada Nacional CONADE 2026\",\"datePublished\":\"2025-12-15T17:50:53+00:00\",\"dateModified\":\"2025-12-15T17:50:54+00:00\",\"mainEntityOfPage\":{\"@id\":\"https:\/\/codeq.qroo.gob.mx\/index.php\/2025\/12\/15\/cumplen-atletas-quintanarroenses-con-sus-clasificatorios-estatales-con-miras-a-la-olimpiada-nacional-conade-2026\/\"},\"wordCount\":431,\"commentCount\":0,\"publisher\":{\"@id\":\"https:\/\/codeq.qroo.gob.mx\/#organization\"},\"image\":{\"@id\":\"https:\/\/codeq.qroo.gob.mx\/index.php\/2025\/12\/15\/cumplen-atletas-quintanarroenses-con-sus-clasificatorios-estatales-con-miras-a-la-olimpiada-nacional-conade-2026\/#primaryimage\"},\"thumbnailUrl\":\"https:\/\/codeq.qroo.gob.mx\/wp-content\/uploads\/2025\/12\/WhatsApp-Image-2025-12-15-at-12.44.57-PM.jpeg\",\"articleSection\":[\"Noticias\"],\"inLanguage\":\"es\",\"potentialAction\":[{\"@type\":\"CommentAction\",\"name\":\"Comment\",\"target\":[\"https:\/\/codeq.qroo.gob.mx\/index.php\/2025\/12\/15\/cumplen-atletas-quintanarroenses-con-sus-clasificatorios-estatales-con-miras-a-la-olimpiada-nacional-conade-2026\/#respond\"]}]},{\"@type\":\"WebPage\",\"@id\":\"https:\/\/codeq.qroo.gob.mx\/index.php\/2025\/12\/15\/cumplen-atletas-quintanarroenses-con-sus-clasificatorios-estatales-con-miras-a-la-olimpiada-nacional-conade-2026\/\",\"url\":\"https:\/\/codeq.qroo.gob.mx\/index.php\/2025\/12\/15\/cumplen-atletas-quintanarroenses-con-sus-clasificatorios-estatales-con-miras-a-la-olimpiada-nacional-conade-2026\/\",\"name\":\"Cumplen atletas quintanarroenses con sus clasificatorios estatales con miras a la Olimpiada Nacional CONADE 2026 - Comisi\u00f3n del Deporte de Quintana Roo\",\"isPartOf\":{\"@id\":\"https:\/\/codeq.qroo.gob.mx\/#website\"},\"primaryImageOfPage\":{\"@id\":\"https:\/\/codeq.qroo.gob.mx\/index.php\/2025\/12\/15\/cumplen-atletas-quintanarroenses-con-sus-clasificatorios-estatales-con-miras-a-la-olimpiada-nacional-conade-2026\/#primaryimage\"},\"image\":{\"@id\":\"https:\/\/codeq.qroo.gob.mx\/index.php\/2025\/12\/15\/cumplen-atletas-quintanarroenses-con-sus-clasificatorios-estatales-con-miras-a-la-olimpiada-nacional-conade-2026\/#primaryimage\"},\"thumbnailUrl\":\"https:\/\/codeq.qroo.gob.mx\/wp-content\/uploads\/2025\/12\/WhatsApp-Image-2025-12-15-at-12.44.57-PM.jpeg\",\"datePublished\":\"2025-12-15T17:50:53+00:00\",\"dateModified\":\"2025-12-15T17:50:54+00:00\",\"breadcrumb\":{\"@id\":\"https:\/\/codeq.qroo.gob.mx\/index.php\/2025\/12\/15\/cumplen-atletas-quintanarroenses-con-sus-clasificatorios-estatales-con-miras-a-la-olimpiada-nacional-conade-2026\/#breadcrumb\"},\"inLanguage\":\"es\",\"potentialAction\":[{\"@type\":\"ReadAction\",\"target\":[\"https:\/\/codeq.qroo.gob.mx\/index.php\/2025\/12\/15\/cumplen-atletas-quintanarroenses-con-sus-clasificatorios-estatales-con-miras-a-la-olimpiada-nacional-conade-2026\/\"]}]},{\"@type\":\"ImageObject\",\"inLanguage\":\"es\",\"@id\":\"https:\/\/codeq.qroo.gob.mx\/index.php\/2025\/12\/15\/cumplen-atletas-quintanarroenses-con-sus-clasificatorios-estatales-con-miras-a-la-olimpiada-nacional-conade-2026\/#primaryimage\",\"url\":\"https:\/\/codeq.qroo.gob.mx\/wp-content\/uploads\/2025\/12\/WhatsApp-Image-2025-12-15-at-12.44.57-PM.jpeg\",\"contentUrl\":\"https:\/\/codeq.qroo.gob.mx\/wp-content\/uploads\/2025\/12\/WhatsApp-Image-2025-12-15-at-12.44.57-PM.jpeg\",\"width\":1600,\"height\":1066},{\"@type\":\"BreadcrumbList\",\"@id\":\"https:\/\/codeq.qroo.gob.mx\/index.php\/2025\/12\/15\/cumplen-atletas-quintanarroenses-con-sus-clasificatorios-estatales-con-miras-a-la-olimpiada-nacional-conade-2026\/#breadcrumb\",\"itemListElement\":[{\"@type\":\"ListItem\",\"position\":1,\"name\":\"Inicio\",\"item\":\"https:\/\/codeq.qroo.gob.mx\/\"},{\"@type\":\"ListItem\",\"position\":2,\"name\":\"Cumplen atletas quintanarroenses con sus clasificatorios estatales con miras a la Olimpiada Nacional CONADE 2026\"}]},{\"@type\":\"WebSite\",\"@id\":\"https:\/\/codeq.qroo.gob.mx\/#website\",\"url\":\"https:\/\/codeq.qroo.gob.mx\/\",\"name\":\"Comisi\u00f3n del Deporte de Quintana Roo\",\"description\":\"CODEQ\",\"publisher\":{\"@id\":\"https:\/\/codeq.qroo.gob.mx\/#organization\"},\"potentialAction\":[{\"@type\":\"SearchAction\",\"target\":{\"@type\":\"EntryPoint\",\"urlTemplate\":\"https:\/\/codeq.qroo.gob.mx\/?s={search_term_string}\"},\"query-input\":{\"@type\":\"PropertyValueSpecification\",\"valueRequired\":true,\"valueName\":\"search_term_string\"}}],\"inLanguage\":\"es\"},{\"@type\":\"Organization\",\"@id\":\"https:\/\/codeq.qroo.gob.mx\/#organization\",\"name\":\"Comisi\u00f3n del Deporte de Quintana Roo\",\"url\":\"https:\/\/codeq.qroo.gob.mx\/\",\"logo\":{\"@type\":\"ImageObject\",\"inLanguage\":\"es\",\"@id\":\"https:\/\/codeq.qroo.gob.mx\/#\/schema\/logo\/image\/\",\"url\":\"https:\/\/codeq.qroo.gob.mx\/wp-content\/uploads\/2024\/07\/CODEQ.png\",\"contentUrl\":\"https:\/\/codeq.qroo.gob.mx\/wp-content\/uploads\/2024\/07\/CODEQ.png\",\"width\":3000,\"height\":1688,\"caption\":\"Comisi\u00f3n del Deporte de Quintana Roo\"},\"image\":{\"@id\":\"https:\/\/codeq.qroo.gob.mx\/#\/schema\/logo\/image\/\"}},{\"@type\":\"Person\",\"@id\":\"https:\/\/codeq.qroo.gob.mx\/#\/schema\/person\/08f280f71ae6986a008ff55cb6d46160\",\"name\":\"Jorge Antonio Carvajal Maldonado\",\"image\":{\"@type\":\"ImageObject\",\"inLanguage\":\"es\",\"@id\":\"https:\/\/codeq.qroo.gob.mx\/#\/schema\/person\/image\/\",\"url\":\"https:\/\/secure.gravatar.com\/avatar\/e61cdf534226ddcecdaed9988ec080e5df82259aa9a3e3f50abf5a5f2b95122f?s=96&d=mm&r=g\",\"contentUrl\":\"https:\/\/secure.gravatar.com\/avatar\/e61cdf534226ddcecdaed9988ec080e5df82259aa9a3e3f50abf5a5f2b95122f?s=96&d=mm&r=g\",\"caption\":\"Jorge Antonio Carvajal Maldonado\"},\"url\":\"https:\/\/codeq.qroo.gob.mx\/index.php\/author\/antonio\/\"}]}<\/script>\n<!-- \/ Yoast SEO plugin. -->","yoast_head_json":{"title":"Cumplen atletas quintanarroenses con sus clasificatorios estatales con miras a la Olimpiada Nacional CONADE 2026 - Comisi\u00f3n del Deporte de Quintana Roo","robots":{"index":"index","follow":"follow","max-snippet":"max-snippet:-1","max-image-preview":"max-image-preview:large","max-video-preview":"max-video-preview:-1"},"canonical":"https:\/\/codeq.qroo.gob.mx\/index.php\/2025\/12\/15\/cumplen-atletas-quintanarroenses-con-sus-clasificatorios-estatales-con-miras-a-la-olimpiada-nacional-conade-2026\/","og_locale":"es_MX","og_type":"article","og_title":"Cumplen atletas quintanarroenses con sus clasificatorios estatales con miras a la Olimpiada Nacional CONADE 2026 - Comisi\u00f3n del Deporte de Quintana Roo","og_description":"Para darle continuidad al proceso de conformaci\u00f3n de la Selecci\u00f3n de Quintana Roo con miras a la pr\u00f3xima Olimpiada Nacional CONADE 2026, siguen realiz\u00e1ndose los clasificatorios para las y los atletas de la entidad, por lo que toc\u00f3 el turno de entrar en acci\u00f3n a las y los representantes de las disciplinas de Levantamiento de ... Leer m\u00e1s","og_url":"https:\/\/codeq.qroo.gob.mx\/index.php\/2025\/12\/15\/cumplen-atletas-quintanarroenses-con-sus-clasificatorios-estatales-con-miras-a-la-olimpiada-nacional-conade-2026\/","og_site_name":"Comisi\u00f3n del Deporte de Quintana Roo","article_published_time":"2025-12-15T17:50:53+00:00","article_modified_time":"2025-12-15T17:50:54+00:00","og_image":[{"width":1600,"height":1066,"url":"https:\/\/codeq.qroo.gob.mx\/wp-content\/uploads\/2025\/12\/WhatsApp-Image-2025-12-15-at-12.44.57-PM.jpeg","type":"image\/jpeg"}],"author":"Jorge Antonio Carvajal Maldonado","twitter_card":"summary_large_image","twitter_misc":{"Escrito por":"Jorge Antonio Carvajal Maldonado","Tiempo de lectura":"5 minutos"},"schema":{"@context":"https:\/\/schema.org","@graph":[{"@type":"Article","@id":"https:\/\/codeq.qroo.gob.mx\/index.php\/2025\/12\/15\/cumplen-atletas-quintanarroenses-con-sus-clasificatorios-estatales-con-miras-a-la-olimpiada-nacional-conade-2026\/#article","isPartOf":{"@id":"https:\/\/codeq.qroo.gob.mx\/index.php\/2025\/12\/15\/cumplen-atletas-quintanarroenses-con-sus-clasificatorios-estatales-con-miras-a-la-olimpiada-nacional-conade-2026\/"},"author":{"name":"Jorge Antonio Carvajal Maldonado","@id":"https:\/\/codeq.qroo.gob.mx\/#\/schema\/person\/08f280f71ae6986a008ff55cb6d46160"},"headline":"Cumplen atletas quintanarroenses con sus clasificatorios estatales con miras a la Olimpiada Nacional CONADE 2026","datePublished":"2025-12-15T17:50:53+00:00","dateModified":"2025-12-15T17:50:54+00:00","mainEntityOfPage":{"@id":"https:\/\/codeq.qroo.gob.mx\/index.php\/2025\/12\/15\/cumplen-atletas-quintanarroenses-con-sus-clasificatorios-estatales-con-miras-a-la-olimpiada-nacional-conade-2026\/"},"wordCount":431,"commentCount":0,"publisher":{"@id":"https:\/\/codeq.qroo.gob.mx\/#organization"},"image":{"@id":"https:\/\/codeq.qroo.gob.mx\/index.php\/2025\/12\/15\/cumplen-atletas-quintanarroenses-con-sus-clasificatorios-estatales-con-miras-a-la-olimpiada-nacional-conade-2026\/#primaryimage"},"thumbnailUrl":"https:\/\/codeq.qroo.gob.mx\/wp-content\/uploads\/2025\/12\/WhatsApp-Image-2025-12-15-at-12.44.57-PM.jpeg","articleSection":["Noticias"],"inLanguage":"es","potentialAction":[{"@type":"CommentAction","name":"Comment","target":["https:\/\/codeq.qroo.gob.mx\/index.php\/2025\/12\/15\/cumplen-atletas-quintanarroenses-con-sus-clasificatorios-estatales-con-miras-a-la-olimpiada-nacional-conade-2026\/#respond"]}]},{"@type":"WebPage","@id":"https:\/\/codeq.qroo.gob.mx\/index.php\/2025\/12\/15\/cumplen-atletas-quintanarroenses-con-sus-clasificatorios-estatales-con-miras-a-la-olimpiada-nacional-conade-2026\/","url":"https:\/\/codeq.qroo.gob.mx\/index.php\/2025\/12\/15\/cumplen-atletas-quintanarroenses-con-sus-clasificatorios-estatales-con-miras-a-la-olimpiada-nacional-conade-2026\/","name":"Cumplen atletas quintanarroenses con sus clasificatorios estatales con miras a la Olimpiada Nacional CONADE 2026 - Comisi\u00f3n del Deporte de Quintana Roo","isPartOf":{"@id":"https:\/\/codeq.qroo.gob.mx\/#website"},"primaryImageOfPage":{"@id":"https:\/\/codeq.qroo.gob.mx\/index.php\/2025\/12\/15\/cumplen-atletas-quintanarroenses-con-sus-clasificatorios-estatales-con-miras-a-la-olimpiada-nacional-conade-2026\/#primaryimage"},"image":{"@id":"https:\/\/codeq.qroo.gob.mx\/index.php\/2025\/12\/15\/cumplen-atletas-quintanarroenses-con-sus-clasificatorios-estatales-con-miras-a-la-olimpiada-nacional-conade-2026\/#primaryimage"},"thumbnailUrl":"https:\/\/codeq.qroo.gob.mx\/wp-content\/uploads\/2025\/12\/WhatsApp-Image-2025-12-15-at-12.44.57-PM.jpeg","datePublished":"2025-12-15T17:50:53+00:00","dateModified":"2025-12-15T17:50:54+00:00","breadcrumb":{"@id":"https:\/\/codeq.qroo.gob.mx\/index.php\/2025\/12\/15\/cumplen-atletas-quintanarroenses-con-sus-clasificatorios-estatales-con-miras-a-la-olimpiada-nacional-conade-2026\/#breadcrumb"},"inLanguage":"es","potentialAction":[{"@type":"ReadAction","target":["https:\/\/codeq.qroo.gob.mx\/index.php\/2025\/12\/15\/cumplen-atletas-quintanarroenses-con-sus-clasificatorios-estatales-con-miras-a-la-olimpiada-nacional-conade-2026\/"]}]},{"@type":"ImageObject","inLanguage":"es","@id":"https:\/\/codeq.qroo.gob.mx\/index.php\/2025\/12\/15\/cumplen-atletas-quintanarroenses-con-sus-clasificatorios-estatales-con-miras-a-la-olimpiada-nacional-conade-2026\/#primaryimage","url":"https:\/\/codeq.qroo.gob.mx\/wp-content\/uploads\/2025\/12\/WhatsApp-Image-2025-12-15-at-12.44.57-PM.jpeg","contentUrl":"https:\/\/codeq.qroo.gob.mx\/wp-content\/uploads\/2025\/12\/WhatsApp-Image-2025-12-15-at-12.44.57-PM.jpeg","width":1600,"height":1066},{"@type":"BreadcrumbList","@id":"https:\/\/codeq.qroo.gob.mx\/index.php\/2025\/12\/15\/cumplen-atletas-quintanarroenses-con-sus-clasificatorios-estatales-con-miras-a-la-olimpiada-nacional-conade-2026\/#breadcrumb","itemListElement":[{"@type":"ListItem","position":1,"name":"Inicio","item":"https:\/\/codeq.qroo.gob.mx\/"},{"@type":"ListItem","position":2,"name":"Cumplen atletas quintanarroenses con sus clasificatorios estatales con miras a la Olimpiada Nacional CONADE 2026"}]},{"@type":"WebSite","@id":"https:\/\/codeq.qroo.gob.mx\/#website","url":"https:\/\/codeq.qroo.gob.mx\/","name":"Comisi\u00f3n del Deporte de Quintana Roo","description":"CODEQ","publisher":{"@id":"https:\/\/codeq.qroo.gob.mx\/#organization"},"potentialAction":[{"@type":"SearchAction","target":{"@type":"EntryPoint","urlTemplate":"https:\/\/codeq.qroo.gob.mx\/?s={search_term_string}"},"query-input":{"@type":"PropertyValueSpecification","valueRequired":true,"valueName":"search_term_string"}}],"inLanguage":"es"},{"@type":"Organization","@id":"https:\/\/codeq.qroo.gob.mx\/#organization","name":"Comisi\u00f3n del Deporte de Quintana Roo","url":"https:\/\/codeq.qroo.gob.mx\/","logo":{"@type":"ImageObject","inLanguage":"es","@id":"https:\/\/codeq.qroo.gob.mx\/#\/schema\/logo\/image\/","url":"https:\/\/codeq.qroo.gob.mx\/wp-content\/uploads\/2024\/07\/CODEQ.png","contentUrl":"https:\/\/codeq.qroo.gob.mx\/wp-content\/uploads\/2024\/07\/CODEQ.png","width":3000,"height":1688,"caption":"Comisi\u00f3n del Deporte de Quintana Roo"},"image":{"@id":"https:\/\/codeq.qroo.gob.mx\/#\/schema\/logo\/image\/"}},{"@type":"Person","@id":"https:\/\/codeq.qroo.gob.mx\/#\/schema\/person\/08f280f71ae6986a008ff55cb6d46160","name":"Jorge Antonio Carvajal Maldonado","image":{"@type":"ImageObject","inLanguage":"es","@id":"https:\/\/codeq.qroo.gob.mx\/#\/schema\/person\/image\/","url":"https:\/\/secure.gravatar.com\/avatar\/e61cdf534226ddcecdaed9988ec080e5df82259aa9a3e3f50abf5a5f2b95122f?s=96&d=mm&r=g","contentUrl":"https:\/\/secure.gravatar.com\/avatar\/e61cdf534226ddcecdaed9988ec080e5df82259aa9a3e3f50abf5a5f2b95122f?s=96&d=mm&r=g","caption":"Jorge Antonio Carvajal Maldonado"},"url":"https:\/\/codeq.qroo.gob.mx\/index.php\/author\/antonio\/"}]}},"_links":{"self":[{"href":"https:\/\/codeq.qroo.gob.mx\/index.php\/wp-json\/wp\/v2\/posts\/38035","targetHints":{"allow":["GET"]}}],"collection":[{"href":"https:\/\/codeq.qroo.gob.mx\/index.php\/wp-json\/wp\/v2\/posts"}],"about":[{"href":"https:\/\/codeq.qroo.gob.mx\/index.php\/wp-json\/wp\/v2\/types\/post"}],"author":[{"embeddable":true,"href":"https:\/\/codeq.qroo.gob.mx\/index.php\/wp-json\/wp\/v2\/users\/3"}],"replies":[{"embeddable":true,"href":"https:\/\/codeq.qroo.gob.mx\/index.php\/wp-json\/wp\/v2\/comments?post=38035"}],"version-history":[{"count":1,"href":"https:\/\/codeq.qroo.gob.mx\/index.php\/wp-json\/wp\/v2\/posts\/38035\/revisions"}],"predecessor-version":[{"id":38048,"href":"https:\/\/codeq.qroo.gob.mx\/index.php\/wp-json\/wp\/v2\/posts\/38035\/revisions\/38048"}],"wp:featuredmedia":[{"embeddable":true,"href":"https:\/\/codeq.qroo.gob.mx\/index.php\/wp-json\/wp\/v2\/media\/38045"}],"wp:attachment":[{"href":"https:\/\/codeq.qroo.gob.mx\/index.php\/wp-json\/wp\/v2\/media?parent=38035"}],"wp:term":[{"taxonomy":"category","embeddable":true,"href":"https:\/\/codeq.qroo.gob.mx\/index.php\/wp-json\/wp\/v2\/categories?post=38035"},{"taxonomy":"post_tag","embeddable":true,"href":"https:\/\/codeq.qroo.gob.mx\/index.php\/wp-json\/wp\/v2\/tags?post=38035"}],"curies":[{"name":"wp","href":"https:\/\/api.w.org\/{rel}","templated":true}]}}