{"id":37968,"date":"2025-11-05T13:00:30","date_gmt":"2025-11-05T18:00:30","guid":{"rendered":"https:\/\/codeq.qroo.gob.mx\/?p=37968"},"modified":"2025-11-05T13:00:31","modified_gmt":"2025-11-05T18:00:31","slug":"suman-atletas-quintanarroenses-las-primeras-tres-preseas-en-los-juegos-nacionales-populares-2025","status":"publish","type":"post","link":"https:\/\/codeq.qroo.gob.mx\/index.php\/2025\/11\/05\/suman-atletas-quintanarroenses-las-primeras-tres-preseas-en-los-juegos-nacionales-populares-2025\/","title":{"rendered":"Suman atletas quintanarroenses las primeras tres preseas en los Juegos Nacionales Populares 2025"},"content":{"rendered":"\n<p><\/p>\n\n\n\n<ul class=\"wp-block-list\">\n<li>La delegaci\u00f3n estatal en la disciplina de Artes Marciales Populares cerr\u00f3 su participaci\u00f3n en la justa conquistando dos preseas de plata y una m\u00e1s de bronce<\/li>\n<\/ul>\n\n\n\n<p>La Delegaci\u00f3n de Quintana Roo sum\u00f3 sus primeras tres medallas dentro de los Juegos Nacionales Populares 2025, esto luego de que el equipo de Artes Marciales Populares tuvo una destacada actuaci\u00f3n al concretar dos metales plateados y una m\u00e1s de bronce, durante la acci\u00f3n que se disputa en Oaxtepec, Morelos.<\/p>\n\n\n\n<p>Esta Selecci\u00f3n Estatal hizo el viaje con el respaldo y apoyo de la Comisi\u00f3n del Deporte de Quintana Roo (CODEQ), presidida por Jacobo Arzate Hop, priorizando que las y los atletas puedan cumplir con sus objetivos deportivos, tal como lo marca el Nuevo Acuerdo por el Bienestar y Desarrollo, que impulsa la gobernadora Mara Lezama Espinosa.<\/p>\n\n\n\n<p>Con gran intensidad se han disputado las pruebas de esta justa nacional, en la que las y los atletas quintanarroenses han mostrado su gran nivel de competencia desde el primer d\u00eda.<\/p>\n\n\n\n<p>La primera medalla para Quintana Roo lleg\u00f3 por conducto de Aime Gisel Moo Medina, quien se agenci\u00f3 la presea de plata en la disciplina de Artes Marciales, dentro de la categor\u00eda Intermedia de 13-14 a\u00f1os, dentro de la divisi\u00f3n de los 45-50 kilos.<\/p>\n\n\n\n<p>Despu\u00e9s toc\u00f3 el turno para Nicol\u00e1s Dasani Jacinto Flores, quien sum\u00f3 el segundo metal plateado para el estado, esto dentro de las acciones de la prueba de Formas con Arma Corta, donde tuvo una gran demostraci\u00f3n y se qued\u00f3 con la medalla de plata y el segundo lugar nacional, en la categor\u00eda 10-12 a\u00f1os.<\/p>\n\n\n\n<p>Finalmente, el tercer metal de la jornada, la cual fue de bronce, la obtuvo Axel Fernando Aquino M\u00e9ndez, quien qued\u00f3 en tercer puesto nacional en la prueba de Formas con Arma Corta, en la categor\u00eda 10-12 a\u00f1os.<\/p>\n\n\n\n<p>La actividad de los Juegos Nacionales Populares continuar\u00e1 para Quintana Roo cuando entren en acci\u00f3n las y los atletas de la disciplina de F\u00fatbol 6&#215;6.<\/p>\n\n\n\n<figure class=\"wp-block-gallery has-nested-images columns-default is-cropped wp-block-gallery-1 is-layout-flex wp-block-gallery-is-layout-flex\">\n<figure class=\"wp-block-image size-large\"><img fetchpriority=\"high\" decoding=\"async\" width=\"771\" height=\"1024\" data-id=\"37971\" src=\"https:\/\/codeq.qroo.gob.mx\/wp-content\/uploads\/2025\/11\/WhatsApp-Image-2025-11-05-at-12.49.45-PM2-771x1024.jpeg\" alt=\"\" class=\"wp-image-37971\" srcset=\"https:\/\/codeq.qroo.gob.mx\/wp-content\/uploads\/2025\/11\/WhatsApp-Image-2025-11-05-at-12.49.45-PM2-771x1024.jpeg 771w, https:\/\/codeq.qroo.gob.mx\/wp-content\/uploads\/2025\/11\/WhatsApp-Image-2025-11-05-at-12.49.45-PM2-226x300.jpeg 226w, https:\/\/codeq.qroo.gob.mx\/wp-content\/uploads\/2025\/11\/WhatsApp-Image-2025-11-05-at-12.49.45-PM2-768x1021.jpeg 768w, https:\/\/codeq.qroo.gob.mx\/wp-content\/uploads\/2025\/11\/WhatsApp-Image-2025-11-05-at-12.49.45-PM2-1156x1536.jpeg 1156w, https:\/\/codeq.qroo.gob.mx\/wp-content\/uploads\/2025\/11\/WhatsApp-Image-2025-11-05-at-12.49.45-PM2.jpeg 1204w\" sizes=\"(max-width: 771px) 100vw, 771px\" \/><\/figure>\n\n\n\n<figure class=\"wp-block-image size-large\"><img decoding=\"async\" width=\"771\" height=\"1024\" data-id=\"37969\" src=\"https:\/\/codeq.qroo.gob.mx\/wp-content\/uploads\/2025\/11\/WhatsApp-Image-2025-11-05-at-12.49.45-PM1-771x1024.jpeg\" alt=\"\" class=\"wp-image-37969\" srcset=\"https:\/\/codeq.qroo.gob.mx\/wp-content\/uploads\/2025\/11\/WhatsApp-Image-2025-11-05-at-12.49.45-PM1-771x1024.jpeg 771w, https:\/\/codeq.qroo.gob.mx\/wp-content\/uploads\/2025\/11\/WhatsApp-Image-2025-11-05-at-12.49.45-PM1-226x300.jpeg 226w, https:\/\/codeq.qroo.gob.mx\/wp-content\/uploads\/2025\/11\/WhatsApp-Image-2025-11-05-at-12.49.45-PM1-768x1021.jpeg 768w, https:\/\/codeq.qroo.gob.mx\/wp-content\/uploads\/2025\/11\/WhatsApp-Image-2025-11-05-at-12.49.45-PM1-1156x1536.jpeg 1156w, https:\/\/codeq.qroo.gob.mx\/wp-content\/uploads\/2025\/11\/WhatsApp-Image-2025-11-05-at-12.49.45-PM1.jpeg 1204w\" sizes=\"(max-width: 771px) 100vw, 771px\" \/><\/figure>\n\n\n\n<figure class=\"wp-block-image size-large\"><img decoding=\"async\" width=\"771\" height=\"1024\" data-id=\"37973\" src=\"https:\/\/codeq.qroo.gob.mx\/wp-content\/uploads\/2025\/11\/WhatsApp-Image-2025-11-05-at-12.49.45-PM-771x1024.jpeg\" alt=\"\" class=\"wp-image-37973\" srcset=\"https:\/\/codeq.qroo.gob.mx\/wp-content\/uploads\/2025\/11\/WhatsApp-Image-2025-11-05-at-12.49.45-PM-771x1024.jpeg 771w, https:\/\/codeq.qroo.gob.mx\/wp-content\/uploads\/2025\/11\/WhatsApp-Image-2025-11-05-at-12.49.45-PM-226x300.jpeg 226w, https:\/\/codeq.qroo.gob.mx\/wp-content\/uploads\/2025\/11\/WhatsApp-Image-2025-11-05-at-12.49.45-PM-768x1021.jpeg 768w, https:\/\/codeq.qroo.gob.mx\/wp-content\/uploads\/2025\/11\/WhatsApp-Image-2025-11-05-at-12.49.45-PM-1156x1536.jpeg 1156w, https:\/\/codeq.qroo.gob.mx\/wp-content\/uploads\/2025\/11\/WhatsApp-Image-2025-11-05-at-12.49.45-PM.jpeg 1204w\" sizes=\"(max-width: 771px) 100vw, 771px\" \/><\/figure>\n\n\n\n<figure class=\"wp-block-image size-large\"><img loading=\"lazy\" decoding=\"async\" width=\"1024\" height=\"771\" data-id=\"37972\" src=\"https:\/\/codeq.qroo.gob.mx\/wp-content\/uploads\/2025\/11\/WhatsApp-Image-2025-11-05-at-12.49.44-PM1-1024x771.jpeg\" alt=\"\" class=\"wp-image-37972\" srcset=\"https:\/\/codeq.qroo.gob.mx\/wp-content\/uploads\/2025\/11\/WhatsApp-Image-2025-11-05-at-12.49.44-PM1-1024x771.jpeg 1024w, https:\/\/codeq.qroo.gob.mx\/wp-content\/uploads\/2025\/11\/WhatsApp-Image-2025-11-05-at-12.49.44-PM1-300x226.jpeg 300w, https:\/\/codeq.qroo.gob.mx\/wp-content\/uploads\/2025\/11\/WhatsApp-Image-2025-11-05-at-12.49.44-PM1-768x578.jpeg 768w, https:\/\/codeq.qroo.gob.mx\/wp-content\/uploads\/2025\/11\/WhatsApp-Image-2025-11-05-at-12.49.44-PM1-1536x1156.jpeg 1536w, https:\/\/codeq.qroo.gob.mx\/wp-content\/uploads\/2025\/11\/WhatsApp-Image-2025-11-05-at-12.49.44-PM1.jpeg 1600w\" sizes=\"(max-width: 1024px) 100vw, 1024px\" \/><\/figure>\n\n\n\n<figure class=\"wp-block-image size-large\"><img loading=\"lazy\" decoding=\"async\" width=\"771\" height=\"1024\" data-id=\"37970\" src=\"https:\/\/codeq.qroo.gob.mx\/wp-content\/uploads\/2025\/11\/WhatsApp-Image-2025-11-05-at-12.49.44-PM-771x1024.jpeg\" alt=\"\" class=\"wp-image-37970\" srcset=\"https:\/\/codeq.qroo.gob.mx\/wp-content\/uploads\/2025\/11\/WhatsApp-Image-2025-11-05-at-12.49.44-PM-771x1024.jpeg 771w, https:\/\/codeq.qroo.gob.mx\/wp-content\/uploads\/2025\/11\/WhatsApp-Image-2025-11-05-at-12.49.44-PM-226x300.jpeg 226w, https:\/\/codeq.qroo.gob.mx\/wp-content\/uploads\/2025\/11\/WhatsApp-Image-2025-11-05-at-12.49.44-PM-768x1021.jpeg 768w, https:\/\/codeq.qroo.gob.mx\/wp-content\/uploads\/2025\/11\/WhatsApp-Image-2025-11-05-at-12.49.44-PM-1156x1536.jpeg 1156w, https:\/\/codeq.qroo.gob.mx\/wp-content\/uploads\/2025\/11\/WhatsApp-Image-2025-11-05-at-12.49.44-PM.jpeg 1204w\" sizes=\"(max-width: 771px) 100vw, 771px\" \/><\/figure>\n<\/figure>\n","protected":false},"excerpt":{"rendered":"<p>La Delegaci\u00f3n de Quintana Roo sum\u00f3 sus primeras tres medallas dentro de los Juegos Nacionales Populares 2025, esto luego de que el equipo de Artes Marciales Populares tuvo una destacada actuaci\u00f3n al concretar dos metales plateados y una m\u00e1s de bronce, durante la acci\u00f3n que se disputa en Oaxtepec, Morelos. Esta Selecci\u00f3n Estatal hizo el &#8230; <a title=\"Suman atletas quintanarroenses las primeras tres preseas en los Juegos Nacionales Populares 2025\" class=\"read-more\" href=\"https:\/\/codeq.qroo.gob.mx\/index.php\/2025\/11\/05\/suman-atletas-quintanarroenses-las-primeras-tres-preseas-en-los-juegos-nacionales-populares-2025\/\" aria-label=\"Leer m\u00e1s sobre Suman atletas quintanarroenses las primeras tres preseas en los Juegos Nacionales Populares 2025\">Leer m\u00e1s<\/a><\/p>\n","protected":false},"author":3,"featured_media":37972,"comment_status":"open","ping_status":"open","sticky":false,"template":"","format":"standard","meta":{"footnotes":""},"categories":[5],"tags":[],"class_list":["post-37968","post","type-post","status-publish","format-standard","has-post-thumbnail","hentry","category-noticias"],"yoast_head":"<!-- This site is optimized with the Yoast SEO plugin v25.5 - https:\/\/yoast.com\/wordpress\/plugins\/seo\/ -->\n<title>Suman atletas quintanarroenses las primeras tres preseas en los Juegos Nacionales Populares 2025 - Comisi\u00f3n del Deporte de Quintana Roo<\/title>\n<meta name=\"robots\" content=\"index, follow, max-snippet:-1, max-image-preview:large, max-video-preview:-1\" \/>\n<link rel=\"canonical\" href=\"https:\/\/codeq.qroo.gob.mx\/index.php\/2025\/11\/05\/suman-atletas-quintanarroenses-las-primeras-tres-preseas-en-los-juegos-nacionales-populares-2025\/\" \/>\n<meta property=\"og:locale\" content=\"es_MX\" \/>\n<meta property=\"og:type\" content=\"article\" \/>\n<meta property=\"og:title\" content=\"Suman atletas quintanarroenses las primeras tres preseas en los Juegos Nacionales Populares 2025 - Comisi\u00f3n del Deporte de Quintana Roo\" \/>\n<meta property=\"og:description\" content=\"La Delegaci\u00f3n de Quintana Roo sum\u00f3 sus primeras tres medallas dentro de los Juegos Nacionales Populares 2025, esto luego de que el equipo de Artes Marciales Populares tuvo una destacada actuaci\u00f3n al concretar dos metales plateados y una m\u00e1s de bronce, durante la acci\u00f3n que se disputa en Oaxtepec, Morelos. Esta Selecci\u00f3n Estatal hizo el ... Leer m\u00e1s\" \/>\n<meta property=\"og:url\" content=\"https:\/\/codeq.qroo.gob.mx\/index.php\/2025\/11\/05\/suman-atletas-quintanarroenses-las-primeras-tres-preseas-en-los-juegos-nacionales-populares-2025\/\" \/>\n<meta property=\"og:site_name\" content=\"Comisi\u00f3n del Deporte de Quintana Roo\" \/>\n<meta property=\"article:published_time\" content=\"2025-11-05T18:00:30+00:00\" \/>\n<meta property=\"article:modified_time\" content=\"2025-11-05T18:00:31+00:00\" \/>\n<meta property=\"og:image\" content=\"https:\/\/codeq.qroo.gob.mx\/wp-content\/uploads\/2025\/11\/WhatsApp-Image-2025-11-05-at-12.49.44-PM1.jpeg\" \/>\n\t<meta property=\"og:image:width\" content=\"1600\" \/>\n\t<meta property=\"og:image:height\" content=\"1204\" \/>\n\t<meta property=\"og:image:type\" content=\"image\/jpeg\" \/>\n<meta name=\"author\" content=\"Jorge Antonio Carvajal Maldonado\" \/>\n<meta name=\"twitter:card\" content=\"summary_large_image\" \/>\n<meta name=\"twitter:label1\" content=\"Escrito por\" \/>\n\t<meta name=\"twitter:data1\" content=\"Jorge Antonio Carvajal Maldonado\" \/>\n\t<meta name=\"twitter:label2\" content=\"Tiempo de lectura\" \/>\n\t<meta name=\"twitter:data2\" content=\"3 minutos\" \/>\n<script type=\"application\/ld+json\" class=\"yoast-schema-graph\">{\"@context\":\"https:\/\/schema.org\",\"@graph\":[{\"@type\":\"Article\",\"@id\":\"https:\/\/codeq.qroo.gob.mx\/index.php\/2025\/11\/05\/suman-atletas-quintanarroenses-las-primeras-tres-preseas-en-los-juegos-nacionales-populares-2025\/#article\",\"isPartOf\":{\"@id\":\"https:\/\/codeq.qroo.gob.mx\/index.php\/2025\/11\/05\/suman-atletas-quintanarroenses-las-primeras-tres-preseas-en-los-juegos-nacionales-populares-2025\/\"},\"author\":{\"name\":\"Jorge Antonio Carvajal Maldonado\",\"@id\":\"https:\/\/codeq.qroo.gob.mx\/#\/schema\/person\/08f280f71ae6986a008ff55cb6d46160\"},\"headline\":\"Suman atletas quintanarroenses las primeras tres preseas en los Juegos Nacionales Populares 2025\",\"datePublished\":\"2025-11-05T18:00:30+00:00\",\"dateModified\":\"2025-11-05T18:00:31+00:00\",\"mainEntityOfPage\":{\"@id\":\"https:\/\/codeq.qroo.gob.mx\/index.php\/2025\/11\/05\/suman-atletas-quintanarroenses-las-primeras-tres-preseas-en-los-juegos-nacionales-populares-2025\/\"},\"wordCount\":356,\"commentCount\":0,\"publisher\":{\"@id\":\"https:\/\/codeq.qroo.gob.mx\/#organization\"},\"image\":{\"@id\":\"https:\/\/codeq.qroo.gob.mx\/index.php\/2025\/11\/05\/suman-atletas-quintanarroenses-las-primeras-tres-preseas-en-los-juegos-nacionales-populares-2025\/#primaryimage\"},\"thumbnailUrl\":\"https:\/\/codeq.qroo.gob.mx\/wp-content\/uploads\/2025\/11\/WhatsApp-Image-2025-11-05-at-12.49.44-PM1.jpeg\",\"articleSection\":[\"Noticias\"],\"inLanguage\":\"es\",\"potentialAction\":[{\"@type\":\"CommentAction\",\"name\":\"Comment\",\"target\":[\"https:\/\/codeq.qroo.gob.mx\/index.php\/2025\/11\/05\/suman-atletas-quintanarroenses-las-primeras-tres-preseas-en-los-juegos-nacionales-populares-2025\/#respond\"]}]},{\"@type\":\"WebPage\",\"@id\":\"https:\/\/codeq.qroo.gob.mx\/index.php\/2025\/11\/05\/suman-atletas-quintanarroenses-las-primeras-tres-preseas-en-los-juegos-nacionales-populares-2025\/\",\"url\":\"https:\/\/codeq.qroo.gob.mx\/index.php\/2025\/11\/05\/suman-atletas-quintanarroenses-las-primeras-tres-preseas-en-los-juegos-nacionales-populares-2025\/\",\"name\":\"Suman atletas quintanarroenses las primeras tres preseas en los Juegos Nacionales Populares 2025 - Comisi\u00f3n del Deporte de Quintana Roo\",\"isPartOf\":{\"@id\":\"https:\/\/codeq.qroo.gob.mx\/#website\"},\"primaryImageOfPage\":{\"@id\":\"https:\/\/codeq.qroo.gob.mx\/index.php\/2025\/11\/05\/suman-atletas-quintanarroenses-las-primeras-tres-preseas-en-los-juegos-nacionales-populares-2025\/#primaryimage\"},\"image\":{\"@id\":\"https:\/\/codeq.qroo.gob.mx\/index.php\/2025\/11\/05\/suman-atletas-quintanarroenses-las-primeras-tres-preseas-en-los-juegos-nacionales-populares-2025\/#primaryimage\"},\"thumbnailUrl\":\"https:\/\/codeq.qroo.gob.mx\/wp-content\/uploads\/2025\/11\/WhatsApp-Image-2025-11-05-at-12.49.44-PM1.jpeg\",\"datePublished\":\"2025-11-05T18:00:30+00:00\",\"dateModified\":\"2025-11-05T18:00:31+00:00\",\"breadcrumb\":{\"@id\":\"https:\/\/codeq.qroo.gob.mx\/index.php\/2025\/11\/05\/suman-atletas-quintanarroenses-las-primeras-tres-preseas-en-los-juegos-nacionales-populares-2025\/#breadcrumb\"},\"inLanguage\":\"es\",\"potentialAction\":[{\"@type\":\"ReadAction\",\"target\":[\"https:\/\/codeq.qroo.gob.mx\/index.php\/2025\/11\/05\/suman-atletas-quintanarroenses-las-primeras-tres-preseas-en-los-juegos-nacionales-populares-2025\/\"]}]},{\"@type\":\"ImageObject\",\"inLanguage\":\"es\",\"@id\":\"https:\/\/codeq.qroo.gob.mx\/index.php\/2025\/11\/05\/suman-atletas-quintanarroenses-las-primeras-tres-preseas-en-los-juegos-nacionales-populares-2025\/#primaryimage\",\"url\":\"https:\/\/codeq.qroo.gob.mx\/wp-content\/uploads\/2025\/11\/WhatsApp-Image-2025-11-05-at-12.49.44-PM1.jpeg\",\"contentUrl\":\"https:\/\/codeq.qroo.gob.mx\/wp-content\/uploads\/2025\/11\/WhatsApp-Image-2025-11-05-at-12.49.44-PM1.jpeg\",\"width\":1600,\"height\":1204},{\"@type\":\"BreadcrumbList\",\"@id\":\"https:\/\/codeq.qroo.gob.mx\/index.php\/2025\/11\/05\/suman-atletas-quintanarroenses-las-primeras-tres-preseas-en-los-juegos-nacionales-populares-2025\/#breadcrumb\",\"itemListElement\":[{\"@type\":\"ListItem\",\"position\":1,\"name\":\"Inicio\",\"item\":\"https:\/\/codeq.qroo.gob.mx\/\"},{\"@type\":\"ListItem\",\"position\":2,\"name\":\"Suman atletas quintanarroenses las primeras tres preseas en los Juegos Nacionales Populares 2025\"}]},{\"@type\":\"WebSite\",\"@id\":\"https:\/\/codeq.qroo.gob.mx\/#website\",\"url\":\"https:\/\/codeq.qroo.gob.mx\/\",\"name\":\"Comisi\u00f3n del Deporte de Quintana Roo\",\"description\":\"CODEQ\",\"publisher\":{\"@id\":\"https:\/\/codeq.qroo.gob.mx\/#organization\"},\"potentialAction\":[{\"@type\":\"SearchAction\",\"target\":{\"@type\":\"EntryPoint\",\"urlTemplate\":\"https:\/\/codeq.qroo.gob.mx\/?s={search_term_string}\"},\"query-input\":{\"@type\":\"PropertyValueSpecification\",\"valueRequired\":true,\"valueName\":\"search_term_string\"}}],\"inLanguage\":\"es\"},{\"@type\":\"Organization\",\"@id\":\"https:\/\/codeq.qroo.gob.mx\/#organization\",\"name\":\"Comisi\u00f3n del Deporte de Quintana Roo\",\"url\":\"https:\/\/codeq.qroo.gob.mx\/\",\"logo\":{\"@type\":\"ImageObject\",\"inLanguage\":\"es\",\"@id\":\"https:\/\/codeq.qroo.gob.mx\/#\/schema\/logo\/image\/\",\"url\":\"https:\/\/codeq.qroo.gob.mx\/wp-content\/uploads\/2024\/07\/CODEQ.png\",\"contentUrl\":\"https:\/\/codeq.qroo.gob.mx\/wp-content\/uploads\/2024\/07\/CODEQ.png\",\"width\":3000,\"height\":1688,\"caption\":\"Comisi\u00f3n del Deporte de Quintana Roo\"},\"image\":{\"@id\":\"https:\/\/codeq.qroo.gob.mx\/#\/schema\/logo\/image\/\"}},{\"@type\":\"Person\",\"@id\":\"https:\/\/codeq.qroo.gob.mx\/#\/schema\/person\/08f280f71ae6986a008ff55cb6d46160\",\"name\":\"Jorge Antonio Carvajal Maldonado\",\"image\":{\"@type\":\"ImageObject\",\"inLanguage\":\"es\",\"@id\":\"https:\/\/codeq.qroo.gob.mx\/#\/schema\/person\/image\/\",\"url\":\"https:\/\/secure.gravatar.com\/avatar\/e61cdf534226ddcecdaed9988ec080e5df82259aa9a3e3f50abf5a5f2b95122f?s=96&d=mm&r=g\",\"contentUrl\":\"https:\/\/secure.gravatar.com\/avatar\/e61cdf534226ddcecdaed9988ec080e5df82259aa9a3e3f50abf5a5f2b95122f?s=96&d=mm&r=g\",\"caption\":\"Jorge Antonio Carvajal Maldonado\"},\"url\":\"https:\/\/codeq.qroo.gob.mx\/index.php\/author\/antonio\/\"}]}<\/script>\n<!-- \/ Yoast SEO plugin. -->","yoast_head_json":{"title":"Suman atletas quintanarroenses las primeras tres preseas en los Juegos Nacionales Populares 2025 - Comisi\u00f3n del Deporte de Quintana Roo","robots":{"index":"index","follow":"follow","max-snippet":"max-snippet:-1","max-image-preview":"max-image-preview:large","max-video-preview":"max-video-preview:-1"},"canonical":"https:\/\/codeq.qroo.gob.mx\/index.php\/2025\/11\/05\/suman-atletas-quintanarroenses-las-primeras-tres-preseas-en-los-juegos-nacionales-populares-2025\/","og_locale":"es_MX","og_type":"article","og_title":"Suman atletas quintanarroenses las primeras tres preseas en los Juegos Nacionales Populares 2025 - Comisi\u00f3n del Deporte de Quintana Roo","og_description":"La Delegaci\u00f3n de Quintana Roo sum\u00f3 sus primeras tres medallas dentro de los Juegos Nacionales Populares 2025, esto luego de que el equipo de Artes Marciales Populares tuvo una destacada actuaci\u00f3n al concretar dos metales plateados y una m\u00e1s de bronce, durante la acci\u00f3n que se disputa en Oaxtepec, Morelos. Esta Selecci\u00f3n Estatal hizo el ... Leer m\u00e1s","og_url":"https:\/\/codeq.qroo.gob.mx\/index.php\/2025\/11\/05\/suman-atletas-quintanarroenses-las-primeras-tres-preseas-en-los-juegos-nacionales-populares-2025\/","og_site_name":"Comisi\u00f3n del Deporte de Quintana Roo","article_published_time":"2025-11-05T18:00:30+00:00","article_modified_time":"2025-11-05T18:00:31+00:00","og_image":[{"width":1600,"height":1204,"url":"https:\/\/codeq.qroo.gob.mx\/wp-content\/uploads\/2025\/11\/WhatsApp-Image-2025-11-05-at-12.49.44-PM1.jpeg","type":"image\/jpeg"}],"author":"Jorge Antonio Carvajal Maldonado","twitter_card":"summary_large_image","twitter_misc":{"Escrito por":"Jorge Antonio Carvajal Maldonado","Tiempo de lectura":"3 minutos"},"schema":{"@context":"https:\/\/schema.org","@graph":[{"@type":"Article","@id":"https:\/\/codeq.qroo.gob.mx\/index.php\/2025\/11\/05\/suman-atletas-quintanarroenses-las-primeras-tres-preseas-en-los-juegos-nacionales-populares-2025\/#article","isPartOf":{"@id":"https:\/\/codeq.qroo.gob.mx\/index.php\/2025\/11\/05\/suman-atletas-quintanarroenses-las-primeras-tres-preseas-en-los-juegos-nacionales-populares-2025\/"},"author":{"name":"Jorge Antonio Carvajal Maldonado","@id":"https:\/\/codeq.qroo.gob.mx\/#\/schema\/person\/08f280f71ae6986a008ff55cb6d46160"},"headline":"Suman atletas quintanarroenses las primeras tres preseas en los Juegos Nacionales Populares 2025","datePublished":"2025-11-05T18:00:30+00:00","dateModified":"2025-11-05T18:00:31+00:00","mainEntityOfPage":{"@id":"https:\/\/codeq.qroo.gob.mx\/index.php\/2025\/11\/05\/suman-atletas-quintanarroenses-las-primeras-tres-preseas-en-los-juegos-nacionales-populares-2025\/"},"wordCount":356,"commentCount":0,"publisher":{"@id":"https:\/\/codeq.qroo.gob.mx\/#organization"},"image":{"@id":"https:\/\/codeq.qroo.gob.mx\/index.php\/2025\/11\/05\/suman-atletas-quintanarroenses-las-primeras-tres-preseas-en-los-juegos-nacionales-populares-2025\/#primaryimage"},"thumbnailUrl":"https:\/\/codeq.qroo.gob.mx\/wp-content\/uploads\/2025\/11\/WhatsApp-Image-2025-11-05-at-12.49.44-PM1.jpeg","articleSection":["Noticias"],"inLanguage":"es","potentialAction":[{"@type":"CommentAction","name":"Comment","target":["https:\/\/codeq.qroo.gob.mx\/index.php\/2025\/11\/05\/suman-atletas-quintanarroenses-las-primeras-tres-preseas-en-los-juegos-nacionales-populares-2025\/#respond"]}]},{"@type":"WebPage","@id":"https:\/\/codeq.qroo.gob.mx\/index.php\/2025\/11\/05\/suman-atletas-quintanarroenses-las-primeras-tres-preseas-en-los-juegos-nacionales-populares-2025\/","url":"https:\/\/codeq.qroo.gob.mx\/index.php\/2025\/11\/05\/suman-atletas-quintanarroenses-las-primeras-tres-preseas-en-los-juegos-nacionales-populares-2025\/","name":"Suman atletas quintanarroenses las primeras tres preseas en los Juegos Nacionales Populares 2025 - Comisi\u00f3n del Deporte de Quintana Roo","isPartOf":{"@id":"https:\/\/codeq.qroo.gob.mx\/#website"},"primaryImageOfPage":{"@id":"https:\/\/codeq.qroo.gob.mx\/index.php\/2025\/11\/05\/suman-atletas-quintanarroenses-las-primeras-tres-preseas-en-los-juegos-nacionales-populares-2025\/#primaryimage"},"image":{"@id":"https:\/\/codeq.qroo.gob.mx\/index.php\/2025\/11\/05\/suman-atletas-quintanarroenses-las-primeras-tres-preseas-en-los-juegos-nacionales-populares-2025\/#primaryimage"},"thumbnailUrl":"https:\/\/codeq.qroo.gob.mx\/wp-content\/uploads\/2025\/11\/WhatsApp-Image-2025-11-05-at-12.49.44-PM1.jpeg","datePublished":"2025-11-05T18:00:30+00:00","dateModified":"2025-11-05T18:00:31+00:00","breadcrumb":{"@id":"https:\/\/codeq.qroo.gob.mx\/index.php\/2025\/11\/05\/suman-atletas-quintanarroenses-las-primeras-tres-preseas-en-los-juegos-nacionales-populares-2025\/#breadcrumb"},"inLanguage":"es","potentialAction":[{"@type":"ReadAction","target":["https:\/\/codeq.qroo.gob.mx\/index.php\/2025\/11\/05\/suman-atletas-quintanarroenses-las-primeras-tres-preseas-en-los-juegos-nacionales-populares-2025\/"]}]},{"@type":"ImageObject","inLanguage":"es","@id":"https:\/\/codeq.qroo.gob.mx\/index.php\/2025\/11\/05\/suman-atletas-quintanarroenses-las-primeras-tres-preseas-en-los-juegos-nacionales-populares-2025\/#primaryimage","url":"https:\/\/codeq.qroo.gob.mx\/wp-content\/uploads\/2025\/11\/WhatsApp-Image-2025-11-05-at-12.49.44-PM1.jpeg","contentUrl":"https:\/\/codeq.qroo.gob.mx\/wp-content\/uploads\/2025\/11\/WhatsApp-Image-2025-11-05-at-12.49.44-PM1.jpeg","width":1600,"height":1204},{"@type":"BreadcrumbList","@id":"https:\/\/codeq.qroo.gob.mx\/index.php\/2025\/11\/05\/suman-atletas-quintanarroenses-las-primeras-tres-preseas-en-los-juegos-nacionales-populares-2025\/#breadcrumb","itemListElement":[{"@type":"ListItem","position":1,"name":"Inicio","item":"https:\/\/codeq.qroo.gob.mx\/"},{"@type":"ListItem","position":2,"name":"Suman atletas quintanarroenses las primeras tres preseas en los Juegos Nacionales Populares 2025"}]},{"@type":"WebSite","@id":"https:\/\/codeq.qroo.gob.mx\/#website","url":"https:\/\/codeq.qroo.gob.mx\/","name":"Comisi\u00f3n del Deporte de Quintana Roo","description":"CODEQ","publisher":{"@id":"https:\/\/codeq.qroo.gob.mx\/#organization"},"potentialAction":[{"@type":"SearchAction","target":{"@type":"EntryPoint","urlTemplate":"https:\/\/codeq.qroo.gob.mx\/?s={search_term_string}"},"query-input":{"@type":"PropertyValueSpecification","valueRequired":true,"valueName":"search_term_string"}}],"inLanguage":"es"},{"@type":"Organization","@id":"https:\/\/codeq.qroo.gob.mx\/#organization","name":"Comisi\u00f3n del Deporte de Quintana Roo","url":"https:\/\/codeq.qroo.gob.mx\/","logo":{"@type":"ImageObject","inLanguage":"es","@id":"https:\/\/codeq.qroo.gob.mx\/#\/schema\/logo\/image\/","url":"https:\/\/codeq.qroo.gob.mx\/wp-content\/uploads\/2024\/07\/CODEQ.png","contentUrl":"https:\/\/codeq.qroo.gob.mx\/wp-content\/uploads\/2024\/07\/CODEQ.png","width":3000,"height":1688,"caption":"Comisi\u00f3n del Deporte de Quintana Roo"},"image":{"@id":"https:\/\/codeq.qroo.gob.mx\/#\/schema\/logo\/image\/"}},{"@type":"Person","@id":"https:\/\/codeq.qroo.gob.mx\/#\/schema\/person\/08f280f71ae6986a008ff55cb6d46160","name":"Jorge Antonio Carvajal Maldonado","image":{"@type":"ImageObject","inLanguage":"es","@id":"https:\/\/codeq.qroo.gob.mx\/#\/schema\/person\/image\/","url":"https:\/\/secure.gravatar.com\/avatar\/e61cdf534226ddcecdaed9988ec080e5df82259aa9a3e3f50abf5a5f2b95122f?s=96&d=mm&r=g","contentUrl":"https:\/\/secure.gravatar.com\/avatar\/e61cdf534226ddcecdaed9988ec080e5df82259aa9a3e3f50abf5a5f2b95122f?s=96&d=mm&r=g","caption":"Jorge Antonio Carvajal Maldonado"},"url":"https:\/\/codeq.qroo.gob.mx\/index.php\/author\/antonio\/"}]}},"_links":{"self":[{"href":"https:\/\/codeq.qroo.gob.mx\/index.php\/wp-json\/wp\/v2\/posts\/37968","targetHints":{"allow":["GET"]}}],"collection":[{"href":"https:\/\/codeq.qroo.gob.mx\/index.php\/wp-json\/wp\/v2\/posts"}],"about":[{"href":"https:\/\/codeq.qroo.gob.mx\/index.php\/wp-json\/wp\/v2\/types\/post"}],"author":[{"embeddable":true,"href":"https:\/\/codeq.qroo.gob.mx\/index.php\/wp-json\/wp\/v2\/users\/3"}],"replies":[{"embeddable":true,"href":"https:\/\/codeq.qroo.gob.mx\/index.php\/wp-json\/wp\/v2\/comments?post=37968"}],"version-history":[{"count":1,"href":"https:\/\/codeq.qroo.gob.mx\/index.php\/wp-json\/wp\/v2\/posts\/37968\/revisions"}],"predecessor-version":[{"id":37974,"href":"https:\/\/codeq.qroo.gob.mx\/index.php\/wp-json\/wp\/v2\/posts\/37968\/revisions\/37974"}],"wp:featuredmedia":[{"embeddable":true,"href":"https:\/\/codeq.qroo.gob.mx\/index.php\/wp-json\/wp\/v2\/media\/37972"}],"wp:attachment":[{"href":"https:\/\/codeq.qroo.gob.mx\/index.php\/wp-json\/wp\/v2\/media?parent=37968"}],"wp:term":[{"taxonomy":"category","embeddable":true,"href":"https:\/\/codeq.qroo.gob.mx\/index.php\/wp-json\/wp\/v2\/categories?post=37968"},{"taxonomy":"post_tag","embeddable":true,"href":"https:\/\/codeq.qroo.gob.mx\/index.php\/wp-json\/wp\/v2\/tags?post=37968"}],"curies":[{"name":"wp","href":"https:\/\/api.w.org\/{rel}","templated":true}]}}