{"id":37839,"date":"2025-10-02T15:21:23","date_gmt":"2025-10-02T20:21:23","guid":{"rendered":"https:\/\/codeq.qroo.gob.mx\/?p=37839"},"modified":"2025-10-02T15:21:24","modified_gmt":"2025-10-02T20:21:24","slug":"culminan-con-mucho-aprendizaje-luchadores-quintanarroenses-tras-cumplir-una-concentracion-de-cuatro-meses-codeq","status":"publish","type":"post","link":"https:\/\/codeq.qroo.gob.mx\/index.php\/2025\/10\/02\/culminan-con-mucho-aprendizaje-luchadores-quintanarroenses-tras-cumplir-una-concentracion-de-cuatro-meses-codeq\/","title":{"rendered":"Culminan con mucho aprendizaje luchadores quintanarroenses, tras cumplir una concentraci\u00f3n de cuatro meses: CODEQ"},"content":{"rendered":"\n<p><\/p>\n\n\n\n<ul class=\"wp-block-list\">\n<li>Los atletas Jaziel Balam y Abraham \u00c1vila regresaron a Chetumal, donde recibieron una calurosa bienvenida de parte de sus compa\u00f1eras y compa\u00f1eros deportistas<\/li>\n<\/ul>\n\n\n\n<p>Luego de cumplir con una concentraci\u00f3n de poco m\u00e1s de cuatro meses con la Selecci\u00f3n Mexicana Mayor de Luchas Asociadas, donde adquirieron una gran experiencia, los deportistas Jaziel Balam Canul y Abraham \u201cOso\u201d \u00c1vila regresaron a la ciudad de Chetumal y fueron recibidos con una gran y calurosa bienvenida, de parte de sus compa\u00f1eras y compa\u00f1eros deportistas.<\/p>\n\n\n\n<p>Cabe recordar que estos dos atletas quintanarroenses realizaron una intensa y exhaustiva concentraci\u00f3n en el Comit\u00e9 Ol\u00edmpico Mexicano (COM) y en el Centro Nacional de Desarrollo de Talentos Deportivos y Alto Rendimiento (CNAR) de la Ciudad de M\u00e9xico, donde adem\u00e1s de reforzar sus conocimientos, tuvieron actividad con la Selecci\u00f3n Mexicana de la especialidad.<\/p>\n\n\n\n<p>Tal como se estipula en el Nuevo Acuerdo por el Bienestar y Desarrollo, que impulsa la gobernadora Mara Lezama Espinosa, desde la Comisi\u00f3n del Deporte de Quintana Roo (CODEQ) presidida por Jacobo Arzate Hop, se respalda a las y los atletas de la entidad para que puedan cumplir con sus objetivos y adem\u00e1s puedan seguir creciendo en su carrera deportiva.<\/p>\n\n\n\n<p>Fue una c\u00e1lida bienvenida la que tuvieron estos dos atletas quintanarroenses y es que sus compa\u00f1eras y compa\u00f1eros del CEDAR y de su disciplina se juntaron para hacer muestra de su cari\u00f1o.<\/p>\n\n\n\n<p>Tanto Jaziel como Abraham, adem\u00e1s de estar concentrados, tambi\u00e9n viajaron a Lima, Per\u00fa, donde compitieron en los Juegos Panamericanos de la especialidad; ah\u00ed Jaziel logr\u00f3 una plata y Abraham un cuarto lugar, positivos resultados para M\u00e9xico y para Quintana Roo.<\/p>\n\n\n\n<p>Son atletas muy estimados por sus compa\u00f1eros y adem\u00e1s han representado a Quintana Roo como medallistas en las pasadas justas de Olimpiada Nacional, y tambi\u00e9n en Selecci\u00f3n Nacional Sub-20.<\/p>\n\n\n\n<p>La recepci\u00f3n fue por parte de sus compa\u00f1eros del CEDAR, as\u00ed como de entrenadores y sus padres, quienes con gritos de apoyo y muchos aplausos hicieron un momento muy agradable; tanto Jaziel como Abraham destacaron sentirse muy contentos por esta gran experiencia y agradecieron el apoyo adem\u00e1s de sus familiares, y se mostraron muy agradecidos con la CODEQ y su presidente Jacobo Arzate.<\/p>\n\n\n\n<p>Para Jaziel y Abraham, se mantendr\u00e1n entrenando con mucha intensidad a doble sesi\u00f3n con el resto del equipo quintanarroense y est\u00e1n a la espera de ser llamados nuevamente a una convocatoria con la Selecci\u00f3n Mexicana Sub-20, para competir en los pr\u00f3ximos Juegos Centroamericanos y del Caribe<\/p>\n\n\n\n<figure class=\"wp-block-gallery has-nested-images columns-default is-cropped wp-block-gallery-1 is-layout-flex wp-block-gallery-is-layout-flex\">\n<figure class=\"wp-block-image size-large\"><img fetchpriority=\"high\" decoding=\"async\" width=\"768\" height=\"1024\" data-id=\"37840\" src=\"https:\/\/codeq.qroo.gob.mx\/wp-content\/uploads\/2025\/10\/WhatsApp-Image-2025-10-02-at-3.19.26-PM3-768x1024.jpeg\" alt=\"\" class=\"wp-image-37840\" srcset=\"https:\/\/codeq.qroo.gob.mx\/wp-content\/uploads\/2025\/10\/WhatsApp-Image-2025-10-02-at-3.19.26-PM3-768x1024.jpeg 768w, https:\/\/codeq.qroo.gob.mx\/wp-content\/uploads\/2025\/10\/WhatsApp-Image-2025-10-02-at-3.19.26-PM3-225x300.jpeg 225w, https:\/\/codeq.qroo.gob.mx\/wp-content\/uploads\/2025\/10\/WhatsApp-Image-2025-10-02-at-3.19.26-PM3.jpeg 960w\" sizes=\"(max-width: 768px) 100vw, 768px\" \/><\/figure>\n\n\n\n<figure class=\"wp-block-image size-large\"><img decoding=\"async\" width=\"768\" height=\"1024\" data-id=\"37841\" src=\"https:\/\/codeq.qroo.gob.mx\/wp-content\/uploads\/2025\/10\/WhatsApp-Image-2025-10-02-at-3.19.26-PM2-768x1024.jpeg\" alt=\"\" class=\"wp-image-37841\" srcset=\"https:\/\/codeq.qroo.gob.mx\/wp-content\/uploads\/2025\/10\/WhatsApp-Image-2025-10-02-at-3.19.26-PM2-768x1024.jpeg 768w, https:\/\/codeq.qroo.gob.mx\/wp-content\/uploads\/2025\/10\/WhatsApp-Image-2025-10-02-at-3.19.26-PM2-225x300.jpeg 225w, https:\/\/codeq.qroo.gob.mx\/wp-content\/uploads\/2025\/10\/WhatsApp-Image-2025-10-02-at-3.19.26-PM2.jpeg 960w\" sizes=\"(max-width: 768px) 100vw, 768px\" \/><\/figure>\n\n\n\n<figure class=\"wp-block-image size-large\"><img decoding=\"async\" width=\"1024\" height=\"768\" data-id=\"37842\" src=\"https:\/\/codeq.qroo.gob.mx\/wp-content\/uploads\/2025\/10\/WhatsApp-Image-2025-10-02-at-3.19.26-PM1-1024x768.jpeg\" alt=\"\" class=\"wp-image-37842\" srcset=\"https:\/\/codeq.qroo.gob.mx\/wp-content\/uploads\/2025\/10\/WhatsApp-Image-2025-10-02-at-3.19.26-PM1-1024x768.jpeg 1024w, https:\/\/codeq.qroo.gob.mx\/wp-content\/uploads\/2025\/10\/WhatsApp-Image-2025-10-02-at-3.19.26-PM1-300x225.jpeg 300w, https:\/\/codeq.qroo.gob.mx\/wp-content\/uploads\/2025\/10\/WhatsApp-Image-2025-10-02-at-3.19.26-PM1-768x576.jpeg 768w, https:\/\/codeq.qroo.gob.mx\/wp-content\/uploads\/2025\/10\/WhatsApp-Image-2025-10-02-at-3.19.26-PM1.jpeg 1280w\" sizes=\"(max-width: 1024px) 100vw, 1024px\" \/><\/figure>\n\n\n\n<figure class=\"wp-block-image size-large\"><img loading=\"lazy\" decoding=\"async\" width=\"768\" height=\"1024\" data-id=\"37844\" src=\"https:\/\/codeq.qroo.gob.mx\/wp-content\/uploads\/2025\/10\/WhatsApp-Image-2025-10-02-at-3.19.26-PM-768x1024.jpeg\" alt=\"\" class=\"wp-image-37844\" srcset=\"https:\/\/codeq.qroo.gob.mx\/wp-content\/uploads\/2025\/10\/WhatsApp-Image-2025-10-02-at-3.19.26-PM-768x1024.jpeg 768w, https:\/\/codeq.qroo.gob.mx\/wp-content\/uploads\/2025\/10\/WhatsApp-Image-2025-10-02-at-3.19.26-PM-225x300.jpeg 225w, https:\/\/codeq.qroo.gob.mx\/wp-content\/uploads\/2025\/10\/WhatsApp-Image-2025-10-02-at-3.19.26-PM.jpeg 960w\" sizes=\"(max-width: 768px) 100vw, 768px\" \/><\/figure>\n\n\n\n<figure class=\"wp-block-image size-large\"><img loading=\"lazy\" decoding=\"async\" width=\"768\" height=\"1024\" data-id=\"37843\" src=\"https:\/\/codeq.qroo.gob.mx\/wp-content\/uploads\/2025\/10\/WhatsApp-Image-2025-10-02-at-3.19.25-PM1-768x1024.jpeg\" alt=\"\" class=\"wp-image-37843\" srcset=\"https:\/\/codeq.qroo.gob.mx\/wp-content\/uploads\/2025\/10\/WhatsApp-Image-2025-10-02-at-3.19.25-PM1-768x1024.jpeg 768w, https:\/\/codeq.qroo.gob.mx\/wp-content\/uploads\/2025\/10\/WhatsApp-Image-2025-10-02-at-3.19.25-PM1-225x300.jpeg 225w, https:\/\/codeq.qroo.gob.mx\/wp-content\/uploads\/2025\/10\/WhatsApp-Image-2025-10-02-at-3.19.25-PM1.jpeg 960w\" sizes=\"(max-width: 768px) 100vw, 768px\" \/><\/figure>\n\n\n\n<figure class=\"wp-block-image size-large\"><img loading=\"lazy\" decoding=\"async\" width=\"1024\" height=\"768\" data-id=\"37845\" src=\"https:\/\/codeq.qroo.gob.mx\/wp-content\/uploads\/2025\/10\/WhatsApp-Image-2025-10-02-at-3.19.25-PM-1024x768.jpeg\" alt=\"\" class=\"wp-image-37845\" srcset=\"https:\/\/codeq.qroo.gob.mx\/wp-content\/uploads\/2025\/10\/WhatsApp-Image-2025-10-02-at-3.19.25-PM-1024x768.jpeg 1024w, https:\/\/codeq.qroo.gob.mx\/wp-content\/uploads\/2025\/10\/WhatsApp-Image-2025-10-02-at-3.19.25-PM-300x225.jpeg 300w, https:\/\/codeq.qroo.gob.mx\/wp-content\/uploads\/2025\/10\/WhatsApp-Image-2025-10-02-at-3.19.25-PM-768x576.jpeg 768w, https:\/\/codeq.qroo.gob.mx\/wp-content\/uploads\/2025\/10\/WhatsApp-Image-2025-10-02-at-3.19.25-PM.jpeg 1280w\" sizes=\"(max-width: 1024px) 100vw, 1024px\" \/><\/figure>\n<\/figure>\n","protected":false},"excerpt":{"rendered":"<p>Luego de cumplir con una concentraci\u00f3n de poco m\u00e1s de cuatro meses con la Selecci\u00f3n Mexicana Mayor de Luchas Asociadas, donde adquirieron una gran experiencia, los deportistas Jaziel Balam Canul y Abraham \u201cOso\u201d \u00c1vila regresaron a la ciudad de Chetumal y fueron recibidos con una gran y calurosa bienvenida, de parte de sus compa\u00f1eras y &#8230; <a title=\"Culminan con mucho aprendizaje luchadores quintanarroenses, tras cumplir una concentraci\u00f3n de cuatro meses: CODEQ\" class=\"read-more\" href=\"https:\/\/codeq.qroo.gob.mx\/index.php\/2025\/10\/02\/culminan-con-mucho-aprendizaje-luchadores-quintanarroenses-tras-cumplir-una-concentracion-de-cuatro-meses-codeq\/\" aria-label=\"Leer m\u00e1s sobre Culminan con mucho aprendizaje luchadores quintanarroenses, tras cumplir una concentraci\u00f3n de cuatro meses: CODEQ\">Leer m\u00e1s<\/a><\/p>\n","protected":false},"author":3,"featured_media":37845,"comment_status":"open","ping_status":"open","sticky":false,"template":"","format":"standard","meta":{"footnotes":""},"categories":[5],"tags":[],"class_list":["post-37839","post","type-post","status-publish","format-standard","has-post-thumbnail","hentry","category-noticias"],"yoast_head":"<!-- This site is optimized with the Yoast SEO plugin v25.5 - https:\/\/yoast.com\/wordpress\/plugins\/seo\/ -->\n<title>Culminan con mucho aprendizaje luchadores quintanarroenses, tras cumplir una concentraci\u00f3n de cuatro meses: CODEQ - Comisi\u00f3n del Deporte de Quintana Roo<\/title>\n<meta name=\"robots\" content=\"index, follow, max-snippet:-1, max-image-preview:large, max-video-preview:-1\" \/>\n<link rel=\"canonical\" href=\"https:\/\/codeq.qroo.gob.mx\/index.php\/2025\/10\/02\/culminan-con-mucho-aprendizaje-luchadores-quintanarroenses-tras-cumplir-una-concentracion-de-cuatro-meses-codeq\/\" \/>\n<meta property=\"og:locale\" content=\"es_MX\" \/>\n<meta property=\"og:type\" content=\"article\" \/>\n<meta property=\"og:title\" content=\"Culminan con mucho aprendizaje luchadores quintanarroenses, tras cumplir una concentraci\u00f3n de cuatro meses: CODEQ - Comisi\u00f3n del Deporte de Quintana Roo\" \/>\n<meta property=\"og:description\" content=\"Luego de cumplir con una concentraci\u00f3n de poco m\u00e1s de cuatro meses con la Selecci\u00f3n Mexicana Mayor de Luchas Asociadas, donde adquirieron una gran experiencia, los deportistas Jaziel Balam Canul y Abraham \u201cOso\u201d \u00c1vila regresaron a la ciudad de Chetumal y fueron recibidos con una gran y calurosa bienvenida, de parte de sus compa\u00f1eras y ... Leer m\u00e1s\" \/>\n<meta property=\"og:url\" content=\"https:\/\/codeq.qroo.gob.mx\/index.php\/2025\/10\/02\/culminan-con-mucho-aprendizaje-luchadores-quintanarroenses-tras-cumplir-una-concentracion-de-cuatro-meses-codeq\/\" \/>\n<meta property=\"og:site_name\" content=\"Comisi\u00f3n del Deporte de Quintana Roo\" \/>\n<meta property=\"article:published_time\" content=\"2025-10-02T20:21:23+00:00\" \/>\n<meta property=\"article:modified_time\" content=\"2025-10-02T20:21:24+00:00\" \/>\n<meta property=\"og:image\" content=\"https:\/\/codeq.qroo.gob.mx\/wp-content\/uploads\/2025\/10\/WhatsApp-Image-2025-10-02-at-3.19.25-PM.jpeg\" \/>\n\t<meta property=\"og:image:width\" content=\"1280\" \/>\n\t<meta property=\"og:image:height\" content=\"960\" \/>\n\t<meta property=\"og:image:type\" content=\"image\/jpeg\" \/>\n<meta name=\"author\" content=\"Jorge Antonio Carvajal Maldonado\" \/>\n<meta name=\"twitter:card\" content=\"summary_large_image\" \/>\n<meta name=\"twitter:label1\" content=\"Escrito por\" \/>\n\t<meta name=\"twitter:data1\" content=\"Jorge Antonio Carvajal Maldonado\" \/>\n\t<meta name=\"twitter:label2\" content=\"Tiempo de lectura\" \/>\n\t<meta name=\"twitter:data2\" content=\"4 minutos\" \/>\n<script type=\"application\/ld+json\" class=\"yoast-schema-graph\">{\"@context\":\"https:\/\/schema.org\",\"@graph\":[{\"@type\":\"Article\",\"@id\":\"https:\/\/codeq.qroo.gob.mx\/index.php\/2025\/10\/02\/culminan-con-mucho-aprendizaje-luchadores-quintanarroenses-tras-cumplir-una-concentracion-de-cuatro-meses-codeq\/#article\",\"isPartOf\":{\"@id\":\"https:\/\/codeq.qroo.gob.mx\/index.php\/2025\/10\/02\/culminan-con-mucho-aprendizaje-luchadores-quintanarroenses-tras-cumplir-una-concentracion-de-cuatro-meses-codeq\/\"},\"author\":{\"name\":\"Jorge Antonio Carvajal Maldonado\",\"@id\":\"https:\/\/codeq.qroo.gob.mx\/#\/schema\/person\/08f280f71ae6986a008ff55cb6d46160\"},\"headline\":\"Culminan con mucho aprendizaje luchadores quintanarroenses, tras cumplir una concentraci\u00f3n de cuatro meses: CODEQ\",\"datePublished\":\"2025-10-02T20:21:23+00:00\",\"dateModified\":\"2025-10-02T20:21:24+00:00\",\"mainEntityOfPage\":{\"@id\":\"https:\/\/codeq.qroo.gob.mx\/index.php\/2025\/10\/02\/culminan-con-mucho-aprendizaje-luchadores-quintanarroenses-tras-cumplir-una-concentracion-de-cuatro-meses-codeq\/\"},\"wordCount\":451,\"commentCount\":0,\"publisher\":{\"@id\":\"https:\/\/codeq.qroo.gob.mx\/#organization\"},\"image\":{\"@id\":\"https:\/\/codeq.qroo.gob.mx\/index.php\/2025\/10\/02\/culminan-con-mucho-aprendizaje-luchadores-quintanarroenses-tras-cumplir-una-concentracion-de-cuatro-meses-codeq\/#primaryimage\"},\"thumbnailUrl\":\"https:\/\/codeq.qroo.gob.mx\/wp-content\/uploads\/2025\/10\/WhatsApp-Image-2025-10-02-at-3.19.25-PM.jpeg\",\"articleSection\":[\"Noticias\"],\"inLanguage\":\"es\",\"potentialAction\":[{\"@type\":\"CommentAction\",\"name\":\"Comment\",\"target\":[\"https:\/\/codeq.qroo.gob.mx\/index.php\/2025\/10\/02\/culminan-con-mucho-aprendizaje-luchadores-quintanarroenses-tras-cumplir-una-concentracion-de-cuatro-meses-codeq\/#respond\"]}]},{\"@type\":\"WebPage\",\"@id\":\"https:\/\/codeq.qroo.gob.mx\/index.php\/2025\/10\/02\/culminan-con-mucho-aprendizaje-luchadores-quintanarroenses-tras-cumplir-una-concentracion-de-cuatro-meses-codeq\/\",\"url\":\"https:\/\/codeq.qroo.gob.mx\/index.php\/2025\/10\/02\/culminan-con-mucho-aprendizaje-luchadores-quintanarroenses-tras-cumplir-una-concentracion-de-cuatro-meses-codeq\/\",\"name\":\"Culminan con mucho aprendizaje luchadores quintanarroenses, tras cumplir una concentraci\u00f3n de cuatro meses: CODEQ - Comisi\u00f3n del Deporte de Quintana Roo\",\"isPartOf\":{\"@id\":\"https:\/\/codeq.qroo.gob.mx\/#website\"},\"primaryImageOfPage\":{\"@id\":\"https:\/\/codeq.qroo.gob.mx\/index.php\/2025\/10\/02\/culminan-con-mucho-aprendizaje-luchadores-quintanarroenses-tras-cumplir-una-concentracion-de-cuatro-meses-codeq\/#primaryimage\"},\"image\":{\"@id\":\"https:\/\/codeq.qroo.gob.mx\/index.php\/2025\/10\/02\/culminan-con-mucho-aprendizaje-luchadores-quintanarroenses-tras-cumplir-una-concentracion-de-cuatro-meses-codeq\/#primaryimage\"},\"thumbnailUrl\":\"https:\/\/codeq.qroo.gob.mx\/wp-content\/uploads\/2025\/10\/WhatsApp-Image-2025-10-02-at-3.19.25-PM.jpeg\",\"datePublished\":\"2025-10-02T20:21:23+00:00\",\"dateModified\":\"2025-10-02T20:21:24+00:00\",\"breadcrumb\":{\"@id\":\"https:\/\/codeq.qroo.gob.mx\/index.php\/2025\/10\/02\/culminan-con-mucho-aprendizaje-luchadores-quintanarroenses-tras-cumplir-una-concentracion-de-cuatro-meses-codeq\/#breadcrumb\"},\"inLanguage\":\"es\",\"potentialAction\":[{\"@type\":\"ReadAction\",\"target\":[\"https:\/\/codeq.qroo.gob.mx\/index.php\/2025\/10\/02\/culminan-con-mucho-aprendizaje-luchadores-quintanarroenses-tras-cumplir-una-concentracion-de-cuatro-meses-codeq\/\"]}]},{\"@type\":\"ImageObject\",\"inLanguage\":\"es\",\"@id\":\"https:\/\/codeq.qroo.gob.mx\/index.php\/2025\/10\/02\/culminan-con-mucho-aprendizaje-luchadores-quintanarroenses-tras-cumplir-una-concentracion-de-cuatro-meses-codeq\/#primaryimage\",\"url\":\"https:\/\/codeq.qroo.gob.mx\/wp-content\/uploads\/2025\/10\/WhatsApp-Image-2025-10-02-at-3.19.25-PM.jpeg\",\"contentUrl\":\"https:\/\/codeq.qroo.gob.mx\/wp-content\/uploads\/2025\/10\/WhatsApp-Image-2025-10-02-at-3.19.25-PM.jpeg\",\"width\":1280,\"height\":960},{\"@type\":\"BreadcrumbList\",\"@id\":\"https:\/\/codeq.qroo.gob.mx\/index.php\/2025\/10\/02\/culminan-con-mucho-aprendizaje-luchadores-quintanarroenses-tras-cumplir-una-concentracion-de-cuatro-meses-codeq\/#breadcrumb\",\"itemListElement\":[{\"@type\":\"ListItem\",\"position\":1,\"name\":\"Inicio\",\"item\":\"https:\/\/codeq.qroo.gob.mx\/\"},{\"@type\":\"ListItem\",\"position\":2,\"name\":\"Culminan con mucho aprendizaje luchadores quintanarroenses, tras cumplir una concentraci\u00f3n de cuatro meses: CODEQ\"}]},{\"@type\":\"WebSite\",\"@id\":\"https:\/\/codeq.qroo.gob.mx\/#website\",\"url\":\"https:\/\/codeq.qroo.gob.mx\/\",\"name\":\"Comisi\u00f3n del Deporte de Quintana Roo\",\"description\":\"CODEQ\",\"publisher\":{\"@id\":\"https:\/\/codeq.qroo.gob.mx\/#organization\"},\"potentialAction\":[{\"@type\":\"SearchAction\",\"target\":{\"@type\":\"EntryPoint\",\"urlTemplate\":\"https:\/\/codeq.qroo.gob.mx\/?s={search_term_string}\"},\"query-input\":{\"@type\":\"PropertyValueSpecification\",\"valueRequired\":true,\"valueName\":\"search_term_string\"}}],\"inLanguage\":\"es\"},{\"@type\":\"Organization\",\"@id\":\"https:\/\/codeq.qroo.gob.mx\/#organization\",\"name\":\"Comisi\u00f3n del Deporte de Quintana Roo\",\"url\":\"https:\/\/codeq.qroo.gob.mx\/\",\"logo\":{\"@type\":\"ImageObject\",\"inLanguage\":\"es\",\"@id\":\"https:\/\/codeq.qroo.gob.mx\/#\/schema\/logo\/image\/\",\"url\":\"https:\/\/codeq.qroo.gob.mx\/wp-content\/uploads\/2024\/07\/CODEQ.png\",\"contentUrl\":\"https:\/\/codeq.qroo.gob.mx\/wp-content\/uploads\/2024\/07\/CODEQ.png\",\"width\":3000,\"height\":1688,\"caption\":\"Comisi\u00f3n del Deporte de Quintana Roo\"},\"image\":{\"@id\":\"https:\/\/codeq.qroo.gob.mx\/#\/schema\/logo\/image\/\"}},{\"@type\":\"Person\",\"@id\":\"https:\/\/codeq.qroo.gob.mx\/#\/schema\/person\/08f280f71ae6986a008ff55cb6d46160\",\"name\":\"Jorge Antonio Carvajal Maldonado\",\"image\":{\"@type\":\"ImageObject\",\"inLanguage\":\"es\",\"@id\":\"https:\/\/codeq.qroo.gob.mx\/#\/schema\/person\/image\/\",\"url\":\"https:\/\/secure.gravatar.com\/avatar\/e61cdf534226ddcecdaed9988ec080e5df82259aa9a3e3f50abf5a5f2b95122f?s=96&d=mm&r=g\",\"contentUrl\":\"https:\/\/secure.gravatar.com\/avatar\/e61cdf534226ddcecdaed9988ec080e5df82259aa9a3e3f50abf5a5f2b95122f?s=96&d=mm&r=g\",\"caption\":\"Jorge Antonio Carvajal Maldonado\"},\"url\":\"https:\/\/codeq.qroo.gob.mx\/index.php\/author\/antonio\/\"}]}<\/script>\n<!-- \/ Yoast SEO plugin. -->","yoast_head_json":{"title":"Culminan con mucho aprendizaje luchadores quintanarroenses, tras cumplir una concentraci\u00f3n de cuatro meses: CODEQ - Comisi\u00f3n del Deporte de Quintana Roo","robots":{"index":"index","follow":"follow","max-snippet":"max-snippet:-1","max-image-preview":"max-image-preview:large","max-video-preview":"max-video-preview:-1"},"canonical":"https:\/\/codeq.qroo.gob.mx\/index.php\/2025\/10\/02\/culminan-con-mucho-aprendizaje-luchadores-quintanarroenses-tras-cumplir-una-concentracion-de-cuatro-meses-codeq\/","og_locale":"es_MX","og_type":"article","og_title":"Culminan con mucho aprendizaje luchadores quintanarroenses, tras cumplir una concentraci\u00f3n de cuatro meses: CODEQ - Comisi\u00f3n del Deporte de Quintana Roo","og_description":"Luego de cumplir con una concentraci\u00f3n de poco m\u00e1s de cuatro meses con la Selecci\u00f3n Mexicana Mayor de Luchas Asociadas, donde adquirieron una gran experiencia, los deportistas Jaziel Balam Canul y Abraham \u201cOso\u201d \u00c1vila regresaron a la ciudad de Chetumal y fueron recibidos con una gran y calurosa bienvenida, de parte de sus compa\u00f1eras y ... Leer m\u00e1s","og_url":"https:\/\/codeq.qroo.gob.mx\/index.php\/2025\/10\/02\/culminan-con-mucho-aprendizaje-luchadores-quintanarroenses-tras-cumplir-una-concentracion-de-cuatro-meses-codeq\/","og_site_name":"Comisi\u00f3n del Deporte de Quintana Roo","article_published_time":"2025-10-02T20:21:23+00:00","article_modified_time":"2025-10-02T20:21:24+00:00","og_image":[{"width":1280,"height":960,"url":"https:\/\/codeq.qroo.gob.mx\/wp-content\/uploads\/2025\/10\/WhatsApp-Image-2025-10-02-at-3.19.25-PM.jpeg","type":"image\/jpeg"}],"author":"Jorge Antonio Carvajal Maldonado","twitter_card":"summary_large_image","twitter_misc":{"Escrito por":"Jorge Antonio Carvajal Maldonado","Tiempo de lectura":"4 minutos"},"schema":{"@context":"https:\/\/schema.org","@graph":[{"@type":"Article","@id":"https:\/\/codeq.qroo.gob.mx\/index.php\/2025\/10\/02\/culminan-con-mucho-aprendizaje-luchadores-quintanarroenses-tras-cumplir-una-concentracion-de-cuatro-meses-codeq\/#article","isPartOf":{"@id":"https:\/\/codeq.qroo.gob.mx\/index.php\/2025\/10\/02\/culminan-con-mucho-aprendizaje-luchadores-quintanarroenses-tras-cumplir-una-concentracion-de-cuatro-meses-codeq\/"},"author":{"name":"Jorge Antonio Carvajal Maldonado","@id":"https:\/\/codeq.qroo.gob.mx\/#\/schema\/person\/08f280f71ae6986a008ff55cb6d46160"},"headline":"Culminan con mucho aprendizaje luchadores quintanarroenses, tras cumplir una concentraci\u00f3n de cuatro meses: CODEQ","datePublished":"2025-10-02T20:21:23+00:00","dateModified":"2025-10-02T20:21:24+00:00","mainEntityOfPage":{"@id":"https:\/\/codeq.qroo.gob.mx\/index.php\/2025\/10\/02\/culminan-con-mucho-aprendizaje-luchadores-quintanarroenses-tras-cumplir-una-concentracion-de-cuatro-meses-codeq\/"},"wordCount":451,"commentCount":0,"publisher":{"@id":"https:\/\/codeq.qroo.gob.mx\/#organization"},"image":{"@id":"https:\/\/codeq.qroo.gob.mx\/index.php\/2025\/10\/02\/culminan-con-mucho-aprendizaje-luchadores-quintanarroenses-tras-cumplir-una-concentracion-de-cuatro-meses-codeq\/#primaryimage"},"thumbnailUrl":"https:\/\/codeq.qroo.gob.mx\/wp-content\/uploads\/2025\/10\/WhatsApp-Image-2025-10-02-at-3.19.25-PM.jpeg","articleSection":["Noticias"],"inLanguage":"es","potentialAction":[{"@type":"CommentAction","name":"Comment","target":["https:\/\/codeq.qroo.gob.mx\/index.php\/2025\/10\/02\/culminan-con-mucho-aprendizaje-luchadores-quintanarroenses-tras-cumplir-una-concentracion-de-cuatro-meses-codeq\/#respond"]}]},{"@type":"WebPage","@id":"https:\/\/codeq.qroo.gob.mx\/index.php\/2025\/10\/02\/culminan-con-mucho-aprendizaje-luchadores-quintanarroenses-tras-cumplir-una-concentracion-de-cuatro-meses-codeq\/","url":"https:\/\/codeq.qroo.gob.mx\/index.php\/2025\/10\/02\/culminan-con-mucho-aprendizaje-luchadores-quintanarroenses-tras-cumplir-una-concentracion-de-cuatro-meses-codeq\/","name":"Culminan con mucho aprendizaje luchadores quintanarroenses, tras cumplir una concentraci\u00f3n de cuatro meses: CODEQ - Comisi\u00f3n del Deporte de Quintana Roo","isPartOf":{"@id":"https:\/\/codeq.qroo.gob.mx\/#website"},"primaryImageOfPage":{"@id":"https:\/\/codeq.qroo.gob.mx\/index.php\/2025\/10\/02\/culminan-con-mucho-aprendizaje-luchadores-quintanarroenses-tras-cumplir-una-concentracion-de-cuatro-meses-codeq\/#primaryimage"},"image":{"@id":"https:\/\/codeq.qroo.gob.mx\/index.php\/2025\/10\/02\/culminan-con-mucho-aprendizaje-luchadores-quintanarroenses-tras-cumplir-una-concentracion-de-cuatro-meses-codeq\/#primaryimage"},"thumbnailUrl":"https:\/\/codeq.qroo.gob.mx\/wp-content\/uploads\/2025\/10\/WhatsApp-Image-2025-10-02-at-3.19.25-PM.jpeg","datePublished":"2025-10-02T20:21:23+00:00","dateModified":"2025-10-02T20:21:24+00:00","breadcrumb":{"@id":"https:\/\/codeq.qroo.gob.mx\/index.php\/2025\/10\/02\/culminan-con-mucho-aprendizaje-luchadores-quintanarroenses-tras-cumplir-una-concentracion-de-cuatro-meses-codeq\/#breadcrumb"},"inLanguage":"es","potentialAction":[{"@type":"ReadAction","target":["https:\/\/codeq.qroo.gob.mx\/index.php\/2025\/10\/02\/culminan-con-mucho-aprendizaje-luchadores-quintanarroenses-tras-cumplir-una-concentracion-de-cuatro-meses-codeq\/"]}]},{"@type":"ImageObject","inLanguage":"es","@id":"https:\/\/codeq.qroo.gob.mx\/index.php\/2025\/10\/02\/culminan-con-mucho-aprendizaje-luchadores-quintanarroenses-tras-cumplir-una-concentracion-de-cuatro-meses-codeq\/#primaryimage","url":"https:\/\/codeq.qroo.gob.mx\/wp-content\/uploads\/2025\/10\/WhatsApp-Image-2025-10-02-at-3.19.25-PM.jpeg","contentUrl":"https:\/\/codeq.qroo.gob.mx\/wp-content\/uploads\/2025\/10\/WhatsApp-Image-2025-10-02-at-3.19.25-PM.jpeg","width":1280,"height":960},{"@type":"BreadcrumbList","@id":"https:\/\/codeq.qroo.gob.mx\/index.php\/2025\/10\/02\/culminan-con-mucho-aprendizaje-luchadores-quintanarroenses-tras-cumplir-una-concentracion-de-cuatro-meses-codeq\/#breadcrumb","itemListElement":[{"@type":"ListItem","position":1,"name":"Inicio","item":"https:\/\/codeq.qroo.gob.mx\/"},{"@type":"ListItem","position":2,"name":"Culminan con mucho aprendizaje luchadores quintanarroenses, tras cumplir una concentraci\u00f3n de cuatro meses: CODEQ"}]},{"@type":"WebSite","@id":"https:\/\/codeq.qroo.gob.mx\/#website","url":"https:\/\/codeq.qroo.gob.mx\/","name":"Comisi\u00f3n del Deporte de Quintana Roo","description":"CODEQ","publisher":{"@id":"https:\/\/codeq.qroo.gob.mx\/#organization"},"potentialAction":[{"@type":"SearchAction","target":{"@type":"EntryPoint","urlTemplate":"https:\/\/codeq.qroo.gob.mx\/?s={search_term_string}"},"query-input":{"@type":"PropertyValueSpecification","valueRequired":true,"valueName":"search_term_string"}}],"inLanguage":"es"},{"@type":"Organization","@id":"https:\/\/codeq.qroo.gob.mx\/#organization","name":"Comisi\u00f3n del Deporte de Quintana Roo","url":"https:\/\/codeq.qroo.gob.mx\/","logo":{"@type":"ImageObject","inLanguage":"es","@id":"https:\/\/codeq.qroo.gob.mx\/#\/schema\/logo\/image\/","url":"https:\/\/codeq.qroo.gob.mx\/wp-content\/uploads\/2024\/07\/CODEQ.png","contentUrl":"https:\/\/codeq.qroo.gob.mx\/wp-content\/uploads\/2024\/07\/CODEQ.png","width":3000,"height":1688,"caption":"Comisi\u00f3n del Deporte de Quintana Roo"},"image":{"@id":"https:\/\/codeq.qroo.gob.mx\/#\/schema\/logo\/image\/"}},{"@type":"Person","@id":"https:\/\/codeq.qroo.gob.mx\/#\/schema\/person\/08f280f71ae6986a008ff55cb6d46160","name":"Jorge Antonio Carvajal Maldonado","image":{"@type":"ImageObject","inLanguage":"es","@id":"https:\/\/codeq.qroo.gob.mx\/#\/schema\/person\/image\/","url":"https:\/\/secure.gravatar.com\/avatar\/e61cdf534226ddcecdaed9988ec080e5df82259aa9a3e3f50abf5a5f2b95122f?s=96&d=mm&r=g","contentUrl":"https:\/\/secure.gravatar.com\/avatar\/e61cdf534226ddcecdaed9988ec080e5df82259aa9a3e3f50abf5a5f2b95122f?s=96&d=mm&r=g","caption":"Jorge Antonio Carvajal Maldonado"},"url":"https:\/\/codeq.qroo.gob.mx\/index.php\/author\/antonio\/"}]}},"_links":{"self":[{"href":"https:\/\/codeq.qroo.gob.mx\/index.php\/wp-json\/wp\/v2\/posts\/37839","targetHints":{"allow":["GET"]}}],"collection":[{"href":"https:\/\/codeq.qroo.gob.mx\/index.php\/wp-json\/wp\/v2\/posts"}],"about":[{"href":"https:\/\/codeq.qroo.gob.mx\/index.php\/wp-json\/wp\/v2\/types\/post"}],"author":[{"embeddable":true,"href":"https:\/\/codeq.qroo.gob.mx\/index.php\/wp-json\/wp\/v2\/users\/3"}],"replies":[{"embeddable":true,"href":"https:\/\/codeq.qroo.gob.mx\/index.php\/wp-json\/wp\/v2\/comments?post=37839"}],"version-history":[{"count":1,"href":"https:\/\/codeq.qroo.gob.mx\/index.php\/wp-json\/wp\/v2\/posts\/37839\/revisions"}],"predecessor-version":[{"id":37846,"href":"https:\/\/codeq.qroo.gob.mx\/index.php\/wp-json\/wp\/v2\/posts\/37839\/revisions\/37846"}],"wp:featuredmedia":[{"embeddable":true,"href":"https:\/\/codeq.qroo.gob.mx\/index.php\/wp-json\/wp\/v2\/media\/37845"}],"wp:attachment":[{"href":"https:\/\/codeq.qroo.gob.mx\/index.php\/wp-json\/wp\/v2\/media?parent=37839"}],"wp:term":[{"taxonomy":"category","embeddable":true,"href":"https:\/\/codeq.qroo.gob.mx\/index.php\/wp-json\/wp\/v2\/categories?post=37839"},{"taxonomy":"post_tag","embeddable":true,"href":"https:\/\/codeq.qroo.gob.mx\/index.php\/wp-json\/wp\/v2\/tags?post=37839"}],"curies":[{"name":"wp","href":"https:\/\/api.w.org\/{rel}","templated":true}]}}