{"id":37825,"date":"2025-09-30T11:29:57","date_gmt":"2025-09-30T16:29:57","guid":{"rendered":"https:\/\/codeq.qroo.gob.mx\/?p=37825"},"modified":"2025-09-30T11:29:58","modified_gmt":"2025-09-30T16:29:58","slug":"ponen-en-marcha-conade-y-codeq-las-capacitaciones-del-cedem-para-promotoras-y-promotores-deportivos-de-quintana-roo","status":"publish","type":"post","link":"https:\/\/codeq.qroo.gob.mx\/index.php\/2025\/09\/30\/ponen-en-marcha-conade-y-codeq-las-capacitaciones-del-cedem-para-promotoras-y-promotores-deportivos-de-quintana-roo\/","title":{"rendered":"Ponen en marcha CONADE y CODEQ las Capacitaciones del CEDEM para Promotoras y Promotores Deportivos de Quintana Roo"},"content":{"rendered":"\n<ul class=\"wp-block-list\">\n<li>Jacobo Arzate, titular de la CODEQ, encabez\u00f3 y dio la bienvenida a las y los 60 participantes del primer curso que se realiz\u00f3 en el Palacio de los Deportes \u201cErick Paolo Mart\u00ednez\u201d<\/li>\n<\/ul>\n\n\n\n<p>Como parte de las acciones para reforzar la estrecha colaboraci\u00f3n entre la Comisi\u00f3n del Deporte de Quintana Roo (CODEQ) y la Comisi\u00f3n de Cultura F\u00edsica y Deporte (CONADE), se realiz\u00f3 la primera Capacitaci\u00f3n para Promotoras y Promotores Deportivos de Quintana Roo, a trav\u00e9s de la Direcci\u00f3n de Centros del Deporte Escolar y Municipal (CEDEM), con sede en el Palacio de los Deportes \u201cErick Paolo Mart\u00ednez\u201d de Chetumal.<\/p>\n\n\n\n<p>La capacitaci\u00f3n y actualizaci\u00f3n constante de la comunidad deportiva de Quintana Roo es una prioridad, y por eso se trabaja para que, a trav\u00e9s de la CODEQ, presidida por Jacobo Arzate Hop, las y los promotores puedan tener acceso a este tipo de cursos, como acci\u00f3n que enmarca el Nuevo Acuerdo por el Bienestar y Desarrollo, impulsado por la gobernadora Mara Lezama Espinosa.<\/p>\n\n\n\n<p>\u201cEstas capacitaciones son el resultado del trabajo en equipo con la CONADE y su director Rommel Pacheco, que ha volteado a ver a nuestro estado. Nosotros, desde la CODEQ, priorizamos el deporte popular, porque de aqu\u00ed inician los talentos deportivos. Por eso hoy estamos impulsando que tengan una mejor preparaci\u00f3n y est\u00e9n actualizados\u201d, coment\u00f3 el titular de la CODEQ.<\/p>\n\n\n\n<p>Cabe resaltar que este curso fue gestionado por la CODEQ ante la Subdirecci\u00f3n de Cultura F\u00edsica de la CONADE, lo que permiti\u00f3 que capacitadores de la Direcci\u00f3n de Centros del Deporte Escolar y Municipal (CEDEM) impartieran una clase te\u00f3rica y una pr\u00e1ctica, que ofrecen nuevos conocimientos y actualizan a las y los entrenadores.<\/p>\n\n\n\n<p>Para esta primera capacitaci\u00f3n estuvo presente Andrea Cruz Hern\u00e1ndez, coordinadora de Centros Estatales y Municipales del Deporte de CONADE. Los encargados de impartir el curso fueron Juan Ram\u00f3n Pedraza Rivera y Jos\u00e9 Eduardo Bonilla S\u00e1nchez, representantes de CEDEM. La jornada se realiz\u00f3 en el Palacio de los Deportes \u201cErick Paolo\u201d de la capital quintanarroense y cont\u00f3 con la participaci\u00f3n de 60 entrenadoras y entrenadores de los municipios de Felipe Carrillo Puerto, Bacalar y Oth\u00f3n P. Blanco.<\/p>\n\n\n\n<p>\u201cLa importancia de este ciclo de capacitaciones radica en que nuestras entrenadoras y entrenadores tendr\u00e1n nuevos conocimientos que permitir\u00e1n que las y los quintanarroenses realicen activaciones f\u00edsicas frecuentes, seguras y program\u00e1ticas, lo que deriva en mejores condiciones f\u00edsicas y de salud para nuestra poblaci\u00f3n\u201d, puntualiz\u00f3 Arzate Hop.<\/p>\n\n\n\n<p>A\u00f1adi\u00f3: \u201cEstas actividades tambi\u00e9n se suman a la estrategia para la Construcci\u00f3n de Paz en todo M\u00e9xico, la cual encabeza, desde el Gobierno Federal, la presidenta Claudia Sheinbaum, y que ha replicado en Quintana Roo nuestra gobernadora Mara Lezama\u201d.<\/p>\n\n\n\n<p>Tambi\u00e9n se inform\u00f3 que la segunda jornada de capacitaciones para Promotores Deportivos se realizar\u00e1 este martes 30 de septiembre en Canc\u00fan, para entrenadores de los municipios de Tulum, Playa del Carmen, Cozumel, Puerto Morelos, Isla Mujeres, L\u00e1zaro C\u00e1rdenas y Benito Ju\u00e1rez. Adem\u00e1s, se tienen previstos cursos para las disciplinas de boxeo y b\u00e1dminton en los primeros d\u00edas de noviembre.<\/p>\n\n\n\n<p>A la ceremonia de apertura tambi\u00e9n estuvieron presentes los directores del deporte: Nadia Salazar, de Felipe Carrillo Puerto; Jos\u00e9 \u201cChepe\u201d Canul, de Oth\u00f3n P. Blanco; y Edwin Canul, de Bacalar.<\/p>\n\n\n\n<figure class=\"wp-block-gallery has-nested-images columns-default is-cropped wp-block-gallery-1 is-layout-flex wp-block-gallery-is-layout-flex\">\n<figure class=\"wp-block-image size-large\"><img fetchpriority=\"high\" decoding=\"async\" width=\"1024\" height=\"683\" data-id=\"37826\" src=\"https:\/\/codeq.qroo.gob.mx\/wp-content\/uploads\/2025\/09\/WhatsApp-Image-2025-09-29-at-5.56.14-PM3-1024x683.jpeg\" alt=\"\" class=\"wp-image-37826\" srcset=\"https:\/\/codeq.qroo.gob.mx\/wp-content\/uploads\/2025\/09\/WhatsApp-Image-2025-09-29-at-5.56.14-PM3-1024x683.jpeg 1024w, https:\/\/codeq.qroo.gob.mx\/wp-content\/uploads\/2025\/09\/WhatsApp-Image-2025-09-29-at-5.56.14-PM3-300x200.jpeg 300w, https:\/\/codeq.qroo.gob.mx\/wp-content\/uploads\/2025\/09\/WhatsApp-Image-2025-09-29-at-5.56.14-PM3-768x512.jpeg 768w, https:\/\/codeq.qroo.gob.mx\/wp-content\/uploads\/2025\/09\/WhatsApp-Image-2025-09-29-at-5.56.14-PM3.jpeg 1280w\" sizes=\"(max-width: 1024px) 100vw, 1024px\" \/><\/figure>\n\n\n\n<figure class=\"wp-block-image size-large\"><img decoding=\"async\" width=\"1024\" height=\"683\" data-id=\"37827\" src=\"https:\/\/codeq.qroo.gob.mx\/wp-content\/uploads\/2025\/09\/WhatsApp-Image-2025-09-29-at-5.56.14-PM2-1024x683.jpeg\" alt=\"\" class=\"wp-image-37827\" srcset=\"https:\/\/codeq.qroo.gob.mx\/wp-content\/uploads\/2025\/09\/WhatsApp-Image-2025-09-29-at-5.56.14-PM2-1024x683.jpeg 1024w, https:\/\/codeq.qroo.gob.mx\/wp-content\/uploads\/2025\/09\/WhatsApp-Image-2025-09-29-at-5.56.14-PM2-300x200.jpeg 300w, https:\/\/codeq.qroo.gob.mx\/wp-content\/uploads\/2025\/09\/WhatsApp-Image-2025-09-29-at-5.56.14-PM2-768x512.jpeg 768w, https:\/\/codeq.qroo.gob.mx\/wp-content\/uploads\/2025\/09\/WhatsApp-Image-2025-09-29-at-5.56.14-PM2.jpeg 1280w\" sizes=\"(max-width: 1024px) 100vw, 1024px\" \/><\/figure>\n\n\n\n<figure class=\"wp-block-image size-large\"><img decoding=\"async\" width=\"1024\" height=\"684\" data-id=\"37834\" src=\"https:\/\/codeq.qroo.gob.mx\/wp-content\/uploads\/2025\/09\/WhatsApp-Image-2025-09-29-at-5.56.14-PM1-1024x684.jpeg\" alt=\"\" class=\"wp-image-37834\" srcset=\"https:\/\/codeq.qroo.gob.mx\/wp-content\/uploads\/2025\/09\/WhatsApp-Image-2025-09-29-at-5.56.14-PM1-1024x684.jpeg 1024w, https:\/\/codeq.qroo.gob.mx\/wp-content\/uploads\/2025\/09\/WhatsApp-Image-2025-09-29-at-5.56.14-PM1-300x200.jpeg 300w, https:\/\/codeq.qroo.gob.mx\/wp-content\/uploads\/2025\/09\/WhatsApp-Image-2025-09-29-at-5.56.14-PM1-768x513.jpeg 768w, https:\/\/codeq.qroo.gob.mx\/wp-content\/uploads\/2025\/09\/WhatsApp-Image-2025-09-29-at-5.56.14-PM1-1536x1026.jpeg 1536w, https:\/\/codeq.qroo.gob.mx\/wp-content\/uploads\/2025\/09\/WhatsApp-Image-2025-09-29-at-5.56.14-PM1.jpeg 1600w\" sizes=\"(max-width: 1024px) 100vw, 1024px\" \/><\/figure>\n\n\n\n<figure class=\"wp-block-image size-large\"><img loading=\"lazy\" decoding=\"async\" width=\"1024\" height=\"684\" data-id=\"37828\" src=\"https:\/\/codeq.qroo.gob.mx\/wp-content\/uploads\/2025\/09\/WhatsApp-Image-2025-09-29-at-5.56.14-PM-1024x684.jpeg\" alt=\"\" class=\"wp-image-37828\" srcset=\"https:\/\/codeq.qroo.gob.mx\/wp-content\/uploads\/2025\/09\/WhatsApp-Image-2025-09-29-at-5.56.14-PM-1024x684.jpeg 1024w, https:\/\/codeq.qroo.gob.mx\/wp-content\/uploads\/2025\/09\/WhatsApp-Image-2025-09-29-at-5.56.14-PM-300x200.jpeg 300w, https:\/\/codeq.qroo.gob.mx\/wp-content\/uploads\/2025\/09\/WhatsApp-Image-2025-09-29-at-5.56.14-PM-768x513.jpeg 768w, https:\/\/codeq.qroo.gob.mx\/wp-content\/uploads\/2025\/09\/WhatsApp-Image-2025-09-29-at-5.56.14-PM-1536x1026.jpeg 1536w, https:\/\/codeq.qroo.gob.mx\/wp-content\/uploads\/2025\/09\/WhatsApp-Image-2025-09-29-at-5.56.14-PM.jpeg 1600w\" sizes=\"(max-width: 1024px) 100vw, 1024px\" \/><\/figure>\n\n\n\n<figure class=\"wp-block-image size-large\"><img loading=\"lazy\" decoding=\"async\" width=\"1024\" height=\"684\" data-id=\"37832\" src=\"https:\/\/codeq.qroo.gob.mx\/wp-content\/uploads\/2025\/09\/WhatsApp-Image-2025-09-29-at-5.56.13-PM1-1024x684.jpeg\" alt=\"\" class=\"wp-image-37832\" srcset=\"https:\/\/codeq.qroo.gob.mx\/wp-content\/uploads\/2025\/09\/WhatsApp-Image-2025-09-29-at-5.56.13-PM1-1024x684.jpeg 1024w, https:\/\/codeq.qroo.gob.mx\/wp-content\/uploads\/2025\/09\/WhatsApp-Image-2025-09-29-at-5.56.13-PM1-300x200.jpeg 300w, https:\/\/codeq.qroo.gob.mx\/wp-content\/uploads\/2025\/09\/WhatsApp-Image-2025-09-29-at-5.56.13-PM1-768x513.jpeg 768w, https:\/\/codeq.qroo.gob.mx\/wp-content\/uploads\/2025\/09\/WhatsApp-Image-2025-09-29-at-5.56.13-PM1-1536x1026.jpeg 1536w, https:\/\/codeq.qroo.gob.mx\/wp-content\/uploads\/2025\/09\/WhatsApp-Image-2025-09-29-at-5.56.13-PM1.jpeg 1600w\" sizes=\"(max-width: 1024px) 100vw, 1024px\" \/><\/figure>\n\n\n\n<figure class=\"wp-block-image size-large\"><img loading=\"lazy\" decoding=\"async\" width=\"1024\" height=\"683\" data-id=\"37833\" src=\"https:\/\/codeq.qroo.gob.mx\/wp-content\/uploads\/2025\/09\/WhatsApp-Image-2025-09-29-at-5.56.13-PM-1024x683.jpeg\" alt=\"\" class=\"wp-image-37833\" srcset=\"https:\/\/codeq.qroo.gob.mx\/wp-content\/uploads\/2025\/09\/WhatsApp-Image-2025-09-29-at-5.56.13-PM-1024x683.jpeg 1024w, https:\/\/codeq.qroo.gob.mx\/wp-content\/uploads\/2025\/09\/WhatsApp-Image-2025-09-29-at-5.56.13-PM-300x200.jpeg 300w, https:\/\/codeq.qroo.gob.mx\/wp-content\/uploads\/2025\/09\/WhatsApp-Image-2025-09-29-at-5.56.13-PM-768x512.jpeg 768w, https:\/\/codeq.qroo.gob.mx\/wp-content\/uploads\/2025\/09\/WhatsApp-Image-2025-09-29-at-5.56.13-PM.jpeg 1280w\" sizes=\"(max-width: 1024px) 100vw, 1024px\" \/><\/figure>\n\n\n\n<figure class=\"wp-block-image size-large\"><img loading=\"lazy\" decoding=\"async\" width=\"1024\" height=\"683\" data-id=\"37829\" src=\"https:\/\/codeq.qroo.gob.mx\/wp-content\/uploads\/2025\/09\/WhatsApp-Image-2025-09-29-at-5.54.24-PM1-1024x683.jpeg\" alt=\"\" class=\"wp-image-37829\" srcset=\"https:\/\/codeq.qroo.gob.mx\/wp-content\/uploads\/2025\/09\/WhatsApp-Image-2025-09-29-at-5.54.24-PM1-1024x683.jpeg 1024w, https:\/\/codeq.qroo.gob.mx\/wp-content\/uploads\/2025\/09\/WhatsApp-Image-2025-09-29-at-5.54.24-PM1-300x200.jpeg 300w, https:\/\/codeq.qroo.gob.mx\/wp-content\/uploads\/2025\/09\/WhatsApp-Image-2025-09-29-at-5.54.24-PM1-768x512.jpeg 768w, https:\/\/codeq.qroo.gob.mx\/wp-content\/uploads\/2025\/09\/WhatsApp-Image-2025-09-29-at-5.54.24-PM1.jpeg 1280w\" sizes=\"(max-width: 1024px) 100vw, 1024px\" \/><\/figure>\n\n\n\n<figure class=\"wp-block-image size-large\"><img loading=\"lazy\" decoding=\"async\" width=\"1024\" height=\"683\" data-id=\"37830\" src=\"https:\/\/codeq.qroo.gob.mx\/wp-content\/uploads\/2025\/09\/WhatsApp-Image-2025-09-29-at-5.54.24-PM-1024x683.jpeg\" alt=\"\" class=\"wp-image-37830\" srcset=\"https:\/\/codeq.qroo.gob.mx\/wp-content\/uploads\/2025\/09\/WhatsApp-Image-2025-09-29-at-5.54.24-PM-1024x683.jpeg 1024w, https:\/\/codeq.qroo.gob.mx\/wp-content\/uploads\/2025\/09\/WhatsApp-Image-2025-09-29-at-5.54.24-PM-300x200.jpeg 300w, https:\/\/codeq.qroo.gob.mx\/wp-content\/uploads\/2025\/09\/WhatsApp-Image-2025-09-29-at-5.54.24-PM-768x512.jpeg 768w, https:\/\/codeq.qroo.gob.mx\/wp-content\/uploads\/2025\/09\/WhatsApp-Image-2025-09-29-at-5.54.24-PM.jpeg 1280w\" sizes=\"(max-width: 1024px) 100vw, 1024px\" \/><\/figure>\n\n\n\n<figure class=\"wp-block-image size-large\"><img loading=\"lazy\" decoding=\"async\" width=\"1024\" height=\"683\" data-id=\"37831\" src=\"https:\/\/codeq.qroo.gob.mx\/wp-content\/uploads\/2025\/09\/WhatsApp-Image-2025-09-29-at-5.54.23-PM1-1024x683.jpeg\" alt=\"\" class=\"wp-image-37831\" srcset=\"https:\/\/codeq.qroo.gob.mx\/wp-content\/uploads\/2025\/09\/WhatsApp-Image-2025-09-29-at-5.54.23-PM1-1024x683.jpeg 1024w, https:\/\/codeq.qroo.gob.mx\/wp-content\/uploads\/2025\/09\/WhatsApp-Image-2025-09-29-at-5.54.23-PM1-300x200.jpeg 300w, https:\/\/codeq.qroo.gob.mx\/wp-content\/uploads\/2025\/09\/WhatsApp-Image-2025-09-29-at-5.54.23-PM1-768x512.jpeg 768w, https:\/\/codeq.qroo.gob.mx\/wp-content\/uploads\/2025\/09\/WhatsApp-Image-2025-09-29-at-5.54.23-PM1.jpeg 1280w\" sizes=\"(max-width: 1024px) 100vw, 1024px\" \/><\/figure>\n\n\n\n<figure class=\"wp-block-image size-large\"><img loading=\"lazy\" decoding=\"async\" width=\"1024\" height=\"684\" data-id=\"37836\" src=\"https:\/\/codeq.qroo.gob.mx\/wp-content\/uploads\/2025\/09\/WhatsApp-Image-2025-09-29-at-5.54.23-PM-1024x684.jpeg\" alt=\"\" class=\"wp-image-37836\" srcset=\"https:\/\/codeq.qroo.gob.mx\/wp-content\/uploads\/2025\/09\/WhatsApp-Image-2025-09-29-at-5.54.23-PM-1024x684.jpeg 1024w, https:\/\/codeq.qroo.gob.mx\/wp-content\/uploads\/2025\/09\/WhatsApp-Image-2025-09-29-at-5.54.23-PM-300x200.jpeg 300w, https:\/\/codeq.qroo.gob.mx\/wp-content\/uploads\/2025\/09\/WhatsApp-Image-2025-09-29-at-5.54.23-PM-768x513.jpeg 768w, https:\/\/codeq.qroo.gob.mx\/wp-content\/uploads\/2025\/09\/WhatsApp-Image-2025-09-29-at-5.54.23-PM-1536x1026.jpeg 1536w, https:\/\/codeq.qroo.gob.mx\/wp-content\/uploads\/2025\/09\/WhatsApp-Image-2025-09-29-at-5.54.23-PM.jpeg 1600w\" sizes=\"(max-width: 1024px) 100vw, 1024px\" \/><\/figure>\n\n\n\n<figure class=\"wp-block-image size-large\"><img loading=\"lazy\" decoding=\"async\" width=\"1024\" height=\"683\" data-id=\"37835\" src=\"https:\/\/codeq.qroo.gob.mx\/wp-content\/uploads\/2025\/09\/WhatsApp-Image-2025-09-29-at-5.53.30-PM-1024x683.jpeg\" alt=\"\" class=\"wp-image-37835\" srcset=\"https:\/\/codeq.qroo.gob.mx\/wp-content\/uploads\/2025\/09\/WhatsApp-Image-2025-09-29-at-5.53.30-PM-1024x683.jpeg 1024w, https:\/\/codeq.qroo.gob.mx\/wp-content\/uploads\/2025\/09\/WhatsApp-Image-2025-09-29-at-5.53.30-PM-300x200.jpeg 300w, https:\/\/codeq.qroo.gob.mx\/wp-content\/uploads\/2025\/09\/WhatsApp-Image-2025-09-29-at-5.53.30-PM-768x512.jpeg 768w, https:\/\/codeq.qroo.gob.mx\/wp-content\/uploads\/2025\/09\/WhatsApp-Image-2025-09-29-at-5.53.30-PM.jpeg 1280w\" sizes=\"(max-width: 1024px) 100vw, 1024px\" \/><\/figure>\n<\/figure>\n","protected":false},"excerpt":{"rendered":"<p>Como parte de las acciones para reforzar la estrecha colaboraci\u00f3n entre la Comisi\u00f3n del Deporte de Quintana Roo (CODEQ) y la Comisi\u00f3n de Cultura F\u00edsica y Deporte (CONADE), se realiz\u00f3 la primera Capacitaci\u00f3n para Promotoras y Promotores Deportivos de Quintana Roo, a trav\u00e9s de la Direcci\u00f3n de Centros del Deporte Escolar y Municipal (CEDEM), con &#8230; <a title=\"Ponen en marcha CONADE y CODEQ las Capacitaciones del CEDEM para Promotoras y Promotores Deportivos de Quintana Roo\" class=\"read-more\" href=\"https:\/\/codeq.qroo.gob.mx\/index.php\/2025\/09\/30\/ponen-en-marcha-conade-y-codeq-las-capacitaciones-del-cedem-para-promotoras-y-promotores-deportivos-de-quintana-roo\/\" aria-label=\"Leer m\u00e1s sobre Ponen en marcha CONADE y CODEQ las Capacitaciones del CEDEM para Promotoras y Promotores Deportivos de Quintana Roo\">Leer m\u00e1s<\/a><\/p>\n","protected":false},"author":3,"featured_media":37833,"comment_status":"open","ping_status":"open","sticky":false,"template":"","format":"standard","meta":{"footnotes":""},"categories":[5],"tags":[],"class_list":["post-37825","post","type-post","status-publish","format-standard","has-post-thumbnail","hentry","category-noticias"],"yoast_head":"<!-- This site is optimized with the Yoast SEO plugin v25.5 - https:\/\/yoast.com\/wordpress\/plugins\/seo\/ -->\n<title>Ponen en marcha CONADE y CODEQ las Capacitaciones del CEDEM para Promotoras y Promotores Deportivos de Quintana Roo - Comisi\u00f3n del Deporte de Quintana Roo<\/title>\n<meta name=\"robots\" content=\"index, follow, max-snippet:-1, max-image-preview:large, max-video-preview:-1\" \/>\n<link rel=\"canonical\" href=\"https:\/\/codeq.qroo.gob.mx\/index.php\/2025\/09\/30\/ponen-en-marcha-conade-y-codeq-las-capacitaciones-del-cedem-para-promotoras-y-promotores-deportivos-de-quintana-roo\/\" \/>\n<meta property=\"og:locale\" content=\"es_MX\" \/>\n<meta property=\"og:type\" content=\"article\" \/>\n<meta property=\"og:title\" content=\"Ponen en marcha CONADE y CODEQ las Capacitaciones del CEDEM para Promotoras y Promotores Deportivos de Quintana Roo - Comisi\u00f3n del Deporte de Quintana Roo\" \/>\n<meta property=\"og:description\" content=\"Como parte de las acciones para reforzar la estrecha colaboraci\u00f3n entre la Comisi\u00f3n del Deporte de Quintana Roo (CODEQ) y la Comisi\u00f3n de Cultura F\u00edsica y Deporte (CONADE), se realiz\u00f3 la primera Capacitaci\u00f3n para Promotoras y Promotores Deportivos de Quintana Roo, a trav\u00e9s de la Direcci\u00f3n de Centros del Deporte Escolar y Municipal (CEDEM), con ... Leer m\u00e1s\" \/>\n<meta property=\"og:url\" content=\"https:\/\/codeq.qroo.gob.mx\/index.php\/2025\/09\/30\/ponen-en-marcha-conade-y-codeq-las-capacitaciones-del-cedem-para-promotoras-y-promotores-deportivos-de-quintana-roo\/\" \/>\n<meta property=\"og:site_name\" content=\"Comisi\u00f3n del Deporte de Quintana Roo\" \/>\n<meta property=\"article:published_time\" content=\"2025-09-30T16:29:57+00:00\" \/>\n<meta property=\"article:modified_time\" content=\"2025-09-30T16:29:58+00:00\" \/>\n<meta property=\"og:image\" content=\"https:\/\/codeq.qroo.gob.mx\/wp-content\/uploads\/2025\/09\/WhatsApp-Image-2025-09-29-at-5.56.13-PM.jpeg\" \/>\n\t<meta property=\"og:image:width\" content=\"1280\" \/>\n\t<meta property=\"og:image:height\" content=\"854\" \/>\n\t<meta property=\"og:image:type\" content=\"image\/jpeg\" \/>\n<meta name=\"author\" content=\"Jorge Antonio Carvajal Maldonado\" \/>\n<meta name=\"twitter:card\" content=\"summary_large_image\" \/>\n<meta name=\"twitter:label1\" content=\"Escrito por\" \/>\n\t<meta name=\"twitter:data1\" content=\"Jorge Antonio Carvajal Maldonado\" \/>\n\t<meta name=\"twitter:label2\" content=\"Tiempo de lectura\" \/>\n\t<meta name=\"twitter:data2\" content=\"5 minutos\" \/>\n<script type=\"application\/ld+json\" class=\"yoast-schema-graph\">{\"@context\":\"https:\/\/schema.org\",\"@graph\":[{\"@type\":\"Article\",\"@id\":\"https:\/\/codeq.qroo.gob.mx\/index.php\/2025\/09\/30\/ponen-en-marcha-conade-y-codeq-las-capacitaciones-del-cedem-para-promotoras-y-promotores-deportivos-de-quintana-roo\/#article\",\"isPartOf\":{\"@id\":\"https:\/\/codeq.qroo.gob.mx\/index.php\/2025\/09\/30\/ponen-en-marcha-conade-y-codeq-las-capacitaciones-del-cedem-para-promotoras-y-promotores-deportivos-de-quintana-roo\/\"},\"author\":{\"name\":\"Jorge Antonio Carvajal Maldonado\",\"@id\":\"https:\/\/codeq.qroo.gob.mx\/#\/schema\/person\/08f280f71ae6986a008ff55cb6d46160\"},\"headline\":\"Ponen en marcha CONADE y CODEQ las Capacitaciones del CEDEM para Promotoras y Promotores Deportivos de Quintana Roo\",\"datePublished\":\"2025-09-30T16:29:57+00:00\",\"dateModified\":\"2025-09-30T16:29:58+00:00\",\"mainEntityOfPage\":{\"@id\":\"https:\/\/codeq.qroo.gob.mx\/index.php\/2025\/09\/30\/ponen-en-marcha-conade-y-codeq-las-capacitaciones-del-cedem-para-promotoras-y-promotores-deportivos-de-quintana-roo\/\"},\"wordCount\":586,\"commentCount\":0,\"publisher\":{\"@id\":\"https:\/\/codeq.qroo.gob.mx\/#organization\"},\"image\":{\"@id\":\"https:\/\/codeq.qroo.gob.mx\/index.php\/2025\/09\/30\/ponen-en-marcha-conade-y-codeq-las-capacitaciones-del-cedem-para-promotoras-y-promotores-deportivos-de-quintana-roo\/#primaryimage\"},\"thumbnailUrl\":\"https:\/\/codeq.qroo.gob.mx\/wp-content\/uploads\/2025\/09\/WhatsApp-Image-2025-09-29-at-5.56.13-PM.jpeg\",\"articleSection\":[\"Noticias\"],\"inLanguage\":\"es\",\"potentialAction\":[{\"@type\":\"CommentAction\",\"name\":\"Comment\",\"target\":[\"https:\/\/codeq.qroo.gob.mx\/index.php\/2025\/09\/30\/ponen-en-marcha-conade-y-codeq-las-capacitaciones-del-cedem-para-promotoras-y-promotores-deportivos-de-quintana-roo\/#respond\"]}]},{\"@type\":\"WebPage\",\"@id\":\"https:\/\/codeq.qroo.gob.mx\/index.php\/2025\/09\/30\/ponen-en-marcha-conade-y-codeq-las-capacitaciones-del-cedem-para-promotoras-y-promotores-deportivos-de-quintana-roo\/\",\"url\":\"https:\/\/codeq.qroo.gob.mx\/index.php\/2025\/09\/30\/ponen-en-marcha-conade-y-codeq-las-capacitaciones-del-cedem-para-promotoras-y-promotores-deportivos-de-quintana-roo\/\",\"name\":\"Ponen en marcha CONADE y CODEQ las Capacitaciones del CEDEM para Promotoras y Promotores Deportivos de Quintana Roo - Comisi\u00f3n del Deporte de Quintana Roo\",\"isPartOf\":{\"@id\":\"https:\/\/codeq.qroo.gob.mx\/#website\"},\"primaryImageOfPage\":{\"@id\":\"https:\/\/codeq.qroo.gob.mx\/index.php\/2025\/09\/30\/ponen-en-marcha-conade-y-codeq-las-capacitaciones-del-cedem-para-promotoras-y-promotores-deportivos-de-quintana-roo\/#primaryimage\"},\"image\":{\"@id\":\"https:\/\/codeq.qroo.gob.mx\/index.php\/2025\/09\/30\/ponen-en-marcha-conade-y-codeq-las-capacitaciones-del-cedem-para-promotoras-y-promotores-deportivos-de-quintana-roo\/#primaryimage\"},\"thumbnailUrl\":\"https:\/\/codeq.qroo.gob.mx\/wp-content\/uploads\/2025\/09\/WhatsApp-Image-2025-09-29-at-5.56.13-PM.jpeg\",\"datePublished\":\"2025-09-30T16:29:57+00:00\",\"dateModified\":\"2025-09-30T16:29:58+00:00\",\"breadcrumb\":{\"@id\":\"https:\/\/codeq.qroo.gob.mx\/index.php\/2025\/09\/30\/ponen-en-marcha-conade-y-codeq-las-capacitaciones-del-cedem-para-promotoras-y-promotores-deportivos-de-quintana-roo\/#breadcrumb\"},\"inLanguage\":\"es\",\"potentialAction\":[{\"@type\":\"ReadAction\",\"target\":[\"https:\/\/codeq.qroo.gob.mx\/index.php\/2025\/09\/30\/ponen-en-marcha-conade-y-codeq-las-capacitaciones-del-cedem-para-promotoras-y-promotores-deportivos-de-quintana-roo\/\"]}]},{\"@type\":\"ImageObject\",\"inLanguage\":\"es\",\"@id\":\"https:\/\/codeq.qroo.gob.mx\/index.php\/2025\/09\/30\/ponen-en-marcha-conade-y-codeq-las-capacitaciones-del-cedem-para-promotoras-y-promotores-deportivos-de-quintana-roo\/#primaryimage\",\"url\":\"https:\/\/codeq.qroo.gob.mx\/wp-content\/uploads\/2025\/09\/WhatsApp-Image-2025-09-29-at-5.56.13-PM.jpeg\",\"contentUrl\":\"https:\/\/codeq.qroo.gob.mx\/wp-content\/uploads\/2025\/09\/WhatsApp-Image-2025-09-29-at-5.56.13-PM.jpeg\",\"width\":1280,\"height\":854},{\"@type\":\"BreadcrumbList\",\"@id\":\"https:\/\/codeq.qroo.gob.mx\/index.php\/2025\/09\/30\/ponen-en-marcha-conade-y-codeq-las-capacitaciones-del-cedem-para-promotoras-y-promotores-deportivos-de-quintana-roo\/#breadcrumb\",\"itemListElement\":[{\"@type\":\"ListItem\",\"position\":1,\"name\":\"Inicio\",\"item\":\"https:\/\/codeq.qroo.gob.mx\/\"},{\"@type\":\"ListItem\",\"position\":2,\"name\":\"Ponen en marcha CONADE y CODEQ las Capacitaciones del CEDEM para Promotoras y Promotores Deportivos de Quintana Roo\"}]},{\"@type\":\"WebSite\",\"@id\":\"https:\/\/codeq.qroo.gob.mx\/#website\",\"url\":\"https:\/\/codeq.qroo.gob.mx\/\",\"name\":\"Comisi\u00f3n del Deporte de Quintana Roo\",\"description\":\"CODEQ\",\"publisher\":{\"@id\":\"https:\/\/codeq.qroo.gob.mx\/#organization\"},\"potentialAction\":[{\"@type\":\"SearchAction\",\"target\":{\"@type\":\"EntryPoint\",\"urlTemplate\":\"https:\/\/codeq.qroo.gob.mx\/?s={search_term_string}\"},\"query-input\":{\"@type\":\"PropertyValueSpecification\",\"valueRequired\":true,\"valueName\":\"search_term_string\"}}],\"inLanguage\":\"es\"},{\"@type\":\"Organization\",\"@id\":\"https:\/\/codeq.qroo.gob.mx\/#organization\",\"name\":\"Comisi\u00f3n del Deporte de Quintana Roo\",\"url\":\"https:\/\/codeq.qroo.gob.mx\/\",\"logo\":{\"@type\":\"ImageObject\",\"inLanguage\":\"es\",\"@id\":\"https:\/\/codeq.qroo.gob.mx\/#\/schema\/logo\/image\/\",\"url\":\"https:\/\/codeq.qroo.gob.mx\/wp-content\/uploads\/2024\/07\/CODEQ.png\",\"contentUrl\":\"https:\/\/codeq.qroo.gob.mx\/wp-content\/uploads\/2024\/07\/CODEQ.png\",\"width\":3000,\"height\":1688,\"caption\":\"Comisi\u00f3n del Deporte de Quintana Roo\"},\"image\":{\"@id\":\"https:\/\/codeq.qroo.gob.mx\/#\/schema\/logo\/image\/\"}},{\"@type\":\"Person\",\"@id\":\"https:\/\/codeq.qroo.gob.mx\/#\/schema\/person\/08f280f71ae6986a008ff55cb6d46160\",\"name\":\"Jorge Antonio Carvajal Maldonado\",\"image\":{\"@type\":\"ImageObject\",\"inLanguage\":\"es\",\"@id\":\"https:\/\/codeq.qroo.gob.mx\/#\/schema\/person\/image\/\",\"url\":\"https:\/\/secure.gravatar.com\/avatar\/e61cdf534226ddcecdaed9988ec080e5df82259aa9a3e3f50abf5a5f2b95122f?s=96&d=mm&r=g\",\"contentUrl\":\"https:\/\/secure.gravatar.com\/avatar\/e61cdf534226ddcecdaed9988ec080e5df82259aa9a3e3f50abf5a5f2b95122f?s=96&d=mm&r=g\",\"caption\":\"Jorge Antonio Carvajal Maldonado\"},\"url\":\"https:\/\/codeq.qroo.gob.mx\/index.php\/author\/antonio\/\"}]}<\/script>\n<!-- \/ Yoast SEO plugin. -->","yoast_head_json":{"title":"Ponen en marcha CONADE y CODEQ las Capacitaciones del CEDEM para Promotoras y Promotores Deportivos de Quintana Roo - Comisi\u00f3n del Deporte de Quintana Roo","robots":{"index":"index","follow":"follow","max-snippet":"max-snippet:-1","max-image-preview":"max-image-preview:large","max-video-preview":"max-video-preview:-1"},"canonical":"https:\/\/codeq.qroo.gob.mx\/index.php\/2025\/09\/30\/ponen-en-marcha-conade-y-codeq-las-capacitaciones-del-cedem-para-promotoras-y-promotores-deportivos-de-quintana-roo\/","og_locale":"es_MX","og_type":"article","og_title":"Ponen en marcha CONADE y CODEQ las Capacitaciones del CEDEM para Promotoras y Promotores Deportivos de Quintana Roo - Comisi\u00f3n del Deporte de Quintana Roo","og_description":"Como parte de las acciones para reforzar la estrecha colaboraci\u00f3n entre la Comisi\u00f3n del Deporte de Quintana Roo (CODEQ) y la Comisi\u00f3n de Cultura F\u00edsica y Deporte (CONADE), se realiz\u00f3 la primera Capacitaci\u00f3n para Promotoras y Promotores Deportivos de Quintana Roo, a trav\u00e9s de la Direcci\u00f3n de Centros del Deporte Escolar y Municipal (CEDEM), con ... Leer m\u00e1s","og_url":"https:\/\/codeq.qroo.gob.mx\/index.php\/2025\/09\/30\/ponen-en-marcha-conade-y-codeq-las-capacitaciones-del-cedem-para-promotoras-y-promotores-deportivos-de-quintana-roo\/","og_site_name":"Comisi\u00f3n del Deporte de Quintana Roo","article_published_time":"2025-09-30T16:29:57+00:00","article_modified_time":"2025-09-30T16:29:58+00:00","og_image":[{"width":1280,"height":854,"url":"https:\/\/codeq.qroo.gob.mx\/wp-content\/uploads\/2025\/09\/WhatsApp-Image-2025-09-29-at-5.56.13-PM.jpeg","type":"image\/jpeg"}],"author":"Jorge Antonio Carvajal Maldonado","twitter_card":"summary_large_image","twitter_misc":{"Escrito por":"Jorge Antonio Carvajal Maldonado","Tiempo de lectura":"5 minutos"},"schema":{"@context":"https:\/\/schema.org","@graph":[{"@type":"Article","@id":"https:\/\/codeq.qroo.gob.mx\/index.php\/2025\/09\/30\/ponen-en-marcha-conade-y-codeq-las-capacitaciones-del-cedem-para-promotoras-y-promotores-deportivos-de-quintana-roo\/#article","isPartOf":{"@id":"https:\/\/codeq.qroo.gob.mx\/index.php\/2025\/09\/30\/ponen-en-marcha-conade-y-codeq-las-capacitaciones-del-cedem-para-promotoras-y-promotores-deportivos-de-quintana-roo\/"},"author":{"name":"Jorge Antonio Carvajal Maldonado","@id":"https:\/\/codeq.qroo.gob.mx\/#\/schema\/person\/08f280f71ae6986a008ff55cb6d46160"},"headline":"Ponen en marcha CONADE y CODEQ las Capacitaciones del CEDEM para Promotoras y Promotores Deportivos de Quintana Roo","datePublished":"2025-09-30T16:29:57+00:00","dateModified":"2025-09-30T16:29:58+00:00","mainEntityOfPage":{"@id":"https:\/\/codeq.qroo.gob.mx\/index.php\/2025\/09\/30\/ponen-en-marcha-conade-y-codeq-las-capacitaciones-del-cedem-para-promotoras-y-promotores-deportivos-de-quintana-roo\/"},"wordCount":586,"commentCount":0,"publisher":{"@id":"https:\/\/codeq.qroo.gob.mx\/#organization"},"image":{"@id":"https:\/\/codeq.qroo.gob.mx\/index.php\/2025\/09\/30\/ponen-en-marcha-conade-y-codeq-las-capacitaciones-del-cedem-para-promotoras-y-promotores-deportivos-de-quintana-roo\/#primaryimage"},"thumbnailUrl":"https:\/\/codeq.qroo.gob.mx\/wp-content\/uploads\/2025\/09\/WhatsApp-Image-2025-09-29-at-5.56.13-PM.jpeg","articleSection":["Noticias"],"inLanguage":"es","potentialAction":[{"@type":"CommentAction","name":"Comment","target":["https:\/\/codeq.qroo.gob.mx\/index.php\/2025\/09\/30\/ponen-en-marcha-conade-y-codeq-las-capacitaciones-del-cedem-para-promotoras-y-promotores-deportivos-de-quintana-roo\/#respond"]}]},{"@type":"WebPage","@id":"https:\/\/codeq.qroo.gob.mx\/index.php\/2025\/09\/30\/ponen-en-marcha-conade-y-codeq-las-capacitaciones-del-cedem-para-promotoras-y-promotores-deportivos-de-quintana-roo\/","url":"https:\/\/codeq.qroo.gob.mx\/index.php\/2025\/09\/30\/ponen-en-marcha-conade-y-codeq-las-capacitaciones-del-cedem-para-promotoras-y-promotores-deportivos-de-quintana-roo\/","name":"Ponen en marcha CONADE y CODEQ las Capacitaciones del CEDEM para Promotoras y Promotores Deportivos de Quintana Roo - Comisi\u00f3n del Deporte de Quintana Roo","isPartOf":{"@id":"https:\/\/codeq.qroo.gob.mx\/#website"},"primaryImageOfPage":{"@id":"https:\/\/codeq.qroo.gob.mx\/index.php\/2025\/09\/30\/ponen-en-marcha-conade-y-codeq-las-capacitaciones-del-cedem-para-promotoras-y-promotores-deportivos-de-quintana-roo\/#primaryimage"},"image":{"@id":"https:\/\/codeq.qroo.gob.mx\/index.php\/2025\/09\/30\/ponen-en-marcha-conade-y-codeq-las-capacitaciones-del-cedem-para-promotoras-y-promotores-deportivos-de-quintana-roo\/#primaryimage"},"thumbnailUrl":"https:\/\/codeq.qroo.gob.mx\/wp-content\/uploads\/2025\/09\/WhatsApp-Image-2025-09-29-at-5.56.13-PM.jpeg","datePublished":"2025-09-30T16:29:57+00:00","dateModified":"2025-09-30T16:29:58+00:00","breadcrumb":{"@id":"https:\/\/codeq.qroo.gob.mx\/index.php\/2025\/09\/30\/ponen-en-marcha-conade-y-codeq-las-capacitaciones-del-cedem-para-promotoras-y-promotores-deportivos-de-quintana-roo\/#breadcrumb"},"inLanguage":"es","potentialAction":[{"@type":"ReadAction","target":["https:\/\/codeq.qroo.gob.mx\/index.php\/2025\/09\/30\/ponen-en-marcha-conade-y-codeq-las-capacitaciones-del-cedem-para-promotoras-y-promotores-deportivos-de-quintana-roo\/"]}]},{"@type":"ImageObject","inLanguage":"es","@id":"https:\/\/codeq.qroo.gob.mx\/index.php\/2025\/09\/30\/ponen-en-marcha-conade-y-codeq-las-capacitaciones-del-cedem-para-promotoras-y-promotores-deportivos-de-quintana-roo\/#primaryimage","url":"https:\/\/codeq.qroo.gob.mx\/wp-content\/uploads\/2025\/09\/WhatsApp-Image-2025-09-29-at-5.56.13-PM.jpeg","contentUrl":"https:\/\/codeq.qroo.gob.mx\/wp-content\/uploads\/2025\/09\/WhatsApp-Image-2025-09-29-at-5.56.13-PM.jpeg","width":1280,"height":854},{"@type":"BreadcrumbList","@id":"https:\/\/codeq.qroo.gob.mx\/index.php\/2025\/09\/30\/ponen-en-marcha-conade-y-codeq-las-capacitaciones-del-cedem-para-promotoras-y-promotores-deportivos-de-quintana-roo\/#breadcrumb","itemListElement":[{"@type":"ListItem","position":1,"name":"Inicio","item":"https:\/\/codeq.qroo.gob.mx\/"},{"@type":"ListItem","position":2,"name":"Ponen en marcha CONADE y CODEQ las Capacitaciones del CEDEM para Promotoras y Promotores Deportivos de Quintana Roo"}]},{"@type":"WebSite","@id":"https:\/\/codeq.qroo.gob.mx\/#website","url":"https:\/\/codeq.qroo.gob.mx\/","name":"Comisi\u00f3n del Deporte de Quintana Roo","description":"CODEQ","publisher":{"@id":"https:\/\/codeq.qroo.gob.mx\/#organization"},"potentialAction":[{"@type":"SearchAction","target":{"@type":"EntryPoint","urlTemplate":"https:\/\/codeq.qroo.gob.mx\/?s={search_term_string}"},"query-input":{"@type":"PropertyValueSpecification","valueRequired":true,"valueName":"search_term_string"}}],"inLanguage":"es"},{"@type":"Organization","@id":"https:\/\/codeq.qroo.gob.mx\/#organization","name":"Comisi\u00f3n del Deporte de Quintana Roo","url":"https:\/\/codeq.qroo.gob.mx\/","logo":{"@type":"ImageObject","inLanguage":"es","@id":"https:\/\/codeq.qroo.gob.mx\/#\/schema\/logo\/image\/","url":"https:\/\/codeq.qroo.gob.mx\/wp-content\/uploads\/2024\/07\/CODEQ.png","contentUrl":"https:\/\/codeq.qroo.gob.mx\/wp-content\/uploads\/2024\/07\/CODEQ.png","width":3000,"height":1688,"caption":"Comisi\u00f3n del Deporte de Quintana Roo"},"image":{"@id":"https:\/\/codeq.qroo.gob.mx\/#\/schema\/logo\/image\/"}},{"@type":"Person","@id":"https:\/\/codeq.qroo.gob.mx\/#\/schema\/person\/08f280f71ae6986a008ff55cb6d46160","name":"Jorge Antonio Carvajal Maldonado","image":{"@type":"ImageObject","inLanguage":"es","@id":"https:\/\/codeq.qroo.gob.mx\/#\/schema\/person\/image\/","url":"https:\/\/secure.gravatar.com\/avatar\/e61cdf534226ddcecdaed9988ec080e5df82259aa9a3e3f50abf5a5f2b95122f?s=96&d=mm&r=g","contentUrl":"https:\/\/secure.gravatar.com\/avatar\/e61cdf534226ddcecdaed9988ec080e5df82259aa9a3e3f50abf5a5f2b95122f?s=96&d=mm&r=g","caption":"Jorge Antonio Carvajal Maldonado"},"url":"https:\/\/codeq.qroo.gob.mx\/index.php\/author\/antonio\/"}]}},"_links":{"self":[{"href":"https:\/\/codeq.qroo.gob.mx\/index.php\/wp-json\/wp\/v2\/posts\/37825","targetHints":{"allow":["GET"]}}],"collection":[{"href":"https:\/\/codeq.qroo.gob.mx\/index.php\/wp-json\/wp\/v2\/posts"}],"about":[{"href":"https:\/\/codeq.qroo.gob.mx\/index.php\/wp-json\/wp\/v2\/types\/post"}],"author":[{"embeddable":true,"href":"https:\/\/codeq.qroo.gob.mx\/index.php\/wp-json\/wp\/v2\/users\/3"}],"replies":[{"embeddable":true,"href":"https:\/\/codeq.qroo.gob.mx\/index.php\/wp-json\/wp\/v2\/comments?post=37825"}],"version-history":[{"count":1,"href":"https:\/\/codeq.qroo.gob.mx\/index.php\/wp-json\/wp\/v2\/posts\/37825\/revisions"}],"predecessor-version":[{"id":37837,"href":"https:\/\/codeq.qroo.gob.mx\/index.php\/wp-json\/wp\/v2\/posts\/37825\/revisions\/37837"}],"wp:featuredmedia":[{"embeddable":true,"href":"https:\/\/codeq.qroo.gob.mx\/index.php\/wp-json\/wp\/v2\/media\/37833"}],"wp:attachment":[{"href":"https:\/\/codeq.qroo.gob.mx\/index.php\/wp-json\/wp\/v2\/media?parent=37825"}],"wp:term":[{"taxonomy":"category","embeddable":true,"href":"https:\/\/codeq.qroo.gob.mx\/index.php\/wp-json\/wp\/v2\/categories?post=37825"},{"taxonomy":"post_tag","embeddable":true,"href":"https:\/\/codeq.qroo.gob.mx\/index.php\/wp-json\/wp\/v2\/tags?post=37825"}],"curies":[{"name":"wp","href":"https:\/\/api.w.org\/{rel}","templated":true}]}}