{"id":37816,"date":"2025-09-30T11:27:30","date_gmt":"2025-09-30T16:27:30","guid":{"rendered":"https:\/\/codeq.qroo.gob.mx\/?p=37816"},"modified":"2025-09-30T11:27:31","modified_gmt":"2025-09-30T16:27:31","slug":"lanza-codeq-convocatoria-para-el-premio-estatal-del-deporte-2025-y-el-premio-a-la-excelencia-deportiva-2025","status":"publish","type":"post","link":"https:\/\/codeq.qroo.gob.mx\/index.php\/2025\/09\/30\/lanza-codeq-convocatoria-para-el-premio-estatal-del-deporte-2025-y-el-premio-a-la-excelencia-deportiva-2025\/","title":{"rendered":"Lanza CODEQ convocatoria para el \u2018Premio Estatal del Deporte 2025\u2019 y el \u2018Premio a la Excelencia Deportiva 2025\u2019"},"content":{"rendered":"\n<ul class=\"wp-block-list\">\n<li>En conferencia de prensa, Jacobo Arzate, titular de la CODEQ, anunci\u00f3 que los acreedores a este reconocimiento ser\u00e1n congratulados por la gobernadora Mara Lezama en una ceremonia el pr\u00f3ximo 20 de noviembre<\/li>\n\n\n\n<li>Tambi\u00e9n detall\u00f3 todos los requisitos para postularse y ser\u00e1 el d\u00eda 22 de octubre cuando se elija a las y los ganadores.<\/li>\n<\/ul>\n\n\n\n<p>Con el objetivo de reconocer a lo m\u00e1s destacado en el \u00e1mbito deportivo del estado, la Comisi\u00f3n del Deporte de Quintana Roo (CODEQ), a trav\u00e9s de su presidente Jacobo Arzate Hop, present\u00f3 la convocatoria para la elecci\u00f3n del \u201cPremio Estatal del Deporte 2025\u201d y el \u201cPremio a la Excelencia Deportiva 2025\u201d, reconocimientos que ser\u00e1n entregados por la gobernadora Mara Lezama Espinosa, el pr\u00f3ximo 20 de noviembre en el marco del Aniversario de la Revoluci\u00f3n Mexicana.<\/p>\n\n\n\n<p>Tal como lo marca el Nuevo Acuerdo por el Bienestar y Desarrollo, las y los atletas de la entidad son prioridad, por eso es importante reconocer sus logros obtenidos durante un a\u00f1o de competencias y en ese sentido se lanz\u00f3 la convocatoria para el Premio Estatal del Deporte y, en esta ocasi\u00f3n, tambi\u00e9n se anunci\u00f3 el Premio a la Excelencia Deportiva 2025.<\/p>\n\n\n\n<p>\u201cEstamos muy contentos y emocionados, porque como ya es una tradici\u00f3n, entramos en la \u00e9poca donde se va a reconocer a las y los atletas m\u00e1s destacados en un a\u00f1o de competencias y adem\u00e1s, estamos presentando un reconocimiento para las y los deportistas que en ediciones pasadas ya han sido ganadores del Premio Estatal del Deporte y siguen obteniendo logros deportivos, por eso otorgaremos el Premio a la Excelencia Deportiva\u201d, coment\u00f3 Jacobo Arzate.<\/p>\n\n\n\n<p>A\u00f1adi\u00f3: \u201cTenemos una gobernadora que le gusta mucho el deporte y siempre nos ha encomendado priorizar a las y los deportistas, entrenadores y todos aquellos entusiastas que se suman a la promoci\u00f3n deportiva en la entidad.\u201d<\/p>\n\n\n\n<p>Hablando sobre el Premio Estatal del Deporte, se confirm\u00f3 que se podr\u00e1n asignar hasta cinco ganadores tanto para el deporte convencional como para el deporte adaptado, dentro de las categor\u00edas: Deportista, Entrenador o Entrenadora, y Fomento, protecci\u00f3n o impulso a la pr\u00e1ctica de los deportes.<\/p>\n\n\n\n<p>Se repartir\u00e1 entre los ganadores un monto de 110,000 pesos y ya podr\u00e1n hacer las postulaciones, destacando que la convocatoria cerrar\u00e1 el pr\u00f3ximo 15 de octubre a las 18:00 horas. La documentaci\u00f3n deber\u00e1 entregarse de forma f\u00edsica en las oficinas de la CODEQ con sede en Chetumal y en Canc\u00fan, adem\u00e1s de que podr\u00e1n hacer su registro a trav\u00e9s del Sistema del Registro del Deporte de Quintana Roo (REDQ).<\/p>\n\n\n\n<p>Tambi\u00e9n se inform\u00f3 que la insaculaci\u00f3n del jurado se realizar\u00e1 el pr\u00f3ximo 22 de octubre ante notario p\u00fablico y posteriormente se llevar\u00e1 a cabo la evaluaci\u00f3n de las candidaturas para dar a conocer a los ganadores de la edici\u00f3n 2025, los cuales ser\u00e1n reconocidos durante una ceremonia el pr\u00f3ximo 20 de noviembre.<\/p>\n\n\n\n<p>Por otro lado, el titular de la CODEQ tambi\u00e9n hizo la presentaci\u00f3n de la convocatoria del \u201cPremio a la Excelencia Deportiva\u201d, el cual es un reconocimiento conmemorativo para las y los atletas que ya han sido ganadores de pasadas ediciones del Premio Estatal del Deporte.<\/p>\n\n\n\n<p>Se resalt\u00f3 que se entregar\u00e1n 66,000 pesos en las categor\u00edas: Deportista Convencional, Deportista Adaptado y Entrenador o Entrenadora. \u201cSabemos que muchas y muchos atletas siguen sumando logros en sus carreras deportivas, por eso entregaremos este premio, que es un reconocimiento a su dedicaci\u00f3n y esfuerzo\u201d, concluy\u00f3.<\/p>\n\n\n\n<p>En la cita con los medios de comunicaci\u00f3n tambi\u00e9n estuvo presente Luis Felipe Mart\u00edn P\u00e9rez, subsecretario de Educaci\u00f3n Media Superior y Superior; as\u00ed como Erik Alejandro Rojas Serrano, director de Alto Rendimiento de la CODEQ; Lizbeth Aguilar Gordillo, directora Jur\u00eddica, Transparencia, Acceso a la Informaci\u00f3n P\u00fablica y Protecci\u00f3n de Datos Personales de la CODEQ; y Jhony Alexander Salas Palma, secretario T\u00e9cnico de la CODEQ.<\/p>\n\n\n\n<figure class=\"wp-block-gallery has-nested-images columns-default is-cropped wp-block-gallery-1 is-layout-flex wp-block-gallery-is-layout-flex\">\n<figure class=\"wp-block-image size-large\"><img fetchpriority=\"high\" decoding=\"async\" width=\"1024\" height=\"684\" data-id=\"37817\" src=\"https:\/\/codeq.qroo.gob.mx\/wp-content\/uploads\/2025\/09\/WhatsApp-Image-2025-09-29-at-3.35.47-PM-1024x684.jpeg\" alt=\"\" class=\"wp-image-37817\" srcset=\"https:\/\/codeq.qroo.gob.mx\/wp-content\/uploads\/2025\/09\/WhatsApp-Image-2025-09-29-at-3.35.47-PM-1024x684.jpeg 1024w, https:\/\/codeq.qroo.gob.mx\/wp-content\/uploads\/2025\/09\/WhatsApp-Image-2025-09-29-at-3.35.47-PM-300x200.jpeg 300w, https:\/\/codeq.qroo.gob.mx\/wp-content\/uploads\/2025\/09\/WhatsApp-Image-2025-09-29-at-3.35.47-PM-768x513.jpeg 768w, https:\/\/codeq.qroo.gob.mx\/wp-content\/uploads\/2025\/09\/WhatsApp-Image-2025-09-29-at-3.35.47-PM-1536x1026.jpeg 1536w, https:\/\/codeq.qroo.gob.mx\/wp-content\/uploads\/2025\/09\/WhatsApp-Image-2025-09-29-at-3.35.47-PM.jpeg 1600w\" sizes=\"(max-width: 1024px) 100vw, 1024px\" \/><\/figure>\n\n\n\n<figure class=\"wp-block-image size-large\"><img decoding=\"async\" width=\"1024\" height=\"684\" data-id=\"37819\" src=\"https:\/\/codeq.qroo.gob.mx\/wp-content\/uploads\/2025\/09\/WhatsApp-Image-2025-09-29-at-3.35.46-PM2-1024x684.jpeg\" alt=\"\" class=\"wp-image-37819\" srcset=\"https:\/\/codeq.qroo.gob.mx\/wp-content\/uploads\/2025\/09\/WhatsApp-Image-2025-09-29-at-3.35.46-PM2-1024x684.jpeg 1024w, https:\/\/codeq.qroo.gob.mx\/wp-content\/uploads\/2025\/09\/WhatsApp-Image-2025-09-29-at-3.35.46-PM2-300x200.jpeg 300w, https:\/\/codeq.qroo.gob.mx\/wp-content\/uploads\/2025\/09\/WhatsApp-Image-2025-09-29-at-3.35.46-PM2-768x513.jpeg 768w, https:\/\/codeq.qroo.gob.mx\/wp-content\/uploads\/2025\/09\/WhatsApp-Image-2025-09-29-at-3.35.46-PM2-1536x1026.jpeg 1536w, https:\/\/codeq.qroo.gob.mx\/wp-content\/uploads\/2025\/09\/WhatsApp-Image-2025-09-29-at-3.35.46-PM2.jpeg 1600w\" sizes=\"(max-width: 1024px) 100vw, 1024px\" \/><\/figure>\n\n\n\n<figure class=\"wp-block-image size-large\"><img decoding=\"async\" width=\"1024\" height=\"684\" data-id=\"37820\" src=\"https:\/\/codeq.qroo.gob.mx\/wp-content\/uploads\/2025\/09\/WhatsApp-Image-2025-09-29-at-3.35.46-PM1-1024x684.jpeg\" alt=\"\" class=\"wp-image-37820\" srcset=\"https:\/\/codeq.qroo.gob.mx\/wp-content\/uploads\/2025\/09\/WhatsApp-Image-2025-09-29-at-3.35.46-PM1-1024x684.jpeg 1024w, https:\/\/codeq.qroo.gob.mx\/wp-content\/uploads\/2025\/09\/WhatsApp-Image-2025-09-29-at-3.35.46-PM1-300x200.jpeg 300w, https:\/\/codeq.qroo.gob.mx\/wp-content\/uploads\/2025\/09\/WhatsApp-Image-2025-09-29-at-3.35.46-PM1-768x513.jpeg 768w, https:\/\/codeq.qroo.gob.mx\/wp-content\/uploads\/2025\/09\/WhatsApp-Image-2025-09-29-at-3.35.46-PM1-1536x1026.jpeg 1536w, https:\/\/codeq.qroo.gob.mx\/wp-content\/uploads\/2025\/09\/WhatsApp-Image-2025-09-29-at-3.35.46-PM1.jpeg 1600w\" sizes=\"(max-width: 1024px) 100vw, 1024px\" \/><\/figure>\n\n\n\n<figure class=\"wp-block-image size-large\"><img loading=\"lazy\" decoding=\"async\" width=\"1024\" height=\"684\" data-id=\"37818\" src=\"https:\/\/codeq.qroo.gob.mx\/wp-content\/uploads\/2025\/09\/WhatsApp-Image-2025-09-29-at-3.35.46-PM-1024x684.jpeg\" alt=\"\" class=\"wp-image-37818\" srcset=\"https:\/\/codeq.qroo.gob.mx\/wp-content\/uploads\/2025\/09\/WhatsApp-Image-2025-09-29-at-3.35.46-PM-1024x684.jpeg 1024w, https:\/\/codeq.qroo.gob.mx\/wp-content\/uploads\/2025\/09\/WhatsApp-Image-2025-09-29-at-3.35.46-PM-300x200.jpeg 300w, https:\/\/codeq.qroo.gob.mx\/wp-content\/uploads\/2025\/09\/WhatsApp-Image-2025-09-29-at-3.35.46-PM-768x513.jpeg 768w, https:\/\/codeq.qroo.gob.mx\/wp-content\/uploads\/2025\/09\/WhatsApp-Image-2025-09-29-at-3.35.46-PM-1536x1026.jpeg 1536w, https:\/\/codeq.qroo.gob.mx\/wp-content\/uploads\/2025\/09\/WhatsApp-Image-2025-09-29-at-3.35.46-PM.jpeg 1600w\" sizes=\"(max-width: 1024px) 100vw, 1024px\" \/><\/figure>\n\n\n\n<figure class=\"wp-block-image size-large\"><img loading=\"lazy\" decoding=\"async\" width=\"1024\" height=\"684\" data-id=\"37821\" src=\"https:\/\/codeq.qroo.gob.mx\/wp-content\/uploads\/2025\/09\/WhatsApp-Image-2025-09-29-at-3.35.45-PM-1024x684.jpeg\" alt=\"\" class=\"wp-image-37821\" srcset=\"https:\/\/codeq.qroo.gob.mx\/wp-content\/uploads\/2025\/09\/WhatsApp-Image-2025-09-29-at-3.35.45-PM-1024x684.jpeg 1024w, https:\/\/codeq.qroo.gob.mx\/wp-content\/uploads\/2025\/09\/WhatsApp-Image-2025-09-29-at-3.35.45-PM-300x200.jpeg 300w, https:\/\/codeq.qroo.gob.mx\/wp-content\/uploads\/2025\/09\/WhatsApp-Image-2025-09-29-at-3.35.45-PM-768x513.jpeg 768w, https:\/\/codeq.qroo.gob.mx\/wp-content\/uploads\/2025\/09\/WhatsApp-Image-2025-09-29-at-3.35.45-PM-1536x1026.jpeg 1536w, https:\/\/codeq.qroo.gob.mx\/wp-content\/uploads\/2025\/09\/WhatsApp-Image-2025-09-29-at-3.35.45-PM.jpeg 1600w\" sizes=\"(max-width: 1024px) 100vw, 1024px\" \/><\/figure>\n\n\n\n<figure class=\"wp-block-image size-large\"><img loading=\"lazy\" decoding=\"async\" width=\"1024\" height=\"684\" data-id=\"37822\" src=\"https:\/\/codeq.qroo.gob.mx\/wp-content\/uploads\/2025\/09\/WhatsApp-Image-2025-09-29-at-3.35.44-PM1-1024x684.jpeg\" alt=\"\" class=\"wp-image-37822\" srcset=\"https:\/\/codeq.qroo.gob.mx\/wp-content\/uploads\/2025\/09\/WhatsApp-Image-2025-09-29-at-3.35.44-PM1-1024x684.jpeg 1024w, https:\/\/codeq.qroo.gob.mx\/wp-content\/uploads\/2025\/09\/WhatsApp-Image-2025-09-29-at-3.35.44-PM1-300x200.jpeg 300w, https:\/\/codeq.qroo.gob.mx\/wp-content\/uploads\/2025\/09\/WhatsApp-Image-2025-09-29-at-3.35.44-PM1-768x513.jpeg 768w, https:\/\/codeq.qroo.gob.mx\/wp-content\/uploads\/2025\/09\/WhatsApp-Image-2025-09-29-at-3.35.44-PM1-1536x1026.jpeg 1536w, https:\/\/codeq.qroo.gob.mx\/wp-content\/uploads\/2025\/09\/WhatsApp-Image-2025-09-29-at-3.35.44-PM1.jpeg 1600w\" sizes=\"(max-width: 1024px) 100vw, 1024px\" \/><\/figure>\n\n\n\n<figure class=\"wp-block-image size-large\"><img loading=\"lazy\" decoding=\"async\" width=\"1024\" height=\"684\" data-id=\"37823\" src=\"https:\/\/codeq.qroo.gob.mx\/wp-content\/uploads\/2025\/09\/WhatsApp-Image-2025-09-29-at-3.35.44-PM-1024x684.jpeg\" alt=\"\" class=\"wp-image-37823\" srcset=\"https:\/\/codeq.qroo.gob.mx\/wp-content\/uploads\/2025\/09\/WhatsApp-Image-2025-09-29-at-3.35.44-PM-1024x684.jpeg 1024w, https:\/\/codeq.qroo.gob.mx\/wp-content\/uploads\/2025\/09\/WhatsApp-Image-2025-09-29-at-3.35.44-PM-300x200.jpeg 300w, https:\/\/codeq.qroo.gob.mx\/wp-content\/uploads\/2025\/09\/WhatsApp-Image-2025-09-29-at-3.35.44-PM-768x513.jpeg 768w, https:\/\/codeq.qroo.gob.mx\/wp-content\/uploads\/2025\/09\/WhatsApp-Image-2025-09-29-at-3.35.44-PM-1536x1026.jpeg 1536w, https:\/\/codeq.qroo.gob.mx\/wp-content\/uploads\/2025\/09\/WhatsApp-Image-2025-09-29-at-3.35.44-PM.jpeg 1600w\" sizes=\"(max-width: 1024px) 100vw, 1024px\" \/><\/figure>\n<\/figure>\n","protected":false},"excerpt":{"rendered":"<p>Con el objetivo de reconocer a lo m\u00e1s destacado en el \u00e1mbito deportivo del estado, la Comisi\u00f3n del Deporte de Quintana Roo (CODEQ), a trav\u00e9s de su presidente Jacobo Arzate Hop, present\u00f3 la convocatoria para la elecci\u00f3n del \u201cPremio Estatal del Deporte 2025\u201d y el \u201cPremio a la Excelencia Deportiva 2025\u201d, reconocimientos que ser\u00e1n entregados &#8230; <a title=\"Lanza CODEQ convocatoria para el \u2018Premio Estatal del Deporte 2025\u2019 y el \u2018Premio a la Excelencia Deportiva 2025\u2019\" class=\"read-more\" href=\"https:\/\/codeq.qroo.gob.mx\/index.php\/2025\/09\/30\/lanza-codeq-convocatoria-para-el-premio-estatal-del-deporte-2025-y-el-premio-a-la-excelencia-deportiva-2025\/\" aria-label=\"Leer m\u00e1s sobre Lanza CODEQ convocatoria para el \u2018Premio Estatal del Deporte 2025\u2019 y el \u2018Premio a la Excelencia Deportiva 2025\u2019\">Leer m\u00e1s<\/a><\/p>\n","protected":false},"author":3,"featured_media":37823,"comment_status":"open","ping_status":"open","sticky":false,"template":"","format":"standard","meta":{"footnotes":""},"categories":[5],"tags":[],"class_list":["post-37816","post","type-post","status-publish","format-standard","has-post-thumbnail","hentry","category-noticias"],"yoast_head":"<!-- This site is optimized with the Yoast SEO plugin v25.5 - https:\/\/yoast.com\/wordpress\/plugins\/seo\/ -->\n<title>Lanza CODEQ convocatoria para el \u2018Premio Estatal del Deporte 2025\u2019 y el \u2018Premio a la Excelencia Deportiva 2025\u2019 - Comisi\u00f3n del Deporte de Quintana Roo<\/title>\n<meta name=\"robots\" content=\"index, follow, max-snippet:-1, max-image-preview:large, max-video-preview:-1\" \/>\n<link rel=\"canonical\" href=\"https:\/\/codeq.qroo.gob.mx\/index.php\/2025\/09\/30\/lanza-codeq-convocatoria-para-el-premio-estatal-del-deporte-2025-y-el-premio-a-la-excelencia-deportiva-2025\/\" \/>\n<meta property=\"og:locale\" content=\"es_MX\" \/>\n<meta property=\"og:type\" content=\"article\" \/>\n<meta property=\"og:title\" content=\"Lanza CODEQ convocatoria para el \u2018Premio Estatal del Deporte 2025\u2019 y el \u2018Premio a la Excelencia Deportiva 2025\u2019 - Comisi\u00f3n del Deporte de Quintana Roo\" \/>\n<meta property=\"og:description\" content=\"Con el objetivo de reconocer a lo m\u00e1s destacado en el \u00e1mbito deportivo del estado, la Comisi\u00f3n del Deporte de Quintana Roo (CODEQ), a trav\u00e9s de su presidente Jacobo Arzate Hop, present\u00f3 la convocatoria para la elecci\u00f3n del \u201cPremio Estatal del Deporte 2025\u201d y el \u201cPremio a la Excelencia Deportiva 2025\u201d, reconocimientos que ser\u00e1n entregados ... Leer m\u00e1s\" \/>\n<meta property=\"og:url\" content=\"https:\/\/codeq.qroo.gob.mx\/index.php\/2025\/09\/30\/lanza-codeq-convocatoria-para-el-premio-estatal-del-deporte-2025-y-el-premio-a-la-excelencia-deportiva-2025\/\" \/>\n<meta property=\"og:site_name\" content=\"Comisi\u00f3n del Deporte de Quintana Roo\" \/>\n<meta property=\"article:published_time\" content=\"2025-09-30T16:27:30+00:00\" \/>\n<meta property=\"article:modified_time\" content=\"2025-09-30T16:27:31+00:00\" \/>\n<meta property=\"og:image\" content=\"https:\/\/codeq.qroo.gob.mx\/wp-content\/uploads\/2025\/09\/WhatsApp-Image-2025-09-29-at-3.35.44-PM.jpeg\" \/>\n\t<meta property=\"og:image:width\" content=\"1600\" \/>\n\t<meta property=\"og:image:height\" content=\"1069\" \/>\n\t<meta property=\"og:image:type\" content=\"image\/jpeg\" \/>\n<meta name=\"author\" content=\"Jorge Antonio Carvajal Maldonado\" \/>\n<meta name=\"twitter:card\" content=\"summary_large_image\" \/>\n<meta name=\"twitter:label1\" content=\"Escrito por\" \/>\n\t<meta name=\"twitter:data1\" content=\"Jorge Antonio Carvajal Maldonado\" \/>\n\t<meta name=\"twitter:label2\" content=\"Tiempo de lectura\" \/>\n\t<meta name=\"twitter:data2\" content=\"5 minutos\" \/>\n<script type=\"application\/ld+json\" class=\"yoast-schema-graph\">{\"@context\":\"https:\/\/schema.org\",\"@graph\":[{\"@type\":\"Article\",\"@id\":\"https:\/\/codeq.qroo.gob.mx\/index.php\/2025\/09\/30\/lanza-codeq-convocatoria-para-el-premio-estatal-del-deporte-2025-y-el-premio-a-la-excelencia-deportiva-2025\/#article\",\"isPartOf\":{\"@id\":\"https:\/\/codeq.qroo.gob.mx\/index.php\/2025\/09\/30\/lanza-codeq-convocatoria-para-el-premio-estatal-del-deporte-2025-y-el-premio-a-la-excelencia-deportiva-2025\/\"},\"author\":{\"name\":\"Jorge Antonio Carvajal Maldonado\",\"@id\":\"https:\/\/codeq.qroo.gob.mx\/#\/schema\/person\/08f280f71ae6986a008ff55cb6d46160\"},\"headline\":\"Lanza CODEQ convocatoria para el \u2018Premio Estatal del Deporte 2025\u2019 y el \u2018Premio a la Excelencia Deportiva 2025\u2019\",\"datePublished\":\"2025-09-30T16:27:30+00:00\",\"dateModified\":\"2025-09-30T16:27:31+00:00\",\"mainEntityOfPage\":{\"@id\":\"https:\/\/codeq.qroo.gob.mx\/index.php\/2025\/09\/30\/lanza-codeq-convocatoria-para-el-premio-estatal-del-deporte-2025-y-el-premio-a-la-excelencia-deportiva-2025\/\"},\"wordCount\":679,\"commentCount\":0,\"publisher\":{\"@id\":\"https:\/\/codeq.qroo.gob.mx\/#organization\"},\"image\":{\"@id\":\"https:\/\/codeq.qroo.gob.mx\/index.php\/2025\/09\/30\/lanza-codeq-convocatoria-para-el-premio-estatal-del-deporte-2025-y-el-premio-a-la-excelencia-deportiva-2025\/#primaryimage\"},\"thumbnailUrl\":\"https:\/\/codeq.qroo.gob.mx\/wp-content\/uploads\/2025\/09\/WhatsApp-Image-2025-09-29-at-3.35.44-PM.jpeg\",\"articleSection\":[\"Noticias\"],\"inLanguage\":\"es\",\"potentialAction\":[{\"@type\":\"CommentAction\",\"name\":\"Comment\",\"target\":[\"https:\/\/codeq.qroo.gob.mx\/index.php\/2025\/09\/30\/lanza-codeq-convocatoria-para-el-premio-estatal-del-deporte-2025-y-el-premio-a-la-excelencia-deportiva-2025\/#respond\"]}]},{\"@type\":\"WebPage\",\"@id\":\"https:\/\/codeq.qroo.gob.mx\/index.php\/2025\/09\/30\/lanza-codeq-convocatoria-para-el-premio-estatal-del-deporte-2025-y-el-premio-a-la-excelencia-deportiva-2025\/\",\"url\":\"https:\/\/codeq.qroo.gob.mx\/index.php\/2025\/09\/30\/lanza-codeq-convocatoria-para-el-premio-estatal-del-deporte-2025-y-el-premio-a-la-excelencia-deportiva-2025\/\",\"name\":\"Lanza CODEQ convocatoria para el \u2018Premio Estatal del Deporte 2025\u2019 y el \u2018Premio a la Excelencia Deportiva 2025\u2019 - Comisi\u00f3n del Deporte de Quintana Roo\",\"isPartOf\":{\"@id\":\"https:\/\/codeq.qroo.gob.mx\/#website\"},\"primaryImageOfPage\":{\"@id\":\"https:\/\/codeq.qroo.gob.mx\/index.php\/2025\/09\/30\/lanza-codeq-convocatoria-para-el-premio-estatal-del-deporte-2025-y-el-premio-a-la-excelencia-deportiva-2025\/#primaryimage\"},\"image\":{\"@id\":\"https:\/\/codeq.qroo.gob.mx\/index.php\/2025\/09\/30\/lanza-codeq-convocatoria-para-el-premio-estatal-del-deporte-2025-y-el-premio-a-la-excelencia-deportiva-2025\/#primaryimage\"},\"thumbnailUrl\":\"https:\/\/codeq.qroo.gob.mx\/wp-content\/uploads\/2025\/09\/WhatsApp-Image-2025-09-29-at-3.35.44-PM.jpeg\",\"datePublished\":\"2025-09-30T16:27:30+00:00\",\"dateModified\":\"2025-09-30T16:27:31+00:00\",\"breadcrumb\":{\"@id\":\"https:\/\/codeq.qroo.gob.mx\/index.php\/2025\/09\/30\/lanza-codeq-convocatoria-para-el-premio-estatal-del-deporte-2025-y-el-premio-a-la-excelencia-deportiva-2025\/#breadcrumb\"},\"inLanguage\":\"es\",\"potentialAction\":[{\"@type\":\"ReadAction\",\"target\":[\"https:\/\/codeq.qroo.gob.mx\/index.php\/2025\/09\/30\/lanza-codeq-convocatoria-para-el-premio-estatal-del-deporte-2025-y-el-premio-a-la-excelencia-deportiva-2025\/\"]}]},{\"@type\":\"ImageObject\",\"inLanguage\":\"es\",\"@id\":\"https:\/\/codeq.qroo.gob.mx\/index.php\/2025\/09\/30\/lanza-codeq-convocatoria-para-el-premio-estatal-del-deporte-2025-y-el-premio-a-la-excelencia-deportiva-2025\/#primaryimage\",\"url\":\"https:\/\/codeq.qroo.gob.mx\/wp-content\/uploads\/2025\/09\/WhatsApp-Image-2025-09-29-at-3.35.44-PM.jpeg\",\"contentUrl\":\"https:\/\/codeq.qroo.gob.mx\/wp-content\/uploads\/2025\/09\/WhatsApp-Image-2025-09-29-at-3.35.44-PM.jpeg\",\"width\":1600,\"height\":1069},{\"@type\":\"BreadcrumbList\",\"@id\":\"https:\/\/codeq.qroo.gob.mx\/index.php\/2025\/09\/30\/lanza-codeq-convocatoria-para-el-premio-estatal-del-deporte-2025-y-el-premio-a-la-excelencia-deportiva-2025\/#breadcrumb\",\"itemListElement\":[{\"@type\":\"ListItem\",\"position\":1,\"name\":\"Inicio\",\"item\":\"https:\/\/codeq.qroo.gob.mx\/\"},{\"@type\":\"ListItem\",\"position\":2,\"name\":\"Lanza CODEQ convocatoria para el \u2018Premio Estatal del Deporte 2025\u2019 y el \u2018Premio a la Excelencia Deportiva 2025\u2019\"}]},{\"@type\":\"WebSite\",\"@id\":\"https:\/\/codeq.qroo.gob.mx\/#website\",\"url\":\"https:\/\/codeq.qroo.gob.mx\/\",\"name\":\"Comisi\u00f3n del Deporte de Quintana Roo\",\"description\":\"CODEQ\",\"publisher\":{\"@id\":\"https:\/\/codeq.qroo.gob.mx\/#organization\"},\"potentialAction\":[{\"@type\":\"SearchAction\",\"target\":{\"@type\":\"EntryPoint\",\"urlTemplate\":\"https:\/\/codeq.qroo.gob.mx\/?s={search_term_string}\"},\"query-input\":{\"@type\":\"PropertyValueSpecification\",\"valueRequired\":true,\"valueName\":\"search_term_string\"}}],\"inLanguage\":\"es\"},{\"@type\":\"Organization\",\"@id\":\"https:\/\/codeq.qroo.gob.mx\/#organization\",\"name\":\"Comisi\u00f3n del Deporte de Quintana Roo\",\"url\":\"https:\/\/codeq.qroo.gob.mx\/\",\"logo\":{\"@type\":\"ImageObject\",\"inLanguage\":\"es\",\"@id\":\"https:\/\/codeq.qroo.gob.mx\/#\/schema\/logo\/image\/\",\"url\":\"https:\/\/codeq.qroo.gob.mx\/wp-content\/uploads\/2024\/07\/CODEQ.png\",\"contentUrl\":\"https:\/\/codeq.qroo.gob.mx\/wp-content\/uploads\/2024\/07\/CODEQ.png\",\"width\":3000,\"height\":1688,\"caption\":\"Comisi\u00f3n del Deporte de Quintana Roo\"},\"image\":{\"@id\":\"https:\/\/codeq.qroo.gob.mx\/#\/schema\/logo\/image\/\"}},{\"@type\":\"Person\",\"@id\":\"https:\/\/codeq.qroo.gob.mx\/#\/schema\/person\/08f280f71ae6986a008ff55cb6d46160\",\"name\":\"Jorge Antonio Carvajal Maldonado\",\"image\":{\"@type\":\"ImageObject\",\"inLanguage\":\"es\",\"@id\":\"https:\/\/codeq.qroo.gob.mx\/#\/schema\/person\/image\/\",\"url\":\"https:\/\/secure.gravatar.com\/avatar\/e61cdf534226ddcecdaed9988ec080e5df82259aa9a3e3f50abf5a5f2b95122f?s=96&d=mm&r=g\",\"contentUrl\":\"https:\/\/secure.gravatar.com\/avatar\/e61cdf534226ddcecdaed9988ec080e5df82259aa9a3e3f50abf5a5f2b95122f?s=96&d=mm&r=g\",\"caption\":\"Jorge Antonio Carvajal Maldonado\"},\"url\":\"https:\/\/codeq.qroo.gob.mx\/index.php\/author\/antonio\/\"}]}<\/script>\n<!-- \/ Yoast SEO plugin. -->","yoast_head_json":{"title":"Lanza CODEQ convocatoria para el \u2018Premio Estatal del Deporte 2025\u2019 y el \u2018Premio a la Excelencia Deportiva 2025\u2019 - Comisi\u00f3n del Deporte de Quintana Roo","robots":{"index":"index","follow":"follow","max-snippet":"max-snippet:-1","max-image-preview":"max-image-preview:large","max-video-preview":"max-video-preview:-1"},"canonical":"https:\/\/codeq.qroo.gob.mx\/index.php\/2025\/09\/30\/lanza-codeq-convocatoria-para-el-premio-estatal-del-deporte-2025-y-el-premio-a-la-excelencia-deportiva-2025\/","og_locale":"es_MX","og_type":"article","og_title":"Lanza CODEQ convocatoria para el \u2018Premio Estatal del Deporte 2025\u2019 y el \u2018Premio a la Excelencia Deportiva 2025\u2019 - Comisi\u00f3n del Deporte de Quintana Roo","og_description":"Con el objetivo de reconocer a lo m\u00e1s destacado en el \u00e1mbito deportivo del estado, la Comisi\u00f3n del Deporte de Quintana Roo (CODEQ), a trav\u00e9s de su presidente Jacobo Arzate Hop, present\u00f3 la convocatoria para la elecci\u00f3n del \u201cPremio Estatal del Deporte 2025\u201d y el \u201cPremio a la Excelencia Deportiva 2025\u201d, reconocimientos que ser\u00e1n entregados ... Leer m\u00e1s","og_url":"https:\/\/codeq.qroo.gob.mx\/index.php\/2025\/09\/30\/lanza-codeq-convocatoria-para-el-premio-estatal-del-deporte-2025-y-el-premio-a-la-excelencia-deportiva-2025\/","og_site_name":"Comisi\u00f3n del Deporte de Quintana Roo","article_published_time":"2025-09-30T16:27:30+00:00","article_modified_time":"2025-09-30T16:27:31+00:00","og_image":[{"width":1600,"height":1069,"url":"https:\/\/codeq.qroo.gob.mx\/wp-content\/uploads\/2025\/09\/WhatsApp-Image-2025-09-29-at-3.35.44-PM.jpeg","type":"image\/jpeg"}],"author":"Jorge Antonio Carvajal Maldonado","twitter_card":"summary_large_image","twitter_misc":{"Escrito por":"Jorge Antonio Carvajal Maldonado","Tiempo de lectura":"5 minutos"},"schema":{"@context":"https:\/\/schema.org","@graph":[{"@type":"Article","@id":"https:\/\/codeq.qroo.gob.mx\/index.php\/2025\/09\/30\/lanza-codeq-convocatoria-para-el-premio-estatal-del-deporte-2025-y-el-premio-a-la-excelencia-deportiva-2025\/#article","isPartOf":{"@id":"https:\/\/codeq.qroo.gob.mx\/index.php\/2025\/09\/30\/lanza-codeq-convocatoria-para-el-premio-estatal-del-deporte-2025-y-el-premio-a-la-excelencia-deportiva-2025\/"},"author":{"name":"Jorge Antonio Carvajal Maldonado","@id":"https:\/\/codeq.qroo.gob.mx\/#\/schema\/person\/08f280f71ae6986a008ff55cb6d46160"},"headline":"Lanza CODEQ convocatoria para el \u2018Premio Estatal del Deporte 2025\u2019 y el \u2018Premio a la Excelencia Deportiva 2025\u2019","datePublished":"2025-09-30T16:27:30+00:00","dateModified":"2025-09-30T16:27:31+00:00","mainEntityOfPage":{"@id":"https:\/\/codeq.qroo.gob.mx\/index.php\/2025\/09\/30\/lanza-codeq-convocatoria-para-el-premio-estatal-del-deporte-2025-y-el-premio-a-la-excelencia-deportiva-2025\/"},"wordCount":679,"commentCount":0,"publisher":{"@id":"https:\/\/codeq.qroo.gob.mx\/#organization"},"image":{"@id":"https:\/\/codeq.qroo.gob.mx\/index.php\/2025\/09\/30\/lanza-codeq-convocatoria-para-el-premio-estatal-del-deporte-2025-y-el-premio-a-la-excelencia-deportiva-2025\/#primaryimage"},"thumbnailUrl":"https:\/\/codeq.qroo.gob.mx\/wp-content\/uploads\/2025\/09\/WhatsApp-Image-2025-09-29-at-3.35.44-PM.jpeg","articleSection":["Noticias"],"inLanguage":"es","potentialAction":[{"@type":"CommentAction","name":"Comment","target":["https:\/\/codeq.qroo.gob.mx\/index.php\/2025\/09\/30\/lanza-codeq-convocatoria-para-el-premio-estatal-del-deporte-2025-y-el-premio-a-la-excelencia-deportiva-2025\/#respond"]}]},{"@type":"WebPage","@id":"https:\/\/codeq.qroo.gob.mx\/index.php\/2025\/09\/30\/lanza-codeq-convocatoria-para-el-premio-estatal-del-deporte-2025-y-el-premio-a-la-excelencia-deportiva-2025\/","url":"https:\/\/codeq.qroo.gob.mx\/index.php\/2025\/09\/30\/lanza-codeq-convocatoria-para-el-premio-estatal-del-deporte-2025-y-el-premio-a-la-excelencia-deportiva-2025\/","name":"Lanza CODEQ convocatoria para el \u2018Premio Estatal del Deporte 2025\u2019 y el \u2018Premio a la Excelencia Deportiva 2025\u2019 - Comisi\u00f3n del Deporte de Quintana Roo","isPartOf":{"@id":"https:\/\/codeq.qroo.gob.mx\/#website"},"primaryImageOfPage":{"@id":"https:\/\/codeq.qroo.gob.mx\/index.php\/2025\/09\/30\/lanza-codeq-convocatoria-para-el-premio-estatal-del-deporte-2025-y-el-premio-a-la-excelencia-deportiva-2025\/#primaryimage"},"image":{"@id":"https:\/\/codeq.qroo.gob.mx\/index.php\/2025\/09\/30\/lanza-codeq-convocatoria-para-el-premio-estatal-del-deporte-2025-y-el-premio-a-la-excelencia-deportiva-2025\/#primaryimage"},"thumbnailUrl":"https:\/\/codeq.qroo.gob.mx\/wp-content\/uploads\/2025\/09\/WhatsApp-Image-2025-09-29-at-3.35.44-PM.jpeg","datePublished":"2025-09-30T16:27:30+00:00","dateModified":"2025-09-30T16:27:31+00:00","breadcrumb":{"@id":"https:\/\/codeq.qroo.gob.mx\/index.php\/2025\/09\/30\/lanza-codeq-convocatoria-para-el-premio-estatal-del-deporte-2025-y-el-premio-a-la-excelencia-deportiva-2025\/#breadcrumb"},"inLanguage":"es","potentialAction":[{"@type":"ReadAction","target":["https:\/\/codeq.qroo.gob.mx\/index.php\/2025\/09\/30\/lanza-codeq-convocatoria-para-el-premio-estatal-del-deporte-2025-y-el-premio-a-la-excelencia-deportiva-2025\/"]}]},{"@type":"ImageObject","inLanguage":"es","@id":"https:\/\/codeq.qroo.gob.mx\/index.php\/2025\/09\/30\/lanza-codeq-convocatoria-para-el-premio-estatal-del-deporte-2025-y-el-premio-a-la-excelencia-deportiva-2025\/#primaryimage","url":"https:\/\/codeq.qroo.gob.mx\/wp-content\/uploads\/2025\/09\/WhatsApp-Image-2025-09-29-at-3.35.44-PM.jpeg","contentUrl":"https:\/\/codeq.qroo.gob.mx\/wp-content\/uploads\/2025\/09\/WhatsApp-Image-2025-09-29-at-3.35.44-PM.jpeg","width":1600,"height":1069},{"@type":"BreadcrumbList","@id":"https:\/\/codeq.qroo.gob.mx\/index.php\/2025\/09\/30\/lanza-codeq-convocatoria-para-el-premio-estatal-del-deporte-2025-y-el-premio-a-la-excelencia-deportiva-2025\/#breadcrumb","itemListElement":[{"@type":"ListItem","position":1,"name":"Inicio","item":"https:\/\/codeq.qroo.gob.mx\/"},{"@type":"ListItem","position":2,"name":"Lanza CODEQ convocatoria para el \u2018Premio Estatal del Deporte 2025\u2019 y el \u2018Premio a la Excelencia Deportiva 2025\u2019"}]},{"@type":"WebSite","@id":"https:\/\/codeq.qroo.gob.mx\/#website","url":"https:\/\/codeq.qroo.gob.mx\/","name":"Comisi\u00f3n del Deporte de Quintana Roo","description":"CODEQ","publisher":{"@id":"https:\/\/codeq.qroo.gob.mx\/#organization"},"potentialAction":[{"@type":"SearchAction","target":{"@type":"EntryPoint","urlTemplate":"https:\/\/codeq.qroo.gob.mx\/?s={search_term_string}"},"query-input":{"@type":"PropertyValueSpecification","valueRequired":true,"valueName":"search_term_string"}}],"inLanguage":"es"},{"@type":"Organization","@id":"https:\/\/codeq.qroo.gob.mx\/#organization","name":"Comisi\u00f3n del Deporte de Quintana Roo","url":"https:\/\/codeq.qroo.gob.mx\/","logo":{"@type":"ImageObject","inLanguage":"es","@id":"https:\/\/codeq.qroo.gob.mx\/#\/schema\/logo\/image\/","url":"https:\/\/codeq.qroo.gob.mx\/wp-content\/uploads\/2024\/07\/CODEQ.png","contentUrl":"https:\/\/codeq.qroo.gob.mx\/wp-content\/uploads\/2024\/07\/CODEQ.png","width":3000,"height":1688,"caption":"Comisi\u00f3n del Deporte de Quintana Roo"},"image":{"@id":"https:\/\/codeq.qroo.gob.mx\/#\/schema\/logo\/image\/"}},{"@type":"Person","@id":"https:\/\/codeq.qroo.gob.mx\/#\/schema\/person\/08f280f71ae6986a008ff55cb6d46160","name":"Jorge Antonio Carvajal Maldonado","image":{"@type":"ImageObject","inLanguage":"es","@id":"https:\/\/codeq.qroo.gob.mx\/#\/schema\/person\/image\/","url":"https:\/\/secure.gravatar.com\/avatar\/e61cdf534226ddcecdaed9988ec080e5df82259aa9a3e3f50abf5a5f2b95122f?s=96&d=mm&r=g","contentUrl":"https:\/\/secure.gravatar.com\/avatar\/e61cdf534226ddcecdaed9988ec080e5df82259aa9a3e3f50abf5a5f2b95122f?s=96&d=mm&r=g","caption":"Jorge Antonio Carvajal Maldonado"},"url":"https:\/\/codeq.qroo.gob.mx\/index.php\/author\/antonio\/"}]}},"_links":{"self":[{"href":"https:\/\/codeq.qroo.gob.mx\/index.php\/wp-json\/wp\/v2\/posts\/37816","targetHints":{"allow":["GET"]}}],"collection":[{"href":"https:\/\/codeq.qroo.gob.mx\/index.php\/wp-json\/wp\/v2\/posts"}],"about":[{"href":"https:\/\/codeq.qroo.gob.mx\/index.php\/wp-json\/wp\/v2\/types\/post"}],"author":[{"embeddable":true,"href":"https:\/\/codeq.qroo.gob.mx\/index.php\/wp-json\/wp\/v2\/users\/3"}],"replies":[{"embeddable":true,"href":"https:\/\/codeq.qroo.gob.mx\/index.php\/wp-json\/wp\/v2\/comments?post=37816"}],"version-history":[{"count":1,"href":"https:\/\/codeq.qroo.gob.mx\/index.php\/wp-json\/wp\/v2\/posts\/37816\/revisions"}],"predecessor-version":[{"id":37824,"href":"https:\/\/codeq.qroo.gob.mx\/index.php\/wp-json\/wp\/v2\/posts\/37816\/revisions\/37824"}],"wp:featuredmedia":[{"embeddable":true,"href":"https:\/\/codeq.qroo.gob.mx\/index.php\/wp-json\/wp\/v2\/media\/37823"}],"wp:attachment":[{"href":"https:\/\/codeq.qroo.gob.mx\/index.php\/wp-json\/wp\/v2\/media?parent=37816"}],"wp:term":[{"taxonomy":"category","embeddable":true,"href":"https:\/\/codeq.qroo.gob.mx\/index.php\/wp-json\/wp\/v2\/categories?post=37816"},{"taxonomy":"post_tag","embeddable":true,"href":"https:\/\/codeq.qroo.gob.mx\/index.php\/wp-json\/wp\/v2\/tags?post=37816"}],"curies":[{"name":"wp","href":"https:\/\/api.w.org\/{rel}","templated":true}]}}