{"id":37790,"date":"2025-09-23T12:16:00","date_gmt":"2025-09-23T17:16:00","guid":{"rendered":"https:\/\/codeq.qroo.gob.mx\/?p=37790"},"modified":"2025-09-23T12:16:01","modified_gmt":"2025-09-23T17:16:01","slug":"respalda-codeq-la-profesionalizacion-y-capacitacion-constante-de-las-y-los-atletas-y-entrenadores-de-powerlifting-en-quintana-roo","status":"publish","type":"post","link":"https:\/\/codeq.qroo.gob.mx\/index.php\/2025\/09\/23\/respalda-codeq-la-profesionalizacion-y-capacitacion-constante-de-las-y-los-atletas-y-entrenadores-de-powerlifting-en-quintana-roo\/","title":{"rendered":"Respalda CODEQ la profesionalizaci\u00f3n y capacitaci\u00f3n constante de las y los atletas y entrenadores de Powerlifting en Quintana Roo"},"content":{"rendered":"\n<p><\/p>\n\n\n\n<ul class=\"wp-block-list\">\n<li>Jacobo Arzate, titular de la CODEQ, encabez\u00f3 una firma de acuerdo de colaboraci\u00f3n entre la Federaci\u00f3n Mexicana de Powerlifting y la empresa Vive del Deporte<\/li>\n<\/ul>\n\n\n\n<p>Con el objetivo de profesionalizar a las y los atletas, as\u00ed como entrenadores y promotores especializados en la disciplina de Powerlifting y con ello puedan tener un desarrollo integral, la Comisi\u00f3n del Deporte de Quintana Roo (CODEQ), presidida por Jacobo Arzate Hop, respald\u00f3 la Firma de Convenio de Colaboraci\u00f3n entre la Federaci\u00f3n Mexicana de Powerlifting y la empresa Vive Del Deporte.<\/p>\n\n\n\n<p>Tal como lo marca el Nuevo Acuerdo por el Bienestar y Desarrollo, que impulsa la gobernadora Mara Lezama Espinosa, se prioriza que las y los atletas quintanarroenses cuenten con las herramientas necesarias para un mejor desarrollo deportivo y por eso se de importancia a que se les capacite de manera constante.<\/p>\n\n\n\n<p>\u201cEstamos muy felices de respaldar este tipo de acciones, que aporta tener un deporte organizado en nuestro estado, por eso aplaudimos este tipo de convenios que sin duda est\u00e1n priorizando a las y los atletas, estamos trabajando de manera coordinada con asociaciones, federaciones y sector privado, para fortalecer el deporte\u201d, coment\u00f3 Jacobo Arzate, quien fungi\u00f3 como testigo de honor de esta firma de acuerdo de colaboraci\u00f3n.<\/p>\n\n\n\n<p>Cabe destacar que este convenio tiene como prop\u00f3sito la profesionalizaci\u00f3n y desarrollo integral de las y los atletas, entrenadores y promotores de powerlifting, as\u00ed como la creaci\u00f3n de puentes comerciales, alianzas estrat\u00e9gicas y patrocinios que impulsen esta disciplina en M\u00e9xico; adem\u00e1s, se fomentar\u00e1 la realizaci\u00f3n de eventos deportivos como herramienta para el desarrollo econ\u00f3mico y el crecimiento de la base de deportistas en la regi\u00f3n.<\/p>\n\n\n\n<p>En tanto, Luis Fernando Onofre, presidente de la Federaci\u00f3n Mexicana de Powerlifting coment\u00f3: Este es un sue\u00f1o que iniciamos hace unos a\u00f1os cuando estuvimos en la Asociaci\u00f3n Estatal, que era proyectar nuestro deporte y hacerlo llegar a todo el estado, por lo que agradezco a la CODEQ y a Vive del Deporte, por siempre trabajar de la mano, el objetivo principal es revolucionar nuestra disciplina y hacerlo masivo.<\/p>\n\n\n\n<p>Finalmente, Mario Reynoso, CEO de la empresa Vive del Deporte se mostr\u00f3 muy contento de concretar este convenio, por lo que coment\u00f3 que \u201casume un compromiso fundamental y es muy claro, vamos a proporcionar m\u00e1s herramientas a los involucrados del Powerlifting, as\u00ed como trabajar para conseguir patrocinios y que este deporte sea visibilizado\u201d, dijo.<\/p>\n\n\n\n<figure class=\"wp-block-gallery has-nested-images columns-default is-cropped wp-block-gallery-1 is-layout-flex wp-block-gallery-is-layout-flex\">\n<figure class=\"wp-block-image size-large\"><img fetchpriority=\"high\" decoding=\"async\" width=\"1024\" height=\"683\" data-id=\"37797\" src=\"https:\/\/codeq.qroo.gob.mx\/wp-content\/uploads\/2025\/09\/WhatsApp-Image-2025-09-22-at-3.35.40-PM3-1024x683.jpeg\" alt=\"\" class=\"wp-image-37797\" srcset=\"https:\/\/codeq.qroo.gob.mx\/wp-content\/uploads\/2025\/09\/WhatsApp-Image-2025-09-22-at-3.35.40-PM3-1024x683.jpeg 1024w, https:\/\/codeq.qroo.gob.mx\/wp-content\/uploads\/2025\/09\/WhatsApp-Image-2025-09-22-at-3.35.40-PM3-300x200.jpeg 300w, https:\/\/codeq.qroo.gob.mx\/wp-content\/uploads\/2025\/09\/WhatsApp-Image-2025-09-22-at-3.35.40-PM3-768x512.jpeg 768w, https:\/\/codeq.qroo.gob.mx\/wp-content\/uploads\/2025\/09\/WhatsApp-Image-2025-09-22-at-3.35.40-PM3.jpeg 1280w\" sizes=\"(max-width: 1024px) 100vw, 1024px\" \/><\/figure>\n\n\n\n<figure class=\"wp-block-image size-large\"><img decoding=\"async\" width=\"1024\" height=\"682\" data-id=\"37791\" src=\"https:\/\/codeq.qroo.gob.mx\/wp-content\/uploads\/2025\/09\/WhatsApp-Image-2025-09-22-at-3.35.40-PM2-1024x682.jpeg\" alt=\"\" class=\"wp-image-37791\" srcset=\"https:\/\/codeq.qroo.gob.mx\/wp-content\/uploads\/2025\/09\/WhatsApp-Image-2025-09-22-at-3.35.40-PM2-1024x682.jpeg 1024w, https:\/\/codeq.qroo.gob.mx\/wp-content\/uploads\/2025\/09\/WhatsApp-Image-2025-09-22-at-3.35.40-PM2-300x200.jpeg 300w, https:\/\/codeq.qroo.gob.mx\/wp-content\/uploads\/2025\/09\/WhatsApp-Image-2025-09-22-at-3.35.40-PM2-768x512.jpeg 768w, https:\/\/codeq.qroo.gob.mx\/wp-content\/uploads\/2025\/09\/WhatsApp-Image-2025-09-22-at-3.35.40-PM2-1536x1023.jpeg 1536w, https:\/\/codeq.qroo.gob.mx\/wp-content\/uploads\/2025\/09\/WhatsApp-Image-2025-09-22-at-3.35.40-PM2.jpeg 1600w\" sizes=\"(max-width: 1024px) 100vw, 1024px\" \/><\/figure>\n\n\n\n<figure class=\"wp-block-image size-large\"><img decoding=\"async\" width=\"1024\" height=\"683\" data-id=\"37793\" src=\"https:\/\/codeq.qroo.gob.mx\/wp-content\/uploads\/2025\/09\/WhatsApp-Image-2025-09-22-at-3.35.40-PM1-1024x683.jpeg\" alt=\"\" class=\"wp-image-37793\" srcset=\"https:\/\/codeq.qroo.gob.mx\/wp-content\/uploads\/2025\/09\/WhatsApp-Image-2025-09-22-at-3.35.40-PM1-1024x683.jpeg 1024w, https:\/\/codeq.qroo.gob.mx\/wp-content\/uploads\/2025\/09\/WhatsApp-Image-2025-09-22-at-3.35.40-PM1-300x200.jpeg 300w, https:\/\/codeq.qroo.gob.mx\/wp-content\/uploads\/2025\/09\/WhatsApp-Image-2025-09-22-at-3.35.40-PM1-768x512.jpeg 768w, https:\/\/codeq.qroo.gob.mx\/wp-content\/uploads\/2025\/09\/WhatsApp-Image-2025-09-22-at-3.35.40-PM1.jpeg 1280w\" sizes=\"(max-width: 1024px) 100vw, 1024px\" \/><\/figure>\n\n\n\n<figure class=\"wp-block-image size-large\"><img loading=\"lazy\" decoding=\"async\" width=\"1024\" height=\"682\" data-id=\"37795\" src=\"https:\/\/codeq.qroo.gob.mx\/wp-content\/uploads\/2025\/09\/WhatsApp-Image-2025-09-22-at-3.35.40-PM-1024x682.jpeg\" alt=\"\" class=\"wp-image-37795\" srcset=\"https:\/\/codeq.qroo.gob.mx\/wp-content\/uploads\/2025\/09\/WhatsApp-Image-2025-09-22-at-3.35.40-PM-1024x682.jpeg 1024w, https:\/\/codeq.qroo.gob.mx\/wp-content\/uploads\/2025\/09\/WhatsApp-Image-2025-09-22-at-3.35.40-PM-300x200.jpeg 300w, https:\/\/codeq.qroo.gob.mx\/wp-content\/uploads\/2025\/09\/WhatsApp-Image-2025-09-22-at-3.35.40-PM-768x512.jpeg 768w, https:\/\/codeq.qroo.gob.mx\/wp-content\/uploads\/2025\/09\/WhatsApp-Image-2025-09-22-at-3.35.40-PM-1536x1023.jpeg 1536w, https:\/\/codeq.qroo.gob.mx\/wp-content\/uploads\/2025\/09\/WhatsApp-Image-2025-09-22-at-3.35.40-PM.jpeg 1600w\" sizes=\"(max-width: 1024px) 100vw, 1024px\" \/><\/figure>\n\n\n\n<figure class=\"wp-block-image size-large\"><img loading=\"lazy\" decoding=\"async\" width=\"1024\" height=\"725\" data-id=\"37796\" src=\"https:\/\/codeq.qroo.gob.mx\/wp-content\/uploads\/2025\/09\/WhatsApp-Image-2025-09-22-at-3.35.25-PM1-1024x725.jpeg\" alt=\"\" class=\"wp-image-37796\" srcset=\"https:\/\/codeq.qroo.gob.mx\/wp-content\/uploads\/2025\/09\/WhatsApp-Image-2025-09-22-at-3.35.25-PM1-1024x725.jpeg 1024w, https:\/\/codeq.qroo.gob.mx\/wp-content\/uploads\/2025\/09\/WhatsApp-Image-2025-09-22-at-3.35.25-PM1-300x212.jpeg 300w, https:\/\/codeq.qroo.gob.mx\/wp-content\/uploads\/2025\/09\/WhatsApp-Image-2025-09-22-at-3.35.25-PM1-768x544.jpeg 768w, https:\/\/codeq.qroo.gob.mx\/wp-content\/uploads\/2025\/09\/WhatsApp-Image-2025-09-22-at-3.35.25-PM1.jpeg 1280w\" sizes=\"(max-width: 1024px) 100vw, 1024px\" \/><\/figure>\n\n\n\n<figure class=\"wp-block-image size-large\"><img loading=\"lazy\" decoding=\"async\" width=\"1024\" height=\"683\" data-id=\"37794\" src=\"https:\/\/codeq.qroo.gob.mx\/wp-content\/uploads\/2025\/09\/WhatsApp-Image-2025-09-22-at-3.35.25-PM-1024x683.jpeg\" alt=\"\" class=\"wp-image-37794\" srcset=\"https:\/\/codeq.qroo.gob.mx\/wp-content\/uploads\/2025\/09\/WhatsApp-Image-2025-09-22-at-3.35.25-PM-1024x683.jpeg 1024w, https:\/\/codeq.qroo.gob.mx\/wp-content\/uploads\/2025\/09\/WhatsApp-Image-2025-09-22-at-3.35.25-PM-300x200.jpeg 300w, https:\/\/codeq.qroo.gob.mx\/wp-content\/uploads\/2025\/09\/WhatsApp-Image-2025-09-22-at-3.35.25-PM-768x512.jpeg 768w, https:\/\/codeq.qroo.gob.mx\/wp-content\/uploads\/2025\/09\/WhatsApp-Image-2025-09-22-at-3.35.25-PM.jpeg 1280w\" sizes=\"(max-width: 1024px) 100vw, 1024px\" \/><\/figure>\n\n\n\n<figure class=\"wp-block-image size-large\"><img loading=\"lazy\" decoding=\"async\" width=\"1024\" height=\"682\" data-id=\"37792\" src=\"https:\/\/codeq.qroo.gob.mx\/wp-content\/uploads\/2025\/09\/WhatsApp-Image-2025-09-22-at-3.35.13-PM-1024x682.jpeg\" alt=\"\" class=\"wp-image-37792\" srcset=\"https:\/\/codeq.qroo.gob.mx\/wp-content\/uploads\/2025\/09\/WhatsApp-Image-2025-09-22-at-3.35.13-PM-1024x682.jpeg 1024w, https:\/\/codeq.qroo.gob.mx\/wp-content\/uploads\/2025\/09\/WhatsApp-Image-2025-09-22-at-3.35.13-PM-300x200.jpeg 300w, https:\/\/codeq.qroo.gob.mx\/wp-content\/uploads\/2025\/09\/WhatsApp-Image-2025-09-22-at-3.35.13-PM-768x512.jpeg 768w, https:\/\/codeq.qroo.gob.mx\/wp-content\/uploads\/2025\/09\/WhatsApp-Image-2025-09-22-at-3.35.13-PM-1536x1023.jpeg 1536w, https:\/\/codeq.qroo.gob.mx\/wp-content\/uploads\/2025\/09\/WhatsApp-Image-2025-09-22-at-3.35.13-PM.jpeg 1600w\" sizes=\"(max-width: 1024px) 100vw, 1024px\" \/><\/figure>\n<\/figure>\n","protected":false},"excerpt":{"rendered":"<p>Con el objetivo de profesionalizar a las y los atletas, as\u00ed como entrenadores y promotores especializados en la disciplina de Powerlifting y con ello puedan tener un desarrollo integral, la Comisi\u00f3n del Deporte de Quintana Roo (CODEQ), presidida por Jacobo Arzate Hop, respald\u00f3 la Firma de Convenio de Colaboraci\u00f3n entre la Federaci\u00f3n Mexicana de Powerlifting &#8230; <a title=\"Respalda CODEQ la profesionalizaci\u00f3n y capacitaci\u00f3n constante de las y los atletas y entrenadores de Powerlifting en Quintana Roo\" class=\"read-more\" href=\"https:\/\/codeq.qroo.gob.mx\/index.php\/2025\/09\/23\/respalda-codeq-la-profesionalizacion-y-capacitacion-constante-de-las-y-los-atletas-y-entrenadores-de-powerlifting-en-quintana-roo\/\" aria-label=\"Leer m\u00e1s sobre Respalda CODEQ la profesionalizaci\u00f3n y capacitaci\u00f3n constante de las y los atletas y entrenadores de Powerlifting en Quintana Roo\">Leer m\u00e1s<\/a><\/p>\n","protected":false},"author":3,"featured_media":37792,"comment_status":"open","ping_status":"open","sticky":false,"template":"","format":"standard","meta":{"footnotes":""},"categories":[5],"tags":[],"class_list":["post-37790","post","type-post","status-publish","format-standard","has-post-thumbnail","hentry","category-noticias"],"yoast_head":"<!-- This site is optimized with the Yoast SEO plugin v25.5 - https:\/\/yoast.com\/wordpress\/plugins\/seo\/ -->\n<title>Respalda CODEQ la profesionalizaci\u00f3n y capacitaci\u00f3n constante de las y los atletas y entrenadores de Powerlifting en Quintana Roo - Comisi\u00f3n del Deporte de Quintana Roo<\/title>\n<meta name=\"robots\" content=\"index, follow, max-snippet:-1, max-image-preview:large, max-video-preview:-1\" \/>\n<link rel=\"canonical\" href=\"https:\/\/codeq.qroo.gob.mx\/index.php\/2025\/09\/23\/respalda-codeq-la-profesionalizacion-y-capacitacion-constante-de-las-y-los-atletas-y-entrenadores-de-powerlifting-en-quintana-roo\/\" \/>\n<meta property=\"og:locale\" content=\"es_MX\" \/>\n<meta property=\"og:type\" content=\"article\" \/>\n<meta property=\"og:title\" content=\"Respalda CODEQ la profesionalizaci\u00f3n y capacitaci\u00f3n constante de las y los atletas y entrenadores de Powerlifting en Quintana Roo - Comisi\u00f3n del Deporte de Quintana Roo\" \/>\n<meta property=\"og:description\" content=\"Con el objetivo de profesionalizar a las y los atletas, as\u00ed como entrenadores y promotores especializados en la disciplina de Powerlifting y con ello puedan tener un desarrollo integral, la Comisi\u00f3n del Deporte de Quintana Roo (CODEQ), presidida por Jacobo Arzate Hop, respald\u00f3 la Firma de Convenio de Colaboraci\u00f3n entre la Federaci\u00f3n Mexicana de Powerlifting ... Leer m\u00e1s\" \/>\n<meta property=\"og:url\" content=\"https:\/\/codeq.qroo.gob.mx\/index.php\/2025\/09\/23\/respalda-codeq-la-profesionalizacion-y-capacitacion-constante-de-las-y-los-atletas-y-entrenadores-de-powerlifting-en-quintana-roo\/\" \/>\n<meta property=\"og:site_name\" content=\"Comisi\u00f3n del Deporte de Quintana Roo\" \/>\n<meta property=\"article:published_time\" content=\"2025-09-23T17:16:00+00:00\" \/>\n<meta property=\"article:modified_time\" content=\"2025-09-23T17:16:01+00:00\" \/>\n<meta property=\"og:image\" content=\"https:\/\/codeq.qroo.gob.mx\/wp-content\/uploads\/2025\/09\/WhatsApp-Image-2025-09-22-at-3.35.13-PM.jpeg\" \/>\n\t<meta property=\"og:image:width\" content=\"1600\" \/>\n\t<meta property=\"og:image:height\" content=\"1066\" \/>\n\t<meta property=\"og:image:type\" content=\"image\/jpeg\" \/>\n<meta name=\"author\" content=\"Jorge Antonio Carvajal Maldonado\" \/>\n<meta name=\"twitter:card\" content=\"summary_large_image\" \/>\n<meta name=\"twitter:label1\" content=\"Escrito por\" \/>\n\t<meta name=\"twitter:data1\" content=\"Jorge Antonio Carvajal Maldonado\" \/>\n\t<meta name=\"twitter:label2\" content=\"Tiempo de lectura\" \/>\n\t<meta name=\"twitter:data2\" content=\"4 minutos\" \/>\n<script type=\"application\/ld+json\" class=\"yoast-schema-graph\">{\"@context\":\"https:\/\/schema.org\",\"@graph\":[{\"@type\":\"Article\",\"@id\":\"https:\/\/codeq.qroo.gob.mx\/index.php\/2025\/09\/23\/respalda-codeq-la-profesionalizacion-y-capacitacion-constante-de-las-y-los-atletas-y-entrenadores-de-powerlifting-en-quintana-roo\/#article\",\"isPartOf\":{\"@id\":\"https:\/\/codeq.qroo.gob.mx\/index.php\/2025\/09\/23\/respalda-codeq-la-profesionalizacion-y-capacitacion-constante-de-las-y-los-atletas-y-entrenadores-de-powerlifting-en-quintana-roo\/\"},\"author\":{\"name\":\"Jorge Antonio Carvajal Maldonado\",\"@id\":\"https:\/\/codeq.qroo.gob.mx\/#\/schema\/person\/08f280f71ae6986a008ff55cb6d46160\"},\"headline\":\"Respalda CODEQ la profesionalizaci\u00f3n y capacitaci\u00f3n constante de las y los atletas y entrenadores de Powerlifting en Quintana Roo\",\"datePublished\":\"2025-09-23T17:16:00+00:00\",\"dateModified\":\"2025-09-23T17:16:01+00:00\",\"mainEntityOfPage\":{\"@id\":\"https:\/\/codeq.qroo.gob.mx\/index.php\/2025\/09\/23\/respalda-codeq-la-profesionalizacion-y-capacitacion-constante-de-las-y-los-atletas-y-entrenadores-de-powerlifting-en-quintana-roo\/\"},\"wordCount\":432,\"commentCount\":0,\"publisher\":{\"@id\":\"https:\/\/codeq.qroo.gob.mx\/#organization\"},\"image\":{\"@id\":\"https:\/\/codeq.qroo.gob.mx\/index.php\/2025\/09\/23\/respalda-codeq-la-profesionalizacion-y-capacitacion-constante-de-las-y-los-atletas-y-entrenadores-de-powerlifting-en-quintana-roo\/#primaryimage\"},\"thumbnailUrl\":\"https:\/\/codeq.qroo.gob.mx\/wp-content\/uploads\/2025\/09\/WhatsApp-Image-2025-09-22-at-3.35.13-PM.jpeg\",\"articleSection\":[\"Noticias\"],\"inLanguage\":\"es\",\"potentialAction\":[{\"@type\":\"CommentAction\",\"name\":\"Comment\",\"target\":[\"https:\/\/codeq.qroo.gob.mx\/index.php\/2025\/09\/23\/respalda-codeq-la-profesionalizacion-y-capacitacion-constante-de-las-y-los-atletas-y-entrenadores-de-powerlifting-en-quintana-roo\/#respond\"]}]},{\"@type\":\"WebPage\",\"@id\":\"https:\/\/codeq.qroo.gob.mx\/index.php\/2025\/09\/23\/respalda-codeq-la-profesionalizacion-y-capacitacion-constante-de-las-y-los-atletas-y-entrenadores-de-powerlifting-en-quintana-roo\/\",\"url\":\"https:\/\/codeq.qroo.gob.mx\/index.php\/2025\/09\/23\/respalda-codeq-la-profesionalizacion-y-capacitacion-constante-de-las-y-los-atletas-y-entrenadores-de-powerlifting-en-quintana-roo\/\",\"name\":\"Respalda CODEQ la profesionalizaci\u00f3n y capacitaci\u00f3n constante de las y los atletas y entrenadores de Powerlifting en Quintana Roo - Comisi\u00f3n del Deporte de Quintana Roo\",\"isPartOf\":{\"@id\":\"https:\/\/codeq.qroo.gob.mx\/#website\"},\"primaryImageOfPage\":{\"@id\":\"https:\/\/codeq.qroo.gob.mx\/index.php\/2025\/09\/23\/respalda-codeq-la-profesionalizacion-y-capacitacion-constante-de-las-y-los-atletas-y-entrenadores-de-powerlifting-en-quintana-roo\/#primaryimage\"},\"image\":{\"@id\":\"https:\/\/codeq.qroo.gob.mx\/index.php\/2025\/09\/23\/respalda-codeq-la-profesionalizacion-y-capacitacion-constante-de-las-y-los-atletas-y-entrenadores-de-powerlifting-en-quintana-roo\/#primaryimage\"},\"thumbnailUrl\":\"https:\/\/codeq.qroo.gob.mx\/wp-content\/uploads\/2025\/09\/WhatsApp-Image-2025-09-22-at-3.35.13-PM.jpeg\",\"datePublished\":\"2025-09-23T17:16:00+00:00\",\"dateModified\":\"2025-09-23T17:16:01+00:00\",\"breadcrumb\":{\"@id\":\"https:\/\/codeq.qroo.gob.mx\/index.php\/2025\/09\/23\/respalda-codeq-la-profesionalizacion-y-capacitacion-constante-de-las-y-los-atletas-y-entrenadores-de-powerlifting-en-quintana-roo\/#breadcrumb\"},\"inLanguage\":\"es\",\"potentialAction\":[{\"@type\":\"ReadAction\",\"target\":[\"https:\/\/codeq.qroo.gob.mx\/index.php\/2025\/09\/23\/respalda-codeq-la-profesionalizacion-y-capacitacion-constante-de-las-y-los-atletas-y-entrenadores-de-powerlifting-en-quintana-roo\/\"]}]},{\"@type\":\"ImageObject\",\"inLanguage\":\"es\",\"@id\":\"https:\/\/codeq.qroo.gob.mx\/index.php\/2025\/09\/23\/respalda-codeq-la-profesionalizacion-y-capacitacion-constante-de-las-y-los-atletas-y-entrenadores-de-powerlifting-en-quintana-roo\/#primaryimage\",\"url\":\"https:\/\/codeq.qroo.gob.mx\/wp-content\/uploads\/2025\/09\/WhatsApp-Image-2025-09-22-at-3.35.13-PM.jpeg\",\"contentUrl\":\"https:\/\/codeq.qroo.gob.mx\/wp-content\/uploads\/2025\/09\/WhatsApp-Image-2025-09-22-at-3.35.13-PM.jpeg\",\"width\":1600,\"height\":1066},{\"@type\":\"BreadcrumbList\",\"@id\":\"https:\/\/codeq.qroo.gob.mx\/index.php\/2025\/09\/23\/respalda-codeq-la-profesionalizacion-y-capacitacion-constante-de-las-y-los-atletas-y-entrenadores-de-powerlifting-en-quintana-roo\/#breadcrumb\",\"itemListElement\":[{\"@type\":\"ListItem\",\"position\":1,\"name\":\"Inicio\",\"item\":\"https:\/\/codeq.qroo.gob.mx\/\"},{\"@type\":\"ListItem\",\"position\":2,\"name\":\"Respalda CODEQ la profesionalizaci\u00f3n y capacitaci\u00f3n constante de las y los atletas y entrenadores de Powerlifting en Quintana Roo\"}]},{\"@type\":\"WebSite\",\"@id\":\"https:\/\/codeq.qroo.gob.mx\/#website\",\"url\":\"https:\/\/codeq.qroo.gob.mx\/\",\"name\":\"Comisi\u00f3n del Deporte de Quintana Roo\",\"description\":\"CODEQ\",\"publisher\":{\"@id\":\"https:\/\/codeq.qroo.gob.mx\/#organization\"},\"potentialAction\":[{\"@type\":\"SearchAction\",\"target\":{\"@type\":\"EntryPoint\",\"urlTemplate\":\"https:\/\/codeq.qroo.gob.mx\/?s={search_term_string}\"},\"query-input\":{\"@type\":\"PropertyValueSpecification\",\"valueRequired\":true,\"valueName\":\"search_term_string\"}}],\"inLanguage\":\"es\"},{\"@type\":\"Organization\",\"@id\":\"https:\/\/codeq.qroo.gob.mx\/#organization\",\"name\":\"Comisi\u00f3n del Deporte de Quintana Roo\",\"url\":\"https:\/\/codeq.qroo.gob.mx\/\",\"logo\":{\"@type\":\"ImageObject\",\"inLanguage\":\"es\",\"@id\":\"https:\/\/codeq.qroo.gob.mx\/#\/schema\/logo\/image\/\",\"url\":\"https:\/\/codeq.qroo.gob.mx\/wp-content\/uploads\/2024\/07\/CODEQ.png\",\"contentUrl\":\"https:\/\/codeq.qroo.gob.mx\/wp-content\/uploads\/2024\/07\/CODEQ.png\",\"width\":3000,\"height\":1688,\"caption\":\"Comisi\u00f3n del Deporte de Quintana Roo\"},\"image\":{\"@id\":\"https:\/\/codeq.qroo.gob.mx\/#\/schema\/logo\/image\/\"}},{\"@type\":\"Person\",\"@id\":\"https:\/\/codeq.qroo.gob.mx\/#\/schema\/person\/08f280f71ae6986a008ff55cb6d46160\",\"name\":\"Jorge Antonio Carvajal Maldonado\",\"image\":{\"@type\":\"ImageObject\",\"inLanguage\":\"es\",\"@id\":\"https:\/\/codeq.qroo.gob.mx\/#\/schema\/person\/image\/\",\"url\":\"https:\/\/secure.gravatar.com\/avatar\/e61cdf534226ddcecdaed9988ec080e5df82259aa9a3e3f50abf5a5f2b95122f?s=96&d=mm&r=g\",\"contentUrl\":\"https:\/\/secure.gravatar.com\/avatar\/e61cdf534226ddcecdaed9988ec080e5df82259aa9a3e3f50abf5a5f2b95122f?s=96&d=mm&r=g\",\"caption\":\"Jorge Antonio Carvajal Maldonado\"},\"url\":\"https:\/\/codeq.qroo.gob.mx\/index.php\/author\/antonio\/\"}]}<\/script>\n<!-- \/ Yoast SEO plugin. -->","yoast_head_json":{"title":"Respalda CODEQ la profesionalizaci\u00f3n y capacitaci\u00f3n constante de las y los atletas y entrenadores de Powerlifting en Quintana Roo - Comisi\u00f3n del Deporte de Quintana Roo","robots":{"index":"index","follow":"follow","max-snippet":"max-snippet:-1","max-image-preview":"max-image-preview:large","max-video-preview":"max-video-preview:-1"},"canonical":"https:\/\/codeq.qroo.gob.mx\/index.php\/2025\/09\/23\/respalda-codeq-la-profesionalizacion-y-capacitacion-constante-de-las-y-los-atletas-y-entrenadores-de-powerlifting-en-quintana-roo\/","og_locale":"es_MX","og_type":"article","og_title":"Respalda CODEQ la profesionalizaci\u00f3n y capacitaci\u00f3n constante de las y los atletas y entrenadores de Powerlifting en Quintana Roo - Comisi\u00f3n del Deporte de Quintana Roo","og_description":"Con el objetivo de profesionalizar a las y los atletas, as\u00ed como entrenadores y promotores especializados en la disciplina de Powerlifting y con ello puedan tener un desarrollo integral, la Comisi\u00f3n del Deporte de Quintana Roo (CODEQ), presidida por Jacobo Arzate Hop, respald\u00f3 la Firma de Convenio de Colaboraci\u00f3n entre la Federaci\u00f3n Mexicana de Powerlifting ... Leer m\u00e1s","og_url":"https:\/\/codeq.qroo.gob.mx\/index.php\/2025\/09\/23\/respalda-codeq-la-profesionalizacion-y-capacitacion-constante-de-las-y-los-atletas-y-entrenadores-de-powerlifting-en-quintana-roo\/","og_site_name":"Comisi\u00f3n del Deporte de Quintana Roo","article_published_time":"2025-09-23T17:16:00+00:00","article_modified_time":"2025-09-23T17:16:01+00:00","og_image":[{"width":1600,"height":1066,"url":"https:\/\/codeq.qroo.gob.mx\/wp-content\/uploads\/2025\/09\/WhatsApp-Image-2025-09-22-at-3.35.13-PM.jpeg","type":"image\/jpeg"}],"author":"Jorge Antonio Carvajal Maldonado","twitter_card":"summary_large_image","twitter_misc":{"Escrito por":"Jorge Antonio Carvajal Maldonado","Tiempo de lectura":"4 minutos"},"schema":{"@context":"https:\/\/schema.org","@graph":[{"@type":"Article","@id":"https:\/\/codeq.qroo.gob.mx\/index.php\/2025\/09\/23\/respalda-codeq-la-profesionalizacion-y-capacitacion-constante-de-las-y-los-atletas-y-entrenadores-de-powerlifting-en-quintana-roo\/#article","isPartOf":{"@id":"https:\/\/codeq.qroo.gob.mx\/index.php\/2025\/09\/23\/respalda-codeq-la-profesionalizacion-y-capacitacion-constante-de-las-y-los-atletas-y-entrenadores-de-powerlifting-en-quintana-roo\/"},"author":{"name":"Jorge Antonio Carvajal Maldonado","@id":"https:\/\/codeq.qroo.gob.mx\/#\/schema\/person\/08f280f71ae6986a008ff55cb6d46160"},"headline":"Respalda CODEQ la profesionalizaci\u00f3n y capacitaci\u00f3n constante de las y los atletas y entrenadores de Powerlifting en Quintana Roo","datePublished":"2025-09-23T17:16:00+00:00","dateModified":"2025-09-23T17:16:01+00:00","mainEntityOfPage":{"@id":"https:\/\/codeq.qroo.gob.mx\/index.php\/2025\/09\/23\/respalda-codeq-la-profesionalizacion-y-capacitacion-constante-de-las-y-los-atletas-y-entrenadores-de-powerlifting-en-quintana-roo\/"},"wordCount":432,"commentCount":0,"publisher":{"@id":"https:\/\/codeq.qroo.gob.mx\/#organization"},"image":{"@id":"https:\/\/codeq.qroo.gob.mx\/index.php\/2025\/09\/23\/respalda-codeq-la-profesionalizacion-y-capacitacion-constante-de-las-y-los-atletas-y-entrenadores-de-powerlifting-en-quintana-roo\/#primaryimage"},"thumbnailUrl":"https:\/\/codeq.qroo.gob.mx\/wp-content\/uploads\/2025\/09\/WhatsApp-Image-2025-09-22-at-3.35.13-PM.jpeg","articleSection":["Noticias"],"inLanguage":"es","potentialAction":[{"@type":"CommentAction","name":"Comment","target":["https:\/\/codeq.qroo.gob.mx\/index.php\/2025\/09\/23\/respalda-codeq-la-profesionalizacion-y-capacitacion-constante-de-las-y-los-atletas-y-entrenadores-de-powerlifting-en-quintana-roo\/#respond"]}]},{"@type":"WebPage","@id":"https:\/\/codeq.qroo.gob.mx\/index.php\/2025\/09\/23\/respalda-codeq-la-profesionalizacion-y-capacitacion-constante-de-las-y-los-atletas-y-entrenadores-de-powerlifting-en-quintana-roo\/","url":"https:\/\/codeq.qroo.gob.mx\/index.php\/2025\/09\/23\/respalda-codeq-la-profesionalizacion-y-capacitacion-constante-de-las-y-los-atletas-y-entrenadores-de-powerlifting-en-quintana-roo\/","name":"Respalda CODEQ la profesionalizaci\u00f3n y capacitaci\u00f3n constante de las y los atletas y entrenadores de Powerlifting en Quintana Roo - Comisi\u00f3n del Deporte de Quintana Roo","isPartOf":{"@id":"https:\/\/codeq.qroo.gob.mx\/#website"},"primaryImageOfPage":{"@id":"https:\/\/codeq.qroo.gob.mx\/index.php\/2025\/09\/23\/respalda-codeq-la-profesionalizacion-y-capacitacion-constante-de-las-y-los-atletas-y-entrenadores-de-powerlifting-en-quintana-roo\/#primaryimage"},"image":{"@id":"https:\/\/codeq.qroo.gob.mx\/index.php\/2025\/09\/23\/respalda-codeq-la-profesionalizacion-y-capacitacion-constante-de-las-y-los-atletas-y-entrenadores-de-powerlifting-en-quintana-roo\/#primaryimage"},"thumbnailUrl":"https:\/\/codeq.qroo.gob.mx\/wp-content\/uploads\/2025\/09\/WhatsApp-Image-2025-09-22-at-3.35.13-PM.jpeg","datePublished":"2025-09-23T17:16:00+00:00","dateModified":"2025-09-23T17:16:01+00:00","breadcrumb":{"@id":"https:\/\/codeq.qroo.gob.mx\/index.php\/2025\/09\/23\/respalda-codeq-la-profesionalizacion-y-capacitacion-constante-de-las-y-los-atletas-y-entrenadores-de-powerlifting-en-quintana-roo\/#breadcrumb"},"inLanguage":"es","potentialAction":[{"@type":"ReadAction","target":["https:\/\/codeq.qroo.gob.mx\/index.php\/2025\/09\/23\/respalda-codeq-la-profesionalizacion-y-capacitacion-constante-de-las-y-los-atletas-y-entrenadores-de-powerlifting-en-quintana-roo\/"]}]},{"@type":"ImageObject","inLanguage":"es","@id":"https:\/\/codeq.qroo.gob.mx\/index.php\/2025\/09\/23\/respalda-codeq-la-profesionalizacion-y-capacitacion-constante-de-las-y-los-atletas-y-entrenadores-de-powerlifting-en-quintana-roo\/#primaryimage","url":"https:\/\/codeq.qroo.gob.mx\/wp-content\/uploads\/2025\/09\/WhatsApp-Image-2025-09-22-at-3.35.13-PM.jpeg","contentUrl":"https:\/\/codeq.qroo.gob.mx\/wp-content\/uploads\/2025\/09\/WhatsApp-Image-2025-09-22-at-3.35.13-PM.jpeg","width":1600,"height":1066},{"@type":"BreadcrumbList","@id":"https:\/\/codeq.qroo.gob.mx\/index.php\/2025\/09\/23\/respalda-codeq-la-profesionalizacion-y-capacitacion-constante-de-las-y-los-atletas-y-entrenadores-de-powerlifting-en-quintana-roo\/#breadcrumb","itemListElement":[{"@type":"ListItem","position":1,"name":"Inicio","item":"https:\/\/codeq.qroo.gob.mx\/"},{"@type":"ListItem","position":2,"name":"Respalda CODEQ la profesionalizaci\u00f3n y capacitaci\u00f3n constante de las y los atletas y entrenadores de Powerlifting en Quintana Roo"}]},{"@type":"WebSite","@id":"https:\/\/codeq.qroo.gob.mx\/#website","url":"https:\/\/codeq.qroo.gob.mx\/","name":"Comisi\u00f3n del Deporte de Quintana Roo","description":"CODEQ","publisher":{"@id":"https:\/\/codeq.qroo.gob.mx\/#organization"},"potentialAction":[{"@type":"SearchAction","target":{"@type":"EntryPoint","urlTemplate":"https:\/\/codeq.qroo.gob.mx\/?s={search_term_string}"},"query-input":{"@type":"PropertyValueSpecification","valueRequired":true,"valueName":"search_term_string"}}],"inLanguage":"es"},{"@type":"Organization","@id":"https:\/\/codeq.qroo.gob.mx\/#organization","name":"Comisi\u00f3n del Deporte de Quintana Roo","url":"https:\/\/codeq.qroo.gob.mx\/","logo":{"@type":"ImageObject","inLanguage":"es","@id":"https:\/\/codeq.qroo.gob.mx\/#\/schema\/logo\/image\/","url":"https:\/\/codeq.qroo.gob.mx\/wp-content\/uploads\/2024\/07\/CODEQ.png","contentUrl":"https:\/\/codeq.qroo.gob.mx\/wp-content\/uploads\/2024\/07\/CODEQ.png","width":3000,"height":1688,"caption":"Comisi\u00f3n del Deporte de Quintana Roo"},"image":{"@id":"https:\/\/codeq.qroo.gob.mx\/#\/schema\/logo\/image\/"}},{"@type":"Person","@id":"https:\/\/codeq.qroo.gob.mx\/#\/schema\/person\/08f280f71ae6986a008ff55cb6d46160","name":"Jorge Antonio Carvajal Maldonado","image":{"@type":"ImageObject","inLanguage":"es","@id":"https:\/\/codeq.qroo.gob.mx\/#\/schema\/person\/image\/","url":"https:\/\/secure.gravatar.com\/avatar\/e61cdf534226ddcecdaed9988ec080e5df82259aa9a3e3f50abf5a5f2b95122f?s=96&d=mm&r=g","contentUrl":"https:\/\/secure.gravatar.com\/avatar\/e61cdf534226ddcecdaed9988ec080e5df82259aa9a3e3f50abf5a5f2b95122f?s=96&d=mm&r=g","caption":"Jorge Antonio Carvajal Maldonado"},"url":"https:\/\/codeq.qroo.gob.mx\/index.php\/author\/antonio\/"}]}},"_links":{"self":[{"href":"https:\/\/codeq.qroo.gob.mx\/index.php\/wp-json\/wp\/v2\/posts\/37790","targetHints":{"allow":["GET"]}}],"collection":[{"href":"https:\/\/codeq.qroo.gob.mx\/index.php\/wp-json\/wp\/v2\/posts"}],"about":[{"href":"https:\/\/codeq.qroo.gob.mx\/index.php\/wp-json\/wp\/v2\/types\/post"}],"author":[{"embeddable":true,"href":"https:\/\/codeq.qroo.gob.mx\/index.php\/wp-json\/wp\/v2\/users\/3"}],"replies":[{"embeddable":true,"href":"https:\/\/codeq.qroo.gob.mx\/index.php\/wp-json\/wp\/v2\/comments?post=37790"}],"version-history":[{"count":1,"href":"https:\/\/codeq.qroo.gob.mx\/index.php\/wp-json\/wp\/v2\/posts\/37790\/revisions"}],"predecessor-version":[{"id":37798,"href":"https:\/\/codeq.qroo.gob.mx\/index.php\/wp-json\/wp\/v2\/posts\/37790\/revisions\/37798"}],"wp:featuredmedia":[{"embeddable":true,"href":"https:\/\/codeq.qroo.gob.mx\/index.php\/wp-json\/wp\/v2\/media\/37792"}],"wp:attachment":[{"href":"https:\/\/codeq.qroo.gob.mx\/index.php\/wp-json\/wp\/v2\/media?parent=37790"}],"wp:term":[{"taxonomy":"category","embeddable":true,"href":"https:\/\/codeq.qroo.gob.mx\/index.php\/wp-json\/wp\/v2\/categories?post=37790"},{"taxonomy":"post_tag","embeddable":true,"href":"https:\/\/codeq.qroo.gob.mx\/index.php\/wp-json\/wp\/v2\/tags?post=37790"}],"curies":[{"name":"wp","href":"https:\/\/api.w.org\/{rel}","templated":true}]}}