{"id":37786,"date":"2025-09-23T12:14:36","date_gmt":"2025-09-23T17:14:36","guid":{"rendered":"https:\/\/codeq.qroo.gob.mx\/?p=37786"},"modified":"2025-09-23T12:14:36","modified_gmt":"2025-09-23T17:14:36","slug":"quintana-roo-listo-para-el-arranque-de-la-paraolimpiada-nacional-conade-2025-en-aguascalientes","status":"publish","type":"post","link":"https:\/\/codeq.qroo.gob.mx\/index.php\/2025\/09\/23\/quintana-roo-listo-para-el-arranque-de-la-paraolimpiada-nacional-conade-2025-en-aguascalientes\/","title":{"rendered":"Quintana Roo listo para el arranque de la Paraolimpiada Nacional CONADE 2025 en Aguascalientes"},"content":{"rendered":"\n<p><\/p>\n\n\n\n<ul class=\"wp-block-list\">\n<li>Las delegaciones de Paranataci\u00f3n y Boccia ser\u00e1n las primeras en iniciar sus actividades, en la b\u00fasqueda por las medallas<\/li>\n<\/ul>\n\n\n\n<p>Con mucha expectativa, la Delegaci\u00f3n de Quintana Roo en las disciplinas de Paranataci\u00f3n y Boccia se reportaron listos para iniciar su participaci\u00f3n en la Paraolimpiada Nacional CONADE 2025, misma que ya tuvo su primera jornada de actividades y que se realiza teniendo como sede el estado de Aguascalientes.<\/p>\n\n\n\n<p>Bajo el respaldo y apoyo de la Comisi\u00f3n del Deporte de Quintana Roo (CODEQ), que preside Jacobo Arzate Hop, las y los paratletas quintanarroenses hicieron el viaje con un d\u00eda de anticipaci\u00f3n a Aguascalientes, esto con el objetivo de poder descansar y posteriormente cumplir con el certamen m\u00e1s importante a nivel nacional del deporte adaptado, esto como parte de las acciones que enmarca el Nuevo Acuerdo por el Bienestar y Desarrollo, promovido por la gobernadora Mara Lezama Espinosa.<\/p>\n\n\n\n<p>Para esta edici\u00f3n, en lo que respecta a la disciplina de Paranataci\u00f3n viaj\u00f3 con una delegaci\u00f3n conformada por 22 integrantes, de las cuales son 15 atletas y 7 entrenadores y staff, perfil\u00e1ndose como una de las disciplinas m\u00e1s prometedoras, con varios nadadores que llegan tras igualar o superar sus mejores marcas de a\u00f1os anteriores y que buscan establecer nuevos r\u00e9cords personales.<\/p>\n\n\n\n<p>Mientras que en la especialidad de Boccia, viaj\u00f3 con un equipo conformado por 10 elementos, de los cuales son 8 deportistas que entrar\u00e1n en acci\u00f3n, adem\u00e1s de 2 entrenadores y staff.<\/p>\n\n\n\n<figure class=\"wp-block-gallery has-nested-images columns-default is-cropped wp-block-gallery-1 is-layout-flex wp-block-gallery-is-layout-flex\">\n<figure class=\"wp-block-image size-large\"><img fetchpriority=\"high\" decoding=\"async\" width=\"1024\" height=\"768\" data-id=\"37788\" src=\"https:\/\/codeq.qroo.gob.mx\/wp-content\/uploads\/2025\/09\/WhatsApp-Image-2025-09-22-at-1.11.55-PM-1024x768.jpeg\" alt=\"\" class=\"wp-image-37788\" srcset=\"https:\/\/codeq.qroo.gob.mx\/wp-content\/uploads\/2025\/09\/WhatsApp-Image-2025-09-22-at-1.11.55-PM-1024x768.jpeg 1024w, https:\/\/codeq.qroo.gob.mx\/wp-content\/uploads\/2025\/09\/WhatsApp-Image-2025-09-22-at-1.11.55-PM-300x225.jpeg 300w, https:\/\/codeq.qroo.gob.mx\/wp-content\/uploads\/2025\/09\/WhatsApp-Image-2025-09-22-at-1.11.55-PM-768x576.jpeg 768w, https:\/\/codeq.qroo.gob.mx\/wp-content\/uploads\/2025\/09\/WhatsApp-Image-2025-09-22-at-1.11.55-PM.jpeg 1280w\" sizes=\"(max-width: 1024px) 100vw, 1024px\" \/><\/figure>\n\n\n\n<figure class=\"wp-block-image size-large\"><img decoding=\"async\" width=\"1024\" height=\"768\" data-id=\"37787\" src=\"https:\/\/codeq.qroo.gob.mx\/wp-content\/uploads\/2025\/09\/WhatsApp-Image-2025-09-22-at-1.11.54-PM-1024x768.jpeg\" alt=\"\" class=\"wp-image-37787\" srcset=\"https:\/\/codeq.qroo.gob.mx\/wp-content\/uploads\/2025\/09\/WhatsApp-Image-2025-09-22-at-1.11.54-PM-1024x768.jpeg 1024w, https:\/\/codeq.qroo.gob.mx\/wp-content\/uploads\/2025\/09\/WhatsApp-Image-2025-09-22-at-1.11.54-PM-300x225.jpeg 300w, https:\/\/codeq.qroo.gob.mx\/wp-content\/uploads\/2025\/09\/WhatsApp-Image-2025-09-22-at-1.11.54-PM-768x576.jpeg 768w, https:\/\/codeq.qroo.gob.mx\/wp-content\/uploads\/2025\/09\/WhatsApp-Image-2025-09-22-at-1.11.54-PM.jpeg 1280w\" sizes=\"(max-width: 1024px) 100vw, 1024px\" \/><\/figure>\n<\/figure>\n","protected":false},"excerpt":{"rendered":"<p>Con mucha expectativa, la Delegaci\u00f3n de Quintana Roo en las disciplinas de Paranataci\u00f3n y Boccia se reportaron listos para iniciar su participaci\u00f3n en la Paraolimpiada Nacional CONADE 2025, misma que ya tuvo su primera jornada de actividades y que se realiza teniendo como sede el estado de Aguascalientes. Bajo el respaldo y apoyo de la &#8230; <a title=\"Quintana Roo listo para el arranque de la Paraolimpiada Nacional CONADE 2025 en Aguascalientes\" class=\"read-more\" href=\"https:\/\/codeq.qroo.gob.mx\/index.php\/2025\/09\/23\/quintana-roo-listo-para-el-arranque-de-la-paraolimpiada-nacional-conade-2025-en-aguascalientes\/\" aria-label=\"Leer m\u00e1s sobre Quintana Roo listo para el arranque de la Paraolimpiada Nacional CONADE 2025 en Aguascalientes\">Leer m\u00e1s<\/a><\/p>\n","protected":false},"author":3,"featured_media":37788,"comment_status":"open","ping_status":"open","sticky":false,"template":"","format":"standard","meta":{"footnotes":""},"categories":[5],"tags":[],"class_list":["post-37786","post","type-post","status-publish","format-standard","has-post-thumbnail","hentry","category-noticias"],"yoast_head":"<!-- This site is optimized with the Yoast SEO plugin v25.5 - https:\/\/yoast.com\/wordpress\/plugins\/seo\/ -->\n<title>Quintana Roo listo para el arranque de la Paraolimpiada Nacional CONADE 2025 en Aguascalientes - Comisi\u00f3n del Deporte de Quintana Roo<\/title>\n<meta name=\"robots\" content=\"index, follow, max-snippet:-1, max-image-preview:large, max-video-preview:-1\" \/>\n<link rel=\"canonical\" href=\"https:\/\/codeq.qroo.gob.mx\/index.php\/2025\/09\/23\/quintana-roo-listo-para-el-arranque-de-la-paraolimpiada-nacional-conade-2025-en-aguascalientes\/\" \/>\n<meta property=\"og:locale\" content=\"es_MX\" \/>\n<meta property=\"og:type\" content=\"article\" \/>\n<meta property=\"og:title\" content=\"Quintana Roo listo para el arranque de la Paraolimpiada Nacional CONADE 2025 en Aguascalientes - Comisi\u00f3n del Deporte de Quintana Roo\" \/>\n<meta property=\"og:description\" content=\"Con mucha expectativa, la Delegaci\u00f3n de Quintana Roo en las disciplinas de Paranataci\u00f3n y Boccia se reportaron listos para iniciar su participaci\u00f3n en la Paraolimpiada Nacional CONADE 2025, misma que ya tuvo su primera jornada de actividades y que se realiza teniendo como sede el estado de Aguascalientes. Bajo el respaldo y apoyo de la ... Leer m\u00e1s\" \/>\n<meta property=\"og:url\" content=\"https:\/\/codeq.qroo.gob.mx\/index.php\/2025\/09\/23\/quintana-roo-listo-para-el-arranque-de-la-paraolimpiada-nacional-conade-2025-en-aguascalientes\/\" \/>\n<meta property=\"og:site_name\" content=\"Comisi\u00f3n del Deporte de Quintana Roo\" \/>\n<meta property=\"article:published_time\" content=\"2025-09-23T17:14:36+00:00\" \/>\n<meta property=\"og:image\" content=\"https:\/\/codeq.qroo.gob.mx\/wp-content\/uploads\/2025\/09\/WhatsApp-Image-2025-09-22-at-1.11.55-PM.jpeg\" \/>\n\t<meta property=\"og:image:width\" content=\"1280\" \/>\n\t<meta property=\"og:image:height\" content=\"960\" \/>\n\t<meta property=\"og:image:type\" content=\"image\/jpeg\" \/>\n<meta name=\"author\" content=\"Jorge Antonio Carvajal Maldonado\" \/>\n<meta name=\"twitter:card\" content=\"summary_large_image\" \/>\n<meta name=\"twitter:label1\" content=\"Escrito por\" \/>\n\t<meta name=\"twitter:data1\" content=\"Jorge Antonio Carvajal Maldonado\" \/>\n\t<meta name=\"twitter:label2\" content=\"Tiempo de lectura\" \/>\n\t<meta name=\"twitter:data2\" content=\"2 minutos\" \/>\n<script type=\"application\/ld+json\" class=\"yoast-schema-graph\">{\"@context\":\"https:\/\/schema.org\",\"@graph\":[{\"@type\":\"Article\",\"@id\":\"https:\/\/codeq.qroo.gob.mx\/index.php\/2025\/09\/23\/quintana-roo-listo-para-el-arranque-de-la-paraolimpiada-nacional-conade-2025-en-aguascalientes\/#article\",\"isPartOf\":{\"@id\":\"https:\/\/codeq.qroo.gob.mx\/index.php\/2025\/09\/23\/quintana-roo-listo-para-el-arranque-de-la-paraolimpiada-nacional-conade-2025-en-aguascalientes\/\"},\"author\":{\"name\":\"Jorge Antonio Carvajal Maldonado\",\"@id\":\"https:\/\/codeq.qroo.gob.mx\/#\/schema\/person\/08f280f71ae6986a008ff55cb6d46160\"},\"headline\":\"Quintana Roo listo para el arranque de la Paraolimpiada Nacional CONADE 2025 en Aguascalientes\",\"datePublished\":\"2025-09-23T17:14:36+00:00\",\"mainEntityOfPage\":{\"@id\":\"https:\/\/codeq.qroo.gob.mx\/index.php\/2025\/09\/23\/quintana-roo-listo-para-el-arranque-de-la-paraolimpiada-nacional-conade-2025-en-aguascalientes\/\"},\"wordCount\":263,\"commentCount\":0,\"publisher\":{\"@id\":\"https:\/\/codeq.qroo.gob.mx\/#organization\"},\"image\":{\"@id\":\"https:\/\/codeq.qroo.gob.mx\/index.php\/2025\/09\/23\/quintana-roo-listo-para-el-arranque-de-la-paraolimpiada-nacional-conade-2025-en-aguascalientes\/#primaryimage\"},\"thumbnailUrl\":\"https:\/\/codeq.qroo.gob.mx\/wp-content\/uploads\/2025\/09\/WhatsApp-Image-2025-09-22-at-1.11.55-PM.jpeg\",\"articleSection\":[\"Noticias\"],\"inLanguage\":\"es\",\"potentialAction\":[{\"@type\":\"CommentAction\",\"name\":\"Comment\",\"target\":[\"https:\/\/codeq.qroo.gob.mx\/index.php\/2025\/09\/23\/quintana-roo-listo-para-el-arranque-de-la-paraolimpiada-nacional-conade-2025-en-aguascalientes\/#respond\"]}]},{\"@type\":\"WebPage\",\"@id\":\"https:\/\/codeq.qroo.gob.mx\/index.php\/2025\/09\/23\/quintana-roo-listo-para-el-arranque-de-la-paraolimpiada-nacional-conade-2025-en-aguascalientes\/\",\"url\":\"https:\/\/codeq.qroo.gob.mx\/index.php\/2025\/09\/23\/quintana-roo-listo-para-el-arranque-de-la-paraolimpiada-nacional-conade-2025-en-aguascalientes\/\",\"name\":\"Quintana Roo listo para el arranque de la Paraolimpiada Nacional CONADE 2025 en Aguascalientes - Comisi\u00f3n del Deporte de Quintana Roo\",\"isPartOf\":{\"@id\":\"https:\/\/codeq.qroo.gob.mx\/#website\"},\"primaryImageOfPage\":{\"@id\":\"https:\/\/codeq.qroo.gob.mx\/index.php\/2025\/09\/23\/quintana-roo-listo-para-el-arranque-de-la-paraolimpiada-nacional-conade-2025-en-aguascalientes\/#primaryimage\"},\"image\":{\"@id\":\"https:\/\/codeq.qroo.gob.mx\/index.php\/2025\/09\/23\/quintana-roo-listo-para-el-arranque-de-la-paraolimpiada-nacional-conade-2025-en-aguascalientes\/#primaryimage\"},\"thumbnailUrl\":\"https:\/\/codeq.qroo.gob.mx\/wp-content\/uploads\/2025\/09\/WhatsApp-Image-2025-09-22-at-1.11.55-PM.jpeg\",\"datePublished\":\"2025-09-23T17:14:36+00:00\",\"breadcrumb\":{\"@id\":\"https:\/\/codeq.qroo.gob.mx\/index.php\/2025\/09\/23\/quintana-roo-listo-para-el-arranque-de-la-paraolimpiada-nacional-conade-2025-en-aguascalientes\/#breadcrumb\"},\"inLanguage\":\"es\",\"potentialAction\":[{\"@type\":\"ReadAction\",\"target\":[\"https:\/\/codeq.qroo.gob.mx\/index.php\/2025\/09\/23\/quintana-roo-listo-para-el-arranque-de-la-paraolimpiada-nacional-conade-2025-en-aguascalientes\/\"]}]},{\"@type\":\"ImageObject\",\"inLanguage\":\"es\",\"@id\":\"https:\/\/codeq.qroo.gob.mx\/index.php\/2025\/09\/23\/quintana-roo-listo-para-el-arranque-de-la-paraolimpiada-nacional-conade-2025-en-aguascalientes\/#primaryimage\",\"url\":\"https:\/\/codeq.qroo.gob.mx\/wp-content\/uploads\/2025\/09\/WhatsApp-Image-2025-09-22-at-1.11.55-PM.jpeg\",\"contentUrl\":\"https:\/\/codeq.qroo.gob.mx\/wp-content\/uploads\/2025\/09\/WhatsApp-Image-2025-09-22-at-1.11.55-PM.jpeg\",\"width\":1280,\"height\":960},{\"@type\":\"BreadcrumbList\",\"@id\":\"https:\/\/codeq.qroo.gob.mx\/index.php\/2025\/09\/23\/quintana-roo-listo-para-el-arranque-de-la-paraolimpiada-nacional-conade-2025-en-aguascalientes\/#breadcrumb\",\"itemListElement\":[{\"@type\":\"ListItem\",\"position\":1,\"name\":\"Inicio\",\"item\":\"https:\/\/codeq.qroo.gob.mx\/\"},{\"@type\":\"ListItem\",\"position\":2,\"name\":\"Quintana Roo listo para el arranque de la Paraolimpiada Nacional CONADE 2025 en Aguascalientes\"}]},{\"@type\":\"WebSite\",\"@id\":\"https:\/\/codeq.qroo.gob.mx\/#website\",\"url\":\"https:\/\/codeq.qroo.gob.mx\/\",\"name\":\"Comisi\u00f3n del Deporte de Quintana Roo\",\"description\":\"CODEQ\",\"publisher\":{\"@id\":\"https:\/\/codeq.qroo.gob.mx\/#organization\"},\"potentialAction\":[{\"@type\":\"SearchAction\",\"target\":{\"@type\":\"EntryPoint\",\"urlTemplate\":\"https:\/\/codeq.qroo.gob.mx\/?s={search_term_string}\"},\"query-input\":{\"@type\":\"PropertyValueSpecification\",\"valueRequired\":true,\"valueName\":\"search_term_string\"}}],\"inLanguage\":\"es\"},{\"@type\":\"Organization\",\"@id\":\"https:\/\/codeq.qroo.gob.mx\/#organization\",\"name\":\"Comisi\u00f3n del Deporte de Quintana Roo\",\"url\":\"https:\/\/codeq.qroo.gob.mx\/\",\"logo\":{\"@type\":\"ImageObject\",\"inLanguage\":\"es\",\"@id\":\"https:\/\/codeq.qroo.gob.mx\/#\/schema\/logo\/image\/\",\"url\":\"https:\/\/codeq.qroo.gob.mx\/wp-content\/uploads\/2024\/07\/CODEQ.png\",\"contentUrl\":\"https:\/\/codeq.qroo.gob.mx\/wp-content\/uploads\/2024\/07\/CODEQ.png\",\"width\":3000,\"height\":1688,\"caption\":\"Comisi\u00f3n del Deporte de Quintana Roo\"},\"image\":{\"@id\":\"https:\/\/codeq.qroo.gob.mx\/#\/schema\/logo\/image\/\"}},{\"@type\":\"Person\",\"@id\":\"https:\/\/codeq.qroo.gob.mx\/#\/schema\/person\/08f280f71ae6986a008ff55cb6d46160\",\"name\":\"Jorge Antonio Carvajal Maldonado\",\"image\":{\"@type\":\"ImageObject\",\"inLanguage\":\"es\",\"@id\":\"https:\/\/codeq.qroo.gob.mx\/#\/schema\/person\/image\/\",\"url\":\"https:\/\/secure.gravatar.com\/avatar\/e61cdf534226ddcecdaed9988ec080e5df82259aa9a3e3f50abf5a5f2b95122f?s=96&d=mm&r=g\",\"contentUrl\":\"https:\/\/secure.gravatar.com\/avatar\/e61cdf534226ddcecdaed9988ec080e5df82259aa9a3e3f50abf5a5f2b95122f?s=96&d=mm&r=g\",\"caption\":\"Jorge Antonio Carvajal Maldonado\"},\"url\":\"https:\/\/codeq.qroo.gob.mx\/index.php\/author\/antonio\/\"}]}<\/script>\n<!-- \/ Yoast SEO plugin. -->","yoast_head_json":{"title":"Quintana Roo listo para el arranque de la Paraolimpiada Nacional CONADE 2025 en Aguascalientes - Comisi\u00f3n del Deporte de Quintana Roo","robots":{"index":"index","follow":"follow","max-snippet":"max-snippet:-1","max-image-preview":"max-image-preview:large","max-video-preview":"max-video-preview:-1"},"canonical":"https:\/\/codeq.qroo.gob.mx\/index.php\/2025\/09\/23\/quintana-roo-listo-para-el-arranque-de-la-paraolimpiada-nacional-conade-2025-en-aguascalientes\/","og_locale":"es_MX","og_type":"article","og_title":"Quintana Roo listo para el arranque de la Paraolimpiada Nacional CONADE 2025 en Aguascalientes - Comisi\u00f3n del Deporte de Quintana Roo","og_description":"Con mucha expectativa, la Delegaci\u00f3n de Quintana Roo en las disciplinas de Paranataci\u00f3n y Boccia se reportaron listos para iniciar su participaci\u00f3n en la Paraolimpiada Nacional CONADE 2025, misma que ya tuvo su primera jornada de actividades y que se realiza teniendo como sede el estado de Aguascalientes. Bajo el respaldo y apoyo de la ... Leer m\u00e1s","og_url":"https:\/\/codeq.qroo.gob.mx\/index.php\/2025\/09\/23\/quintana-roo-listo-para-el-arranque-de-la-paraolimpiada-nacional-conade-2025-en-aguascalientes\/","og_site_name":"Comisi\u00f3n del Deporte de Quintana Roo","article_published_time":"2025-09-23T17:14:36+00:00","og_image":[{"width":1280,"height":960,"url":"https:\/\/codeq.qroo.gob.mx\/wp-content\/uploads\/2025\/09\/WhatsApp-Image-2025-09-22-at-1.11.55-PM.jpeg","type":"image\/jpeg"}],"author":"Jorge Antonio Carvajal Maldonado","twitter_card":"summary_large_image","twitter_misc":{"Escrito por":"Jorge Antonio Carvajal Maldonado","Tiempo de lectura":"2 minutos"},"schema":{"@context":"https:\/\/schema.org","@graph":[{"@type":"Article","@id":"https:\/\/codeq.qroo.gob.mx\/index.php\/2025\/09\/23\/quintana-roo-listo-para-el-arranque-de-la-paraolimpiada-nacional-conade-2025-en-aguascalientes\/#article","isPartOf":{"@id":"https:\/\/codeq.qroo.gob.mx\/index.php\/2025\/09\/23\/quintana-roo-listo-para-el-arranque-de-la-paraolimpiada-nacional-conade-2025-en-aguascalientes\/"},"author":{"name":"Jorge Antonio Carvajal Maldonado","@id":"https:\/\/codeq.qroo.gob.mx\/#\/schema\/person\/08f280f71ae6986a008ff55cb6d46160"},"headline":"Quintana Roo listo para el arranque de la Paraolimpiada Nacional CONADE 2025 en Aguascalientes","datePublished":"2025-09-23T17:14:36+00:00","mainEntityOfPage":{"@id":"https:\/\/codeq.qroo.gob.mx\/index.php\/2025\/09\/23\/quintana-roo-listo-para-el-arranque-de-la-paraolimpiada-nacional-conade-2025-en-aguascalientes\/"},"wordCount":263,"commentCount":0,"publisher":{"@id":"https:\/\/codeq.qroo.gob.mx\/#organization"},"image":{"@id":"https:\/\/codeq.qroo.gob.mx\/index.php\/2025\/09\/23\/quintana-roo-listo-para-el-arranque-de-la-paraolimpiada-nacional-conade-2025-en-aguascalientes\/#primaryimage"},"thumbnailUrl":"https:\/\/codeq.qroo.gob.mx\/wp-content\/uploads\/2025\/09\/WhatsApp-Image-2025-09-22-at-1.11.55-PM.jpeg","articleSection":["Noticias"],"inLanguage":"es","potentialAction":[{"@type":"CommentAction","name":"Comment","target":["https:\/\/codeq.qroo.gob.mx\/index.php\/2025\/09\/23\/quintana-roo-listo-para-el-arranque-de-la-paraolimpiada-nacional-conade-2025-en-aguascalientes\/#respond"]}]},{"@type":"WebPage","@id":"https:\/\/codeq.qroo.gob.mx\/index.php\/2025\/09\/23\/quintana-roo-listo-para-el-arranque-de-la-paraolimpiada-nacional-conade-2025-en-aguascalientes\/","url":"https:\/\/codeq.qroo.gob.mx\/index.php\/2025\/09\/23\/quintana-roo-listo-para-el-arranque-de-la-paraolimpiada-nacional-conade-2025-en-aguascalientes\/","name":"Quintana Roo listo para el arranque de la Paraolimpiada Nacional CONADE 2025 en Aguascalientes - Comisi\u00f3n del Deporte de Quintana Roo","isPartOf":{"@id":"https:\/\/codeq.qroo.gob.mx\/#website"},"primaryImageOfPage":{"@id":"https:\/\/codeq.qroo.gob.mx\/index.php\/2025\/09\/23\/quintana-roo-listo-para-el-arranque-de-la-paraolimpiada-nacional-conade-2025-en-aguascalientes\/#primaryimage"},"image":{"@id":"https:\/\/codeq.qroo.gob.mx\/index.php\/2025\/09\/23\/quintana-roo-listo-para-el-arranque-de-la-paraolimpiada-nacional-conade-2025-en-aguascalientes\/#primaryimage"},"thumbnailUrl":"https:\/\/codeq.qroo.gob.mx\/wp-content\/uploads\/2025\/09\/WhatsApp-Image-2025-09-22-at-1.11.55-PM.jpeg","datePublished":"2025-09-23T17:14:36+00:00","breadcrumb":{"@id":"https:\/\/codeq.qroo.gob.mx\/index.php\/2025\/09\/23\/quintana-roo-listo-para-el-arranque-de-la-paraolimpiada-nacional-conade-2025-en-aguascalientes\/#breadcrumb"},"inLanguage":"es","potentialAction":[{"@type":"ReadAction","target":["https:\/\/codeq.qroo.gob.mx\/index.php\/2025\/09\/23\/quintana-roo-listo-para-el-arranque-de-la-paraolimpiada-nacional-conade-2025-en-aguascalientes\/"]}]},{"@type":"ImageObject","inLanguage":"es","@id":"https:\/\/codeq.qroo.gob.mx\/index.php\/2025\/09\/23\/quintana-roo-listo-para-el-arranque-de-la-paraolimpiada-nacional-conade-2025-en-aguascalientes\/#primaryimage","url":"https:\/\/codeq.qroo.gob.mx\/wp-content\/uploads\/2025\/09\/WhatsApp-Image-2025-09-22-at-1.11.55-PM.jpeg","contentUrl":"https:\/\/codeq.qroo.gob.mx\/wp-content\/uploads\/2025\/09\/WhatsApp-Image-2025-09-22-at-1.11.55-PM.jpeg","width":1280,"height":960},{"@type":"BreadcrumbList","@id":"https:\/\/codeq.qroo.gob.mx\/index.php\/2025\/09\/23\/quintana-roo-listo-para-el-arranque-de-la-paraolimpiada-nacional-conade-2025-en-aguascalientes\/#breadcrumb","itemListElement":[{"@type":"ListItem","position":1,"name":"Inicio","item":"https:\/\/codeq.qroo.gob.mx\/"},{"@type":"ListItem","position":2,"name":"Quintana Roo listo para el arranque de la Paraolimpiada Nacional CONADE 2025 en Aguascalientes"}]},{"@type":"WebSite","@id":"https:\/\/codeq.qroo.gob.mx\/#website","url":"https:\/\/codeq.qroo.gob.mx\/","name":"Comisi\u00f3n del Deporte de Quintana Roo","description":"CODEQ","publisher":{"@id":"https:\/\/codeq.qroo.gob.mx\/#organization"},"potentialAction":[{"@type":"SearchAction","target":{"@type":"EntryPoint","urlTemplate":"https:\/\/codeq.qroo.gob.mx\/?s={search_term_string}"},"query-input":{"@type":"PropertyValueSpecification","valueRequired":true,"valueName":"search_term_string"}}],"inLanguage":"es"},{"@type":"Organization","@id":"https:\/\/codeq.qroo.gob.mx\/#organization","name":"Comisi\u00f3n del Deporte de Quintana Roo","url":"https:\/\/codeq.qroo.gob.mx\/","logo":{"@type":"ImageObject","inLanguage":"es","@id":"https:\/\/codeq.qroo.gob.mx\/#\/schema\/logo\/image\/","url":"https:\/\/codeq.qroo.gob.mx\/wp-content\/uploads\/2024\/07\/CODEQ.png","contentUrl":"https:\/\/codeq.qroo.gob.mx\/wp-content\/uploads\/2024\/07\/CODEQ.png","width":3000,"height":1688,"caption":"Comisi\u00f3n del Deporte de Quintana Roo"},"image":{"@id":"https:\/\/codeq.qroo.gob.mx\/#\/schema\/logo\/image\/"}},{"@type":"Person","@id":"https:\/\/codeq.qroo.gob.mx\/#\/schema\/person\/08f280f71ae6986a008ff55cb6d46160","name":"Jorge Antonio Carvajal Maldonado","image":{"@type":"ImageObject","inLanguage":"es","@id":"https:\/\/codeq.qroo.gob.mx\/#\/schema\/person\/image\/","url":"https:\/\/secure.gravatar.com\/avatar\/e61cdf534226ddcecdaed9988ec080e5df82259aa9a3e3f50abf5a5f2b95122f?s=96&d=mm&r=g","contentUrl":"https:\/\/secure.gravatar.com\/avatar\/e61cdf534226ddcecdaed9988ec080e5df82259aa9a3e3f50abf5a5f2b95122f?s=96&d=mm&r=g","caption":"Jorge Antonio Carvajal Maldonado"},"url":"https:\/\/codeq.qroo.gob.mx\/index.php\/author\/antonio\/"}]}},"_links":{"self":[{"href":"https:\/\/codeq.qroo.gob.mx\/index.php\/wp-json\/wp\/v2\/posts\/37786","targetHints":{"allow":["GET"]}}],"collection":[{"href":"https:\/\/codeq.qroo.gob.mx\/index.php\/wp-json\/wp\/v2\/posts"}],"about":[{"href":"https:\/\/codeq.qroo.gob.mx\/index.php\/wp-json\/wp\/v2\/types\/post"}],"author":[{"embeddable":true,"href":"https:\/\/codeq.qroo.gob.mx\/index.php\/wp-json\/wp\/v2\/users\/3"}],"replies":[{"embeddable":true,"href":"https:\/\/codeq.qroo.gob.mx\/index.php\/wp-json\/wp\/v2\/comments?post=37786"}],"version-history":[{"count":1,"href":"https:\/\/codeq.qroo.gob.mx\/index.php\/wp-json\/wp\/v2\/posts\/37786\/revisions"}],"predecessor-version":[{"id":37789,"href":"https:\/\/codeq.qroo.gob.mx\/index.php\/wp-json\/wp\/v2\/posts\/37786\/revisions\/37789"}],"wp:featuredmedia":[{"embeddable":true,"href":"https:\/\/codeq.qroo.gob.mx\/index.php\/wp-json\/wp\/v2\/media\/37788"}],"wp:attachment":[{"href":"https:\/\/codeq.qroo.gob.mx\/index.php\/wp-json\/wp\/v2\/media?parent=37786"}],"wp:term":[{"taxonomy":"category","embeddable":true,"href":"https:\/\/codeq.qroo.gob.mx\/index.php\/wp-json\/wp\/v2\/categories?post=37786"},{"taxonomy":"post_tag","embeddable":true,"href":"https:\/\/codeq.qroo.gob.mx\/index.php\/wp-json\/wp\/v2\/tags?post=37786"}],"curies":[{"name":"wp","href":"https:\/\/api.w.org\/{rel}","templated":true}]}}