{"id":37756,"date":"2025-08-12T15:50:07","date_gmt":"2025-08-12T20:50:07","guid":{"rendered":"https:\/\/codeq.qroo.gob.mx\/?p=37756"},"modified":"2025-08-12T15:50:08","modified_gmt":"2025-08-12T20:50:08","slug":"anuncia-codeq-que-el-calor-de-cancun-jugara-en-la-gran-reinauguracion-del-palacio-de-los-deportes-erick-paolo-martinez-de-chetumal","status":"publish","type":"post","link":"https:\/\/codeq.qroo.gob.mx\/index.php\/2025\/08\/12\/anuncia-codeq-que-el-calor-de-cancun-jugara-en-la-gran-reinauguracion-del-palacio-de-los-deportes-erick-paolo-martinez-de-chetumal\/","title":{"rendered":"Anuncia CODEQ que El Calor de Canc\u00fan jugar\u00e1 en la gran reinauguraci\u00f3n del Palacio de los Deportes \u201cErick Paolo Mart\u00ednez\u201d de Chetumal"},"content":{"rendered":"\n<p><\/p>\n\n\n\n<ul class=\"wp-block-list\">\n<li>La gobernadora Mara Lezama encabezar\u00e1 el duelo amistoso internacional, entre el equipo de la Liga Caliente.Mx LNBP y la Selecci\u00f3n de Belice<\/li>\n\n\n\n<li>El encuentro est\u00e1 previsto para el pr\u00f3ximo domingo 24 de agosto a partir de las 17:00 horas y ser\u00e1 gratuito para las y los chetumale\u00f1os<\/li>\n<\/ul>\n\n\n\n<p>Al priorizar que Chetumal cuente con eventos de gran envergadura, y que esto se logra gracias a la importante inversi\u00f3n realizada en el programa de rescate de espacios deportivos, Jacobo Arzate Hop, presidente de la Comisi\u00f3n del Deporte de Quintana Roo (CODEQ), anunci\u00f3 en conferencia de prensa que el equipo profesional de b\u00e1squetbol El Calor de Canc\u00fan jugar\u00e1 en la capital del estado, esto en el marco de la gran reinauguraci\u00f3n del Palacio de los Deportes \u201cErick Paolo Mart\u00ednez\u201d.<\/p>\n\n\n\n<p>Tambi\u00e9n se inform\u00f3 que la quinteta que compite de manera profesional en la Liga Caliente.Mx LNBP har\u00e1 frente a la Selecci\u00f3n de Belice en un duelo amistoso internacional, programado para el pr\u00f3ximo domingo 24 de agosto a partir de las 17:00 horas y que, adem\u00e1s, ser\u00e1 de acceso gratuito con boleto para la afici\u00f3n chetumale\u00f1a.<\/p>\n\n\n\n<p>Cabe recordar que este emblem\u00e1tico espacio en el estado tuvo una inversi\u00f3n de m\u00e1s de 15.9 millones de pesos para su rehabilitaci\u00f3n, priorizando a la ciudadan\u00eda que cuente con infraestructura deportiva digna, tal como lo marca el Nuevo Acuerdo por el Bienestar y Desarrollo, promovido por la gobernadora Mara Lezama Espinosa.<\/p>\n\n\n\n<p>\u201cEstamos muy contentos de presentar este gran juego, que reafirma el trabajo que encabeza nuestra gobernadora Mara Lezama de recuperar los espacios deportivos para el beneficio de las y los quintanarroenses, y que adem\u00e1s ayuda a que nuestra capital recupere su brillo\u201d, coment\u00f3 Jacobo Arzate, presidente de la CODEQ, al encabezar la cita con los medios de comunicaci\u00f3n.<\/p>\n\n\n\n<p>A\u00f1adi\u00f3: \u201cTambi\u00e9n tendremos invitados especiales como leyendas del b\u00e1squetbol chetumale\u00f1o que nos acompa\u00f1ar\u00e1n en el juego, porque ellos son parte de esta historia y, sin duda, ser\u00e1 un momento muy importante para las familias de nuestra capital\u201d.<\/p>\n\n\n\n<p>Por su parte, Roberto Alvarado, director general de El Calor de Canc\u00fan, se\u00f1al\u00f3: \u201cDesde la fundaci\u00f3n del equipo nos planteamos compromisos con Quintana Roo, y una de ellas era ir visitando las plazas basquetboleras del estado, y claro, Chetumal era un punto donde quer\u00edamos estar y qu\u00e9 mejor que en el marco de la rehabilitaci\u00f3n de un recinto importante como es el Palacio de los Deportes \u2018Erick Paolo Mart\u00ednez\u2019\u201d.<\/p>\n\n\n\n<p>El directivo de la quinteta quintanarroense agreg\u00f3: \u201cHaremos todo el espect\u00e1culo y entretenimiento que se vive en un partido profesional, vendr\u00e1 todo el staff, todos los jugadores del equipo y, claro, el cuerpo t\u00e9cnico, comandado por Pepe Pidal; queremos que la afici\u00f3n de Chetumal viva la experiencia\u201d.<\/p>\n\n\n\n<p>Durante la conferencia se present\u00f3 un uniforme conmemorativo al evento que incluir\u00e1 el parche del juego, as\u00ed como la marca Chetumal y tendr\u00e1 unas siluetas que simulan monumentos representativos de la capital del estado; adem\u00e1s, los boletos se regalar\u00e1n a trav\u00e9s de din\u00e1micas que se realizar\u00e1n en las redes sociales de la CODEQ.<\/p>\n\n\n\n<p>En tanto, Jacob Leslie, presidente de la Federaci\u00f3n de B\u00e1squetbol de Belice, indic\u00f3: \u201cEstamos muy agradecidos por la invitaci\u00f3n, es algo que hab\u00edamos querido desde hace mucho tiempo, vendremos a jugar y dar espect\u00e1culo, con jugadores activos de nuestra liga profesional\u201d.<\/p>\n\n\n\n<p>A la reuni\u00f3n con los medios de comunicaci\u00f3n tambi\u00e9n estuvieron presentes Ra\u00fal Rosado, secretario general de la Federaci\u00f3n de B\u00e1squetbol de Belice; y Eduardo Angulo Bernal, promotor deportivo de Chetumal.<\/p>\n\n\n\n<figure class=\"wp-block-gallery has-nested-images columns-default is-cropped wp-block-gallery-1 is-layout-flex wp-block-gallery-is-layout-flex\">\n<figure class=\"wp-block-image size-large\"><img fetchpriority=\"high\" decoding=\"async\" width=\"780\" height=\"1024\" data-id=\"37758\" src=\"https:\/\/codeq.qroo.gob.mx\/wp-content\/uploads\/2025\/08\/WhatsApp-Image-2025-08-12-at-3.46.18-PM3-780x1024.jpeg\" alt=\"\" class=\"wp-image-37758\" srcset=\"https:\/\/codeq.qroo.gob.mx\/wp-content\/uploads\/2025\/08\/WhatsApp-Image-2025-08-12-at-3.46.18-PM3-780x1024.jpeg 780w, https:\/\/codeq.qroo.gob.mx\/wp-content\/uploads\/2025\/08\/WhatsApp-Image-2025-08-12-at-3.46.18-PM3-229x300.jpeg 229w, https:\/\/codeq.qroo.gob.mx\/wp-content\/uploads\/2025\/08\/WhatsApp-Image-2025-08-12-at-3.46.18-PM3-768x1008.jpeg 768w, https:\/\/codeq.qroo.gob.mx\/wp-content\/uploads\/2025\/08\/WhatsApp-Image-2025-08-12-at-3.46.18-PM3.jpeg 969w\" sizes=\"(max-width: 780px) 100vw, 780px\" \/><\/figure>\n\n\n\n<figure class=\"wp-block-image size-large\"><img decoding=\"async\" width=\"1024\" height=\"682\" data-id=\"37757\" src=\"https:\/\/codeq.qroo.gob.mx\/wp-content\/uploads\/2025\/08\/WhatsApp-Image-2025-08-12-at-3.46.18-PM2-1024x682.jpeg\" alt=\"\" class=\"wp-image-37757\" srcset=\"https:\/\/codeq.qroo.gob.mx\/wp-content\/uploads\/2025\/08\/WhatsApp-Image-2025-08-12-at-3.46.18-PM2-1024x682.jpeg 1024w, https:\/\/codeq.qroo.gob.mx\/wp-content\/uploads\/2025\/08\/WhatsApp-Image-2025-08-12-at-3.46.18-PM2-300x200.jpeg 300w, https:\/\/codeq.qroo.gob.mx\/wp-content\/uploads\/2025\/08\/WhatsApp-Image-2025-08-12-at-3.46.18-PM2-768x512.jpeg 768w, https:\/\/codeq.qroo.gob.mx\/wp-content\/uploads\/2025\/08\/WhatsApp-Image-2025-08-12-at-3.46.18-PM2-1536x1023.jpeg 1536w, https:\/\/codeq.qroo.gob.mx\/wp-content\/uploads\/2025\/08\/WhatsApp-Image-2025-08-12-at-3.46.18-PM2.jpeg 1600w\" sizes=\"(max-width: 1024px) 100vw, 1024px\" \/><\/figure>\n\n\n\n<figure class=\"wp-block-image size-large\"><img decoding=\"async\" width=\"1024\" height=\"682\" data-id=\"37762\" src=\"https:\/\/codeq.qroo.gob.mx\/wp-content\/uploads\/2025\/08\/WhatsApp-Image-2025-08-12-at-3.46.18-PM1-1024x682.jpeg\" alt=\"\" class=\"wp-image-37762\" srcset=\"https:\/\/codeq.qroo.gob.mx\/wp-content\/uploads\/2025\/08\/WhatsApp-Image-2025-08-12-at-3.46.18-PM1-1024x682.jpeg 1024w, https:\/\/codeq.qroo.gob.mx\/wp-content\/uploads\/2025\/08\/WhatsApp-Image-2025-08-12-at-3.46.18-PM1-300x200.jpeg 300w, https:\/\/codeq.qroo.gob.mx\/wp-content\/uploads\/2025\/08\/WhatsApp-Image-2025-08-12-at-3.46.18-PM1-768x512.jpeg 768w, https:\/\/codeq.qroo.gob.mx\/wp-content\/uploads\/2025\/08\/WhatsApp-Image-2025-08-12-at-3.46.18-PM1-1536x1023.jpeg 1536w, https:\/\/codeq.qroo.gob.mx\/wp-content\/uploads\/2025\/08\/WhatsApp-Image-2025-08-12-at-3.46.18-PM1.jpeg 1600w\" sizes=\"(max-width: 1024px) 100vw, 1024px\" \/><\/figure>\n\n\n\n<figure class=\"wp-block-image size-large\"><img loading=\"lazy\" decoding=\"async\" width=\"1024\" height=\"682\" data-id=\"37759\" src=\"https:\/\/codeq.qroo.gob.mx\/wp-content\/uploads\/2025\/08\/WhatsApp-Image-2025-08-12-at-3.46.18-PM-1024x682.jpeg\" alt=\"\" class=\"wp-image-37759\" srcset=\"https:\/\/codeq.qroo.gob.mx\/wp-content\/uploads\/2025\/08\/WhatsApp-Image-2025-08-12-at-3.46.18-PM-1024x682.jpeg 1024w, https:\/\/codeq.qroo.gob.mx\/wp-content\/uploads\/2025\/08\/WhatsApp-Image-2025-08-12-at-3.46.18-PM-300x200.jpeg 300w, https:\/\/codeq.qroo.gob.mx\/wp-content\/uploads\/2025\/08\/WhatsApp-Image-2025-08-12-at-3.46.18-PM-768x512.jpeg 768w, https:\/\/codeq.qroo.gob.mx\/wp-content\/uploads\/2025\/08\/WhatsApp-Image-2025-08-12-at-3.46.18-PM-1536x1023.jpeg 1536w, https:\/\/codeq.qroo.gob.mx\/wp-content\/uploads\/2025\/08\/WhatsApp-Image-2025-08-12-at-3.46.18-PM.jpeg 1600w\" sizes=\"(max-width: 1024px) 100vw, 1024px\" \/><\/figure>\n\n\n\n<figure class=\"wp-block-image size-large\"><img loading=\"lazy\" decoding=\"async\" width=\"1024\" height=\"682\" data-id=\"37760\" src=\"https:\/\/codeq.qroo.gob.mx\/wp-content\/uploads\/2025\/08\/WhatsApp-Image-2025-08-12-at-3.46.17-PM2-1024x682.jpeg\" alt=\"\" class=\"wp-image-37760\" srcset=\"https:\/\/codeq.qroo.gob.mx\/wp-content\/uploads\/2025\/08\/WhatsApp-Image-2025-08-12-at-3.46.17-PM2-1024x682.jpeg 1024w, https:\/\/codeq.qroo.gob.mx\/wp-content\/uploads\/2025\/08\/WhatsApp-Image-2025-08-12-at-3.46.17-PM2-300x200.jpeg 300w, https:\/\/codeq.qroo.gob.mx\/wp-content\/uploads\/2025\/08\/WhatsApp-Image-2025-08-12-at-3.46.17-PM2-768x512.jpeg 768w, https:\/\/codeq.qroo.gob.mx\/wp-content\/uploads\/2025\/08\/WhatsApp-Image-2025-08-12-at-3.46.17-PM2-1536x1023.jpeg 1536w, https:\/\/codeq.qroo.gob.mx\/wp-content\/uploads\/2025\/08\/WhatsApp-Image-2025-08-12-at-3.46.17-PM2.jpeg 1600w\" sizes=\"(max-width: 1024px) 100vw, 1024px\" \/><\/figure>\n\n\n\n<figure class=\"wp-block-image size-large\"><img loading=\"lazy\" decoding=\"async\" width=\"1024\" height=\"682\" data-id=\"37763\" src=\"https:\/\/codeq.qroo.gob.mx\/wp-content\/uploads\/2025\/08\/WhatsApp-Image-2025-08-12-at-3.46.17-PM1-1024x682.jpeg\" alt=\"\" class=\"wp-image-37763\" srcset=\"https:\/\/codeq.qroo.gob.mx\/wp-content\/uploads\/2025\/08\/WhatsApp-Image-2025-08-12-at-3.46.17-PM1-1024x682.jpeg 1024w, https:\/\/codeq.qroo.gob.mx\/wp-content\/uploads\/2025\/08\/WhatsApp-Image-2025-08-12-at-3.46.17-PM1-300x200.jpeg 300w, https:\/\/codeq.qroo.gob.mx\/wp-content\/uploads\/2025\/08\/WhatsApp-Image-2025-08-12-at-3.46.17-PM1-768x512.jpeg 768w, https:\/\/codeq.qroo.gob.mx\/wp-content\/uploads\/2025\/08\/WhatsApp-Image-2025-08-12-at-3.46.17-PM1-1536x1023.jpeg 1536w, https:\/\/codeq.qroo.gob.mx\/wp-content\/uploads\/2025\/08\/WhatsApp-Image-2025-08-12-at-3.46.17-PM1.jpeg 1600w\" sizes=\"(max-width: 1024px) 100vw, 1024px\" \/><\/figure>\n\n\n\n<figure class=\"wp-block-image size-large\"><img loading=\"lazy\" decoding=\"async\" width=\"1024\" height=\"682\" data-id=\"37761\" src=\"https:\/\/codeq.qroo.gob.mx\/wp-content\/uploads\/2025\/08\/WhatsApp-Image-2025-08-12-at-3.46.17-PM-1024x682.jpeg\" alt=\"\" class=\"wp-image-37761\" srcset=\"https:\/\/codeq.qroo.gob.mx\/wp-content\/uploads\/2025\/08\/WhatsApp-Image-2025-08-12-at-3.46.17-PM-1024x682.jpeg 1024w, https:\/\/codeq.qroo.gob.mx\/wp-content\/uploads\/2025\/08\/WhatsApp-Image-2025-08-12-at-3.46.17-PM-300x200.jpeg 300w, https:\/\/codeq.qroo.gob.mx\/wp-content\/uploads\/2025\/08\/WhatsApp-Image-2025-08-12-at-3.46.17-PM-768x512.jpeg 768w, https:\/\/codeq.qroo.gob.mx\/wp-content\/uploads\/2025\/08\/WhatsApp-Image-2025-08-12-at-3.46.17-PM-1536x1023.jpeg 1536w, https:\/\/codeq.qroo.gob.mx\/wp-content\/uploads\/2025\/08\/WhatsApp-Image-2025-08-12-at-3.46.17-PM.jpeg 1600w\" sizes=\"(max-width: 1024px) 100vw, 1024px\" \/><\/figure>\n<\/figure>\n","protected":false},"excerpt":{"rendered":"<p>Al priorizar que Chetumal cuente con eventos de gran envergadura, y que esto se logra gracias a la importante inversi\u00f3n realizada en el programa de rescate de espacios deportivos, Jacobo Arzate Hop, presidente de la Comisi\u00f3n del Deporte de Quintana Roo (CODEQ), anunci\u00f3 en conferencia de prensa que el equipo profesional de b\u00e1squetbol El Calor &#8230; <a title=\"Anuncia CODEQ que El Calor de Canc\u00fan jugar\u00e1 en la gran reinauguraci\u00f3n del Palacio de los Deportes \u201cErick Paolo Mart\u00ednez\u201d de Chetumal\" class=\"read-more\" href=\"https:\/\/codeq.qroo.gob.mx\/index.php\/2025\/08\/12\/anuncia-codeq-que-el-calor-de-cancun-jugara-en-la-gran-reinauguracion-del-palacio-de-los-deportes-erick-paolo-martinez-de-chetumal\/\" aria-label=\"Leer m\u00e1s sobre Anuncia CODEQ que El Calor de Canc\u00fan jugar\u00e1 en la gran reinauguraci\u00f3n del Palacio de los Deportes \u201cErick Paolo Mart\u00ednez\u201d de Chetumal\">Leer m\u00e1s<\/a><\/p>\n","protected":false},"author":3,"featured_media":37761,"comment_status":"open","ping_status":"open","sticky":false,"template":"","format":"standard","meta":{"footnotes":""},"categories":[5],"tags":[],"class_list":["post-37756","post","type-post","status-publish","format-standard","has-post-thumbnail","hentry","category-noticias"],"yoast_head":"<!-- This site is optimized with the Yoast SEO plugin v25.5 - https:\/\/yoast.com\/wordpress\/plugins\/seo\/ -->\n<title>Anuncia CODEQ que El Calor de Canc\u00fan jugar\u00e1 en la gran reinauguraci\u00f3n del Palacio de los Deportes \u201cErick Paolo Mart\u00ednez\u201d de Chetumal - Comisi\u00f3n del Deporte de Quintana Roo<\/title>\n<meta name=\"robots\" content=\"index, follow, max-snippet:-1, max-image-preview:large, max-video-preview:-1\" \/>\n<link rel=\"canonical\" href=\"https:\/\/codeq.qroo.gob.mx\/index.php\/2025\/08\/12\/anuncia-codeq-que-el-calor-de-cancun-jugara-en-la-gran-reinauguracion-del-palacio-de-los-deportes-erick-paolo-martinez-de-chetumal\/\" \/>\n<meta property=\"og:locale\" content=\"es_MX\" \/>\n<meta property=\"og:type\" content=\"article\" \/>\n<meta property=\"og:title\" content=\"Anuncia CODEQ que El Calor de Canc\u00fan jugar\u00e1 en la gran reinauguraci\u00f3n del Palacio de los Deportes \u201cErick Paolo Mart\u00ednez\u201d de Chetumal - Comisi\u00f3n del Deporte de Quintana Roo\" \/>\n<meta property=\"og:description\" content=\"Al priorizar que Chetumal cuente con eventos de gran envergadura, y que esto se logra gracias a la importante inversi\u00f3n realizada en el programa de rescate de espacios deportivos, Jacobo Arzate Hop, presidente de la Comisi\u00f3n del Deporte de Quintana Roo (CODEQ), anunci\u00f3 en conferencia de prensa que el equipo profesional de b\u00e1squetbol El Calor ... Leer m\u00e1s\" \/>\n<meta property=\"og:url\" content=\"https:\/\/codeq.qroo.gob.mx\/index.php\/2025\/08\/12\/anuncia-codeq-que-el-calor-de-cancun-jugara-en-la-gran-reinauguracion-del-palacio-de-los-deportes-erick-paolo-martinez-de-chetumal\/\" \/>\n<meta property=\"og:site_name\" content=\"Comisi\u00f3n del Deporte de Quintana Roo\" \/>\n<meta property=\"article:published_time\" content=\"2025-08-12T20:50:07+00:00\" \/>\n<meta property=\"article:modified_time\" content=\"2025-08-12T20:50:08+00:00\" \/>\n<meta property=\"og:image\" content=\"https:\/\/codeq.qroo.gob.mx\/wp-content\/uploads\/2025\/08\/WhatsApp-Image-2025-08-12-at-3.46.17-PM.jpeg\" \/>\n\t<meta property=\"og:image:width\" content=\"1600\" \/>\n\t<meta property=\"og:image:height\" content=\"1066\" \/>\n\t<meta property=\"og:image:type\" content=\"image\/jpeg\" \/>\n<meta name=\"author\" content=\"Jorge Antonio Carvajal Maldonado\" \/>\n<meta name=\"twitter:card\" content=\"summary_large_image\" \/>\n<meta name=\"twitter:label1\" content=\"Escrito por\" \/>\n\t<meta name=\"twitter:data1\" content=\"Jorge Antonio Carvajal Maldonado\" \/>\n\t<meta name=\"twitter:label2\" content=\"Tiempo de lectura\" \/>\n\t<meta name=\"twitter:data2\" content=\"5 minutos\" \/>\n<script type=\"application\/ld+json\" class=\"yoast-schema-graph\">{\"@context\":\"https:\/\/schema.org\",\"@graph\":[{\"@type\":\"Article\",\"@id\":\"https:\/\/codeq.qroo.gob.mx\/index.php\/2025\/08\/12\/anuncia-codeq-que-el-calor-de-cancun-jugara-en-la-gran-reinauguracion-del-palacio-de-los-deportes-erick-paolo-martinez-de-chetumal\/#article\",\"isPartOf\":{\"@id\":\"https:\/\/codeq.qroo.gob.mx\/index.php\/2025\/08\/12\/anuncia-codeq-que-el-calor-de-cancun-jugara-en-la-gran-reinauguracion-del-palacio-de-los-deportes-erick-paolo-martinez-de-chetumal\/\"},\"author\":{\"name\":\"Jorge Antonio Carvajal Maldonado\",\"@id\":\"https:\/\/codeq.qroo.gob.mx\/#\/schema\/person\/08f280f71ae6986a008ff55cb6d46160\"},\"headline\":\"Anuncia CODEQ que El Calor de Canc\u00fan jugar\u00e1 en la gran reinauguraci\u00f3n del Palacio de los Deportes \u201cErick Paolo Mart\u00ednez\u201d de Chetumal\",\"datePublished\":\"2025-08-12T20:50:07+00:00\",\"dateModified\":\"2025-08-12T20:50:08+00:00\",\"mainEntityOfPage\":{\"@id\":\"https:\/\/codeq.qroo.gob.mx\/index.php\/2025\/08\/12\/anuncia-codeq-que-el-calor-de-cancun-jugara-en-la-gran-reinauguracion-del-palacio-de-los-deportes-erick-paolo-martinez-de-chetumal\/\"},\"wordCount\":642,\"commentCount\":0,\"publisher\":{\"@id\":\"https:\/\/codeq.qroo.gob.mx\/#organization\"},\"image\":{\"@id\":\"https:\/\/codeq.qroo.gob.mx\/index.php\/2025\/08\/12\/anuncia-codeq-que-el-calor-de-cancun-jugara-en-la-gran-reinauguracion-del-palacio-de-los-deportes-erick-paolo-martinez-de-chetumal\/#primaryimage\"},\"thumbnailUrl\":\"https:\/\/codeq.qroo.gob.mx\/wp-content\/uploads\/2025\/08\/WhatsApp-Image-2025-08-12-at-3.46.17-PM.jpeg\",\"articleSection\":[\"Noticias\"],\"inLanguage\":\"es\",\"potentialAction\":[{\"@type\":\"CommentAction\",\"name\":\"Comment\",\"target\":[\"https:\/\/codeq.qroo.gob.mx\/index.php\/2025\/08\/12\/anuncia-codeq-que-el-calor-de-cancun-jugara-en-la-gran-reinauguracion-del-palacio-de-los-deportes-erick-paolo-martinez-de-chetumal\/#respond\"]}]},{\"@type\":\"WebPage\",\"@id\":\"https:\/\/codeq.qroo.gob.mx\/index.php\/2025\/08\/12\/anuncia-codeq-que-el-calor-de-cancun-jugara-en-la-gran-reinauguracion-del-palacio-de-los-deportes-erick-paolo-martinez-de-chetumal\/\",\"url\":\"https:\/\/codeq.qroo.gob.mx\/index.php\/2025\/08\/12\/anuncia-codeq-que-el-calor-de-cancun-jugara-en-la-gran-reinauguracion-del-palacio-de-los-deportes-erick-paolo-martinez-de-chetumal\/\",\"name\":\"Anuncia CODEQ que El Calor de Canc\u00fan jugar\u00e1 en la gran reinauguraci\u00f3n del Palacio de los Deportes \u201cErick Paolo Mart\u00ednez\u201d de Chetumal - Comisi\u00f3n del Deporte de Quintana Roo\",\"isPartOf\":{\"@id\":\"https:\/\/codeq.qroo.gob.mx\/#website\"},\"primaryImageOfPage\":{\"@id\":\"https:\/\/codeq.qroo.gob.mx\/index.php\/2025\/08\/12\/anuncia-codeq-que-el-calor-de-cancun-jugara-en-la-gran-reinauguracion-del-palacio-de-los-deportes-erick-paolo-martinez-de-chetumal\/#primaryimage\"},\"image\":{\"@id\":\"https:\/\/codeq.qroo.gob.mx\/index.php\/2025\/08\/12\/anuncia-codeq-que-el-calor-de-cancun-jugara-en-la-gran-reinauguracion-del-palacio-de-los-deportes-erick-paolo-martinez-de-chetumal\/#primaryimage\"},\"thumbnailUrl\":\"https:\/\/codeq.qroo.gob.mx\/wp-content\/uploads\/2025\/08\/WhatsApp-Image-2025-08-12-at-3.46.17-PM.jpeg\",\"datePublished\":\"2025-08-12T20:50:07+00:00\",\"dateModified\":\"2025-08-12T20:50:08+00:00\",\"breadcrumb\":{\"@id\":\"https:\/\/codeq.qroo.gob.mx\/index.php\/2025\/08\/12\/anuncia-codeq-que-el-calor-de-cancun-jugara-en-la-gran-reinauguracion-del-palacio-de-los-deportes-erick-paolo-martinez-de-chetumal\/#breadcrumb\"},\"inLanguage\":\"es\",\"potentialAction\":[{\"@type\":\"ReadAction\",\"target\":[\"https:\/\/codeq.qroo.gob.mx\/index.php\/2025\/08\/12\/anuncia-codeq-que-el-calor-de-cancun-jugara-en-la-gran-reinauguracion-del-palacio-de-los-deportes-erick-paolo-martinez-de-chetumal\/\"]}]},{\"@type\":\"ImageObject\",\"inLanguage\":\"es\",\"@id\":\"https:\/\/codeq.qroo.gob.mx\/index.php\/2025\/08\/12\/anuncia-codeq-que-el-calor-de-cancun-jugara-en-la-gran-reinauguracion-del-palacio-de-los-deportes-erick-paolo-martinez-de-chetumal\/#primaryimage\",\"url\":\"https:\/\/codeq.qroo.gob.mx\/wp-content\/uploads\/2025\/08\/WhatsApp-Image-2025-08-12-at-3.46.17-PM.jpeg\",\"contentUrl\":\"https:\/\/codeq.qroo.gob.mx\/wp-content\/uploads\/2025\/08\/WhatsApp-Image-2025-08-12-at-3.46.17-PM.jpeg\",\"width\":1600,\"height\":1066},{\"@type\":\"BreadcrumbList\",\"@id\":\"https:\/\/codeq.qroo.gob.mx\/index.php\/2025\/08\/12\/anuncia-codeq-que-el-calor-de-cancun-jugara-en-la-gran-reinauguracion-del-palacio-de-los-deportes-erick-paolo-martinez-de-chetumal\/#breadcrumb\",\"itemListElement\":[{\"@type\":\"ListItem\",\"position\":1,\"name\":\"Inicio\",\"item\":\"https:\/\/codeq.qroo.gob.mx\/\"},{\"@type\":\"ListItem\",\"position\":2,\"name\":\"Anuncia CODEQ que El Calor de Canc\u00fan jugar\u00e1 en la gran reinauguraci\u00f3n del Palacio de los Deportes \u201cErick Paolo Mart\u00ednez\u201d de Chetumal\"}]},{\"@type\":\"WebSite\",\"@id\":\"https:\/\/codeq.qroo.gob.mx\/#website\",\"url\":\"https:\/\/codeq.qroo.gob.mx\/\",\"name\":\"Comisi\u00f3n del Deporte de Quintana Roo\",\"description\":\"CODEQ\",\"publisher\":{\"@id\":\"https:\/\/codeq.qroo.gob.mx\/#organization\"},\"potentialAction\":[{\"@type\":\"SearchAction\",\"target\":{\"@type\":\"EntryPoint\",\"urlTemplate\":\"https:\/\/codeq.qroo.gob.mx\/?s={search_term_string}\"},\"query-input\":{\"@type\":\"PropertyValueSpecification\",\"valueRequired\":true,\"valueName\":\"search_term_string\"}}],\"inLanguage\":\"es\"},{\"@type\":\"Organization\",\"@id\":\"https:\/\/codeq.qroo.gob.mx\/#organization\",\"name\":\"Comisi\u00f3n del Deporte de Quintana Roo\",\"url\":\"https:\/\/codeq.qroo.gob.mx\/\",\"logo\":{\"@type\":\"ImageObject\",\"inLanguage\":\"es\",\"@id\":\"https:\/\/codeq.qroo.gob.mx\/#\/schema\/logo\/image\/\",\"url\":\"https:\/\/codeq.qroo.gob.mx\/wp-content\/uploads\/2024\/07\/CODEQ.png\",\"contentUrl\":\"https:\/\/codeq.qroo.gob.mx\/wp-content\/uploads\/2024\/07\/CODEQ.png\",\"width\":3000,\"height\":1688,\"caption\":\"Comisi\u00f3n del Deporte de Quintana Roo\"},\"image\":{\"@id\":\"https:\/\/codeq.qroo.gob.mx\/#\/schema\/logo\/image\/\"}},{\"@type\":\"Person\",\"@id\":\"https:\/\/codeq.qroo.gob.mx\/#\/schema\/person\/08f280f71ae6986a008ff55cb6d46160\",\"name\":\"Jorge Antonio Carvajal Maldonado\",\"image\":{\"@type\":\"ImageObject\",\"inLanguage\":\"es\",\"@id\":\"https:\/\/codeq.qroo.gob.mx\/#\/schema\/person\/image\/\",\"url\":\"https:\/\/secure.gravatar.com\/avatar\/e61cdf534226ddcecdaed9988ec080e5df82259aa9a3e3f50abf5a5f2b95122f?s=96&d=mm&r=g\",\"contentUrl\":\"https:\/\/secure.gravatar.com\/avatar\/e61cdf534226ddcecdaed9988ec080e5df82259aa9a3e3f50abf5a5f2b95122f?s=96&d=mm&r=g\",\"caption\":\"Jorge Antonio Carvajal Maldonado\"},\"url\":\"https:\/\/codeq.qroo.gob.mx\/index.php\/author\/antonio\/\"}]}<\/script>\n<!-- \/ Yoast SEO plugin. -->","yoast_head_json":{"title":"Anuncia CODEQ que El Calor de Canc\u00fan jugar\u00e1 en la gran reinauguraci\u00f3n del Palacio de los Deportes \u201cErick Paolo Mart\u00ednez\u201d de Chetumal - Comisi\u00f3n del Deporte de Quintana Roo","robots":{"index":"index","follow":"follow","max-snippet":"max-snippet:-1","max-image-preview":"max-image-preview:large","max-video-preview":"max-video-preview:-1"},"canonical":"https:\/\/codeq.qroo.gob.mx\/index.php\/2025\/08\/12\/anuncia-codeq-que-el-calor-de-cancun-jugara-en-la-gran-reinauguracion-del-palacio-de-los-deportes-erick-paolo-martinez-de-chetumal\/","og_locale":"es_MX","og_type":"article","og_title":"Anuncia CODEQ que El Calor de Canc\u00fan jugar\u00e1 en la gran reinauguraci\u00f3n del Palacio de los Deportes \u201cErick Paolo Mart\u00ednez\u201d de Chetumal - Comisi\u00f3n del Deporte de Quintana Roo","og_description":"Al priorizar que Chetumal cuente con eventos de gran envergadura, y que esto se logra gracias a la importante inversi\u00f3n realizada en el programa de rescate de espacios deportivos, Jacobo Arzate Hop, presidente de la Comisi\u00f3n del Deporte de Quintana Roo (CODEQ), anunci\u00f3 en conferencia de prensa que el equipo profesional de b\u00e1squetbol El Calor ... Leer m\u00e1s","og_url":"https:\/\/codeq.qroo.gob.mx\/index.php\/2025\/08\/12\/anuncia-codeq-que-el-calor-de-cancun-jugara-en-la-gran-reinauguracion-del-palacio-de-los-deportes-erick-paolo-martinez-de-chetumal\/","og_site_name":"Comisi\u00f3n del Deporte de Quintana Roo","article_published_time":"2025-08-12T20:50:07+00:00","article_modified_time":"2025-08-12T20:50:08+00:00","og_image":[{"width":1600,"height":1066,"url":"https:\/\/codeq.qroo.gob.mx\/wp-content\/uploads\/2025\/08\/WhatsApp-Image-2025-08-12-at-3.46.17-PM.jpeg","type":"image\/jpeg"}],"author":"Jorge Antonio Carvajal Maldonado","twitter_card":"summary_large_image","twitter_misc":{"Escrito por":"Jorge Antonio Carvajal Maldonado","Tiempo de lectura":"5 minutos"},"schema":{"@context":"https:\/\/schema.org","@graph":[{"@type":"Article","@id":"https:\/\/codeq.qroo.gob.mx\/index.php\/2025\/08\/12\/anuncia-codeq-que-el-calor-de-cancun-jugara-en-la-gran-reinauguracion-del-palacio-de-los-deportes-erick-paolo-martinez-de-chetumal\/#article","isPartOf":{"@id":"https:\/\/codeq.qroo.gob.mx\/index.php\/2025\/08\/12\/anuncia-codeq-que-el-calor-de-cancun-jugara-en-la-gran-reinauguracion-del-palacio-de-los-deportes-erick-paolo-martinez-de-chetumal\/"},"author":{"name":"Jorge Antonio Carvajal Maldonado","@id":"https:\/\/codeq.qroo.gob.mx\/#\/schema\/person\/08f280f71ae6986a008ff55cb6d46160"},"headline":"Anuncia CODEQ que El Calor de Canc\u00fan jugar\u00e1 en la gran reinauguraci\u00f3n del Palacio de los Deportes \u201cErick Paolo Mart\u00ednez\u201d de Chetumal","datePublished":"2025-08-12T20:50:07+00:00","dateModified":"2025-08-12T20:50:08+00:00","mainEntityOfPage":{"@id":"https:\/\/codeq.qroo.gob.mx\/index.php\/2025\/08\/12\/anuncia-codeq-que-el-calor-de-cancun-jugara-en-la-gran-reinauguracion-del-palacio-de-los-deportes-erick-paolo-martinez-de-chetumal\/"},"wordCount":642,"commentCount":0,"publisher":{"@id":"https:\/\/codeq.qroo.gob.mx\/#organization"},"image":{"@id":"https:\/\/codeq.qroo.gob.mx\/index.php\/2025\/08\/12\/anuncia-codeq-que-el-calor-de-cancun-jugara-en-la-gran-reinauguracion-del-palacio-de-los-deportes-erick-paolo-martinez-de-chetumal\/#primaryimage"},"thumbnailUrl":"https:\/\/codeq.qroo.gob.mx\/wp-content\/uploads\/2025\/08\/WhatsApp-Image-2025-08-12-at-3.46.17-PM.jpeg","articleSection":["Noticias"],"inLanguage":"es","potentialAction":[{"@type":"CommentAction","name":"Comment","target":["https:\/\/codeq.qroo.gob.mx\/index.php\/2025\/08\/12\/anuncia-codeq-que-el-calor-de-cancun-jugara-en-la-gran-reinauguracion-del-palacio-de-los-deportes-erick-paolo-martinez-de-chetumal\/#respond"]}]},{"@type":"WebPage","@id":"https:\/\/codeq.qroo.gob.mx\/index.php\/2025\/08\/12\/anuncia-codeq-que-el-calor-de-cancun-jugara-en-la-gran-reinauguracion-del-palacio-de-los-deportes-erick-paolo-martinez-de-chetumal\/","url":"https:\/\/codeq.qroo.gob.mx\/index.php\/2025\/08\/12\/anuncia-codeq-que-el-calor-de-cancun-jugara-en-la-gran-reinauguracion-del-palacio-de-los-deportes-erick-paolo-martinez-de-chetumal\/","name":"Anuncia CODEQ que El Calor de Canc\u00fan jugar\u00e1 en la gran reinauguraci\u00f3n del Palacio de los Deportes \u201cErick Paolo Mart\u00ednez\u201d de Chetumal - Comisi\u00f3n del Deporte de Quintana Roo","isPartOf":{"@id":"https:\/\/codeq.qroo.gob.mx\/#website"},"primaryImageOfPage":{"@id":"https:\/\/codeq.qroo.gob.mx\/index.php\/2025\/08\/12\/anuncia-codeq-que-el-calor-de-cancun-jugara-en-la-gran-reinauguracion-del-palacio-de-los-deportes-erick-paolo-martinez-de-chetumal\/#primaryimage"},"image":{"@id":"https:\/\/codeq.qroo.gob.mx\/index.php\/2025\/08\/12\/anuncia-codeq-que-el-calor-de-cancun-jugara-en-la-gran-reinauguracion-del-palacio-de-los-deportes-erick-paolo-martinez-de-chetumal\/#primaryimage"},"thumbnailUrl":"https:\/\/codeq.qroo.gob.mx\/wp-content\/uploads\/2025\/08\/WhatsApp-Image-2025-08-12-at-3.46.17-PM.jpeg","datePublished":"2025-08-12T20:50:07+00:00","dateModified":"2025-08-12T20:50:08+00:00","breadcrumb":{"@id":"https:\/\/codeq.qroo.gob.mx\/index.php\/2025\/08\/12\/anuncia-codeq-que-el-calor-de-cancun-jugara-en-la-gran-reinauguracion-del-palacio-de-los-deportes-erick-paolo-martinez-de-chetumal\/#breadcrumb"},"inLanguage":"es","potentialAction":[{"@type":"ReadAction","target":["https:\/\/codeq.qroo.gob.mx\/index.php\/2025\/08\/12\/anuncia-codeq-que-el-calor-de-cancun-jugara-en-la-gran-reinauguracion-del-palacio-de-los-deportes-erick-paolo-martinez-de-chetumal\/"]}]},{"@type":"ImageObject","inLanguage":"es","@id":"https:\/\/codeq.qroo.gob.mx\/index.php\/2025\/08\/12\/anuncia-codeq-que-el-calor-de-cancun-jugara-en-la-gran-reinauguracion-del-palacio-de-los-deportes-erick-paolo-martinez-de-chetumal\/#primaryimage","url":"https:\/\/codeq.qroo.gob.mx\/wp-content\/uploads\/2025\/08\/WhatsApp-Image-2025-08-12-at-3.46.17-PM.jpeg","contentUrl":"https:\/\/codeq.qroo.gob.mx\/wp-content\/uploads\/2025\/08\/WhatsApp-Image-2025-08-12-at-3.46.17-PM.jpeg","width":1600,"height":1066},{"@type":"BreadcrumbList","@id":"https:\/\/codeq.qroo.gob.mx\/index.php\/2025\/08\/12\/anuncia-codeq-que-el-calor-de-cancun-jugara-en-la-gran-reinauguracion-del-palacio-de-los-deportes-erick-paolo-martinez-de-chetumal\/#breadcrumb","itemListElement":[{"@type":"ListItem","position":1,"name":"Inicio","item":"https:\/\/codeq.qroo.gob.mx\/"},{"@type":"ListItem","position":2,"name":"Anuncia CODEQ que El Calor de Canc\u00fan jugar\u00e1 en la gran reinauguraci\u00f3n del Palacio de los Deportes \u201cErick Paolo Mart\u00ednez\u201d de Chetumal"}]},{"@type":"WebSite","@id":"https:\/\/codeq.qroo.gob.mx\/#website","url":"https:\/\/codeq.qroo.gob.mx\/","name":"Comisi\u00f3n del Deporte de Quintana Roo","description":"CODEQ","publisher":{"@id":"https:\/\/codeq.qroo.gob.mx\/#organization"},"potentialAction":[{"@type":"SearchAction","target":{"@type":"EntryPoint","urlTemplate":"https:\/\/codeq.qroo.gob.mx\/?s={search_term_string}"},"query-input":{"@type":"PropertyValueSpecification","valueRequired":true,"valueName":"search_term_string"}}],"inLanguage":"es"},{"@type":"Organization","@id":"https:\/\/codeq.qroo.gob.mx\/#organization","name":"Comisi\u00f3n del Deporte de Quintana Roo","url":"https:\/\/codeq.qroo.gob.mx\/","logo":{"@type":"ImageObject","inLanguage":"es","@id":"https:\/\/codeq.qroo.gob.mx\/#\/schema\/logo\/image\/","url":"https:\/\/codeq.qroo.gob.mx\/wp-content\/uploads\/2024\/07\/CODEQ.png","contentUrl":"https:\/\/codeq.qroo.gob.mx\/wp-content\/uploads\/2024\/07\/CODEQ.png","width":3000,"height":1688,"caption":"Comisi\u00f3n del Deporte de Quintana Roo"},"image":{"@id":"https:\/\/codeq.qroo.gob.mx\/#\/schema\/logo\/image\/"}},{"@type":"Person","@id":"https:\/\/codeq.qroo.gob.mx\/#\/schema\/person\/08f280f71ae6986a008ff55cb6d46160","name":"Jorge Antonio Carvajal Maldonado","image":{"@type":"ImageObject","inLanguage":"es","@id":"https:\/\/codeq.qroo.gob.mx\/#\/schema\/person\/image\/","url":"https:\/\/secure.gravatar.com\/avatar\/e61cdf534226ddcecdaed9988ec080e5df82259aa9a3e3f50abf5a5f2b95122f?s=96&d=mm&r=g","contentUrl":"https:\/\/secure.gravatar.com\/avatar\/e61cdf534226ddcecdaed9988ec080e5df82259aa9a3e3f50abf5a5f2b95122f?s=96&d=mm&r=g","caption":"Jorge Antonio Carvajal Maldonado"},"url":"https:\/\/codeq.qroo.gob.mx\/index.php\/author\/antonio\/"}]}},"_links":{"self":[{"href":"https:\/\/codeq.qroo.gob.mx\/index.php\/wp-json\/wp\/v2\/posts\/37756","targetHints":{"allow":["GET"]}}],"collection":[{"href":"https:\/\/codeq.qroo.gob.mx\/index.php\/wp-json\/wp\/v2\/posts"}],"about":[{"href":"https:\/\/codeq.qroo.gob.mx\/index.php\/wp-json\/wp\/v2\/types\/post"}],"author":[{"embeddable":true,"href":"https:\/\/codeq.qroo.gob.mx\/index.php\/wp-json\/wp\/v2\/users\/3"}],"replies":[{"embeddable":true,"href":"https:\/\/codeq.qroo.gob.mx\/index.php\/wp-json\/wp\/v2\/comments?post=37756"}],"version-history":[{"count":1,"href":"https:\/\/codeq.qroo.gob.mx\/index.php\/wp-json\/wp\/v2\/posts\/37756\/revisions"}],"predecessor-version":[{"id":37764,"href":"https:\/\/codeq.qroo.gob.mx\/index.php\/wp-json\/wp\/v2\/posts\/37756\/revisions\/37764"}],"wp:featuredmedia":[{"embeddable":true,"href":"https:\/\/codeq.qroo.gob.mx\/index.php\/wp-json\/wp\/v2\/media\/37761"}],"wp:attachment":[{"href":"https:\/\/codeq.qroo.gob.mx\/index.php\/wp-json\/wp\/v2\/media?parent=37756"}],"wp:term":[{"taxonomy":"category","embeddable":true,"href":"https:\/\/codeq.qroo.gob.mx\/index.php\/wp-json\/wp\/v2\/categories?post=37756"},{"taxonomy":"post_tag","embeddable":true,"href":"https:\/\/codeq.qroo.gob.mx\/index.php\/wp-json\/wp\/v2\/tags?post=37756"}],"curies":[{"name":"wp","href":"https:\/\/api.w.org\/{rel}","templated":true}]}}