{"id":37678,"date":"2025-07-16T14:23:22","date_gmt":"2025-07-16T19:23:22","guid":{"rendered":"https:\/\/codeq.qroo.gob.mx\/?p=37678"},"modified":"2025-07-16T14:23:23","modified_gmt":"2025-07-16T19:23:23","slug":"conquista-gladiador-quintanarroense-una-medalla-de-plata-en-el-panamericano-de-luchas-asociadas","status":"publish","type":"post","link":"https:\/\/codeq.qroo.gob.mx\/index.php\/2025\/07\/16\/conquista-gladiador-quintanarroense-una-medalla-de-plata-en-el-panamericano-de-luchas-asociadas\/","title":{"rendered":"Conquista gladiador quintanarroense una medalla de plata en el Panamericano de Luchas Asociadas"},"content":{"rendered":"\n<p><\/p>\n\n\n\n<ul class=\"wp-block-list\">\n<li>El joven atleta perteneciente al CEDAR, Jaziel Balam, se proclam\u00f3 subcampe\u00f3n del certamen que se realiz\u00f3 en Lima, Per\u00fa<\/li>\n<\/ul>\n\n\n\n<p>El atleta quintanarroense Jaziel Balam tuvo una brillante participaci\u00f3n en el pasado Campeonato Panamericano de Luchas Asociadas celebrado en Lima, Per\u00fa, donde se colg\u00f3 al pecho una medalla de plata al proclamarse subcampe\u00f3n de la justa, con lo que dej\u00f3 en alto el nombre de M\u00e9xico y de Quintana Roo.<\/p>\n\n\n\n<p>Tal como marca el Nuevo Acuerdo por el Bienestar y Desarrollo que promueve la gobernadora Mara Lezama Espinosa, se prioriza brindar el respaldo y apoyo a las y los atletas de la entidad para que cumplan sus objetivos deportivos, esto a trav\u00e9s de la Comisi\u00f3n del Deporte de Quintana Roo (CODEQ), presidida por Jacobo Arzate Hop.<\/p>\n\n\n\n<p>El gladiador quintanarroense, quien pertenece al Centro Estatal Deportivo de Alto Rendimiento de Chetumal (CEDAR) desde hace nueve a\u00f1os, volvi\u00f3 a mostrar su calidad en una justa internacional. Tuvo un proceso muy complicado, pero con mucha efectividad, ya que en los primeros enfrentamientos super\u00f3 a los representantes de Per\u00fa y Costa Rica, logrando con ello clasificarse a la gran final de la categor\u00eda Sub-20 de la modalidad libre.<\/p>\n\n\n\n<p>Ya en la final por la medalla de oro, el atleta de Quintana Roo enfrent\u00f3 a Canad\u00e1, donde ofreci\u00f3 una electrizante batalla. A pesar de su gran esfuerzo, no pudo derrotar al representante de la \u201cHoja de Maple\u201d, quien finalmente se qued\u00f3 con el primer lugar, dejando as\u00ed a Jaziel con la presea de plata.<\/p>\n\n\n\n<p>Cabe destacar que, adem\u00e1s de Jaziel, Quintana Roo tuvo otro representante en esta justa: Daniel \u201cOso\u201d \u00c1valos Canul, quien tuvo una destacada actuaci\u00f3n al concluir en el cuarto lugar de la divisi\u00f3n de los 130 kilos de la categor\u00eda Sub-20 del estilo grecorromano.<\/p>\n\n\n\n<figure class=\"wp-block-gallery has-nested-images columns-default is-cropped wp-block-gallery-1 is-layout-flex wp-block-gallery-is-layout-flex\">\n<figure class=\"wp-block-image size-large\"><img fetchpriority=\"high\" decoding=\"async\" width=\"1024\" height=\"513\" data-id=\"37680\" src=\"https:\/\/codeq.qroo.gob.mx\/wp-content\/uploads\/2025\/07\/WhatsApp-Image-2025-07-16-at-2.21.35-PM1-1024x513.jpeg\" alt=\"\" class=\"wp-image-37680\" srcset=\"https:\/\/codeq.qroo.gob.mx\/wp-content\/uploads\/2025\/07\/WhatsApp-Image-2025-07-16-at-2.21.35-PM1-1024x513.jpeg 1024w, https:\/\/codeq.qroo.gob.mx\/wp-content\/uploads\/2025\/07\/WhatsApp-Image-2025-07-16-at-2.21.35-PM1-300x150.jpeg 300w, https:\/\/codeq.qroo.gob.mx\/wp-content\/uploads\/2025\/07\/WhatsApp-Image-2025-07-16-at-2.21.35-PM1-768x385.jpeg 768w, https:\/\/codeq.qroo.gob.mx\/wp-content\/uploads\/2025\/07\/WhatsApp-Image-2025-07-16-at-2.21.35-PM1.jpeg 1280w\" sizes=\"(max-width: 1024px) 100vw, 1024px\" \/><\/figure>\n\n\n\n<figure class=\"wp-block-image size-large\"><img decoding=\"async\" width=\"1024\" height=\"790\" data-id=\"37679\" src=\"https:\/\/codeq.qroo.gob.mx\/wp-content\/uploads\/2025\/07\/WhatsApp-Image-2025-07-16-at-2.21.35-PM-1024x790.jpeg\" alt=\"\" class=\"wp-image-37679\" srcset=\"https:\/\/codeq.qroo.gob.mx\/wp-content\/uploads\/2025\/07\/WhatsApp-Image-2025-07-16-at-2.21.35-PM-1024x790.jpeg 1024w, https:\/\/codeq.qroo.gob.mx\/wp-content\/uploads\/2025\/07\/WhatsApp-Image-2025-07-16-at-2.21.35-PM-300x231.jpeg 300w, https:\/\/codeq.qroo.gob.mx\/wp-content\/uploads\/2025\/07\/WhatsApp-Image-2025-07-16-at-2.21.35-PM-768x592.jpeg 768w, https:\/\/codeq.qroo.gob.mx\/wp-content\/uploads\/2025\/07\/WhatsApp-Image-2025-07-16-at-2.21.35-PM.jpeg 1280w\" sizes=\"(max-width: 1024px) 100vw, 1024px\" \/><\/figure>\n<\/figure>\n","protected":false},"excerpt":{"rendered":"<p>El atleta quintanarroense Jaziel Balam tuvo una brillante participaci\u00f3n en el pasado Campeonato Panamericano de Luchas Asociadas celebrado en Lima, Per\u00fa, donde se colg\u00f3 al pecho una medalla de plata al proclamarse subcampe\u00f3n de la justa, con lo que dej\u00f3 en alto el nombre de M\u00e9xico y de Quintana Roo. Tal como marca el Nuevo &#8230; <a title=\"Conquista gladiador quintanarroense una medalla de plata en el Panamericano de Luchas Asociadas\" class=\"read-more\" href=\"https:\/\/codeq.qroo.gob.mx\/index.php\/2025\/07\/16\/conquista-gladiador-quintanarroense-una-medalla-de-plata-en-el-panamericano-de-luchas-asociadas\/\" aria-label=\"Leer m\u00e1s sobre Conquista gladiador quintanarroense una medalla de plata en el Panamericano de Luchas Asociadas\">Leer m\u00e1s<\/a><\/p>\n","protected":false},"author":3,"featured_media":37680,"comment_status":"open","ping_status":"open","sticky":false,"template":"","format":"standard","meta":{"footnotes":""},"categories":[5],"tags":[],"class_list":["post-37678","post","type-post","status-publish","format-standard","has-post-thumbnail","hentry","category-noticias"],"yoast_head":"<!-- This site is optimized with the Yoast SEO plugin v25.5 - https:\/\/yoast.com\/wordpress\/plugins\/seo\/ -->\n<title>Conquista gladiador quintanarroense una medalla de plata en el Panamericano de Luchas Asociadas - Comisi\u00f3n del Deporte de Quintana Roo<\/title>\n<meta name=\"robots\" content=\"index, follow, max-snippet:-1, max-image-preview:large, max-video-preview:-1\" \/>\n<link rel=\"canonical\" href=\"https:\/\/codeq.qroo.gob.mx\/index.php\/2025\/07\/16\/conquista-gladiador-quintanarroense-una-medalla-de-plata-en-el-panamericano-de-luchas-asociadas\/\" \/>\n<meta property=\"og:locale\" content=\"es_MX\" \/>\n<meta property=\"og:type\" content=\"article\" \/>\n<meta property=\"og:title\" content=\"Conquista gladiador quintanarroense una medalla de plata en el Panamericano de Luchas Asociadas - Comisi\u00f3n del Deporte de Quintana Roo\" \/>\n<meta property=\"og:description\" content=\"El atleta quintanarroense Jaziel Balam tuvo una brillante participaci\u00f3n en el pasado Campeonato Panamericano de Luchas Asociadas celebrado en Lima, Per\u00fa, donde se colg\u00f3 al pecho una medalla de plata al proclamarse subcampe\u00f3n de la justa, con lo que dej\u00f3 en alto el nombre de M\u00e9xico y de Quintana Roo. Tal como marca el Nuevo ... Leer m\u00e1s\" \/>\n<meta property=\"og:url\" content=\"https:\/\/codeq.qroo.gob.mx\/index.php\/2025\/07\/16\/conquista-gladiador-quintanarroense-una-medalla-de-plata-en-el-panamericano-de-luchas-asociadas\/\" \/>\n<meta property=\"og:site_name\" content=\"Comisi\u00f3n del Deporte de Quintana Roo\" \/>\n<meta property=\"article:published_time\" content=\"2025-07-16T19:23:22+00:00\" \/>\n<meta property=\"article:modified_time\" content=\"2025-07-16T19:23:23+00:00\" \/>\n<meta property=\"og:image\" content=\"https:\/\/codeq.qroo.gob.mx\/wp-content\/uploads\/2025\/07\/WhatsApp-Image-2025-07-16-at-2.21.35-PM1.jpeg\" \/>\n\t<meta property=\"og:image:width\" content=\"1280\" \/>\n\t<meta property=\"og:image:height\" content=\"641\" \/>\n\t<meta property=\"og:image:type\" content=\"image\/jpeg\" \/>\n<meta name=\"author\" content=\"Jorge Antonio Carvajal Maldonado\" \/>\n<meta name=\"twitter:card\" content=\"summary_large_image\" \/>\n<meta name=\"twitter:label1\" content=\"Escrito por\" \/>\n\t<meta name=\"twitter:data1\" content=\"Jorge Antonio Carvajal Maldonado\" \/>\n\t<meta name=\"twitter:label2\" content=\"Tiempo de lectura\" \/>\n\t<meta name=\"twitter:data2\" content=\"2 minutos\" \/>\n<script type=\"application\/ld+json\" class=\"yoast-schema-graph\">{\"@context\":\"https:\/\/schema.org\",\"@graph\":[{\"@type\":\"Article\",\"@id\":\"https:\/\/codeq.qroo.gob.mx\/index.php\/2025\/07\/16\/conquista-gladiador-quintanarroense-una-medalla-de-plata-en-el-panamericano-de-luchas-asociadas\/#article\",\"isPartOf\":{\"@id\":\"https:\/\/codeq.qroo.gob.mx\/index.php\/2025\/07\/16\/conquista-gladiador-quintanarroense-una-medalla-de-plata-en-el-panamericano-de-luchas-asociadas\/\"},\"author\":{\"name\":\"Jorge Antonio Carvajal Maldonado\",\"@id\":\"https:\/\/codeq.qroo.gob.mx\/#\/schema\/person\/08f280f71ae6986a008ff55cb6d46160\"},\"headline\":\"Conquista gladiador quintanarroense una medalla de plata en el Panamericano de Luchas Asociadas\",\"datePublished\":\"2025-07-16T19:23:22+00:00\",\"dateModified\":\"2025-07-16T19:23:23+00:00\",\"mainEntityOfPage\":{\"@id\":\"https:\/\/codeq.qroo.gob.mx\/index.php\/2025\/07\/16\/conquista-gladiador-quintanarroense-una-medalla-de-plata-en-el-panamericano-de-luchas-asociadas\/\"},\"wordCount\":315,\"commentCount\":0,\"publisher\":{\"@id\":\"https:\/\/codeq.qroo.gob.mx\/#organization\"},\"image\":{\"@id\":\"https:\/\/codeq.qroo.gob.mx\/index.php\/2025\/07\/16\/conquista-gladiador-quintanarroense-una-medalla-de-plata-en-el-panamericano-de-luchas-asociadas\/#primaryimage\"},\"thumbnailUrl\":\"https:\/\/codeq.qroo.gob.mx\/wp-content\/uploads\/2025\/07\/WhatsApp-Image-2025-07-16-at-2.21.35-PM1.jpeg\",\"articleSection\":[\"Noticias\"],\"inLanguage\":\"es\",\"potentialAction\":[{\"@type\":\"CommentAction\",\"name\":\"Comment\",\"target\":[\"https:\/\/codeq.qroo.gob.mx\/index.php\/2025\/07\/16\/conquista-gladiador-quintanarroense-una-medalla-de-plata-en-el-panamericano-de-luchas-asociadas\/#respond\"]}]},{\"@type\":\"WebPage\",\"@id\":\"https:\/\/codeq.qroo.gob.mx\/index.php\/2025\/07\/16\/conquista-gladiador-quintanarroense-una-medalla-de-plata-en-el-panamericano-de-luchas-asociadas\/\",\"url\":\"https:\/\/codeq.qroo.gob.mx\/index.php\/2025\/07\/16\/conquista-gladiador-quintanarroense-una-medalla-de-plata-en-el-panamericano-de-luchas-asociadas\/\",\"name\":\"Conquista gladiador quintanarroense una medalla de plata en el Panamericano de Luchas Asociadas - Comisi\u00f3n del Deporte de Quintana Roo\",\"isPartOf\":{\"@id\":\"https:\/\/codeq.qroo.gob.mx\/#website\"},\"primaryImageOfPage\":{\"@id\":\"https:\/\/codeq.qroo.gob.mx\/index.php\/2025\/07\/16\/conquista-gladiador-quintanarroense-una-medalla-de-plata-en-el-panamericano-de-luchas-asociadas\/#primaryimage\"},\"image\":{\"@id\":\"https:\/\/codeq.qroo.gob.mx\/index.php\/2025\/07\/16\/conquista-gladiador-quintanarroense-una-medalla-de-plata-en-el-panamericano-de-luchas-asociadas\/#primaryimage\"},\"thumbnailUrl\":\"https:\/\/codeq.qroo.gob.mx\/wp-content\/uploads\/2025\/07\/WhatsApp-Image-2025-07-16-at-2.21.35-PM1.jpeg\",\"datePublished\":\"2025-07-16T19:23:22+00:00\",\"dateModified\":\"2025-07-16T19:23:23+00:00\",\"breadcrumb\":{\"@id\":\"https:\/\/codeq.qroo.gob.mx\/index.php\/2025\/07\/16\/conquista-gladiador-quintanarroense-una-medalla-de-plata-en-el-panamericano-de-luchas-asociadas\/#breadcrumb\"},\"inLanguage\":\"es\",\"potentialAction\":[{\"@type\":\"ReadAction\",\"target\":[\"https:\/\/codeq.qroo.gob.mx\/index.php\/2025\/07\/16\/conquista-gladiador-quintanarroense-una-medalla-de-plata-en-el-panamericano-de-luchas-asociadas\/\"]}]},{\"@type\":\"ImageObject\",\"inLanguage\":\"es\",\"@id\":\"https:\/\/codeq.qroo.gob.mx\/index.php\/2025\/07\/16\/conquista-gladiador-quintanarroense-una-medalla-de-plata-en-el-panamericano-de-luchas-asociadas\/#primaryimage\",\"url\":\"https:\/\/codeq.qroo.gob.mx\/wp-content\/uploads\/2025\/07\/WhatsApp-Image-2025-07-16-at-2.21.35-PM1.jpeg\",\"contentUrl\":\"https:\/\/codeq.qroo.gob.mx\/wp-content\/uploads\/2025\/07\/WhatsApp-Image-2025-07-16-at-2.21.35-PM1.jpeg\",\"width\":1280,\"height\":641},{\"@type\":\"BreadcrumbList\",\"@id\":\"https:\/\/codeq.qroo.gob.mx\/index.php\/2025\/07\/16\/conquista-gladiador-quintanarroense-una-medalla-de-plata-en-el-panamericano-de-luchas-asociadas\/#breadcrumb\",\"itemListElement\":[{\"@type\":\"ListItem\",\"position\":1,\"name\":\"Inicio\",\"item\":\"https:\/\/codeq.qroo.gob.mx\/\"},{\"@type\":\"ListItem\",\"position\":2,\"name\":\"Conquista gladiador quintanarroense una medalla de plata en el Panamericano de Luchas Asociadas\"}]},{\"@type\":\"WebSite\",\"@id\":\"https:\/\/codeq.qroo.gob.mx\/#website\",\"url\":\"https:\/\/codeq.qroo.gob.mx\/\",\"name\":\"Comisi\u00f3n del Deporte de Quintana Roo\",\"description\":\"CODEQ\",\"publisher\":{\"@id\":\"https:\/\/codeq.qroo.gob.mx\/#organization\"},\"potentialAction\":[{\"@type\":\"SearchAction\",\"target\":{\"@type\":\"EntryPoint\",\"urlTemplate\":\"https:\/\/codeq.qroo.gob.mx\/?s={search_term_string}\"},\"query-input\":{\"@type\":\"PropertyValueSpecification\",\"valueRequired\":true,\"valueName\":\"search_term_string\"}}],\"inLanguage\":\"es\"},{\"@type\":\"Organization\",\"@id\":\"https:\/\/codeq.qroo.gob.mx\/#organization\",\"name\":\"Comisi\u00f3n del Deporte de Quintana Roo\",\"url\":\"https:\/\/codeq.qroo.gob.mx\/\",\"logo\":{\"@type\":\"ImageObject\",\"inLanguage\":\"es\",\"@id\":\"https:\/\/codeq.qroo.gob.mx\/#\/schema\/logo\/image\/\",\"url\":\"https:\/\/codeq.qroo.gob.mx\/wp-content\/uploads\/2024\/07\/CODEQ.png\",\"contentUrl\":\"https:\/\/codeq.qroo.gob.mx\/wp-content\/uploads\/2024\/07\/CODEQ.png\",\"width\":3000,\"height\":1688,\"caption\":\"Comisi\u00f3n del Deporte de Quintana Roo\"},\"image\":{\"@id\":\"https:\/\/codeq.qroo.gob.mx\/#\/schema\/logo\/image\/\"}},{\"@type\":\"Person\",\"@id\":\"https:\/\/codeq.qroo.gob.mx\/#\/schema\/person\/08f280f71ae6986a008ff55cb6d46160\",\"name\":\"Jorge Antonio Carvajal Maldonado\",\"image\":{\"@type\":\"ImageObject\",\"inLanguage\":\"es\",\"@id\":\"https:\/\/codeq.qroo.gob.mx\/#\/schema\/person\/image\/\",\"url\":\"https:\/\/secure.gravatar.com\/avatar\/e61cdf534226ddcecdaed9988ec080e5df82259aa9a3e3f50abf5a5f2b95122f?s=96&d=mm&r=g\",\"contentUrl\":\"https:\/\/secure.gravatar.com\/avatar\/e61cdf534226ddcecdaed9988ec080e5df82259aa9a3e3f50abf5a5f2b95122f?s=96&d=mm&r=g\",\"caption\":\"Jorge Antonio Carvajal Maldonado\"},\"url\":\"https:\/\/codeq.qroo.gob.mx\/index.php\/author\/antonio\/\"}]}<\/script>\n<!-- \/ Yoast SEO plugin. -->","yoast_head_json":{"title":"Conquista gladiador quintanarroense una medalla de plata en el Panamericano de Luchas Asociadas - Comisi\u00f3n del Deporte de Quintana Roo","robots":{"index":"index","follow":"follow","max-snippet":"max-snippet:-1","max-image-preview":"max-image-preview:large","max-video-preview":"max-video-preview:-1"},"canonical":"https:\/\/codeq.qroo.gob.mx\/index.php\/2025\/07\/16\/conquista-gladiador-quintanarroense-una-medalla-de-plata-en-el-panamericano-de-luchas-asociadas\/","og_locale":"es_MX","og_type":"article","og_title":"Conquista gladiador quintanarroense una medalla de plata en el Panamericano de Luchas Asociadas - Comisi\u00f3n del Deporte de Quintana Roo","og_description":"El atleta quintanarroense Jaziel Balam tuvo una brillante participaci\u00f3n en el pasado Campeonato Panamericano de Luchas Asociadas celebrado en Lima, Per\u00fa, donde se colg\u00f3 al pecho una medalla de plata al proclamarse subcampe\u00f3n de la justa, con lo que dej\u00f3 en alto el nombre de M\u00e9xico y de Quintana Roo. Tal como marca el Nuevo ... Leer m\u00e1s","og_url":"https:\/\/codeq.qroo.gob.mx\/index.php\/2025\/07\/16\/conquista-gladiador-quintanarroense-una-medalla-de-plata-en-el-panamericano-de-luchas-asociadas\/","og_site_name":"Comisi\u00f3n del Deporte de Quintana Roo","article_published_time":"2025-07-16T19:23:22+00:00","article_modified_time":"2025-07-16T19:23:23+00:00","og_image":[{"width":1280,"height":641,"url":"https:\/\/codeq.qroo.gob.mx\/wp-content\/uploads\/2025\/07\/WhatsApp-Image-2025-07-16-at-2.21.35-PM1.jpeg","type":"image\/jpeg"}],"author":"Jorge Antonio Carvajal Maldonado","twitter_card":"summary_large_image","twitter_misc":{"Escrito por":"Jorge Antonio Carvajal Maldonado","Tiempo de lectura":"2 minutos"},"schema":{"@context":"https:\/\/schema.org","@graph":[{"@type":"Article","@id":"https:\/\/codeq.qroo.gob.mx\/index.php\/2025\/07\/16\/conquista-gladiador-quintanarroense-una-medalla-de-plata-en-el-panamericano-de-luchas-asociadas\/#article","isPartOf":{"@id":"https:\/\/codeq.qroo.gob.mx\/index.php\/2025\/07\/16\/conquista-gladiador-quintanarroense-una-medalla-de-plata-en-el-panamericano-de-luchas-asociadas\/"},"author":{"name":"Jorge Antonio Carvajal Maldonado","@id":"https:\/\/codeq.qroo.gob.mx\/#\/schema\/person\/08f280f71ae6986a008ff55cb6d46160"},"headline":"Conquista gladiador quintanarroense una medalla de plata en el Panamericano de Luchas Asociadas","datePublished":"2025-07-16T19:23:22+00:00","dateModified":"2025-07-16T19:23:23+00:00","mainEntityOfPage":{"@id":"https:\/\/codeq.qroo.gob.mx\/index.php\/2025\/07\/16\/conquista-gladiador-quintanarroense-una-medalla-de-plata-en-el-panamericano-de-luchas-asociadas\/"},"wordCount":315,"commentCount":0,"publisher":{"@id":"https:\/\/codeq.qroo.gob.mx\/#organization"},"image":{"@id":"https:\/\/codeq.qroo.gob.mx\/index.php\/2025\/07\/16\/conquista-gladiador-quintanarroense-una-medalla-de-plata-en-el-panamericano-de-luchas-asociadas\/#primaryimage"},"thumbnailUrl":"https:\/\/codeq.qroo.gob.mx\/wp-content\/uploads\/2025\/07\/WhatsApp-Image-2025-07-16-at-2.21.35-PM1.jpeg","articleSection":["Noticias"],"inLanguage":"es","potentialAction":[{"@type":"CommentAction","name":"Comment","target":["https:\/\/codeq.qroo.gob.mx\/index.php\/2025\/07\/16\/conquista-gladiador-quintanarroense-una-medalla-de-plata-en-el-panamericano-de-luchas-asociadas\/#respond"]}]},{"@type":"WebPage","@id":"https:\/\/codeq.qroo.gob.mx\/index.php\/2025\/07\/16\/conquista-gladiador-quintanarroense-una-medalla-de-plata-en-el-panamericano-de-luchas-asociadas\/","url":"https:\/\/codeq.qroo.gob.mx\/index.php\/2025\/07\/16\/conquista-gladiador-quintanarroense-una-medalla-de-plata-en-el-panamericano-de-luchas-asociadas\/","name":"Conquista gladiador quintanarroense una medalla de plata en el Panamericano de Luchas Asociadas - Comisi\u00f3n del Deporte de Quintana Roo","isPartOf":{"@id":"https:\/\/codeq.qroo.gob.mx\/#website"},"primaryImageOfPage":{"@id":"https:\/\/codeq.qroo.gob.mx\/index.php\/2025\/07\/16\/conquista-gladiador-quintanarroense-una-medalla-de-plata-en-el-panamericano-de-luchas-asociadas\/#primaryimage"},"image":{"@id":"https:\/\/codeq.qroo.gob.mx\/index.php\/2025\/07\/16\/conquista-gladiador-quintanarroense-una-medalla-de-plata-en-el-panamericano-de-luchas-asociadas\/#primaryimage"},"thumbnailUrl":"https:\/\/codeq.qroo.gob.mx\/wp-content\/uploads\/2025\/07\/WhatsApp-Image-2025-07-16-at-2.21.35-PM1.jpeg","datePublished":"2025-07-16T19:23:22+00:00","dateModified":"2025-07-16T19:23:23+00:00","breadcrumb":{"@id":"https:\/\/codeq.qroo.gob.mx\/index.php\/2025\/07\/16\/conquista-gladiador-quintanarroense-una-medalla-de-plata-en-el-panamericano-de-luchas-asociadas\/#breadcrumb"},"inLanguage":"es","potentialAction":[{"@type":"ReadAction","target":["https:\/\/codeq.qroo.gob.mx\/index.php\/2025\/07\/16\/conquista-gladiador-quintanarroense-una-medalla-de-plata-en-el-panamericano-de-luchas-asociadas\/"]}]},{"@type":"ImageObject","inLanguage":"es","@id":"https:\/\/codeq.qroo.gob.mx\/index.php\/2025\/07\/16\/conquista-gladiador-quintanarroense-una-medalla-de-plata-en-el-panamericano-de-luchas-asociadas\/#primaryimage","url":"https:\/\/codeq.qroo.gob.mx\/wp-content\/uploads\/2025\/07\/WhatsApp-Image-2025-07-16-at-2.21.35-PM1.jpeg","contentUrl":"https:\/\/codeq.qroo.gob.mx\/wp-content\/uploads\/2025\/07\/WhatsApp-Image-2025-07-16-at-2.21.35-PM1.jpeg","width":1280,"height":641},{"@type":"BreadcrumbList","@id":"https:\/\/codeq.qroo.gob.mx\/index.php\/2025\/07\/16\/conquista-gladiador-quintanarroense-una-medalla-de-plata-en-el-panamericano-de-luchas-asociadas\/#breadcrumb","itemListElement":[{"@type":"ListItem","position":1,"name":"Inicio","item":"https:\/\/codeq.qroo.gob.mx\/"},{"@type":"ListItem","position":2,"name":"Conquista gladiador quintanarroense una medalla de plata en el Panamericano de Luchas Asociadas"}]},{"@type":"WebSite","@id":"https:\/\/codeq.qroo.gob.mx\/#website","url":"https:\/\/codeq.qroo.gob.mx\/","name":"Comisi\u00f3n del Deporte de Quintana Roo","description":"CODEQ","publisher":{"@id":"https:\/\/codeq.qroo.gob.mx\/#organization"},"potentialAction":[{"@type":"SearchAction","target":{"@type":"EntryPoint","urlTemplate":"https:\/\/codeq.qroo.gob.mx\/?s={search_term_string}"},"query-input":{"@type":"PropertyValueSpecification","valueRequired":true,"valueName":"search_term_string"}}],"inLanguage":"es"},{"@type":"Organization","@id":"https:\/\/codeq.qroo.gob.mx\/#organization","name":"Comisi\u00f3n del Deporte de Quintana Roo","url":"https:\/\/codeq.qroo.gob.mx\/","logo":{"@type":"ImageObject","inLanguage":"es","@id":"https:\/\/codeq.qroo.gob.mx\/#\/schema\/logo\/image\/","url":"https:\/\/codeq.qroo.gob.mx\/wp-content\/uploads\/2024\/07\/CODEQ.png","contentUrl":"https:\/\/codeq.qroo.gob.mx\/wp-content\/uploads\/2024\/07\/CODEQ.png","width":3000,"height":1688,"caption":"Comisi\u00f3n del Deporte de Quintana Roo"},"image":{"@id":"https:\/\/codeq.qroo.gob.mx\/#\/schema\/logo\/image\/"}},{"@type":"Person","@id":"https:\/\/codeq.qroo.gob.mx\/#\/schema\/person\/08f280f71ae6986a008ff55cb6d46160","name":"Jorge Antonio Carvajal Maldonado","image":{"@type":"ImageObject","inLanguage":"es","@id":"https:\/\/codeq.qroo.gob.mx\/#\/schema\/person\/image\/","url":"https:\/\/secure.gravatar.com\/avatar\/e61cdf534226ddcecdaed9988ec080e5df82259aa9a3e3f50abf5a5f2b95122f?s=96&d=mm&r=g","contentUrl":"https:\/\/secure.gravatar.com\/avatar\/e61cdf534226ddcecdaed9988ec080e5df82259aa9a3e3f50abf5a5f2b95122f?s=96&d=mm&r=g","caption":"Jorge Antonio Carvajal Maldonado"},"url":"https:\/\/codeq.qroo.gob.mx\/index.php\/author\/antonio\/"}]}},"_links":{"self":[{"href":"https:\/\/codeq.qroo.gob.mx\/index.php\/wp-json\/wp\/v2\/posts\/37678","targetHints":{"allow":["GET"]}}],"collection":[{"href":"https:\/\/codeq.qroo.gob.mx\/index.php\/wp-json\/wp\/v2\/posts"}],"about":[{"href":"https:\/\/codeq.qroo.gob.mx\/index.php\/wp-json\/wp\/v2\/types\/post"}],"author":[{"embeddable":true,"href":"https:\/\/codeq.qroo.gob.mx\/index.php\/wp-json\/wp\/v2\/users\/3"}],"replies":[{"embeddable":true,"href":"https:\/\/codeq.qroo.gob.mx\/index.php\/wp-json\/wp\/v2\/comments?post=37678"}],"version-history":[{"count":1,"href":"https:\/\/codeq.qroo.gob.mx\/index.php\/wp-json\/wp\/v2\/posts\/37678\/revisions"}],"predecessor-version":[{"id":37681,"href":"https:\/\/codeq.qroo.gob.mx\/index.php\/wp-json\/wp\/v2\/posts\/37678\/revisions\/37681"}],"wp:featuredmedia":[{"embeddable":true,"href":"https:\/\/codeq.qroo.gob.mx\/index.php\/wp-json\/wp\/v2\/media\/37680"}],"wp:attachment":[{"href":"https:\/\/codeq.qroo.gob.mx\/index.php\/wp-json\/wp\/v2\/media?parent=37678"}],"wp:term":[{"taxonomy":"category","embeddable":true,"href":"https:\/\/codeq.qroo.gob.mx\/index.php\/wp-json\/wp\/v2\/categories?post=37678"},{"taxonomy":"post_tag","embeddable":true,"href":"https:\/\/codeq.qroo.gob.mx\/index.php\/wp-json\/wp\/v2\/tags?post=37678"}],"curies":[{"name":"wp","href":"https:\/\/api.w.org\/{rel}","templated":true}]}}