{"id":37554,"date":"2025-07-08T16:21:13","date_gmt":"2025-07-08T21:21:13","guid":{"rendered":"https:\/\/codeq.qroo.gob.mx\/?p=37554"},"modified":"2025-07-08T16:21:15","modified_gmt":"2025-07-08T21:21:15","slug":"invita-codeq-a-las-ninas-ninos-y-jovenes-a-participar-en-el-tradicional-curso-de-verano-baaxloob-paalaloob-2025","status":"publish","type":"post","link":"https:\/\/codeq.qroo.gob.mx\/index.php\/2025\/07\/08\/invita-codeq-a-las-ninas-ninos-y-jovenes-a-participar-en-el-tradicional-curso-de-verano-baaxloob-paalaloob-2025\/","title":{"rendered":"Invita CODEQ a las ni\u00f1as, ni\u00f1os y j\u00f3venes a participar en el tradicional Curso de Verano \u201cBaaxlo\u2019ob Paalalo\u2019ob 2025\u201d"},"content":{"rendered":"\n<p><\/p>\n\n\n\n<ul class=\"wp-block-list\">\n<li>En conferencia de prensa, el titular Jacobo Arzate Hop present\u00f3 todos los detalles para este campamento vacacional que se realizar\u00e1 del 21 de julio al 8 de agosto<\/li>\n\n\n\n<li>Inform\u00f3 que las inscripciones ya est\u00e1n abiertas y cerrar\u00e1n el pr\u00f3ximo 18 de julio para la sede en Chetumal; mientras que en Canc\u00fan se har\u00e1 en colaboraci\u00f3n con el Instituto del Deporte de Benito Ju\u00e1rez<\/li>\n<\/ul>\n\n\n\n<p>Como una divertida alternativa para las ni\u00f1as, ni\u00f1os y j\u00f3venes quintanarroenses en esta pr\u00f3xima temporada vacacional, la Comisi\u00f3n de Deporte de Quintana Roo (CODEQ), que preside Jacobo Arzate Hop, present\u00f3 en conferencia de prensa su tradicional Curso de Verano \u201cBaaxlo\u2019ob Paalalo\u2019ob 2025\u201d, mismo que se realizar\u00e1 del 21 de julio al 8 de agosto, teniendo como sedes Chetumal y Canc\u00fan.<\/p>\n\n\n\n<p>Tal como lo marca el Nuevo Acuerdo por el Bienestar y Desarrollo, que promueve la gobernadora Mara Lezama Espinosa, se trabaja #ANivelDeCancha para realizar actividades y programas que aporten al desarrollo de la ni\u00f1ez y juventud quintanarroenses y que el deporte sea una herramienta fundamental para la construcci\u00f3n de la paz en la entidad.<\/p>\n\n\n\n<p>\u201cEstamos muy contentos de presentar este programa recreativo-deportivo vacacional que ya es toda una tradici\u00f3n y que, adem\u00e1s, sirve como una alternativa para los padres de familia. Para este a\u00f1o, las y los participantes realizar\u00e1n sus actividades en la renovada Unidad Deportiva \u2018Bicentenario\u2019 de Chetumal, recordando que ser\u00e1 con un costo muy accesible\u201d, coment\u00f3 el titular de la CODEQ.<\/p>\n\n\n\n<p>Tambi\u00e9n inform\u00f3 que se tienen previstas diversas actividades como activaci\u00f3n f\u00edsica, beisbol, boxeo, futbol, halterofilia, nataci\u00f3n, tenis de mesa y voleibol en la parte deportiva; as\u00ed como pl\u00e1ticas nutricionales y motivacionales en la parte recreativa, y en la parte cultural se dar\u00e1n talleres de m\u00fasica y pintura. Posteriormente, se hizo la presentaci\u00f3n de la playera y gorra oficial del curso.<\/p>\n\n\n\n<p>\u201cEstamos seguros de que las y los participantes disfrutar\u00e1n de todas las actividades programadas, las cuales se realizar\u00e1n de lunes a viernes en horarios de 7:30 a 13:30 horas; y adem\u00e1s, a trav\u00e9s de nuestro \u2018Baaxlo\u2019ob Paalalo\u2019ob\u2019, se pretende captar talentos deportivos, siendo otro de los principales objetivos\u201d, coment\u00f3 Arzate Hop.<\/p>\n\n\n\n<p>Por su parte, Erik Rojas Serrano, director de Alto Rendimiento de la CODEQ, resalt\u00f3 que las inscripciones tienen un costo de 350 pesos por participante y con un cupo l\u00edmite de 300 ni\u00f1as y ni\u00f1os en Chetumal, adem\u00e1s de informar que ya est\u00e1n abiertos los registros y se cerrar\u00e1n hasta el pr\u00f3ximo 18 de julio.<\/p>\n\n\n\n<p>\u201cPara hacer los registros, tendr\u00e1n que presentarse en las oficinas del Departamento de Deporte Para Todos de la CODEQ en Chetumal, en horarios de 10:00 a 16:00 horas de lunes a viernes, y se pueden consultar todas las bases a trav\u00e9s de la convocatoria, misma que se puede descargar en el siguiente link: https:\/\/codeq.qroo.gob.mx\/wp-content\/uploads\/2025\/07\/CONVOCATORIA-BAAXLOB-25-1.pdf\u201d, agreg\u00f3.<\/p>\n\n\n\n<p>Durante la cita con los medios, tambi\u00e9n se dio a conocer que, en esta edici\u00f3n, para la sede en Canc\u00fan, el \u201cBaaxlo\u2019ob Paalalo\u2019ob\u201d se realizar\u00e1 en colaboraci\u00f3n con el Instituto del Deporte del Municipio Benito Ju\u00e1rez, y que las actividades se escenificar\u00e1n en la Unidad Deportiva \u201cJos\u00e9 Mar\u00eda Morelos\u201d, mejor conocida como \u201cToro Valenzuela\u201d.<\/p>\n\n\n\n<p>Tambi\u00e9n estuvo presente la Lic. Lizbeth Aguilar, directora Jur\u00eddica y Titular de la Unidad de Transparencia, Acceso a la Informaci\u00f3n P\u00fablica y Protecci\u00f3n de Datos Personales de la CODEQ.<\/p>\n\n\n\n<figure class=\"wp-block-gallery has-nested-images columns-default is-cropped wp-block-gallery-1 is-layout-flex wp-block-gallery-is-layout-flex\">\n<figure class=\"wp-block-image size-large\"><img fetchpriority=\"high\" decoding=\"async\" width=\"1024\" height=\"683\" data-id=\"37556\" src=\"https:\/\/codeq.qroo.gob.mx\/wp-content\/uploads\/2025\/07\/WhatsApp-Image-2025-07-08-at-4.17.49-PM4-1024x683.jpeg\" alt=\"\" class=\"wp-image-37556\" srcset=\"https:\/\/codeq.qroo.gob.mx\/wp-content\/uploads\/2025\/07\/WhatsApp-Image-2025-07-08-at-4.17.49-PM4-1024x683.jpeg 1024w, https:\/\/codeq.qroo.gob.mx\/wp-content\/uploads\/2025\/07\/WhatsApp-Image-2025-07-08-at-4.17.49-PM4-300x200.jpeg 300w, https:\/\/codeq.qroo.gob.mx\/wp-content\/uploads\/2025\/07\/WhatsApp-Image-2025-07-08-at-4.17.49-PM4-768x512.jpeg 768w, https:\/\/codeq.qroo.gob.mx\/wp-content\/uploads\/2025\/07\/WhatsApp-Image-2025-07-08-at-4.17.49-PM4-1536x1024.jpeg 1536w, https:\/\/codeq.qroo.gob.mx\/wp-content\/uploads\/2025\/07\/WhatsApp-Image-2025-07-08-at-4.17.49-PM4-2048x1365.jpeg 2048w\" sizes=\"(max-width: 1024px) 100vw, 1024px\" \/><\/figure>\n\n\n\n<figure class=\"wp-block-image size-large\"><img decoding=\"async\" width=\"683\" height=\"1024\" data-id=\"37558\" src=\"https:\/\/codeq.qroo.gob.mx\/wp-content\/uploads\/2025\/07\/WhatsApp-Image-2025-07-08-at-4.17.49-PM3-683x1024.jpeg\" alt=\"\" class=\"wp-image-37558\" srcset=\"https:\/\/codeq.qroo.gob.mx\/wp-content\/uploads\/2025\/07\/WhatsApp-Image-2025-07-08-at-4.17.49-PM3-683x1024.jpeg 683w, https:\/\/codeq.qroo.gob.mx\/wp-content\/uploads\/2025\/07\/WhatsApp-Image-2025-07-08-at-4.17.49-PM3-200x300.jpeg 200w, https:\/\/codeq.qroo.gob.mx\/wp-content\/uploads\/2025\/07\/WhatsApp-Image-2025-07-08-at-4.17.49-PM3-768x1152.jpeg 768w, https:\/\/codeq.qroo.gob.mx\/wp-content\/uploads\/2025\/07\/WhatsApp-Image-2025-07-08-at-4.17.49-PM3-1024x1536.jpeg 1024w, https:\/\/codeq.qroo.gob.mx\/wp-content\/uploads\/2025\/07\/WhatsApp-Image-2025-07-08-at-4.17.49-PM3-1365x2048.jpeg 1365w, https:\/\/codeq.qroo.gob.mx\/wp-content\/uploads\/2025\/07\/WhatsApp-Image-2025-07-08-at-4.17.49-PM3-scaled.jpeg 1706w\" sizes=\"(max-width: 683px) 100vw, 683px\" \/><\/figure>\n\n\n\n<figure class=\"wp-block-image size-large\"><img decoding=\"async\" width=\"1024\" height=\"683\" data-id=\"37557\" src=\"https:\/\/codeq.qroo.gob.mx\/wp-content\/uploads\/2025\/07\/WhatsApp-Image-2025-07-08-at-4.17.49-PM2-1024x683.jpeg\" alt=\"\" class=\"wp-image-37557\" srcset=\"https:\/\/codeq.qroo.gob.mx\/wp-content\/uploads\/2025\/07\/WhatsApp-Image-2025-07-08-at-4.17.49-PM2-1024x683.jpeg 1024w, https:\/\/codeq.qroo.gob.mx\/wp-content\/uploads\/2025\/07\/WhatsApp-Image-2025-07-08-at-4.17.49-PM2-300x200.jpeg 300w, https:\/\/codeq.qroo.gob.mx\/wp-content\/uploads\/2025\/07\/WhatsApp-Image-2025-07-08-at-4.17.49-PM2-768x512.jpeg 768w, https:\/\/codeq.qroo.gob.mx\/wp-content\/uploads\/2025\/07\/WhatsApp-Image-2025-07-08-at-4.17.49-PM2-1536x1024.jpeg 1536w, https:\/\/codeq.qroo.gob.mx\/wp-content\/uploads\/2025\/07\/WhatsApp-Image-2025-07-08-at-4.17.49-PM2-2048x1365.jpeg 2048w\" sizes=\"(max-width: 1024px) 100vw, 1024px\" \/><\/figure>\n\n\n\n<figure class=\"wp-block-image size-large\"><img loading=\"lazy\" decoding=\"async\" width=\"683\" height=\"1024\" data-id=\"37559\" src=\"https:\/\/codeq.qroo.gob.mx\/wp-content\/uploads\/2025\/07\/WhatsApp-Image-2025-07-08-at-4.17.49-PM1-683x1024.jpeg\" alt=\"\" class=\"wp-image-37559\" srcset=\"https:\/\/codeq.qroo.gob.mx\/wp-content\/uploads\/2025\/07\/WhatsApp-Image-2025-07-08-at-4.17.49-PM1-683x1024.jpeg 683w, https:\/\/codeq.qroo.gob.mx\/wp-content\/uploads\/2025\/07\/WhatsApp-Image-2025-07-08-at-4.17.49-PM1-200x300.jpeg 200w, https:\/\/codeq.qroo.gob.mx\/wp-content\/uploads\/2025\/07\/WhatsApp-Image-2025-07-08-at-4.17.49-PM1-768x1152.jpeg 768w, https:\/\/codeq.qroo.gob.mx\/wp-content\/uploads\/2025\/07\/WhatsApp-Image-2025-07-08-at-4.17.49-PM1-1024x1536.jpeg 1024w, https:\/\/codeq.qroo.gob.mx\/wp-content\/uploads\/2025\/07\/WhatsApp-Image-2025-07-08-at-4.17.49-PM1-1365x2048.jpeg 1365w, https:\/\/codeq.qroo.gob.mx\/wp-content\/uploads\/2025\/07\/WhatsApp-Image-2025-07-08-at-4.17.49-PM1-scaled.jpeg 1706w\" sizes=\"(max-width: 683px) 100vw, 683px\" \/><\/figure>\n\n\n\n<figure class=\"wp-block-image size-large\"><img loading=\"lazy\" decoding=\"async\" width=\"1024\" height=\"683\" data-id=\"37560\" src=\"https:\/\/codeq.qroo.gob.mx\/wp-content\/uploads\/2025\/07\/WhatsApp-Image-2025-07-08-at-4.17.49-PM-1024x683.jpeg\" alt=\"\" class=\"wp-image-37560\" srcset=\"https:\/\/codeq.qroo.gob.mx\/wp-content\/uploads\/2025\/07\/WhatsApp-Image-2025-07-08-at-4.17.49-PM-1024x683.jpeg 1024w, https:\/\/codeq.qroo.gob.mx\/wp-content\/uploads\/2025\/07\/WhatsApp-Image-2025-07-08-at-4.17.49-PM-300x200.jpeg 300w, https:\/\/codeq.qroo.gob.mx\/wp-content\/uploads\/2025\/07\/WhatsApp-Image-2025-07-08-at-4.17.49-PM-768x512.jpeg 768w, https:\/\/codeq.qroo.gob.mx\/wp-content\/uploads\/2025\/07\/WhatsApp-Image-2025-07-08-at-4.17.49-PM-1536x1024.jpeg 1536w, https:\/\/codeq.qroo.gob.mx\/wp-content\/uploads\/2025\/07\/WhatsApp-Image-2025-07-08-at-4.17.49-PM-2048x1365.jpeg 2048w\" sizes=\"(max-width: 1024px) 100vw, 1024px\" \/><\/figure>\n\n\n\n<figure class=\"wp-block-image size-large\"><img loading=\"lazy\" decoding=\"async\" width=\"1024\" height=\"683\" data-id=\"37561\" src=\"https:\/\/codeq.qroo.gob.mx\/wp-content\/uploads\/2025\/07\/WhatsApp-Image-2025-07-08-at-4.17.48-PM1-1024x683.jpeg\" alt=\"\" class=\"wp-image-37561\" srcset=\"https:\/\/codeq.qroo.gob.mx\/wp-content\/uploads\/2025\/07\/WhatsApp-Image-2025-07-08-at-4.17.48-PM1-1024x683.jpeg 1024w, https:\/\/codeq.qroo.gob.mx\/wp-content\/uploads\/2025\/07\/WhatsApp-Image-2025-07-08-at-4.17.48-PM1-300x200.jpeg 300w, https:\/\/codeq.qroo.gob.mx\/wp-content\/uploads\/2025\/07\/WhatsApp-Image-2025-07-08-at-4.17.48-PM1-768x512.jpeg 768w, https:\/\/codeq.qroo.gob.mx\/wp-content\/uploads\/2025\/07\/WhatsApp-Image-2025-07-08-at-4.17.48-PM1-1536x1024.jpeg 1536w, https:\/\/codeq.qroo.gob.mx\/wp-content\/uploads\/2025\/07\/WhatsApp-Image-2025-07-08-at-4.17.48-PM1-2048x1365.jpeg 2048w\" sizes=\"(max-width: 1024px) 100vw, 1024px\" \/><\/figure>\n\n\n\n<figure class=\"wp-block-image size-large\"><img loading=\"lazy\" decoding=\"async\" width=\"1024\" height=\"683\" data-id=\"37562\" src=\"https:\/\/codeq.qroo.gob.mx\/wp-content\/uploads\/2025\/07\/WhatsApp-Image-2025-07-08-at-4.17.48-PM-1024x683.jpeg\" alt=\"\" class=\"wp-image-37562\" srcset=\"https:\/\/codeq.qroo.gob.mx\/wp-content\/uploads\/2025\/07\/WhatsApp-Image-2025-07-08-at-4.17.48-PM-1024x683.jpeg 1024w, https:\/\/codeq.qroo.gob.mx\/wp-content\/uploads\/2025\/07\/WhatsApp-Image-2025-07-08-at-4.17.48-PM-300x200.jpeg 300w, https:\/\/codeq.qroo.gob.mx\/wp-content\/uploads\/2025\/07\/WhatsApp-Image-2025-07-08-at-4.17.48-PM-768x512.jpeg 768w, https:\/\/codeq.qroo.gob.mx\/wp-content\/uploads\/2025\/07\/WhatsApp-Image-2025-07-08-at-4.17.48-PM-1536x1024.jpeg 1536w, https:\/\/codeq.qroo.gob.mx\/wp-content\/uploads\/2025\/07\/WhatsApp-Image-2025-07-08-at-4.17.48-PM-2048x1365.jpeg 2048w\" sizes=\"(max-width: 1024px) 100vw, 1024px\" \/><\/figure>\n<\/figure>\n","protected":false},"excerpt":{"rendered":"<p>Como una divertida alternativa para las ni\u00f1as, ni\u00f1os y j\u00f3venes quintanarroenses en esta pr\u00f3xima temporada vacacional, la Comisi\u00f3n de Deporte de Quintana Roo (CODEQ), que preside Jacobo Arzate Hop, present\u00f3 en conferencia de prensa su tradicional Curso de Verano \u201cBaaxlo\u2019ob Paalalo\u2019ob 2025\u201d, mismo que se realizar\u00e1 del 21 de julio al 8 de agosto, teniendo &#8230; <a title=\"Invita CODEQ a las ni\u00f1as, ni\u00f1os y j\u00f3venes a participar en el tradicional Curso de Verano \u201cBaaxlo\u2019ob Paalalo\u2019ob 2025\u201d\" class=\"read-more\" href=\"https:\/\/codeq.qroo.gob.mx\/index.php\/2025\/07\/08\/invita-codeq-a-las-ninas-ninos-y-jovenes-a-participar-en-el-tradicional-curso-de-verano-baaxloob-paalaloob-2025\/\" aria-label=\"Leer m\u00e1s sobre Invita CODEQ a las ni\u00f1as, ni\u00f1os y j\u00f3venes a participar en el tradicional Curso de Verano \u201cBaaxlo\u2019ob Paalalo\u2019ob 2025\u201d\">Leer m\u00e1s<\/a><\/p>\n","protected":false},"author":3,"featured_media":37562,"comment_status":"open","ping_status":"open","sticky":false,"template":"","format":"standard","meta":{"footnotes":""},"categories":[5],"tags":[],"class_list":["post-37554","post","type-post","status-publish","format-standard","has-post-thumbnail","hentry","category-noticias"],"yoast_head":"<!-- This site is optimized with the Yoast SEO plugin v25.5 - https:\/\/yoast.com\/wordpress\/plugins\/seo\/ -->\n<title>Invita CODEQ a las ni\u00f1as, ni\u00f1os y j\u00f3venes a participar en el tradicional Curso de Verano \u201cBaaxlo\u2019ob Paalalo\u2019ob 2025\u201d - Comisi\u00f3n del Deporte de Quintana Roo<\/title>\n<meta name=\"robots\" content=\"index, follow, max-snippet:-1, max-image-preview:large, max-video-preview:-1\" \/>\n<link rel=\"canonical\" href=\"https:\/\/codeq.qroo.gob.mx\/index.php\/2025\/07\/08\/invita-codeq-a-las-ninas-ninos-y-jovenes-a-participar-en-el-tradicional-curso-de-verano-baaxloob-paalaloob-2025\/\" \/>\n<meta property=\"og:locale\" content=\"es_MX\" \/>\n<meta property=\"og:type\" content=\"article\" \/>\n<meta property=\"og:title\" content=\"Invita CODEQ a las ni\u00f1as, ni\u00f1os y j\u00f3venes a participar en el tradicional Curso de Verano \u201cBaaxlo\u2019ob Paalalo\u2019ob 2025\u201d - Comisi\u00f3n del Deporte de Quintana Roo\" \/>\n<meta property=\"og:description\" content=\"Como una divertida alternativa para las ni\u00f1as, ni\u00f1os y j\u00f3venes quintanarroenses en esta pr\u00f3xima temporada vacacional, la Comisi\u00f3n de Deporte de Quintana Roo (CODEQ), que preside Jacobo Arzate Hop, present\u00f3 en conferencia de prensa su tradicional Curso de Verano \u201cBaaxlo\u2019ob Paalalo\u2019ob 2025\u201d, mismo que se realizar\u00e1 del 21 de julio al 8 de agosto, teniendo ... Leer m\u00e1s\" \/>\n<meta property=\"og:url\" content=\"https:\/\/codeq.qroo.gob.mx\/index.php\/2025\/07\/08\/invita-codeq-a-las-ninas-ninos-y-jovenes-a-participar-en-el-tradicional-curso-de-verano-baaxloob-paalaloob-2025\/\" \/>\n<meta property=\"og:site_name\" content=\"Comisi\u00f3n del Deporte de Quintana Roo\" \/>\n<meta property=\"article:published_time\" content=\"2025-07-08T21:21:13+00:00\" \/>\n<meta property=\"article:modified_time\" content=\"2025-07-08T21:21:15+00:00\" \/>\n<meta property=\"og:image\" content=\"https:\/\/codeq.qroo.gob.mx\/wp-content\/uploads\/2025\/07\/WhatsApp-Image-2025-07-08-at-4.17.48-PM-scaled.jpeg\" \/>\n\t<meta property=\"og:image:width\" content=\"2560\" \/>\n\t<meta property=\"og:image:height\" content=\"1706\" \/>\n\t<meta property=\"og:image:type\" content=\"image\/jpeg\" \/>\n<meta name=\"author\" content=\"Jorge Antonio Carvajal Maldonado\" \/>\n<meta name=\"twitter:card\" content=\"summary_large_image\" \/>\n<meta name=\"twitter:label1\" content=\"Escrito por\" \/>\n\t<meta name=\"twitter:data1\" content=\"Jorge Antonio Carvajal Maldonado\" \/>\n\t<meta name=\"twitter:label2\" content=\"Tiempo de lectura\" \/>\n\t<meta name=\"twitter:data2\" content=\"5 minutos\" \/>\n<script type=\"application\/ld+json\" class=\"yoast-schema-graph\">{\"@context\":\"https:\/\/schema.org\",\"@graph\":[{\"@type\":\"Article\",\"@id\":\"https:\/\/codeq.qroo.gob.mx\/index.php\/2025\/07\/08\/invita-codeq-a-las-ninas-ninos-y-jovenes-a-participar-en-el-tradicional-curso-de-verano-baaxloob-paalaloob-2025\/#article\",\"isPartOf\":{\"@id\":\"https:\/\/codeq.qroo.gob.mx\/index.php\/2025\/07\/08\/invita-codeq-a-las-ninas-ninos-y-jovenes-a-participar-en-el-tradicional-curso-de-verano-baaxloob-paalaloob-2025\/\"},\"author\":{\"name\":\"Jorge Antonio Carvajal Maldonado\",\"@id\":\"https:\/\/codeq.qroo.gob.mx\/#\/schema\/person\/08f280f71ae6986a008ff55cb6d46160\"},\"headline\":\"Invita CODEQ a las ni\u00f1as, ni\u00f1os y j\u00f3venes a participar en el tradicional Curso de Verano \u201cBaaxlo\u2019ob Paalalo\u2019ob 2025\u201d\",\"datePublished\":\"2025-07-08T21:21:13+00:00\",\"dateModified\":\"2025-07-08T21:21:15+00:00\",\"mainEntityOfPage\":{\"@id\":\"https:\/\/codeq.qroo.gob.mx\/index.php\/2025\/07\/08\/invita-codeq-a-las-ninas-ninos-y-jovenes-a-participar-en-el-tradicional-curso-de-verano-baaxloob-paalaloob-2025\/\"},\"wordCount\":616,\"commentCount\":0,\"publisher\":{\"@id\":\"https:\/\/codeq.qroo.gob.mx\/#organization\"},\"image\":{\"@id\":\"https:\/\/codeq.qroo.gob.mx\/index.php\/2025\/07\/08\/invita-codeq-a-las-ninas-ninos-y-jovenes-a-participar-en-el-tradicional-curso-de-verano-baaxloob-paalaloob-2025\/#primaryimage\"},\"thumbnailUrl\":\"https:\/\/codeq.qroo.gob.mx\/wp-content\/uploads\/2025\/07\/WhatsApp-Image-2025-07-08-at-4.17.48-PM-scaled.jpeg\",\"articleSection\":[\"Noticias\"],\"inLanguage\":\"es\",\"potentialAction\":[{\"@type\":\"CommentAction\",\"name\":\"Comment\",\"target\":[\"https:\/\/codeq.qroo.gob.mx\/index.php\/2025\/07\/08\/invita-codeq-a-las-ninas-ninos-y-jovenes-a-participar-en-el-tradicional-curso-de-verano-baaxloob-paalaloob-2025\/#respond\"]}]},{\"@type\":\"WebPage\",\"@id\":\"https:\/\/codeq.qroo.gob.mx\/index.php\/2025\/07\/08\/invita-codeq-a-las-ninas-ninos-y-jovenes-a-participar-en-el-tradicional-curso-de-verano-baaxloob-paalaloob-2025\/\",\"url\":\"https:\/\/codeq.qroo.gob.mx\/index.php\/2025\/07\/08\/invita-codeq-a-las-ninas-ninos-y-jovenes-a-participar-en-el-tradicional-curso-de-verano-baaxloob-paalaloob-2025\/\",\"name\":\"Invita CODEQ a las ni\u00f1as, ni\u00f1os y j\u00f3venes a participar en el tradicional Curso de Verano \u201cBaaxlo\u2019ob Paalalo\u2019ob 2025\u201d - Comisi\u00f3n del Deporte de Quintana Roo\",\"isPartOf\":{\"@id\":\"https:\/\/codeq.qroo.gob.mx\/#website\"},\"primaryImageOfPage\":{\"@id\":\"https:\/\/codeq.qroo.gob.mx\/index.php\/2025\/07\/08\/invita-codeq-a-las-ninas-ninos-y-jovenes-a-participar-en-el-tradicional-curso-de-verano-baaxloob-paalaloob-2025\/#primaryimage\"},\"image\":{\"@id\":\"https:\/\/codeq.qroo.gob.mx\/index.php\/2025\/07\/08\/invita-codeq-a-las-ninas-ninos-y-jovenes-a-participar-en-el-tradicional-curso-de-verano-baaxloob-paalaloob-2025\/#primaryimage\"},\"thumbnailUrl\":\"https:\/\/codeq.qroo.gob.mx\/wp-content\/uploads\/2025\/07\/WhatsApp-Image-2025-07-08-at-4.17.48-PM-scaled.jpeg\",\"datePublished\":\"2025-07-08T21:21:13+00:00\",\"dateModified\":\"2025-07-08T21:21:15+00:00\",\"breadcrumb\":{\"@id\":\"https:\/\/codeq.qroo.gob.mx\/index.php\/2025\/07\/08\/invita-codeq-a-las-ninas-ninos-y-jovenes-a-participar-en-el-tradicional-curso-de-verano-baaxloob-paalaloob-2025\/#breadcrumb\"},\"inLanguage\":\"es\",\"potentialAction\":[{\"@type\":\"ReadAction\",\"target\":[\"https:\/\/codeq.qroo.gob.mx\/index.php\/2025\/07\/08\/invita-codeq-a-las-ninas-ninos-y-jovenes-a-participar-en-el-tradicional-curso-de-verano-baaxloob-paalaloob-2025\/\"]}]},{\"@type\":\"ImageObject\",\"inLanguage\":\"es\",\"@id\":\"https:\/\/codeq.qroo.gob.mx\/index.php\/2025\/07\/08\/invita-codeq-a-las-ninas-ninos-y-jovenes-a-participar-en-el-tradicional-curso-de-verano-baaxloob-paalaloob-2025\/#primaryimage\",\"url\":\"https:\/\/codeq.qroo.gob.mx\/wp-content\/uploads\/2025\/07\/WhatsApp-Image-2025-07-08-at-4.17.48-PM-scaled.jpeg\",\"contentUrl\":\"https:\/\/codeq.qroo.gob.mx\/wp-content\/uploads\/2025\/07\/WhatsApp-Image-2025-07-08-at-4.17.48-PM-scaled.jpeg\",\"width\":2560,\"height\":1706},{\"@type\":\"BreadcrumbList\",\"@id\":\"https:\/\/codeq.qroo.gob.mx\/index.php\/2025\/07\/08\/invita-codeq-a-las-ninas-ninos-y-jovenes-a-participar-en-el-tradicional-curso-de-verano-baaxloob-paalaloob-2025\/#breadcrumb\",\"itemListElement\":[{\"@type\":\"ListItem\",\"position\":1,\"name\":\"Inicio\",\"item\":\"https:\/\/codeq.qroo.gob.mx\/\"},{\"@type\":\"ListItem\",\"position\":2,\"name\":\"Invita CODEQ a las ni\u00f1as, ni\u00f1os y j\u00f3venes a participar en el tradicional Curso de Verano \u201cBaaxlo\u2019ob Paalalo\u2019ob 2025\u201d\"}]},{\"@type\":\"WebSite\",\"@id\":\"https:\/\/codeq.qroo.gob.mx\/#website\",\"url\":\"https:\/\/codeq.qroo.gob.mx\/\",\"name\":\"Comisi\u00f3n del Deporte de Quintana Roo\",\"description\":\"CODEQ\",\"publisher\":{\"@id\":\"https:\/\/codeq.qroo.gob.mx\/#organization\"},\"potentialAction\":[{\"@type\":\"SearchAction\",\"target\":{\"@type\":\"EntryPoint\",\"urlTemplate\":\"https:\/\/codeq.qroo.gob.mx\/?s={search_term_string}\"},\"query-input\":{\"@type\":\"PropertyValueSpecification\",\"valueRequired\":true,\"valueName\":\"search_term_string\"}}],\"inLanguage\":\"es\"},{\"@type\":\"Organization\",\"@id\":\"https:\/\/codeq.qroo.gob.mx\/#organization\",\"name\":\"Comisi\u00f3n del Deporte de Quintana Roo\",\"url\":\"https:\/\/codeq.qroo.gob.mx\/\",\"logo\":{\"@type\":\"ImageObject\",\"inLanguage\":\"es\",\"@id\":\"https:\/\/codeq.qroo.gob.mx\/#\/schema\/logo\/image\/\",\"url\":\"https:\/\/codeq.qroo.gob.mx\/wp-content\/uploads\/2024\/07\/CODEQ.png\",\"contentUrl\":\"https:\/\/codeq.qroo.gob.mx\/wp-content\/uploads\/2024\/07\/CODEQ.png\",\"width\":3000,\"height\":1688,\"caption\":\"Comisi\u00f3n del Deporte de Quintana Roo\"},\"image\":{\"@id\":\"https:\/\/codeq.qroo.gob.mx\/#\/schema\/logo\/image\/\"}},{\"@type\":\"Person\",\"@id\":\"https:\/\/codeq.qroo.gob.mx\/#\/schema\/person\/08f280f71ae6986a008ff55cb6d46160\",\"name\":\"Jorge Antonio Carvajal Maldonado\",\"image\":{\"@type\":\"ImageObject\",\"inLanguage\":\"es\",\"@id\":\"https:\/\/codeq.qroo.gob.mx\/#\/schema\/person\/image\/\",\"url\":\"https:\/\/secure.gravatar.com\/avatar\/e61cdf534226ddcecdaed9988ec080e5df82259aa9a3e3f50abf5a5f2b95122f?s=96&d=mm&r=g\",\"contentUrl\":\"https:\/\/secure.gravatar.com\/avatar\/e61cdf534226ddcecdaed9988ec080e5df82259aa9a3e3f50abf5a5f2b95122f?s=96&d=mm&r=g\",\"caption\":\"Jorge Antonio Carvajal Maldonado\"},\"url\":\"https:\/\/codeq.qroo.gob.mx\/index.php\/author\/antonio\/\"}]}<\/script>\n<!-- \/ Yoast SEO plugin. -->","yoast_head_json":{"title":"Invita CODEQ a las ni\u00f1as, ni\u00f1os y j\u00f3venes a participar en el tradicional Curso de Verano \u201cBaaxlo\u2019ob Paalalo\u2019ob 2025\u201d - Comisi\u00f3n del Deporte de Quintana Roo","robots":{"index":"index","follow":"follow","max-snippet":"max-snippet:-1","max-image-preview":"max-image-preview:large","max-video-preview":"max-video-preview:-1"},"canonical":"https:\/\/codeq.qroo.gob.mx\/index.php\/2025\/07\/08\/invita-codeq-a-las-ninas-ninos-y-jovenes-a-participar-en-el-tradicional-curso-de-verano-baaxloob-paalaloob-2025\/","og_locale":"es_MX","og_type":"article","og_title":"Invita CODEQ a las ni\u00f1as, ni\u00f1os y j\u00f3venes a participar en el tradicional Curso de Verano \u201cBaaxlo\u2019ob Paalalo\u2019ob 2025\u201d - Comisi\u00f3n del Deporte de Quintana Roo","og_description":"Como una divertida alternativa para las ni\u00f1as, ni\u00f1os y j\u00f3venes quintanarroenses en esta pr\u00f3xima temporada vacacional, la Comisi\u00f3n de Deporte de Quintana Roo (CODEQ), que preside Jacobo Arzate Hop, present\u00f3 en conferencia de prensa su tradicional Curso de Verano \u201cBaaxlo\u2019ob Paalalo\u2019ob 2025\u201d, mismo que se realizar\u00e1 del 21 de julio al 8 de agosto, teniendo ... Leer m\u00e1s","og_url":"https:\/\/codeq.qroo.gob.mx\/index.php\/2025\/07\/08\/invita-codeq-a-las-ninas-ninos-y-jovenes-a-participar-en-el-tradicional-curso-de-verano-baaxloob-paalaloob-2025\/","og_site_name":"Comisi\u00f3n del Deporte de Quintana Roo","article_published_time":"2025-07-08T21:21:13+00:00","article_modified_time":"2025-07-08T21:21:15+00:00","og_image":[{"width":2560,"height":1706,"url":"https:\/\/codeq.qroo.gob.mx\/wp-content\/uploads\/2025\/07\/WhatsApp-Image-2025-07-08-at-4.17.48-PM-scaled.jpeg","type":"image\/jpeg"}],"author":"Jorge Antonio Carvajal Maldonado","twitter_card":"summary_large_image","twitter_misc":{"Escrito por":"Jorge Antonio Carvajal Maldonado","Tiempo de lectura":"5 minutos"},"schema":{"@context":"https:\/\/schema.org","@graph":[{"@type":"Article","@id":"https:\/\/codeq.qroo.gob.mx\/index.php\/2025\/07\/08\/invita-codeq-a-las-ninas-ninos-y-jovenes-a-participar-en-el-tradicional-curso-de-verano-baaxloob-paalaloob-2025\/#article","isPartOf":{"@id":"https:\/\/codeq.qroo.gob.mx\/index.php\/2025\/07\/08\/invita-codeq-a-las-ninas-ninos-y-jovenes-a-participar-en-el-tradicional-curso-de-verano-baaxloob-paalaloob-2025\/"},"author":{"name":"Jorge Antonio Carvajal Maldonado","@id":"https:\/\/codeq.qroo.gob.mx\/#\/schema\/person\/08f280f71ae6986a008ff55cb6d46160"},"headline":"Invita CODEQ a las ni\u00f1as, ni\u00f1os y j\u00f3venes a participar en el tradicional Curso de Verano \u201cBaaxlo\u2019ob Paalalo\u2019ob 2025\u201d","datePublished":"2025-07-08T21:21:13+00:00","dateModified":"2025-07-08T21:21:15+00:00","mainEntityOfPage":{"@id":"https:\/\/codeq.qroo.gob.mx\/index.php\/2025\/07\/08\/invita-codeq-a-las-ninas-ninos-y-jovenes-a-participar-en-el-tradicional-curso-de-verano-baaxloob-paalaloob-2025\/"},"wordCount":616,"commentCount":0,"publisher":{"@id":"https:\/\/codeq.qroo.gob.mx\/#organization"},"image":{"@id":"https:\/\/codeq.qroo.gob.mx\/index.php\/2025\/07\/08\/invita-codeq-a-las-ninas-ninos-y-jovenes-a-participar-en-el-tradicional-curso-de-verano-baaxloob-paalaloob-2025\/#primaryimage"},"thumbnailUrl":"https:\/\/codeq.qroo.gob.mx\/wp-content\/uploads\/2025\/07\/WhatsApp-Image-2025-07-08-at-4.17.48-PM-scaled.jpeg","articleSection":["Noticias"],"inLanguage":"es","potentialAction":[{"@type":"CommentAction","name":"Comment","target":["https:\/\/codeq.qroo.gob.mx\/index.php\/2025\/07\/08\/invita-codeq-a-las-ninas-ninos-y-jovenes-a-participar-en-el-tradicional-curso-de-verano-baaxloob-paalaloob-2025\/#respond"]}]},{"@type":"WebPage","@id":"https:\/\/codeq.qroo.gob.mx\/index.php\/2025\/07\/08\/invita-codeq-a-las-ninas-ninos-y-jovenes-a-participar-en-el-tradicional-curso-de-verano-baaxloob-paalaloob-2025\/","url":"https:\/\/codeq.qroo.gob.mx\/index.php\/2025\/07\/08\/invita-codeq-a-las-ninas-ninos-y-jovenes-a-participar-en-el-tradicional-curso-de-verano-baaxloob-paalaloob-2025\/","name":"Invita CODEQ a las ni\u00f1as, ni\u00f1os y j\u00f3venes a participar en el tradicional Curso de Verano \u201cBaaxlo\u2019ob Paalalo\u2019ob 2025\u201d - Comisi\u00f3n del Deporte de Quintana Roo","isPartOf":{"@id":"https:\/\/codeq.qroo.gob.mx\/#website"},"primaryImageOfPage":{"@id":"https:\/\/codeq.qroo.gob.mx\/index.php\/2025\/07\/08\/invita-codeq-a-las-ninas-ninos-y-jovenes-a-participar-en-el-tradicional-curso-de-verano-baaxloob-paalaloob-2025\/#primaryimage"},"image":{"@id":"https:\/\/codeq.qroo.gob.mx\/index.php\/2025\/07\/08\/invita-codeq-a-las-ninas-ninos-y-jovenes-a-participar-en-el-tradicional-curso-de-verano-baaxloob-paalaloob-2025\/#primaryimage"},"thumbnailUrl":"https:\/\/codeq.qroo.gob.mx\/wp-content\/uploads\/2025\/07\/WhatsApp-Image-2025-07-08-at-4.17.48-PM-scaled.jpeg","datePublished":"2025-07-08T21:21:13+00:00","dateModified":"2025-07-08T21:21:15+00:00","breadcrumb":{"@id":"https:\/\/codeq.qroo.gob.mx\/index.php\/2025\/07\/08\/invita-codeq-a-las-ninas-ninos-y-jovenes-a-participar-en-el-tradicional-curso-de-verano-baaxloob-paalaloob-2025\/#breadcrumb"},"inLanguage":"es","potentialAction":[{"@type":"ReadAction","target":["https:\/\/codeq.qroo.gob.mx\/index.php\/2025\/07\/08\/invita-codeq-a-las-ninas-ninos-y-jovenes-a-participar-en-el-tradicional-curso-de-verano-baaxloob-paalaloob-2025\/"]}]},{"@type":"ImageObject","inLanguage":"es","@id":"https:\/\/codeq.qroo.gob.mx\/index.php\/2025\/07\/08\/invita-codeq-a-las-ninas-ninos-y-jovenes-a-participar-en-el-tradicional-curso-de-verano-baaxloob-paalaloob-2025\/#primaryimage","url":"https:\/\/codeq.qroo.gob.mx\/wp-content\/uploads\/2025\/07\/WhatsApp-Image-2025-07-08-at-4.17.48-PM-scaled.jpeg","contentUrl":"https:\/\/codeq.qroo.gob.mx\/wp-content\/uploads\/2025\/07\/WhatsApp-Image-2025-07-08-at-4.17.48-PM-scaled.jpeg","width":2560,"height":1706},{"@type":"BreadcrumbList","@id":"https:\/\/codeq.qroo.gob.mx\/index.php\/2025\/07\/08\/invita-codeq-a-las-ninas-ninos-y-jovenes-a-participar-en-el-tradicional-curso-de-verano-baaxloob-paalaloob-2025\/#breadcrumb","itemListElement":[{"@type":"ListItem","position":1,"name":"Inicio","item":"https:\/\/codeq.qroo.gob.mx\/"},{"@type":"ListItem","position":2,"name":"Invita CODEQ a las ni\u00f1as, ni\u00f1os y j\u00f3venes a participar en el tradicional Curso de Verano \u201cBaaxlo\u2019ob Paalalo\u2019ob 2025\u201d"}]},{"@type":"WebSite","@id":"https:\/\/codeq.qroo.gob.mx\/#website","url":"https:\/\/codeq.qroo.gob.mx\/","name":"Comisi\u00f3n del Deporte de Quintana Roo","description":"CODEQ","publisher":{"@id":"https:\/\/codeq.qroo.gob.mx\/#organization"},"potentialAction":[{"@type":"SearchAction","target":{"@type":"EntryPoint","urlTemplate":"https:\/\/codeq.qroo.gob.mx\/?s={search_term_string}"},"query-input":{"@type":"PropertyValueSpecification","valueRequired":true,"valueName":"search_term_string"}}],"inLanguage":"es"},{"@type":"Organization","@id":"https:\/\/codeq.qroo.gob.mx\/#organization","name":"Comisi\u00f3n del Deporte de Quintana Roo","url":"https:\/\/codeq.qroo.gob.mx\/","logo":{"@type":"ImageObject","inLanguage":"es","@id":"https:\/\/codeq.qroo.gob.mx\/#\/schema\/logo\/image\/","url":"https:\/\/codeq.qroo.gob.mx\/wp-content\/uploads\/2024\/07\/CODEQ.png","contentUrl":"https:\/\/codeq.qroo.gob.mx\/wp-content\/uploads\/2024\/07\/CODEQ.png","width":3000,"height":1688,"caption":"Comisi\u00f3n del Deporte de Quintana Roo"},"image":{"@id":"https:\/\/codeq.qroo.gob.mx\/#\/schema\/logo\/image\/"}},{"@type":"Person","@id":"https:\/\/codeq.qroo.gob.mx\/#\/schema\/person\/08f280f71ae6986a008ff55cb6d46160","name":"Jorge Antonio Carvajal Maldonado","image":{"@type":"ImageObject","inLanguage":"es","@id":"https:\/\/codeq.qroo.gob.mx\/#\/schema\/person\/image\/","url":"https:\/\/secure.gravatar.com\/avatar\/e61cdf534226ddcecdaed9988ec080e5df82259aa9a3e3f50abf5a5f2b95122f?s=96&d=mm&r=g","contentUrl":"https:\/\/secure.gravatar.com\/avatar\/e61cdf534226ddcecdaed9988ec080e5df82259aa9a3e3f50abf5a5f2b95122f?s=96&d=mm&r=g","caption":"Jorge Antonio Carvajal Maldonado"},"url":"https:\/\/codeq.qroo.gob.mx\/index.php\/author\/antonio\/"}]}},"_links":{"self":[{"href":"https:\/\/codeq.qroo.gob.mx\/index.php\/wp-json\/wp\/v2\/posts\/37554","targetHints":{"allow":["GET"]}}],"collection":[{"href":"https:\/\/codeq.qroo.gob.mx\/index.php\/wp-json\/wp\/v2\/posts"}],"about":[{"href":"https:\/\/codeq.qroo.gob.mx\/index.php\/wp-json\/wp\/v2\/types\/post"}],"author":[{"embeddable":true,"href":"https:\/\/codeq.qroo.gob.mx\/index.php\/wp-json\/wp\/v2\/users\/3"}],"replies":[{"embeddable":true,"href":"https:\/\/codeq.qroo.gob.mx\/index.php\/wp-json\/wp\/v2\/comments?post=37554"}],"version-history":[{"count":1,"href":"https:\/\/codeq.qroo.gob.mx\/index.php\/wp-json\/wp\/v2\/posts\/37554\/revisions"}],"predecessor-version":[{"id":37563,"href":"https:\/\/codeq.qroo.gob.mx\/index.php\/wp-json\/wp\/v2\/posts\/37554\/revisions\/37563"}],"wp:featuredmedia":[{"embeddable":true,"href":"https:\/\/codeq.qroo.gob.mx\/index.php\/wp-json\/wp\/v2\/media\/37562"}],"wp:attachment":[{"href":"https:\/\/codeq.qroo.gob.mx\/index.php\/wp-json\/wp\/v2\/media?parent=37554"}],"wp:term":[{"taxonomy":"category","embeddable":true,"href":"https:\/\/codeq.qroo.gob.mx\/index.php\/wp-json\/wp\/v2\/categories?post=37554"},{"taxonomy":"post_tag","embeddable":true,"href":"https:\/\/codeq.qroo.gob.mx\/index.php\/wp-json\/wp\/v2\/tags?post=37554"}],"curies":[{"name":"wp","href":"https:\/\/api.w.org\/{rel}","templated":true}]}}