{"id":37532,"date":"2025-07-04T15:13:37","date_gmt":"2025-07-04T20:13:37","guid":{"rendered":"https:\/\/codeq.qroo.gob.mx\/?p=37532"},"modified":"2025-07-04T15:13:38","modified_gmt":"2025-07-04T20:13:38","slug":"cierra-remo-quintanarroense-conquistando-una-medalla-de-bronce-en-la-olimpiada-nacional-conade-2025","status":"publish","type":"post","link":"https:\/\/codeq.qroo.gob.mx\/index.php\/2025\/07\/04\/cierra-remo-quintanarroense-conquistando-una-medalla-de-bronce-en-la-olimpiada-nacional-conade-2025\/","title":{"rendered":"Cierra Remo quintanarroense conquistando una medalla de bronce en la Olimpiada Nacional CONADE 2025"},"content":{"rendered":"\n<p><\/p>\n\n\n\n<ul class=\"wp-block-list\">\n<li>La atleta Luz Seleni Ambrocio Mart\u00ednez tuvo una gran carrera, cerrando en el tercer lugar en la prueba de los 500 metros, celebrada en Puerto Progreso<\/li>\n<\/ul>\n\n\n\n<p>La Selecci\u00f3n de Quintana Roo en la disciplina de Remo tuvo un productivo cierre de actividades en la Olimpiada Nacional CONADE 2025, esto luego de que la atleta de la entidad Luz Seleni Ambrocio Mart\u00ednez se adjudic\u00f3 la presea de bronce, durante el \u00faltimo d\u00eda de actividades de esta especialidad, que se escenific\u00f3 en el Puerto de Progreso, Yucat\u00e1n.<\/p>\n\n\n\n<p>Las y los atletas quintanarroenses contin\u00faan mostrando su talento en el certamen del deporte amateur m\u00e1s importante del pa\u00eds, recordando que realizaron los viajes con el apoyo y respaldo de la Comisi\u00f3n del Deporte de Quintana Roo (CODEQ), presidida por Jacobo Arzate Hop y que, adem\u00e1s, forma parte de las acciones del Nuevo Acuerdo por el Bienestar y Desarrollo, promovido por la gobernadora Mara Lezama Espinosa.<\/p>\n\n\n\n<p>En lo que fue el \u00faltimo d\u00eda de competencias de esta disciplina en el puerto yucateco, Quintana Roo logr\u00f3 sumar un bronce a trav\u00e9s de la atleta Luz Seleni Ambrocio Mart\u00ednez, quien con un arranque explosivo logr\u00f3 arribar en la tercera posici\u00f3n de la prueba individual 500 metros de Remo Par, cerrando con un tiempo de 2:07.00.<\/p>\n\n\n\n<p>En la carrera, la quintanarroense qued\u00f3 atr\u00e1s de Nuevo Le\u00f3n y Ciudad de M\u00e9xico, que fueron el primer y segundo lugar, respectivamente.<\/p>\n\n\n\n<p>Luz Ambrocio, oriunda de la comunidad Pioneros del R\u00edo y concentrada en el Centro Estatal Deportivo de Alto Rendimiento (CEDAR) Chetumal, ha logrado demostrar el coraje para subir al podio de ganadores en esta justa.<\/p>\n\n\n\n<p>Cabe mencionar que tambi\u00e9n particip\u00f3 en la prueba de los 1,500 metros; sin embargo, no pudo concretar la presea. Con esto cerr\u00f3 la actividad de Remo, pero la actividad en la sede Yucat\u00e1n continuar\u00e1 con Canotaje, donde Quintana Roo tambi\u00e9n tendr\u00e1 participaci\u00f3n.<\/p>\n\n\n\n<p>Adem\u00e1s, con este resultado, Quintana Roo lleg\u00f3 a las 175 preseas en el medallero general, dejando los n\u00fameros en 47 de oro, 64 de plata y 64 de bronce.<\/p>\n\n\n\n<figure class=\"wp-block-gallery has-nested-images columns-default is-cropped wp-block-gallery-1 is-layout-flex wp-block-gallery-is-layout-flex\">\n<figure class=\"wp-block-image size-large\"><img fetchpriority=\"high\" decoding=\"async\" width=\"1024\" height=\"683\" data-id=\"37534\" src=\"https:\/\/codeq.qroo.gob.mx\/wp-content\/uploads\/2025\/07\/WhatsApp-Image-2025-07-04-at-3.11.03-PM3-1024x683.jpeg\" alt=\"\" class=\"wp-image-37534\" srcset=\"https:\/\/codeq.qroo.gob.mx\/wp-content\/uploads\/2025\/07\/WhatsApp-Image-2025-07-04-at-3.11.03-PM3-1024x683.jpeg 1024w, https:\/\/codeq.qroo.gob.mx\/wp-content\/uploads\/2025\/07\/WhatsApp-Image-2025-07-04-at-3.11.03-PM3-300x200.jpeg 300w, https:\/\/codeq.qroo.gob.mx\/wp-content\/uploads\/2025\/07\/WhatsApp-Image-2025-07-04-at-3.11.03-PM3-768x512.jpeg 768w, https:\/\/codeq.qroo.gob.mx\/wp-content\/uploads\/2025\/07\/WhatsApp-Image-2025-07-04-at-3.11.03-PM3-1536x1024.jpeg 1536w, https:\/\/codeq.qroo.gob.mx\/wp-content\/uploads\/2025\/07\/WhatsApp-Image-2025-07-04-at-3.11.03-PM3-2048x1365.jpeg 2048w\" sizes=\"(max-width: 1024px) 100vw, 1024px\" \/><\/figure>\n\n\n\n<figure class=\"wp-block-image size-large\"><img decoding=\"async\" width=\"1024\" height=\"682\" data-id=\"37533\" src=\"https:\/\/codeq.qroo.gob.mx\/wp-content\/uploads\/2025\/07\/WhatsApp-Image-2025-07-04-at-3.11.03-PM2-1024x682.jpeg\" alt=\"\" class=\"wp-image-37533\" srcset=\"https:\/\/codeq.qroo.gob.mx\/wp-content\/uploads\/2025\/07\/WhatsApp-Image-2025-07-04-at-3.11.03-PM2-1024x682.jpeg 1024w, https:\/\/codeq.qroo.gob.mx\/wp-content\/uploads\/2025\/07\/WhatsApp-Image-2025-07-04-at-3.11.03-PM2-300x200.jpeg 300w, https:\/\/codeq.qroo.gob.mx\/wp-content\/uploads\/2025\/07\/WhatsApp-Image-2025-07-04-at-3.11.03-PM2-768x512.jpeg 768w, https:\/\/codeq.qroo.gob.mx\/wp-content\/uploads\/2025\/07\/WhatsApp-Image-2025-07-04-at-3.11.03-PM2.jpeg 1280w\" sizes=\"(max-width: 1024px) 100vw, 1024px\" \/><\/figure>\n\n\n\n<figure class=\"wp-block-image size-large\"><img decoding=\"async\" width=\"1024\" height=\"683\" data-id=\"37535\" src=\"https:\/\/codeq.qroo.gob.mx\/wp-content\/uploads\/2025\/07\/WhatsApp-Image-2025-07-04-at-3.11.03-PM1-1024x683.jpeg\" alt=\"\" class=\"wp-image-37535\" srcset=\"https:\/\/codeq.qroo.gob.mx\/wp-content\/uploads\/2025\/07\/WhatsApp-Image-2025-07-04-at-3.11.03-PM1-1024x683.jpeg 1024w, https:\/\/codeq.qroo.gob.mx\/wp-content\/uploads\/2025\/07\/WhatsApp-Image-2025-07-04-at-3.11.03-PM1-300x200.jpeg 300w, https:\/\/codeq.qroo.gob.mx\/wp-content\/uploads\/2025\/07\/WhatsApp-Image-2025-07-04-at-3.11.03-PM1-768x512.jpeg 768w, https:\/\/codeq.qroo.gob.mx\/wp-content\/uploads\/2025\/07\/WhatsApp-Image-2025-07-04-at-3.11.03-PM1-1536x1024.jpeg 1536w, https:\/\/codeq.qroo.gob.mx\/wp-content\/uploads\/2025\/07\/WhatsApp-Image-2025-07-04-at-3.11.03-PM1-2048x1365.jpeg 2048w\" sizes=\"(max-width: 1024px) 100vw, 1024px\" \/><\/figure>\n\n\n\n<figure class=\"wp-block-image size-large\"><img loading=\"lazy\" decoding=\"async\" width=\"768\" height=\"1024\" data-id=\"37536\" src=\"https:\/\/codeq.qroo.gob.mx\/wp-content\/uploads\/2025\/07\/WhatsApp-Image-2025-07-04-at-3.11.03-PM-768x1024.jpeg\" alt=\"\" class=\"wp-image-37536\" srcset=\"https:\/\/codeq.qroo.gob.mx\/wp-content\/uploads\/2025\/07\/WhatsApp-Image-2025-07-04-at-3.11.03-PM-768x1024.jpeg 768w, https:\/\/codeq.qroo.gob.mx\/wp-content\/uploads\/2025\/07\/WhatsApp-Image-2025-07-04-at-3.11.03-PM-225x300.jpeg 225w, https:\/\/codeq.qroo.gob.mx\/wp-content\/uploads\/2025\/07\/WhatsApp-Image-2025-07-04-at-3.11.03-PM-1152x1536.jpeg 1152w, https:\/\/codeq.qroo.gob.mx\/wp-content\/uploads\/2025\/07\/WhatsApp-Image-2025-07-04-at-3.11.03-PM-1536x2048.jpeg 1536w, https:\/\/codeq.qroo.gob.mx\/wp-content\/uploads\/2025\/07\/WhatsApp-Image-2025-07-04-at-3.11.03-PM-scaled.jpeg 1920w\" sizes=\"(max-width: 768px) 100vw, 768px\" \/><\/figure>\n<\/figure>\n","protected":false},"excerpt":{"rendered":"<p>La Selecci\u00f3n de Quintana Roo en la disciplina de Remo tuvo un productivo cierre de actividades en la Olimpiada Nacional CONADE 2025, esto luego de que la atleta de la entidad Luz Seleni Ambrocio Mart\u00ednez se adjudic\u00f3 la presea de bronce, durante el \u00faltimo d\u00eda de actividades de esta especialidad, que se escenific\u00f3 en el &#8230; <a title=\"Cierra Remo quintanarroense conquistando una medalla de bronce en la Olimpiada Nacional CONADE 2025\" class=\"read-more\" href=\"https:\/\/codeq.qroo.gob.mx\/index.php\/2025\/07\/04\/cierra-remo-quintanarroense-conquistando-una-medalla-de-bronce-en-la-olimpiada-nacional-conade-2025\/\" aria-label=\"Leer m\u00e1s sobre Cierra Remo quintanarroense conquistando una medalla de bronce en la Olimpiada Nacional CONADE 2025\">Leer m\u00e1s<\/a><\/p>\n","protected":false},"author":3,"featured_media":37533,"comment_status":"open","ping_status":"open","sticky":false,"template":"","format":"standard","meta":{"footnotes":""},"categories":[5],"tags":[],"class_list":["post-37532","post","type-post","status-publish","format-standard","has-post-thumbnail","hentry","category-noticias"],"yoast_head":"<!-- This site is optimized with the Yoast SEO plugin v25.5 - https:\/\/yoast.com\/wordpress\/plugins\/seo\/ -->\n<title>Cierra Remo quintanarroense conquistando una medalla de bronce en la Olimpiada Nacional CONADE 2025 - Comisi\u00f3n del Deporte de Quintana Roo<\/title>\n<meta name=\"robots\" content=\"index, follow, max-snippet:-1, max-image-preview:large, max-video-preview:-1\" \/>\n<link rel=\"canonical\" href=\"https:\/\/codeq.qroo.gob.mx\/index.php\/2025\/07\/04\/cierra-remo-quintanarroense-conquistando-una-medalla-de-bronce-en-la-olimpiada-nacional-conade-2025\/\" \/>\n<meta property=\"og:locale\" content=\"es_MX\" \/>\n<meta property=\"og:type\" content=\"article\" \/>\n<meta property=\"og:title\" content=\"Cierra Remo quintanarroense conquistando una medalla de bronce en la Olimpiada Nacional CONADE 2025 - Comisi\u00f3n del Deporte de Quintana Roo\" \/>\n<meta property=\"og:description\" content=\"La Selecci\u00f3n de Quintana Roo en la disciplina de Remo tuvo un productivo cierre de actividades en la Olimpiada Nacional CONADE 2025, esto luego de que la atleta de la entidad Luz Seleni Ambrocio Mart\u00ednez se adjudic\u00f3 la presea de bronce, durante el \u00faltimo d\u00eda de actividades de esta especialidad, que se escenific\u00f3 en el ... Leer m\u00e1s\" \/>\n<meta property=\"og:url\" content=\"https:\/\/codeq.qroo.gob.mx\/index.php\/2025\/07\/04\/cierra-remo-quintanarroense-conquistando-una-medalla-de-bronce-en-la-olimpiada-nacional-conade-2025\/\" \/>\n<meta property=\"og:site_name\" content=\"Comisi\u00f3n del Deporte de Quintana Roo\" \/>\n<meta property=\"article:published_time\" content=\"2025-07-04T20:13:37+00:00\" \/>\n<meta property=\"article:modified_time\" content=\"2025-07-04T20:13:38+00:00\" \/>\n<meta property=\"og:image\" content=\"https:\/\/codeq.qroo.gob.mx\/wp-content\/uploads\/2025\/07\/WhatsApp-Image-2025-07-04-at-3.11.03-PM2.jpeg\" \/>\n\t<meta property=\"og:image:width\" content=\"1280\" \/>\n\t<meta property=\"og:image:height\" content=\"853\" \/>\n\t<meta property=\"og:image:type\" content=\"image\/jpeg\" \/>\n<meta name=\"author\" content=\"Jorge Antonio Carvajal Maldonado\" \/>\n<meta name=\"twitter:card\" content=\"summary_large_image\" \/>\n<meta name=\"twitter:label1\" content=\"Escrito por\" \/>\n\t<meta name=\"twitter:data1\" content=\"Jorge Antonio Carvajal Maldonado\" \/>\n\t<meta name=\"twitter:label2\" content=\"Tiempo de lectura\" \/>\n\t<meta name=\"twitter:data2\" content=\"3 minutos\" \/>\n<script type=\"application\/ld+json\" class=\"yoast-schema-graph\">{\"@context\":\"https:\/\/schema.org\",\"@graph\":[{\"@type\":\"Article\",\"@id\":\"https:\/\/codeq.qroo.gob.mx\/index.php\/2025\/07\/04\/cierra-remo-quintanarroense-conquistando-una-medalla-de-bronce-en-la-olimpiada-nacional-conade-2025\/#article\",\"isPartOf\":{\"@id\":\"https:\/\/codeq.qroo.gob.mx\/index.php\/2025\/07\/04\/cierra-remo-quintanarroense-conquistando-una-medalla-de-bronce-en-la-olimpiada-nacional-conade-2025\/\"},\"author\":{\"name\":\"Jorge Antonio Carvajal Maldonado\",\"@id\":\"https:\/\/codeq.qroo.gob.mx\/#\/schema\/person\/08f280f71ae6986a008ff55cb6d46160\"},\"headline\":\"Cierra Remo quintanarroense conquistando una medalla de bronce en la Olimpiada Nacional CONADE 2025\",\"datePublished\":\"2025-07-04T20:13:37+00:00\",\"dateModified\":\"2025-07-04T20:13:38+00:00\",\"mainEntityOfPage\":{\"@id\":\"https:\/\/codeq.qroo.gob.mx\/index.php\/2025\/07\/04\/cierra-remo-quintanarroense-conquistando-una-medalla-de-bronce-en-la-olimpiada-nacional-conade-2025\/\"},\"wordCount\":364,\"commentCount\":0,\"publisher\":{\"@id\":\"https:\/\/codeq.qroo.gob.mx\/#organization\"},\"image\":{\"@id\":\"https:\/\/codeq.qroo.gob.mx\/index.php\/2025\/07\/04\/cierra-remo-quintanarroense-conquistando-una-medalla-de-bronce-en-la-olimpiada-nacional-conade-2025\/#primaryimage\"},\"thumbnailUrl\":\"https:\/\/codeq.qroo.gob.mx\/wp-content\/uploads\/2025\/07\/WhatsApp-Image-2025-07-04-at-3.11.03-PM2.jpeg\",\"articleSection\":[\"Noticias\"],\"inLanguage\":\"es\",\"potentialAction\":[{\"@type\":\"CommentAction\",\"name\":\"Comment\",\"target\":[\"https:\/\/codeq.qroo.gob.mx\/index.php\/2025\/07\/04\/cierra-remo-quintanarroense-conquistando-una-medalla-de-bronce-en-la-olimpiada-nacional-conade-2025\/#respond\"]}]},{\"@type\":\"WebPage\",\"@id\":\"https:\/\/codeq.qroo.gob.mx\/index.php\/2025\/07\/04\/cierra-remo-quintanarroense-conquistando-una-medalla-de-bronce-en-la-olimpiada-nacional-conade-2025\/\",\"url\":\"https:\/\/codeq.qroo.gob.mx\/index.php\/2025\/07\/04\/cierra-remo-quintanarroense-conquistando-una-medalla-de-bronce-en-la-olimpiada-nacional-conade-2025\/\",\"name\":\"Cierra Remo quintanarroense conquistando una medalla de bronce en la Olimpiada Nacional CONADE 2025 - Comisi\u00f3n del Deporte de Quintana Roo\",\"isPartOf\":{\"@id\":\"https:\/\/codeq.qroo.gob.mx\/#website\"},\"primaryImageOfPage\":{\"@id\":\"https:\/\/codeq.qroo.gob.mx\/index.php\/2025\/07\/04\/cierra-remo-quintanarroense-conquistando-una-medalla-de-bronce-en-la-olimpiada-nacional-conade-2025\/#primaryimage\"},\"image\":{\"@id\":\"https:\/\/codeq.qroo.gob.mx\/index.php\/2025\/07\/04\/cierra-remo-quintanarroense-conquistando-una-medalla-de-bronce-en-la-olimpiada-nacional-conade-2025\/#primaryimage\"},\"thumbnailUrl\":\"https:\/\/codeq.qroo.gob.mx\/wp-content\/uploads\/2025\/07\/WhatsApp-Image-2025-07-04-at-3.11.03-PM2.jpeg\",\"datePublished\":\"2025-07-04T20:13:37+00:00\",\"dateModified\":\"2025-07-04T20:13:38+00:00\",\"breadcrumb\":{\"@id\":\"https:\/\/codeq.qroo.gob.mx\/index.php\/2025\/07\/04\/cierra-remo-quintanarroense-conquistando-una-medalla-de-bronce-en-la-olimpiada-nacional-conade-2025\/#breadcrumb\"},\"inLanguage\":\"es\",\"potentialAction\":[{\"@type\":\"ReadAction\",\"target\":[\"https:\/\/codeq.qroo.gob.mx\/index.php\/2025\/07\/04\/cierra-remo-quintanarroense-conquistando-una-medalla-de-bronce-en-la-olimpiada-nacional-conade-2025\/\"]}]},{\"@type\":\"ImageObject\",\"inLanguage\":\"es\",\"@id\":\"https:\/\/codeq.qroo.gob.mx\/index.php\/2025\/07\/04\/cierra-remo-quintanarroense-conquistando-una-medalla-de-bronce-en-la-olimpiada-nacional-conade-2025\/#primaryimage\",\"url\":\"https:\/\/codeq.qroo.gob.mx\/wp-content\/uploads\/2025\/07\/WhatsApp-Image-2025-07-04-at-3.11.03-PM2.jpeg\",\"contentUrl\":\"https:\/\/codeq.qroo.gob.mx\/wp-content\/uploads\/2025\/07\/WhatsApp-Image-2025-07-04-at-3.11.03-PM2.jpeg\",\"width\":1280,\"height\":853},{\"@type\":\"BreadcrumbList\",\"@id\":\"https:\/\/codeq.qroo.gob.mx\/index.php\/2025\/07\/04\/cierra-remo-quintanarroense-conquistando-una-medalla-de-bronce-en-la-olimpiada-nacional-conade-2025\/#breadcrumb\",\"itemListElement\":[{\"@type\":\"ListItem\",\"position\":1,\"name\":\"Inicio\",\"item\":\"https:\/\/codeq.qroo.gob.mx\/\"},{\"@type\":\"ListItem\",\"position\":2,\"name\":\"Cierra Remo quintanarroense conquistando una medalla de bronce en la Olimpiada Nacional CONADE 2025\"}]},{\"@type\":\"WebSite\",\"@id\":\"https:\/\/codeq.qroo.gob.mx\/#website\",\"url\":\"https:\/\/codeq.qroo.gob.mx\/\",\"name\":\"Comisi\u00f3n del Deporte de Quintana Roo\",\"description\":\"CODEQ\",\"publisher\":{\"@id\":\"https:\/\/codeq.qroo.gob.mx\/#organization\"},\"potentialAction\":[{\"@type\":\"SearchAction\",\"target\":{\"@type\":\"EntryPoint\",\"urlTemplate\":\"https:\/\/codeq.qroo.gob.mx\/?s={search_term_string}\"},\"query-input\":{\"@type\":\"PropertyValueSpecification\",\"valueRequired\":true,\"valueName\":\"search_term_string\"}}],\"inLanguage\":\"es\"},{\"@type\":\"Organization\",\"@id\":\"https:\/\/codeq.qroo.gob.mx\/#organization\",\"name\":\"Comisi\u00f3n del Deporte de Quintana Roo\",\"url\":\"https:\/\/codeq.qroo.gob.mx\/\",\"logo\":{\"@type\":\"ImageObject\",\"inLanguage\":\"es\",\"@id\":\"https:\/\/codeq.qroo.gob.mx\/#\/schema\/logo\/image\/\",\"url\":\"https:\/\/codeq.qroo.gob.mx\/wp-content\/uploads\/2024\/07\/CODEQ.png\",\"contentUrl\":\"https:\/\/codeq.qroo.gob.mx\/wp-content\/uploads\/2024\/07\/CODEQ.png\",\"width\":3000,\"height\":1688,\"caption\":\"Comisi\u00f3n del Deporte de Quintana Roo\"},\"image\":{\"@id\":\"https:\/\/codeq.qroo.gob.mx\/#\/schema\/logo\/image\/\"}},{\"@type\":\"Person\",\"@id\":\"https:\/\/codeq.qroo.gob.mx\/#\/schema\/person\/08f280f71ae6986a008ff55cb6d46160\",\"name\":\"Jorge Antonio Carvajal Maldonado\",\"image\":{\"@type\":\"ImageObject\",\"inLanguage\":\"es\",\"@id\":\"https:\/\/codeq.qroo.gob.mx\/#\/schema\/person\/image\/\",\"url\":\"https:\/\/secure.gravatar.com\/avatar\/e61cdf534226ddcecdaed9988ec080e5df82259aa9a3e3f50abf5a5f2b95122f?s=96&d=mm&r=g\",\"contentUrl\":\"https:\/\/secure.gravatar.com\/avatar\/e61cdf534226ddcecdaed9988ec080e5df82259aa9a3e3f50abf5a5f2b95122f?s=96&d=mm&r=g\",\"caption\":\"Jorge Antonio Carvajal Maldonado\"},\"url\":\"https:\/\/codeq.qroo.gob.mx\/index.php\/author\/antonio\/\"}]}<\/script>\n<!-- \/ Yoast SEO plugin. -->","yoast_head_json":{"title":"Cierra Remo quintanarroense conquistando una medalla de bronce en la Olimpiada Nacional CONADE 2025 - Comisi\u00f3n del Deporte de Quintana Roo","robots":{"index":"index","follow":"follow","max-snippet":"max-snippet:-1","max-image-preview":"max-image-preview:large","max-video-preview":"max-video-preview:-1"},"canonical":"https:\/\/codeq.qroo.gob.mx\/index.php\/2025\/07\/04\/cierra-remo-quintanarroense-conquistando-una-medalla-de-bronce-en-la-olimpiada-nacional-conade-2025\/","og_locale":"es_MX","og_type":"article","og_title":"Cierra Remo quintanarroense conquistando una medalla de bronce en la Olimpiada Nacional CONADE 2025 - Comisi\u00f3n del Deporte de Quintana Roo","og_description":"La Selecci\u00f3n de Quintana Roo en la disciplina de Remo tuvo un productivo cierre de actividades en la Olimpiada Nacional CONADE 2025, esto luego de que la atleta de la entidad Luz Seleni Ambrocio Mart\u00ednez se adjudic\u00f3 la presea de bronce, durante el \u00faltimo d\u00eda de actividades de esta especialidad, que se escenific\u00f3 en el ... Leer m\u00e1s","og_url":"https:\/\/codeq.qroo.gob.mx\/index.php\/2025\/07\/04\/cierra-remo-quintanarroense-conquistando-una-medalla-de-bronce-en-la-olimpiada-nacional-conade-2025\/","og_site_name":"Comisi\u00f3n del Deporte de Quintana Roo","article_published_time":"2025-07-04T20:13:37+00:00","article_modified_time":"2025-07-04T20:13:38+00:00","og_image":[{"width":1280,"height":853,"url":"https:\/\/codeq.qroo.gob.mx\/wp-content\/uploads\/2025\/07\/WhatsApp-Image-2025-07-04-at-3.11.03-PM2.jpeg","type":"image\/jpeg"}],"author":"Jorge Antonio Carvajal Maldonado","twitter_card":"summary_large_image","twitter_misc":{"Escrito por":"Jorge Antonio Carvajal Maldonado","Tiempo de lectura":"3 minutos"},"schema":{"@context":"https:\/\/schema.org","@graph":[{"@type":"Article","@id":"https:\/\/codeq.qroo.gob.mx\/index.php\/2025\/07\/04\/cierra-remo-quintanarroense-conquistando-una-medalla-de-bronce-en-la-olimpiada-nacional-conade-2025\/#article","isPartOf":{"@id":"https:\/\/codeq.qroo.gob.mx\/index.php\/2025\/07\/04\/cierra-remo-quintanarroense-conquistando-una-medalla-de-bronce-en-la-olimpiada-nacional-conade-2025\/"},"author":{"name":"Jorge Antonio Carvajal Maldonado","@id":"https:\/\/codeq.qroo.gob.mx\/#\/schema\/person\/08f280f71ae6986a008ff55cb6d46160"},"headline":"Cierra Remo quintanarroense conquistando una medalla de bronce en la Olimpiada Nacional CONADE 2025","datePublished":"2025-07-04T20:13:37+00:00","dateModified":"2025-07-04T20:13:38+00:00","mainEntityOfPage":{"@id":"https:\/\/codeq.qroo.gob.mx\/index.php\/2025\/07\/04\/cierra-remo-quintanarroense-conquistando-una-medalla-de-bronce-en-la-olimpiada-nacional-conade-2025\/"},"wordCount":364,"commentCount":0,"publisher":{"@id":"https:\/\/codeq.qroo.gob.mx\/#organization"},"image":{"@id":"https:\/\/codeq.qroo.gob.mx\/index.php\/2025\/07\/04\/cierra-remo-quintanarroense-conquistando-una-medalla-de-bronce-en-la-olimpiada-nacional-conade-2025\/#primaryimage"},"thumbnailUrl":"https:\/\/codeq.qroo.gob.mx\/wp-content\/uploads\/2025\/07\/WhatsApp-Image-2025-07-04-at-3.11.03-PM2.jpeg","articleSection":["Noticias"],"inLanguage":"es","potentialAction":[{"@type":"CommentAction","name":"Comment","target":["https:\/\/codeq.qroo.gob.mx\/index.php\/2025\/07\/04\/cierra-remo-quintanarroense-conquistando-una-medalla-de-bronce-en-la-olimpiada-nacional-conade-2025\/#respond"]}]},{"@type":"WebPage","@id":"https:\/\/codeq.qroo.gob.mx\/index.php\/2025\/07\/04\/cierra-remo-quintanarroense-conquistando-una-medalla-de-bronce-en-la-olimpiada-nacional-conade-2025\/","url":"https:\/\/codeq.qroo.gob.mx\/index.php\/2025\/07\/04\/cierra-remo-quintanarroense-conquistando-una-medalla-de-bronce-en-la-olimpiada-nacional-conade-2025\/","name":"Cierra Remo quintanarroense conquistando una medalla de bronce en la Olimpiada Nacional CONADE 2025 - Comisi\u00f3n del Deporte de Quintana Roo","isPartOf":{"@id":"https:\/\/codeq.qroo.gob.mx\/#website"},"primaryImageOfPage":{"@id":"https:\/\/codeq.qroo.gob.mx\/index.php\/2025\/07\/04\/cierra-remo-quintanarroense-conquistando-una-medalla-de-bronce-en-la-olimpiada-nacional-conade-2025\/#primaryimage"},"image":{"@id":"https:\/\/codeq.qroo.gob.mx\/index.php\/2025\/07\/04\/cierra-remo-quintanarroense-conquistando-una-medalla-de-bronce-en-la-olimpiada-nacional-conade-2025\/#primaryimage"},"thumbnailUrl":"https:\/\/codeq.qroo.gob.mx\/wp-content\/uploads\/2025\/07\/WhatsApp-Image-2025-07-04-at-3.11.03-PM2.jpeg","datePublished":"2025-07-04T20:13:37+00:00","dateModified":"2025-07-04T20:13:38+00:00","breadcrumb":{"@id":"https:\/\/codeq.qroo.gob.mx\/index.php\/2025\/07\/04\/cierra-remo-quintanarroense-conquistando-una-medalla-de-bronce-en-la-olimpiada-nacional-conade-2025\/#breadcrumb"},"inLanguage":"es","potentialAction":[{"@type":"ReadAction","target":["https:\/\/codeq.qroo.gob.mx\/index.php\/2025\/07\/04\/cierra-remo-quintanarroense-conquistando-una-medalla-de-bronce-en-la-olimpiada-nacional-conade-2025\/"]}]},{"@type":"ImageObject","inLanguage":"es","@id":"https:\/\/codeq.qroo.gob.mx\/index.php\/2025\/07\/04\/cierra-remo-quintanarroense-conquistando-una-medalla-de-bronce-en-la-olimpiada-nacional-conade-2025\/#primaryimage","url":"https:\/\/codeq.qroo.gob.mx\/wp-content\/uploads\/2025\/07\/WhatsApp-Image-2025-07-04-at-3.11.03-PM2.jpeg","contentUrl":"https:\/\/codeq.qroo.gob.mx\/wp-content\/uploads\/2025\/07\/WhatsApp-Image-2025-07-04-at-3.11.03-PM2.jpeg","width":1280,"height":853},{"@type":"BreadcrumbList","@id":"https:\/\/codeq.qroo.gob.mx\/index.php\/2025\/07\/04\/cierra-remo-quintanarroense-conquistando-una-medalla-de-bronce-en-la-olimpiada-nacional-conade-2025\/#breadcrumb","itemListElement":[{"@type":"ListItem","position":1,"name":"Inicio","item":"https:\/\/codeq.qroo.gob.mx\/"},{"@type":"ListItem","position":2,"name":"Cierra Remo quintanarroense conquistando una medalla de bronce en la Olimpiada Nacional CONADE 2025"}]},{"@type":"WebSite","@id":"https:\/\/codeq.qroo.gob.mx\/#website","url":"https:\/\/codeq.qroo.gob.mx\/","name":"Comisi\u00f3n del Deporte de Quintana Roo","description":"CODEQ","publisher":{"@id":"https:\/\/codeq.qroo.gob.mx\/#organization"},"potentialAction":[{"@type":"SearchAction","target":{"@type":"EntryPoint","urlTemplate":"https:\/\/codeq.qroo.gob.mx\/?s={search_term_string}"},"query-input":{"@type":"PropertyValueSpecification","valueRequired":true,"valueName":"search_term_string"}}],"inLanguage":"es"},{"@type":"Organization","@id":"https:\/\/codeq.qroo.gob.mx\/#organization","name":"Comisi\u00f3n del Deporte de Quintana Roo","url":"https:\/\/codeq.qroo.gob.mx\/","logo":{"@type":"ImageObject","inLanguage":"es","@id":"https:\/\/codeq.qroo.gob.mx\/#\/schema\/logo\/image\/","url":"https:\/\/codeq.qroo.gob.mx\/wp-content\/uploads\/2024\/07\/CODEQ.png","contentUrl":"https:\/\/codeq.qroo.gob.mx\/wp-content\/uploads\/2024\/07\/CODEQ.png","width":3000,"height":1688,"caption":"Comisi\u00f3n del Deporte de Quintana Roo"},"image":{"@id":"https:\/\/codeq.qroo.gob.mx\/#\/schema\/logo\/image\/"}},{"@type":"Person","@id":"https:\/\/codeq.qroo.gob.mx\/#\/schema\/person\/08f280f71ae6986a008ff55cb6d46160","name":"Jorge Antonio Carvajal Maldonado","image":{"@type":"ImageObject","inLanguage":"es","@id":"https:\/\/codeq.qroo.gob.mx\/#\/schema\/person\/image\/","url":"https:\/\/secure.gravatar.com\/avatar\/e61cdf534226ddcecdaed9988ec080e5df82259aa9a3e3f50abf5a5f2b95122f?s=96&d=mm&r=g","contentUrl":"https:\/\/secure.gravatar.com\/avatar\/e61cdf534226ddcecdaed9988ec080e5df82259aa9a3e3f50abf5a5f2b95122f?s=96&d=mm&r=g","caption":"Jorge Antonio Carvajal Maldonado"},"url":"https:\/\/codeq.qroo.gob.mx\/index.php\/author\/antonio\/"}]}},"_links":{"self":[{"href":"https:\/\/codeq.qroo.gob.mx\/index.php\/wp-json\/wp\/v2\/posts\/37532","targetHints":{"allow":["GET"]}}],"collection":[{"href":"https:\/\/codeq.qroo.gob.mx\/index.php\/wp-json\/wp\/v2\/posts"}],"about":[{"href":"https:\/\/codeq.qroo.gob.mx\/index.php\/wp-json\/wp\/v2\/types\/post"}],"author":[{"embeddable":true,"href":"https:\/\/codeq.qroo.gob.mx\/index.php\/wp-json\/wp\/v2\/users\/3"}],"replies":[{"embeddable":true,"href":"https:\/\/codeq.qroo.gob.mx\/index.php\/wp-json\/wp\/v2\/comments?post=37532"}],"version-history":[{"count":1,"href":"https:\/\/codeq.qroo.gob.mx\/index.php\/wp-json\/wp\/v2\/posts\/37532\/revisions"}],"predecessor-version":[{"id":37537,"href":"https:\/\/codeq.qroo.gob.mx\/index.php\/wp-json\/wp\/v2\/posts\/37532\/revisions\/37537"}],"wp:featuredmedia":[{"embeddable":true,"href":"https:\/\/codeq.qroo.gob.mx\/index.php\/wp-json\/wp\/v2\/media\/37533"}],"wp:attachment":[{"href":"https:\/\/codeq.qroo.gob.mx\/index.php\/wp-json\/wp\/v2\/media?parent=37532"}],"wp:term":[{"taxonomy":"category","embeddable":true,"href":"https:\/\/codeq.qroo.gob.mx\/index.php\/wp-json\/wp\/v2\/categories?post=37532"},{"taxonomy":"post_tag","embeddable":true,"href":"https:\/\/codeq.qroo.gob.mx\/index.php\/wp-json\/wp\/v2\/tags?post=37532"}],"curies":[{"name":"wp","href":"https:\/\/api.w.org\/{rel}","templated":true}]}}