{"id":37517,"date":"2025-07-02T14:52:39","date_gmt":"2025-07-02T19:52:39","guid":{"rendered":"https:\/\/codeq.qroo.gob.mx\/?p=37517"},"modified":"2025-07-02T14:52:39","modified_gmt":"2025-07-02T19:52:39","slug":"suma-quintana-roo-una-plata-y-un-bronce-en-cierre-de-participacion-de-atletismo-de-la-olimpiada-nacional-conade-2025","status":"publish","type":"post","link":"https:\/\/codeq.qroo.gob.mx\/index.php\/2025\/07\/02\/suma-quintana-roo-una-plata-y-un-bronce-en-cierre-de-participacion-de-atletismo-de-la-olimpiada-nacional-conade-2025\/","title":{"rendered":"Suma Quintana Roo una plata y un bronce en cierre de participaci\u00f3n de Atletismo de la Olimpiada Nacional CONADE 2025"},"content":{"rendered":"\n<p><\/p>\n\n\n\n<ul class=\"wp-block-list\">\n<li>El equipo estatal tuvo un cierre productivo al conseguir dos metales m\u00e1s y con esto despedirse de la justa; Quintana Roo ya registra 174 preseas en el medallero general<\/li>\n<\/ul>\n\n\n\n<p>La Selecci\u00f3n de Quintana Roo en la disciplina de Atletismo tuvo un cierre productivo en su participaci\u00f3n en la Olimpiada Nacional CONADE 2025, esto luego de concretar dos preseas m\u00e1s, una de plata y una de bronce, durante la actividad que se disput\u00f3 en el Centro de Atletismo \u201cUna Nueva Historia\u201d en Apizaco, Tlaxcala.<\/p>\n\n\n\n<p>Tal como lo marca el Nuevo Acuerdo por el Bienestar y Desarrollo, que impulsa la gobernadora Mara Lezama Espinosa, desde la Comisi\u00f3n del Deporte de Quintana Roo (CODEQ), presidida por Jacobo Arzate Hop, se trabaja #ANivelDeCancha para dotar de herramientas necesarias para que las y los atletas puedan cumplir con sus objetivos.<\/p>\n\n\n\n<p>Pasando a los resultados, la presea de plata fue obtenida por Sof\u00eda Camila Soberanis Irola, quien brill\u00f3 en la prueba de Lanzamiento de Jabalina, logrando una marca de 40.88 metros, que la posicion\u00f3 como la subcampeona nacional.<\/p>\n\n\n\n<p>Por su parte, la velocista Radel Morales se adjudic\u00f3 la medalla de bronce en la prueba de 800 metros planos femenil de la categor\u00eda Sub-23, con un tiempo de 2:13.10 minutos, en una de las finales m\u00e1s emocionantes del certamen, al competir contra representantes de la Ciudad de M\u00e9xico y Sinaloa.<\/p>\n\n\n\n<p>Fue una competencia muy vibrante, en la que destac\u00f3 Morales, que puso de pie a los asistentes del Centro de Atletismo, gracias a su impresionante cierre de carrera que la llev\u00f3 al podio y quedando muy cerca del oro.<\/p>\n\n\n\n<p>Con esto, la delegaci\u00f3n de Quintana Roo culmin\u00f3 su participaci\u00f3n en la disciplina de atletismo y dejando los n\u00fameros en seis metales, con un oro, dos platas y tres bronces, reafirmando el compromiso, talento y dedicaci\u00f3n de sus atletas en el \u00e1mbito deportivo nacional.<\/p>\n\n\n\n<p>Mientras que, en el medallero general, Quintana Roo ya suma 174 preseas, contabilizando 47 de oro, 64 de plata y 63 de bronce.<\/p>\n\n\n\n<figure class=\"wp-block-gallery has-nested-images columns-default is-cropped wp-block-gallery-1 is-layout-flex wp-block-gallery-is-layout-flex\">\n<figure class=\"wp-block-image size-large\"><img fetchpriority=\"high\" decoding=\"async\" width=\"1024\" height=\"845\" data-id=\"37520\" src=\"https:\/\/codeq.qroo.gob.mx\/wp-content\/uploads\/2025\/07\/WhatsApp-Image-2025-07-02-at-2.21.34-PM-1024x845.jpeg\" alt=\"\" class=\"wp-image-37520\" srcset=\"https:\/\/codeq.qroo.gob.mx\/wp-content\/uploads\/2025\/07\/WhatsApp-Image-2025-07-02-at-2.21.34-PM-1024x845.jpeg 1024w, https:\/\/codeq.qroo.gob.mx\/wp-content\/uploads\/2025\/07\/WhatsApp-Image-2025-07-02-at-2.21.34-PM-300x248.jpeg 300w, https:\/\/codeq.qroo.gob.mx\/wp-content\/uploads\/2025\/07\/WhatsApp-Image-2025-07-02-at-2.21.34-PM-768x634.jpeg 768w, https:\/\/codeq.qroo.gob.mx\/wp-content\/uploads\/2025\/07\/WhatsApp-Image-2025-07-02-at-2.21.34-PM-1536x1267.jpeg 1536w, https:\/\/codeq.qroo.gob.mx\/wp-content\/uploads\/2025\/07\/WhatsApp-Image-2025-07-02-at-2.21.34-PM.jpeg 1600w\" sizes=\"(max-width: 1024px) 100vw, 1024px\" \/><\/figure>\n\n\n\n<figure class=\"wp-block-image size-large\"><img decoding=\"async\" width=\"806\" height=\"1024\" data-id=\"37521\" src=\"https:\/\/codeq.qroo.gob.mx\/wp-content\/uploads\/2025\/07\/WhatsApp-Image-2025-07-02-at-2.21.33-PM-806x1024.jpeg\" alt=\"\" class=\"wp-image-37521\" srcset=\"https:\/\/codeq.qroo.gob.mx\/wp-content\/uploads\/2025\/07\/WhatsApp-Image-2025-07-02-at-2.21.33-PM-806x1024.jpeg 806w, https:\/\/codeq.qroo.gob.mx\/wp-content\/uploads\/2025\/07\/WhatsApp-Image-2025-07-02-at-2.21.33-PM-236x300.jpeg 236w, https:\/\/codeq.qroo.gob.mx\/wp-content\/uploads\/2025\/07\/WhatsApp-Image-2025-07-02-at-2.21.33-PM-768x975.jpeg 768w, https:\/\/codeq.qroo.gob.mx\/wp-content\/uploads\/2025\/07\/WhatsApp-Image-2025-07-02-at-2.21.33-PM-1210x1536.jpeg 1210w, https:\/\/codeq.qroo.gob.mx\/wp-content\/uploads\/2025\/07\/WhatsApp-Image-2025-07-02-at-2.21.33-PM.jpeg 1260w\" sizes=\"(max-width: 806px) 100vw, 806px\" \/><\/figure>\n\n\n\n<figure class=\"wp-block-image size-large\"><img decoding=\"async\" width=\"774\" height=\"1024\" data-id=\"37519\" src=\"https:\/\/codeq.qroo.gob.mx\/wp-content\/uploads\/2025\/07\/WhatsApp-Image-2025-07-02-at-2.21.01-PM1-774x1024.jpeg\" alt=\"\" class=\"wp-image-37519\" srcset=\"https:\/\/codeq.qroo.gob.mx\/wp-content\/uploads\/2025\/07\/WhatsApp-Image-2025-07-02-at-2.21.01-PM1-774x1024.jpeg 774w, https:\/\/codeq.qroo.gob.mx\/wp-content\/uploads\/2025\/07\/WhatsApp-Image-2025-07-02-at-2.21.01-PM1-227x300.jpeg 227w, https:\/\/codeq.qroo.gob.mx\/wp-content\/uploads\/2025\/07\/WhatsApp-Image-2025-07-02-at-2.21.01-PM1-768x1016.jpeg 768w, https:\/\/codeq.qroo.gob.mx\/wp-content\/uploads\/2025\/07\/WhatsApp-Image-2025-07-02-at-2.21.01-PM1-1162x1536.jpeg 1162w, https:\/\/codeq.qroo.gob.mx\/wp-content\/uploads\/2025\/07\/WhatsApp-Image-2025-07-02-at-2.21.01-PM1.jpeg 1210w\" sizes=\"(max-width: 774px) 100vw, 774px\" \/><\/figure>\n\n\n\n<figure class=\"wp-block-image size-large\"><img loading=\"lazy\" decoding=\"async\" width=\"1024\" height=\"905\" data-id=\"37522\" src=\"https:\/\/codeq.qroo.gob.mx\/wp-content\/uploads\/2025\/07\/WhatsApp-Image-2025-07-02-at-2.21.01-PM-1024x905.jpeg\" alt=\"\" class=\"wp-image-37522\" srcset=\"https:\/\/codeq.qroo.gob.mx\/wp-content\/uploads\/2025\/07\/WhatsApp-Image-2025-07-02-at-2.21.01-PM-1024x905.jpeg 1024w, https:\/\/codeq.qroo.gob.mx\/wp-content\/uploads\/2025\/07\/WhatsApp-Image-2025-07-02-at-2.21.01-PM-300x265.jpeg 300w, https:\/\/codeq.qroo.gob.mx\/wp-content\/uploads\/2025\/07\/WhatsApp-Image-2025-07-02-at-2.21.01-PM-768x679.jpeg 768w, https:\/\/codeq.qroo.gob.mx\/wp-content\/uploads\/2025\/07\/WhatsApp-Image-2025-07-02-at-2.21.01-PM-1536x1357.jpeg 1536w, https:\/\/codeq.qroo.gob.mx\/wp-content\/uploads\/2025\/07\/WhatsApp-Image-2025-07-02-at-2.21.01-PM.jpeg 1600w\" sizes=\"(max-width: 1024px) 100vw, 1024px\" \/><\/figure>\n\n\n\n<figure class=\"wp-block-image size-large\"><img loading=\"lazy\" decoding=\"async\" width=\"1024\" height=\"682\" data-id=\"37518\" src=\"https:\/\/codeq.qroo.gob.mx\/wp-content\/uploads\/2025\/07\/WhatsApp-Image-2025-07-02-at-2.21.00-PM1-1024x682.jpeg\" alt=\"\" class=\"wp-image-37518\" srcset=\"https:\/\/codeq.qroo.gob.mx\/wp-content\/uploads\/2025\/07\/WhatsApp-Image-2025-07-02-at-2.21.00-PM1-1024x682.jpeg 1024w, https:\/\/codeq.qroo.gob.mx\/wp-content\/uploads\/2025\/07\/WhatsApp-Image-2025-07-02-at-2.21.00-PM1-300x200.jpeg 300w, https:\/\/codeq.qroo.gob.mx\/wp-content\/uploads\/2025\/07\/WhatsApp-Image-2025-07-02-at-2.21.00-PM1-768x512.jpeg 768w, https:\/\/codeq.qroo.gob.mx\/wp-content\/uploads\/2025\/07\/WhatsApp-Image-2025-07-02-at-2.21.00-PM1-1536x1023.jpeg 1536w, https:\/\/codeq.qroo.gob.mx\/wp-content\/uploads\/2025\/07\/WhatsApp-Image-2025-07-02-at-2.21.00-PM1.jpeg 1600w\" sizes=\"(max-width: 1024px) 100vw, 1024px\" \/><\/figure>\n\n\n\n<figure class=\"wp-block-image size-large\"><img loading=\"lazy\" decoding=\"async\" width=\"1024\" height=\"682\" data-id=\"37523\" src=\"https:\/\/codeq.qroo.gob.mx\/wp-content\/uploads\/2025\/07\/WhatsApp-Image-2025-07-02-at-2.21.00-PM-1024x682.jpeg\" alt=\"\" class=\"wp-image-37523\" srcset=\"https:\/\/codeq.qroo.gob.mx\/wp-content\/uploads\/2025\/07\/WhatsApp-Image-2025-07-02-at-2.21.00-PM-1024x682.jpeg 1024w, https:\/\/codeq.qroo.gob.mx\/wp-content\/uploads\/2025\/07\/WhatsApp-Image-2025-07-02-at-2.21.00-PM-300x200.jpeg 300w, https:\/\/codeq.qroo.gob.mx\/wp-content\/uploads\/2025\/07\/WhatsApp-Image-2025-07-02-at-2.21.00-PM-768x512.jpeg 768w, https:\/\/codeq.qroo.gob.mx\/wp-content\/uploads\/2025\/07\/WhatsApp-Image-2025-07-02-at-2.21.00-PM-1536x1023.jpeg 1536w, https:\/\/codeq.qroo.gob.mx\/wp-content\/uploads\/2025\/07\/WhatsApp-Image-2025-07-02-at-2.21.00-PM.jpeg 1600w\" sizes=\"(max-width: 1024px) 100vw, 1024px\" \/><\/figure>\n\n\n\n<figure class=\"wp-block-image size-large\"><img loading=\"lazy\" decoding=\"async\" width=\"849\" height=\"1024\" data-id=\"37524\" src=\"https:\/\/codeq.qroo.gob.mx\/wp-content\/uploads\/2025\/07\/WhatsApp-Image-2025-07-02-at-2.20.59-PM-849x1024.jpeg\" alt=\"\" class=\"wp-image-37524\" srcset=\"https:\/\/codeq.qroo.gob.mx\/wp-content\/uploads\/2025\/07\/WhatsApp-Image-2025-07-02-at-2.20.59-PM-849x1024.jpeg 849w, https:\/\/codeq.qroo.gob.mx\/wp-content\/uploads\/2025\/07\/WhatsApp-Image-2025-07-02-at-2.20.59-PM-249x300.jpeg 249w, https:\/\/codeq.qroo.gob.mx\/wp-content\/uploads\/2025\/07\/WhatsApp-Image-2025-07-02-at-2.20.59-PM-768x927.jpeg 768w, https:\/\/codeq.qroo.gob.mx\/wp-content\/uploads\/2025\/07\/WhatsApp-Image-2025-07-02-at-2.20.59-PM-1273x1536.jpeg 1273w, https:\/\/codeq.qroo.gob.mx\/wp-content\/uploads\/2025\/07\/WhatsApp-Image-2025-07-02-at-2.20.59-PM.jpeg 1326w\" sizes=\"(max-width: 849px) 100vw, 849px\" \/><\/figure>\n\n\n\n<figure class=\"wp-block-image size-large\"><img loading=\"lazy\" decoding=\"async\" width=\"996\" height=\"1024\" data-id=\"37525\" src=\"https:\/\/codeq.qroo.gob.mx\/wp-content\/uploads\/2025\/07\/WhatsApp-Image-2025-07-02-at-2.20.58-PM-996x1024.jpeg\" alt=\"\" class=\"wp-image-37525\" srcset=\"https:\/\/codeq.qroo.gob.mx\/wp-content\/uploads\/2025\/07\/WhatsApp-Image-2025-07-02-at-2.20.58-PM-996x1024.jpeg 996w, https:\/\/codeq.qroo.gob.mx\/wp-content\/uploads\/2025\/07\/WhatsApp-Image-2025-07-02-at-2.20.58-PM-292x300.jpeg 292w, https:\/\/codeq.qroo.gob.mx\/wp-content\/uploads\/2025\/07\/WhatsApp-Image-2025-07-02-at-2.20.58-PM-768x789.jpeg 768w, https:\/\/codeq.qroo.gob.mx\/wp-content\/uploads\/2025\/07\/WhatsApp-Image-2025-07-02-at-2.20.58-PM-1495x1536.jpeg 1495w, https:\/\/codeq.qroo.gob.mx\/wp-content\/uploads\/2025\/07\/WhatsApp-Image-2025-07-02-at-2.20.58-PM.jpeg 1557w\" sizes=\"(max-width: 996px) 100vw, 996px\" \/><\/figure>\n<\/figure>\n","protected":false},"excerpt":{"rendered":"<p>La Selecci\u00f3n de Quintana Roo en la disciplina de Atletismo tuvo un cierre productivo en su participaci\u00f3n en la Olimpiada Nacional CONADE 2025, esto luego de concretar dos preseas m\u00e1s, una de plata y una de bronce, durante la actividad que se disput\u00f3 en el Centro de Atletismo \u201cUna Nueva Historia\u201d en Apizaco, Tlaxcala. Tal &#8230; <a title=\"Suma Quintana Roo una plata y un bronce en cierre de participaci\u00f3n de Atletismo de la Olimpiada Nacional CONADE 2025\" class=\"read-more\" href=\"https:\/\/codeq.qroo.gob.mx\/index.php\/2025\/07\/02\/suma-quintana-roo-una-plata-y-un-bronce-en-cierre-de-participacion-de-atletismo-de-la-olimpiada-nacional-conade-2025\/\" aria-label=\"Leer m\u00e1s sobre Suma Quintana Roo una plata y un bronce en cierre de participaci\u00f3n de Atletismo de la Olimpiada Nacional CONADE 2025\">Leer m\u00e1s<\/a><\/p>\n","protected":false},"author":3,"featured_media":37520,"comment_status":"open","ping_status":"open","sticky":false,"template":"","format":"standard","meta":{"footnotes":""},"categories":[5],"tags":[],"class_list":["post-37517","post","type-post","status-publish","format-standard","has-post-thumbnail","hentry","category-noticias"],"yoast_head":"<!-- This site is optimized with the Yoast SEO plugin v25.5 - https:\/\/yoast.com\/wordpress\/plugins\/seo\/ -->\n<title>Suma Quintana Roo una plata y un bronce en cierre de participaci\u00f3n de Atletismo de la Olimpiada Nacional CONADE 2025 - Comisi\u00f3n del Deporte de Quintana Roo<\/title>\n<meta name=\"robots\" content=\"index, follow, max-snippet:-1, max-image-preview:large, max-video-preview:-1\" \/>\n<link rel=\"canonical\" href=\"https:\/\/codeq.qroo.gob.mx\/index.php\/2025\/07\/02\/suma-quintana-roo-una-plata-y-un-bronce-en-cierre-de-participacion-de-atletismo-de-la-olimpiada-nacional-conade-2025\/\" \/>\n<meta property=\"og:locale\" content=\"es_MX\" \/>\n<meta property=\"og:type\" content=\"article\" \/>\n<meta property=\"og:title\" content=\"Suma Quintana Roo una plata y un bronce en cierre de participaci\u00f3n de Atletismo de la Olimpiada Nacional CONADE 2025 - Comisi\u00f3n del Deporte de Quintana Roo\" \/>\n<meta property=\"og:description\" content=\"La Selecci\u00f3n de Quintana Roo en la disciplina de Atletismo tuvo un cierre productivo en su participaci\u00f3n en la Olimpiada Nacional CONADE 2025, esto luego de concretar dos preseas m\u00e1s, una de plata y una de bronce, durante la actividad que se disput\u00f3 en el Centro de Atletismo \u201cUna Nueva Historia\u201d en Apizaco, Tlaxcala. Tal ... Leer m\u00e1s\" \/>\n<meta property=\"og:url\" content=\"https:\/\/codeq.qroo.gob.mx\/index.php\/2025\/07\/02\/suma-quintana-roo-una-plata-y-un-bronce-en-cierre-de-participacion-de-atletismo-de-la-olimpiada-nacional-conade-2025\/\" \/>\n<meta property=\"og:site_name\" content=\"Comisi\u00f3n del Deporte de Quintana Roo\" \/>\n<meta property=\"article:published_time\" content=\"2025-07-02T19:52:39+00:00\" \/>\n<meta property=\"og:image\" content=\"https:\/\/codeq.qroo.gob.mx\/wp-content\/uploads\/2025\/07\/WhatsApp-Image-2025-07-02-at-2.21.34-PM.jpeg\" \/>\n\t<meta property=\"og:image:width\" content=\"1600\" \/>\n\t<meta property=\"og:image:height\" content=\"1320\" \/>\n\t<meta property=\"og:image:type\" content=\"image\/jpeg\" \/>\n<meta name=\"author\" content=\"Jorge Antonio Carvajal Maldonado\" \/>\n<meta name=\"twitter:card\" content=\"summary_large_image\" \/>\n<meta name=\"twitter:label1\" content=\"Escrito por\" \/>\n\t<meta name=\"twitter:data1\" content=\"Jorge Antonio Carvajal Maldonado\" \/>\n\t<meta name=\"twitter:label2\" content=\"Tiempo de lectura\" \/>\n\t<meta name=\"twitter:data2\" content=\"4 minutos\" \/>\n<script type=\"application\/ld+json\" class=\"yoast-schema-graph\">{\"@context\":\"https:\/\/schema.org\",\"@graph\":[{\"@type\":\"Article\",\"@id\":\"https:\/\/codeq.qroo.gob.mx\/index.php\/2025\/07\/02\/suma-quintana-roo-una-plata-y-un-bronce-en-cierre-de-participacion-de-atletismo-de-la-olimpiada-nacional-conade-2025\/#article\",\"isPartOf\":{\"@id\":\"https:\/\/codeq.qroo.gob.mx\/index.php\/2025\/07\/02\/suma-quintana-roo-una-plata-y-un-bronce-en-cierre-de-participacion-de-atletismo-de-la-olimpiada-nacional-conade-2025\/\"},\"author\":{\"name\":\"Jorge Antonio Carvajal Maldonado\",\"@id\":\"https:\/\/codeq.qroo.gob.mx\/#\/schema\/person\/08f280f71ae6986a008ff55cb6d46160\"},\"headline\":\"Suma Quintana Roo una plata y un bronce en cierre de participaci\u00f3n de Atletismo de la Olimpiada Nacional CONADE 2025\",\"datePublished\":\"2025-07-02T19:52:39+00:00\",\"mainEntityOfPage\":{\"@id\":\"https:\/\/codeq.qroo.gob.mx\/index.php\/2025\/07\/02\/suma-quintana-roo-una-plata-y-un-bronce-en-cierre-de-participacion-de-atletismo-de-la-olimpiada-nacional-conade-2025\/\"},\"wordCount\":353,\"commentCount\":0,\"publisher\":{\"@id\":\"https:\/\/codeq.qroo.gob.mx\/#organization\"},\"image\":{\"@id\":\"https:\/\/codeq.qroo.gob.mx\/index.php\/2025\/07\/02\/suma-quintana-roo-una-plata-y-un-bronce-en-cierre-de-participacion-de-atletismo-de-la-olimpiada-nacional-conade-2025\/#primaryimage\"},\"thumbnailUrl\":\"https:\/\/codeq.qroo.gob.mx\/wp-content\/uploads\/2025\/07\/WhatsApp-Image-2025-07-02-at-2.21.34-PM.jpeg\",\"articleSection\":[\"Noticias\"],\"inLanguage\":\"es\",\"potentialAction\":[{\"@type\":\"CommentAction\",\"name\":\"Comment\",\"target\":[\"https:\/\/codeq.qroo.gob.mx\/index.php\/2025\/07\/02\/suma-quintana-roo-una-plata-y-un-bronce-en-cierre-de-participacion-de-atletismo-de-la-olimpiada-nacional-conade-2025\/#respond\"]}]},{\"@type\":\"WebPage\",\"@id\":\"https:\/\/codeq.qroo.gob.mx\/index.php\/2025\/07\/02\/suma-quintana-roo-una-plata-y-un-bronce-en-cierre-de-participacion-de-atletismo-de-la-olimpiada-nacional-conade-2025\/\",\"url\":\"https:\/\/codeq.qroo.gob.mx\/index.php\/2025\/07\/02\/suma-quintana-roo-una-plata-y-un-bronce-en-cierre-de-participacion-de-atletismo-de-la-olimpiada-nacional-conade-2025\/\",\"name\":\"Suma Quintana Roo una plata y un bronce en cierre de participaci\u00f3n de Atletismo de la Olimpiada Nacional CONADE 2025 - Comisi\u00f3n del Deporte de Quintana Roo\",\"isPartOf\":{\"@id\":\"https:\/\/codeq.qroo.gob.mx\/#website\"},\"primaryImageOfPage\":{\"@id\":\"https:\/\/codeq.qroo.gob.mx\/index.php\/2025\/07\/02\/suma-quintana-roo-una-plata-y-un-bronce-en-cierre-de-participacion-de-atletismo-de-la-olimpiada-nacional-conade-2025\/#primaryimage\"},\"image\":{\"@id\":\"https:\/\/codeq.qroo.gob.mx\/index.php\/2025\/07\/02\/suma-quintana-roo-una-plata-y-un-bronce-en-cierre-de-participacion-de-atletismo-de-la-olimpiada-nacional-conade-2025\/#primaryimage\"},\"thumbnailUrl\":\"https:\/\/codeq.qroo.gob.mx\/wp-content\/uploads\/2025\/07\/WhatsApp-Image-2025-07-02-at-2.21.34-PM.jpeg\",\"datePublished\":\"2025-07-02T19:52:39+00:00\",\"breadcrumb\":{\"@id\":\"https:\/\/codeq.qroo.gob.mx\/index.php\/2025\/07\/02\/suma-quintana-roo-una-plata-y-un-bronce-en-cierre-de-participacion-de-atletismo-de-la-olimpiada-nacional-conade-2025\/#breadcrumb\"},\"inLanguage\":\"es\",\"potentialAction\":[{\"@type\":\"ReadAction\",\"target\":[\"https:\/\/codeq.qroo.gob.mx\/index.php\/2025\/07\/02\/suma-quintana-roo-una-plata-y-un-bronce-en-cierre-de-participacion-de-atletismo-de-la-olimpiada-nacional-conade-2025\/\"]}]},{\"@type\":\"ImageObject\",\"inLanguage\":\"es\",\"@id\":\"https:\/\/codeq.qroo.gob.mx\/index.php\/2025\/07\/02\/suma-quintana-roo-una-plata-y-un-bronce-en-cierre-de-participacion-de-atletismo-de-la-olimpiada-nacional-conade-2025\/#primaryimage\",\"url\":\"https:\/\/codeq.qroo.gob.mx\/wp-content\/uploads\/2025\/07\/WhatsApp-Image-2025-07-02-at-2.21.34-PM.jpeg\",\"contentUrl\":\"https:\/\/codeq.qroo.gob.mx\/wp-content\/uploads\/2025\/07\/WhatsApp-Image-2025-07-02-at-2.21.34-PM.jpeg\",\"width\":1600,\"height\":1320},{\"@type\":\"BreadcrumbList\",\"@id\":\"https:\/\/codeq.qroo.gob.mx\/index.php\/2025\/07\/02\/suma-quintana-roo-una-plata-y-un-bronce-en-cierre-de-participacion-de-atletismo-de-la-olimpiada-nacional-conade-2025\/#breadcrumb\",\"itemListElement\":[{\"@type\":\"ListItem\",\"position\":1,\"name\":\"Inicio\",\"item\":\"https:\/\/codeq.qroo.gob.mx\/\"},{\"@type\":\"ListItem\",\"position\":2,\"name\":\"Suma Quintana Roo una plata y un bronce en cierre de participaci\u00f3n de Atletismo de la Olimpiada Nacional CONADE 2025\"}]},{\"@type\":\"WebSite\",\"@id\":\"https:\/\/codeq.qroo.gob.mx\/#website\",\"url\":\"https:\/\/codeq.qroo.gob.mx\/\",\"name\":\"Comisi\u00f3n del Deporte de Quintana Roo\",\"description\":\"CODEQ\",\"publisher\":{\"@id\":\"https:\/\/codeq.qroo.gob.mx\/#organization\"},\"potentialAction\":[{\"@type\":\"SearchAction\",\"target\":{\"@type\":\"EntryPoint\",\"urlTemplate\":\"https:\/\/codeq.qroo.gob.mx\/?s={search_term_string}\"},\"query-input\":{\"@type\":\"PropertyValueSpecification\",\"valueRequired\":true,\"valueName\":\"search_term_string\"}}],\"inLanguage\":\"es\"},{\"@type\":\"Organization\",\"@id\":\"https:\/\/codeq.qroo.gob.mx\/#organization\",\"name\":\"Comisi\u00f3n del Deporte de Quintana Roo\",\"url\":\"https:\/\/codeq.qroo.gob.mx\/\",\"logo\":{\"@type\":\"ImageObject\",\"inLanguage\":\"es\",\"@id\":\"https:\/\/codeq.qroo.gob.mx\/#\/schema\/logo\/image\/\",\"url\":\"https:\/\/codeq.qroo.gob.mx\/wp-content\/uploads\/2024\/07\/CODEQ.png\",\"contentUrl\":\"https:\/\/codeq.qroo.gob.mx\/wp-content\/uploads\/2024\/07\/CODEQ.png\",\"width\":3000,\"height\":1688,\"caption\":\"Comisi\u00f3n del Deporte de Quintana Roo\"},\"image\":{\"@id\":\"https:\/\/codeq.qroo.gob.mx\/#\/schema\/logo\/image\/\"}},{\"@type\":\"Person\",\"@id\":\"https:\/\/codeq.qroo.gob.mx\/#\/schema\/person\/08f280f71ae6986a008ff55cb6d46160\",\"name\":\"Jorge Antonio Carvajal Maldonado\",\"image\":{\"@type\":\"ImageObject\",\"inLanguage\":\"es\",\"@id\":\"https:\/\/codeq.qroo.gob.mx\/#\/schema\/person\/image\/\",\"url\":\"https:\/\/secure.gravatar.com\/avatar\/e61cdf534226ddcecdaed9988ec080e5df82259aa9a3e3f50abf5a5f2b95122f?s=96&d=mm&r=g\",\"contentUrl\":\"https:\/\/secure.gravatar.com\/avatar\/e61cdf534226ddcecdaed9988ec080e5df82259aa9a3e3f50abf5a5f2b95122f?s=96&d=mm&r=g\",\"caption\":\"Jorge Antonio Carvajal Maldonado\"},\"url\":\"https:\/\/codeq.qroo.gob.mx\/index.php\/author\/antonio\/\"}]}<\/script>\n<!-- \/ Yoast SEO plugin. -->","yoast_head_json":{"title":"Suma Quintana Roo una plata y un bronce en cierre de participaci\u00f3n de Atletismo de la Olimpiada Nacional CONADE 2025 - Comisi\u00f3n del Deporte de Quintana Roo","robots":{"index":"index","follow":"follow","max-snippet":"max-snippet:-1","max-image-preview":"max-image-preview:large","max-video-preview":"max-video-preview:-1"},"canonical":"https:\/\/codeq.qroo.gob.mx\/index.php\/2025\/07\/02\/suma-quintana-roo-una-plata-y-un-bronce-en-cierre-de-participacion-de-atletismo-de-la-olimpiada-nacional-conade-2025\/","og_locale":"es_MX","og_type":"article","og_title":"Suma Quintana Roo una plata y un bronce en cierre de participaci\u00f3n de Atletismo de la Olimpiada Nacional CONADE 2025 - Comisi\u00f3n del Deporte de Quintana Roo","og_description":"La Selecci\u00f3n de Quintana Roo en la disciplina de Atletismo tuvo un cierre productivo en su participaci\u00f3n en la Olimpiada Nacional CONADE 2025, esto luego de concretar dos preseas m\u00e1s, una de plata y una de bronce, durante la actividad que se disput\u00f3 en el Centro de Atletismo \u201cUna Nueva Historia\u201d en Apizaco, Tlaxcala. Tal ... Leer m\u00e1s","og_url":"https:\/\/codeq.qroo.gob.mx\/index.php\/2025\/07\/02\/suma-quintana-roo-una-plata-y-un-bronce-en-cierre-de-participacion-de-atletismo-de-la-olimpiada-nacional-conade-2025\/","og_site_name":"Comisi\u00f3n del Deporte de Quintana Roo","article_published_time":"2025-07-02T19:52:39+00:00","og_image":[{"width":1600,"height":1320,"url":"https:\/\/codeq.qroo.gob.mx\/wp-content\/uploads\/2025\/07\/WhatsApp-Image-2025-07-02-at-2.21.34-PM.jpeg","type":"image\/jpeg"}],"author":"Jorge Antonio Carvajal Maldonado","twitter_card":"summary_large_image","twitter_misc":{"Escrito por":"Jorge Antonio Carvajal Maldonado","Tiempo de lectura":"4 minutos"},"schema":{"@context":"https:\/\/schema.org","@graph":[{"@type":"Article","@id":"https:\/\/codeq.qroo.gob.mx\/index.php\/2025\/07\/02\/suma-quintana-roo-una-plata-y-un-bronce-en-cierre-de-participacion-de-atletismo-de-la-olimpiada-nacional-conade-2025\/#article","isPartOf":{"@id":"https:\/\/codeq.qroo.gob.mx\/index.php\/2025\/07\/02\/suma-quintana-roo-una-plata-y-un-bronce-en-cierre-de-participacion-de-atletismo-de-la-olimpiada-nacional-conade-2025\/"},"author":{"name":"Jorge Antonio Carvajal Maldonado","@id":"https:\/\/codeq.qroo.gob.mx\/#\/schema\/person\/08f280f71ae6986a008ff55cb6d46160"},"headline":"Suma Quintana Roo una plata y un bronce en cierre de participaci\u00f3n de Atletismo de la Olimpiada Nacional CONADE 2025","datePublished":"2025-07-02T19:52:39+00:00","mainEntityOfPage":{"@id":"https:\/\/codeq.qroo.gob.mx\/index.php\/2025\/07\/02\/suma-quintana-roo-una-plata-y-un-bronce-en-cierre-de-participacion-de-atletismo-de-la-olimpiada-nacional-conade-2025\/"},"wordCount":353,"commentCount":0,"publisher":{"@id":"https:\/\/codeq.qroo.gob.mx\/#organization"},"image":{"@id":"https:\/\/codeq.qroo.gob.mx\/index.php\/2025\/07\/02\/suma-quintana-roo-una-plata-y-un-bronce-en-cierre-de-participacion-de-atletismo-de-la-olimpiada-nacional-conade-2025\/#primaryimage"},"thumbnailUrl":"https:\/\/codeq.qroo.gob.mx\/wp-content\/uploads\/2025\/07\/WhatsApp-Image-2025-07-02-at-2.21.34-PM.jpeg","articleSection":["Noticias"],"inLanguage":"es","potentialAction":[{"@type":"CommentAction","name":"Comment","target":["https:\/\/codeq.qroo.gob.mx\/index.php\/2025\/07\/02\/suma-quintana-roo-una-plata-y-un-bronce-en-cierre-de-participacion-de-atletismo-de-la-olimpiada-nacional-conade-2025\/#respond"]}]},{"@type":"WebPage","@id":"https:\/\/codeq.qroo.gob.mx\/index.php\/2025\/07\/02\/suma-quintana-roo-una-plata-y-un-bronce-en-cierre-de-participacion-de-atletismo-de-la-olimpiada-nacional-conade-2025\/","url":"https:\/\/codeq.qroo.gob.mx\/index.php\/2025\/07\/02\/suma-quintana-roo-una-plata-y-un-bronce-en-cierre-de-participacion-de-atletismo-de-la-olimpiada-nacional-conade-2025\/","name":"Suma Quintana Roo una plata y un bronce en cierre de participaci\u00f3n de Atletismo de la Olimpiada Nacional CONADE 2025 - Comisi\u00f3n del Deporte de Quintana Roo","isPartOf":{"@id":"https:\/\/codeq.qroo.gob.mx\/#website"},"primaryImageOfPage":{"@id":"https:\/\/codeq.qroo.gob.mx\/index.php\/2025\/07\/02\/suma-quintana-roo-una-plata-y-un-bronce-en-cierre-de-participacion-de-atletismo-de-la-olimpiada-nacional-conade-2025\/#primaryimage"},"image":{"@id":"https:\/\/codeq.qroo.gob.mx\/index.php\/2025\/07\/02\/suma-quintana-roo-una-plata-y-un-bronce-en-cierre-de-participacion-de-atletismo-de-la-olimpiada-nacional-conade-2025\/#primaryimage"},"thumbnailUrl":"https:\/\/codeq.qroo.gob.mx\/wp-content\/uploads\/2025\/07\/WhatsApp-Image-2025-07-02-at-2.21.34-PM.jpeg","datePublished":"2025-07-02T19:52:39+00:00","breadcrumb":{"@id":"https:\/\/codeq.qroo.gob.mx\/index.php\/2025\/07\/02\/suma-quintana-roo-una-plata-y-un-bronce-en-cierre-de-participacion-de-atletismo-de-la-olimpiada-nacional-conade-2025\/#breadcrumb"},"inLanguage":"es","potentialAction":[{"@type":"ReadAction","target":["https:\/\/codeq.qroo.gob.mx\/index.php\/2025\/07\/02\/suma-quintana-roo-una-plata-y-un-bronce-en-cierre-de-participacion-de-atletismo-de-la-olimpiada-nacional-conade-2025\/"]}]},{"@type":"ImageObject","inLanguage":"es","@id":"https:\/\/codeq.qroo.gob.mx\/index.php\/2025\/07\/02\/suma-quintana-roo-una-plata-y-un-bronce-en-cierre-de-participacion-de-atletismo-de-la-olimpiada-nacional-conade-2025\/#primaryimage","url":"https:\/\/codeq.qroo.gob.mx\/wp-content\/uploads\/2025\/07\/WhatsApp-Image-2025-07-02-at-2.21.34-PM.jpeg","contentUrl":"https:\/\/codeq.qroo.gob.mx\/wp-content\/uploads\/2025\/07\/WhatsApp-Image-2025-07-02-at-2.21.34-PM.jpeg","width":1600,"height":1320},{"@type":"BreadcrumbList","@id":"https:\/\/codeq.qroo.gob.mx\/index.php\/2025\/07\/02\/suma-quintana-roo-una-plata-y-un-bronce-en-cierre-de-participacion-de-atletismo-de-la-olimpiada-nacional-conade-2025\/#breadcrumb","itemListElement":[{"@type":"ListItem","position":1,"name":"Inicio","item":"https:\/\/codeq.qroo.gob.mx\/"},{"@type":"ListItem","position":2,"name":"Suma Quintana Roo una plata y un bronce en cierre de participaci\u00f3n de Atletismo de la Olimpiada Nacional CONADE 2025"}]},{"@type":"WebSite","@id":"https:\/\/codeq.qroo.gob.mx\/#website","url":"https:\/\/codeq.qroo.gob.mx\/","name":"Comisi\u00f3n del Deporte de Quintana Roo","description":"CODEQ","publisher":{"@id":"https:\/\/codeq.qroo.gob.mx\/#organization"},"potentialAction":[{"@type":"SearchAction","target":{"@type":"EntryPoint","urlTemplate":"https:\/\/codeq.qroo.gob.mx\/?s={search_term_string}"},"query-input":{"@type":"PropertyValueSpecification","valueRequired":true,"valueName":"search_term_string"}}],"inLanguage":"es"},{"@type":"Organization","@id":"https:\/\/codeq.qroo.gob.mx\/#organization","name":"Comisi\u00f3n del Deporte de Quintana Roo","url":"https:\/\/codeq.qroo.gob.mx\/","logo":{"@type":"ImageObject","inLanguage":"es","@id":"https:\/\/codeq.qroo.gob.mx\/#\/schema\/logo\/image\/","url":"https:\/\/codeq.qroo.gob.mx\/wp-content\/uploads\/2024\/07\/CODEQ.png","contentUrl":"https:\/\/codeq.qroo.gob.mx\/wp-content\/uploads\/2024\/07\/CODEQ.png","width":3000,"height":1688,"caption":"Comisi\u00f3n del Deporte de Quintana Roo"},"image":{"@id":"https:\/\/codeq.qroo.gob.mx\/#\/schema\/logo\/image\/"}},{"@type":"Person","@id":"https:\/\/codeq.qroo.gob.mx\/#\/schema\/person\/08f280f71ae6986a008ff55cb6d46160","name":"Jorge Antonio Carvajal Maldonado","image":{"@type":"ImageObject","inLanguage":"es","@id":"https:\/\/codeq.qroo.gob.mx\/#\/schema\/person\/image\/","url":"https:\/\/secure.gravatar.com\/avatar\/e61cdf534226ddcecdaed9988ec080e5df82259aa9a3e3f50abf5a5f2b95122f?s=96&d=mm&r=g","contentUrl":"https:\/\/secure.gravatar.com\/avatar\/e61cdf534226ddcecdaed9988ec080e5df82259aa9a3e3f50abf5a5f2b95122f?s=96&d=mm&r=g","caption":"Jorge Antonio Carvajal Maldonado"},"url":"https:\/\/codeq.qroo.gob.mx\/index.php\/author\/antonio\/"}]}},"_links":{"self":[{"href":"https:\/\/codeq.qroo.gob.mx\/index.php\/wp-json\/wp\/v2\/posts\/37517","targetHints":{"allow":["GET"]}}],"collection":[{"href":"https:\/\/codeq.qroo.gob.mx\/index.php\/wp-json\/wp\/v2\/posts"}],"about":[{"href":"https:\/\/codeq.qroo.gob.mx\/index.php\/wp-json\/wp\/v2\/types\/post"}],"author":[{"embeddable":true,"href":"https:\/\/codeq.qroo.gob.mx\/index.php\/wp-json\/wp\/v2\/users\/3"}],"replies":[{"embeddable":true,"href":"https:\/\/codeq.qroo.gob.mx\/index.php\/wp-json\/wp\/v2\/comments?post=37517"}],"version-history":[{"count":1,"href":"https:\/\/codeq.qroo.gob.mx\/index.php\/wp-json\/wp\/v2\/posts\/37517\/revisions"}],"predecessor-version":[{"id":37526,"href":"https:\/\/codeq.qroo.gob.mx\/index.php\/wp-json\/wp\/v2\/posts\/37517\/revisions\/37526"}],"wp:featuredmedia":[{"embeddable":true,"href":"https:\/\/codeq.qroo.gob.mx\/index.php\/wp-json\/wp\/v2\/media\/37520"}],"wp:attachment":[{"href":"https:\/\/codeq.qroo.gob.mx\/index.php\/wp-json\/wp\/v2\/media?parent=37517"}],"wp:term":[{"taxonomy":"category","embeddable":true,"href":"https:\/\/codeq.qroo.gob.mx\/index.php\/wp-json\/wp\/v2\/categories?post=37517"},{"taxonomy":"post_tag","embeddable":true,"href":"https:\/\/codeq.qroo.gob.mx\/index.php\/wp-json\/wp\/v2\/tags?post=37517"}],"curies":[{"name":"wp","href":"https:\/\/api.w.org\/{rel}","templated":true}]}}