{"id":37496,"date":"2025-06-27T11:25:36","date_gmt":"2025-06-27T16:25:36","guid":{"rendered":"https:\/\/codeq.qroo.gob.mx\/?p=37496"},"modified":"2025-06-27T11:25:37","modified_gmt":"2025-06-27T16:25:37","slug":"premian-elda-xix-y-jacobo-arzate-a-las-ninas-ninos-y-jovenes-que-compiten-en-la-liga-formativa-de-basquetbol-codeq","status":"publish","type":"post","link":"https:\/\/codeq.qroo.gob.mx\/index.php\/2025\/06\/27\/premian-elda-xix-y-jacobo-arzate-a-las-ninas-ninos-y-jovenes-que-compiten-en-la-liga-formativa-de-basquetbol-codeq\/","title":{"rendered":"Premian Elda Xix y Jacobo Arzate a las ni\u00f1as, ni\u00f1os y j\u00f3venes que compiten en la Liga Formativa de B\u00e1squetbol CODEQ"},"content":{"rendered":"\n<p><\/p>\n\n\n\n<ul class=\"wp-block-list\">\n<li>En el marco de esta premiaci\u00f3n, el titular de la CODEQ encabez\u00f3 la firma del Nuevo Acuerdo por el Bienestar y Desarrollo, para el impulso deportivo en el renovado Gimnasio \u201cNohoch Suku\u2019n\u201d<\/li>\n\n\n\n<li>En este certamen participan alrededor de 350 j\u00f3venes basquetbolistas en seis diferentes categor\u00edas y que sirven para promover esta disciplina en la ni\u00f1ez chetumale\u00f1a<\/li>\n<\/ul>\n\n\n\n<p>En medio de una colorida ceremonia, ambientada por entusiastas ni\u00f1as, ni\u00f1os y j\u00f3venes en el renovado Gimnasio \u201cNohoch Suku\u2019n\u201d, se realiz\u00f3 con \u00e9xito la premiaci\u00f3n de la Liga Formativa de B\u00e1squetbol de la CODEQ, un espacio en el que compiten alrededor de 350 jugadores y que estuvo encabezado por Elda Xix Eu\u00e1n, secretaria de Educaci\u00f3n en Quintana Roo y Jacobo Arzate Hop, presidente de la Comisi\u00f3n del Deporte de Quintana Roo (CODEQ).<\/p>\n\n\n\n<p>Adem\u00e1s, en el marco de esta entrega de trofeos y medallas para reconocer el esfuerzo de las y los j\u00f3venes basquetbolistas, se realiz\u00f3 la Firma del Nuevo Acuerdo por el Bienestar y Desarrollo de Quintana Roo para promover el deporte en el Gimnasio \u201cNohoch Suku\u2019n\u201d y para su cuidado, como parte de las acciones que impulsa la gobernadora Mara Lezama Espinosa.<\/p>\n\n\n\n<p>\u201cMe da mucha alegr\u00eda ver a muchos atletas de nuestro estado, porque de estas Ligas se desarrollan los talentos que m\u00e1s adelante nos van a representar, por eso seguimos trabajando #ANivelDeCancha y en equipo, porque dos sectores que nos ha pedido fortalecer la gobernadora Mara Lezama, son el deporte y la educaci\u00f3n\u201d, coment\u00f3 el titular de la CODEQ.<\/p>\n\n\n\n<p>Jacobo Arzate, resalt\u00f3 que con la firma del Nuevo Acuerdo que estamos haciendo, todos nosotros, las y los quintanarroenses nos estamos comprometiendo en unidad a priorizar acciones a favor del deporte y una de esas acciones es cuidar las instalaciones, como este Gimnasio \u201cNohoch Suku\u2019n\u201d que fue renovado para el beneficio de las y los chetumale\u00f1os.<\/p>\n\n\n\n<p>Por su parte, la secretaria de Educaci\u00f3n, Elda Xix resalt\u00f3 la importancia del apoyo de los padres de familia, para que las ni\u00f1as y los ni\u00f1os puedan desarrollarse en el deporte que m\u00e1s les gusta. \u201cUn aplauso para las mam\u00e1s y los pap\u00e1s, porque ellos son los primeros entrenadores y promotores, sabemos que el deporte es una herramienta importante para el desarrollo personal y no puede quedar fuera de las actividades diarias\u201d, coment\u00f3.<\/p>\n\n\n\n<p>Durante el protocolo las autoridades hicieron entrega de medallas a todos los participantes de la Liga como reconocimiento por su participaci\u00f3n y tambi\u00e9n se hizo entrega de trofeos a los primeros tres lugares en las categor\u00edas Pasarela, Cadetes y Juvenil, esto en medio del aplauso y porras de los padres de familia, que alentaron a sus hijos e hijas en todo momento.<\/p>\n\n\n\n<p>Al evento tambi\u00e9n estuvieron presentes Erik Rojas Serrano, director de Alto Rendimiento de la CODEQ; Jos\u00e9 Canul Tun, director del Instituto Municipal de Cultura F\u00edsica y Deporte de Oth\u00f3n P. Blanco; as\u00ed como Manuel Javier L\u00f3pez, Coordinador de la Liga Formativa de la CODEQ; y los ciudadanos, la jugadora de cachibol Irma Yolanda G\u00f3mez y el promotor Abilio Jim\u00e9nez Rodr\u00edguez<\/p>\n\n\n\n<figure class=\"wp-block-gallery has-nested-images columns-default is-cropped wp-block-gallery-1 is-layout-flex wp-block-gallery-is-layout-flex\">\n<figure class=\"wp-block-image size-large\"><img fetchpriority=\"high\" decoding=\"async\" width=\"1024\" height=\"683\" data-id=\"37497\" src=\"https:\/\/codeq.qroo.gob.mx\/wp-content\/uploads\/2025\/06\/WhatsApp-Image-2025-06-27-at-11.22.17-AM1-1024x683.jpeg\" alt=\"\" class=\"wp-image-37497\" srcset=\"https:\/\/codeq.qroo.gob.mx\/wp-content\/uploads\/2025\/06\/WhatsApp-Image-2025-06-27-at-11.22.17-AM1-1024x683.jpeg 1024w, https:\/\/codeq.qroo.gob.mx\/wp-content\/uploads\/2025\/06\/WhatsApp-Image-2025-06-27-at-11.22.17-AM1-300x200.jpeg 300w, https:\/\/codeq.qroo.gob.mx\/wp-content\/uploads\/2025\/06\/WhatsApp-Image-2025-06-27-at-11.22.17-AM1-768x512.jpeg 768w, https:\/\/codeq.qroo.gob.mx\/wp-content\/uploads\/2025\/06\/WhatsApp-Image-2025-06-27-at-11.22.17-AM1-1536x1024.jpeg 1536w, https:\/\/codeq.qroo.gob.mx\/wp-content\/uploads\/2025\/06\/WhatsApp-Image-2025-06-27-at-11.22.17-AM1-2048x1365.jpeg 2048w\" sizes=\"(max-width: 1024px) 100vw, 1024px\" \/><\/figure>\n\n\n\n<figure class=\"wp-block-image size-large\"><img decoding=\"async\" width=\"1024\" height=\"683\" data-id=\"37499\" src=\"https:\/\/codeq.qroo.gob.mx\/wp-content\/uploads\/2025\/06\/WhatsApp-Image-2025-06-27-at-11.22.17-AM-1024x683.jpeg\" alt=\"\" class=\"wp-image-37499\" srcset=\"https:\/\/codeq.qroo.gob.mx\/wp-content\/uploads\/2025\/06\/WhatsApp-Image-2025-06-27-at-11.22.17-AM-1024x683.jpeg 1024w, https:\/\/codeq.qroo.gob.mx\/wp-content\/uploads\/2025\/06\/WhatsApp-Image-2025-06-27-at-11.22.17-AM-300x200.jpeg 300w, https:\/\/codeq.qroo.gob.mx\/wp-content\/uploads\/2025\/06\/WhatsApp-Image-2025-06-27-at-11.22.17-AM-768x512.jpeg 768w, https:\/\/codeq.qroo.gob.mx\/wp-content\/uploads\/2025\/06\/WhatsApp-Image-2025-06-27-at-11.22.17-AM-1536x1024.jpeg 1536w, https:\/\/codeq.qroo.gob.mx\/wp-content\/uploads\/2025\/06\/WhatsApp-Image-2025-06-27-at-11.22.17-AM-2048x1365.jpeg 2048w\" sizes=\"(max-width: 1024px) 100vw, 1024px\" \/><\/figure>\n\n\n\n<figure class=\"wp-block-image size-large\"><img decoding=\"async\" width=\"1024\" height=\"683\" data-id=\"37498\" src=\"https:\/\/codeq.qroo.gob.mx\/wp-content\/uploads\/2025\/06\/WhatsApp-Image-2025-06-27-at-11.22.16-AM3-1024x683.jpeg\" alt=\"\" class=\"wp-image-37498\" srcset=\"https:\/\/codeq.qroo.gob.mx\/wp-content\/uploads\/2025\/06\/WhatsApp-Image-2025-06-27-at-11.22.16-AM3-1024x683.jpeg 1024w, https:\/\/codeq.qroo.gob.mx\/wp-content\/uploads\/2025\/06\/WhatsApp-Image-2025-06-27-at-11.22.16-AM3-300x200.jpeg 300w, https:\/\/codeq.qroo.gob.mx\/wp-content\/uploads\/2025\/06\/WhatsApp-Image-2025-06-27-at-11.22.16-AM3-768x512.jpeg 768w, https:\/\/codeq.qroo.gob.mx\/wp-content\/uploads\/2025\/06\/WhatsApp-Image-2025-06-27-at-11.22.16-AM3-1536x1024.jpeg 1536w, https:\/\/codeq.qroo.gob.mx\/wp-content\/uploads\/2025\/06\/WhatsApp-Image-2025-06-27-at-11.22.16-AM3-2048x1365.jpeg 2048w\" sizes=\"(max-width: 1024px) 100vw, 1024px\" \/><\/figure>\n\n\n\n<figure class=\"wp-block-image size-large\"><img loading=\"lazy\" decoding=\"async\" width=\"1024\" height=\"683\" data-id=\"37503\" src=\"https:\/\/codeq.qroo.gob.mx\/wp-content\/uploads\/2025\/06\/WhatsApp-Image-2025-06-27-at-11.22.16-AM2-1024x683.jpeg\" alt=\"\" class=\"wp-image-37503\" srcset=\"https:\/\/codeq.qroo.gob.mx\/wp-content\/uploads\/2025\/06\/WhatsApp-Image-2025-06-27-at-11.22.16-AM2-1024x683.jpeg 1024w, https:\/\/codeq.qroo.gob.mx\/wp-content\/uploads\/2025\/06\/WhatsApp-Image-2025-06-27-at-11.22.16-AM2-300x200.jpeg 300w, https:\/\/codeq.qroo.gob.mx\/wp-content\/uploads\/2025\/06\/WhatsApp-Image-2025-06-27-at-11.22.16-AM2-768x512.jpeg 768w, https:\/\/codeq.qroo.gob.mx\/wp-content\/uploads\/2025\/06\/WhatsApp-Image-2025-06-27-at-11.22.16-AM2-1536x1024.jpeg 1536w, https:\/\/codeq.qroo.gob.mx\/wp-content\/uploads\/2025\/06\/WhatsApp-Image-2025-06-27-at-11.22.16-AM2-2048x1365.jpeg 2048w\" sizes=\"(max-width: 1024px) 100vw, 1024px\" \/><\/figure>\n\n\n\n<figure class=\"wp-block-image size-large\"><img loading=\"lazy\" decoding=\"async\" width=\"1024\" height=\"683\" data-id=\"37500\" src=\"https:\/\/codeq.qroo.gob.mx\/wp-content\/uploads\/2025\/06\/WhatsApp-Image-2025-06-27-at-11.22.16-AM1-1024x683.jpeg\" alt=\"\" class=\"wp-image-37500\" srcset=\"https:\/\/codeq.qroo.gob.mx\/wp-content\/uploads\/2025\/06\/WhatsApp-Image-2025-06-27-at-11.22.16-AM1-1024x683.jpeg 1024w, https:\/\/codeq.qroo.gob.mx\/wp-content\/uploads\/2025\/06\/WhatsApp-Image-2025-06-27-at-11.22.16-AM1-300x200.jpeg 300w, https:\/\/codeq.qroo.gob.mx\/wp-content\/uploads\/2025\/06\/WhatsApp-Image-2025-06-27-at-11.22.16-AM1-768x512.jpeg 768w, https:\/\/codeq.qroo.gob.mx\/wp-content\/uploads\/2025\/06\/WhatsApp-Image-2025-06-27-at-11.22.16-AM1-1536x1024.jpeg 1536w, https:\/\/codeq.qroo.gob.mx\/wp-content\/uploads\/2025\/06\/WhatsApp-Image-2025-06-27-at-11.22.16-AM1-2048x1365.jpeg 2048w\" sizes=\"(max-width: 1024px) 100vw, 1024px\" \/><\/figure>\n\n\n\n<figure class=\"wp-block-image size-large\"><img loading=\"lazy\" decoding=\"async\" width=\"1024\" height=\"683\" data-id=\"37502\" src=\"https:\/\/codeq.qroo.gob.mx\/wp-content\/uploads\/2025\/06\/WhatsApp-Image-2025-06-27-at-11.22.16-AM-1024x683.jpeg\" alt=\"\" class=\"wp-image-37502\" srcset=\"https:\/\/codeq.qroo.gob.mx\/wp-content\/uploads\/2025\/06\/WhatsApp-Image-2025-06-27-at-11.22.16-AM-1024x683.jpeg 1024w, https:\/\/codeq.qroo.gob.mx\/wp-content\/uploads\/2025\/06\/WhatsApp-Image-2025-06-27-at-11.22.16-AM-300x200.jpeg 300w, https:\/\/codeq.qroo.gob.mx\/wp-content\/uploads\/2025\/06\/WhatsApp-Image-2025-06-27-at-11.22.16-AM-768x512.jpeg 768w, https:\/\/codeq.qroo.gob.mx\/wp-content\/uploads\/2025\/06\/WhatsApp-Image-2025-06-27-at-11.22.16-AM-1536x1024.jpeg 1536w, https:\/\/codeq.qroo.gob.mx\/wp-content\/uploads\/2025\/06\/WhatsApp-Image-2025-06-27-at-11.22.16-AM-2048x1365.jpeg 2048w\" sizes=\"(max-width: 1024px) 100vw, 1024px\" \/><\/figure>\n\n\n\n<figure class=\"wp-block-image size-large\"><img loading=\"lazy\" decoding=\"async\" width=\"1024\" height=\"683\" data-id=\"37501\" src=\"https:\/\/codeq.qroo.gob.mx\/wp-content\/uploads\/2025\/06\/WhatsApp-Image-2025-06-27-at-11.22.15-AM1-1024x683.jpeg\" alt=\"\" class=\"wp-image-37501\" srcset=\"https:\/\/codeq.qroo.gob.mx\/wp-content\/uploads\/2025\/06\/WhatsApp-Image-2025-06-27-at-11.22.15-AM1-1024x683.jpeg 1024w, https:\/\/codeq.qroo.gob.mx\/wp-content\/uploads\/2025\/06\/WhatsApp-Image-2025-06-27-at-11.22.15-AM1-300x200.jpeg 300w, https:\/\/codeq.qroo.gob.mx\/wp-content\/uploads\/2025\/06\/WhatsApp-Image-2025-06-27-at-11.22.15-AM1-768x512.jpeg 768w, https:\/\/codeq.qroo.gob.mx\/wp-content\/uploads\/2025\/06\/WhatsApp-Image-2025-06-27-at-11.22.15-AM1-1536x1024.jpeg 1536w, https:\/\/codeq.qroo.gob.mx\/wp-content\/uploads\/2025\/06\/WhatsApp-Image-2025-06-27-at-11.22.15-AM1-2048x1365.jpeg 2048w\" sizes=\"(max-width: 1024px) 100vw, 1024px\" \/><\/figure>\n\n\n\n<figure class=\"wp-block-image size-large\"><img loading=\"lazy\" decoding=\"async\" width=\"1024\" height=\"683\" data-id=\"37504\" src=\"https:\/\/codeq.qroo.gob.mx\/wp-content\/uploads\/2025\/06\/WhatsApp-Image-2025-06-27-at-11.22.15-AM-1024x683.jpeg\" alt=\"\" class=\"wp-image-37504\" srcset=\"https:\/\/codeq.qroo.gob.mx\/wp-content\/uploads\/2025\/06\/WhatsApp-Image-2025-06-27-at-11.22.15-AM-1024x683.jpeg 1024w, https:\/\/codeq.qroo.gob.mx\/wp-content\/uploads\/2025\/06\/WhatsApp-Image-2025-06-27-at-11.22.15-AM-300x200.jpeg 300w, https:\/\/codeq.qroo.gob.mx\/wp-content\/uploads\/2025\/06\/WhatsApp-Image-2025-06-27-at-11.22.15-AM-768x512.jpeg 768w, https:\/\/codeq.qroo.gob.mx\/wp-content\/uploads\/2025\/06\/WhatsApp-Image-2025-06-27-at-11.22.15-AM-1536x1024.jpeg 1536w, https:\/\/codeq.qroo.gob.mx\/wp-content\/uploads\/2025\/06\/WhatsApp-Image-2025-06-27-at-11.22.15-AM-2048x1365.jpeg 2048w\" sizes=\"(max-width: 1024px) 100vw, 1024px\" \/><\/figure>\n<\/figure>\n","protected":false},"excerpt":{"rendered":"<p>En medio de una colorida ceremonia, ambientada por entusiastas ni\u00f1as, ni\u00f1os y j\u00f3venes en el renovado Gimnasio \u201cNohoch Suku\u2019n\u201d, se realiz\u00f3 con \u00e9xito la premiaci\u00f3n de la Liga Formativa de B\u00e1squetbol de la CODEQ, un espacio en el que compiten alrededor de 350 jugadores y que estuvo encabezado por Elda Xix Eu\u00e1n, secretaria de Educaci\u00f3n &#8230; <a title=\"Premian Elda Xix y Jacobo Arzate a las ni\u00f1as, ni\u00f1os y j\u00f3venes que compiten en la Liga Formativa de B\u00e1squetbol CODEQ\" class=\"read-more\" href=\"https:\/\/codeq.qroo.gob.mx\/index.php\/2025\/06\/27\/premian-elda-xix-y-jacobo-arzate-a-las-ninas-ninos-y-jovenes-que-compiten-en-la-liga-formativa-de-basquetbol-codeq\/\" aria-label=\"Leer m\u00e1s sobre Premian Elda Xix y Jacobo Arzate a las ni\u00f1as, ni\u00f1os y j\u00f3venes que compiten en la Liga Formativa de B\u00e1squetbol CODEQ\">Leer m\u00e1s<\/a><\/p>\n","protected":false},"author":3,"featured_media":37497,"comment_status":"open","ping_status":"open","sticky":false,"template":"","format":"standard","meta":{"footnotes":""},"categories":[5],"tags":[],"class_list":["post-37496","post","type-post","status-publish","format-standard","has-post-thumbnail","hentry","category-noticias"],"yoast_head":"<!-- This site is optimized with the Yoast SEO plugin v25.5 - https:\/\/yoast.com\/wordpress\/plugins\/seo\/ -->\n<title>Premian Elda Xix y Jacobo Arzate a las ni\u00f1as, ni\u00f1os y j\u00f3venes que compiten en la Liga Formativa de B\u00e1squetbol CODEQ - Comisi\u00f3n del Deporte de Quintana Roo<\/title>\n<meta name=\"robots\" content=\"index, follow, max-snippet:-1, max-image-preview:large, max-video-preview:-1\" \/>\n<link rel=\"canonical\" href=\"https:\/\/codeq.qroo.gob.mx\/index.php\/2025\/06\/27\/premian-elda-xix-y-jacobo-arzate-a-las-ninas-ninos-y-jovenes-que-compiten-en-la-liga-formativa-de-basquetbol-codeq\/\" \/>\n<meta property=\"og:locale\" content=\"es_MX\" \/>\n<meta property=\"og:type\" content=\"article\" \/>\n<meta property=\"og:title\" content=\"Premian Elda Xix y Jacobo Arzate a las ni\u00f1as, ni\u00f1os y j\u00f3venes que compiten en la Liga Formativa de B\u00e1squetbol CODEQ - Comisi\u00f3n del Deporte de Quintana Roo\" \/>\n<meta property=\"og:description\" content=\"En medio de una colorida ceremonia, ambientada por entusiastas ni\u00f1as, ni\u00f1os y j\u00f3venes en el renovado Gimnasio \u201cNohoch Suku\u2019n\u201d, se realiz\u00f3 con \u00e9xito la premiaci\u00f3n de la Liga Formativa de B\u00e1squetbol de la CODEQ, un espacio en el que compiten alrededor de 350 jugadores y que estuvo encabezado por Elda Xix Eu\u00e1n, secretaria de Educaci\u00f3n ... Leer m\u00e1s\" \/>\n<meta property=\"og:url\" content=\"https:\/\/codeq.qroo.gob.mx\/index.php\/2025\/06\/27\/premian-elda-xix-y-jacobo-arzate-a-las-ninas-ninos-y-jovenes-que-compiten-en-la-liga-formativa-de-basquetbol-codeq\/\" \/>\n<meta property=\"og:site_name\" content=\"Comisi\u00f3n del Deporte de Quintana Roo\" \/>\n<meta property=\"article:published_time\" content=\"2025-06-27T16:25:36+00:00\" \/>\n<meta property=\"article:modified_time\" content=\"2025-06-27T16:25:37+00:00\" \/>\n<meta property=\"og:image\" content=\"https:\/\/codeq.qroo.gob.mx\/wp-content\/uploads\/2025\/06\/WhatsApp-Image-2025-06-27-at-11.22.17-AM1-scaled.jpeg\" \/>\n\t<meta property=\"og:image:width\" content=\"2560\" \/>\n\t<meta property=\"og:image:height\" content=\"1706\" \/>\n\t<meta property=\"og:image:type\" content=\"image\/jpeg\" \/>\n<meta name=\"author\" content=\"Jorge Antonio Carvajal Maldonado\" \/>\n<meta name=\"twitter:card\" content=\"summary_large_image\" \/>\n<meta name=\"twitter:label1\" content=\"Escrito por\" \/>\n\t<meta name=\"twitter:data1\" content=\"Jorge Antonio Carvajal Maldonado\" \/>\n\t<meta name=\"twitter:label2\" content=\"Tiempo de lectura\" \/>\n\t<meta name=\"twitter:data2\" content=\"5 minutos\" \/>\n<script type=\"application\/ld+json\" class=\"yoast-schema-graph\">{\"@context\":\"https:\/\/schema.org\",\"@graph\":[{\"@type\":\"Article\",\"@id\":\"https:\/\/codeq.qroo.gob.mx\/index.php\/2025\/06\/27\/premian-elda-xix-y-jacobo-arzate-a-las-ninas-ninos-y-jovenes-que-compiten-en-la-liga-formativa-de-basquetbol-codeq\/#article\",\"isPartOf\":{\"@id\":\"https:\/\/codeq.qroo.gob.mx\/index.php\/2025\/06\/27\/premian-elda-xix-y-jacobo-arzate-a-las-ninas-ninos-y-jovenes-que-compiten-en-la-liga-formativa-de-basquetbol-codeq\/\"},\"author\":{\"name\":\"Jorge Antonio Carvajal Maldonado\",\"@id\":\"https:\/\/codeq.qroo.gob.mx\/#\/schema\/person\/08f280f71ae6986a008ff55cb6d46160\"},\"headline\":\"Premian Elda Xix y Jacobo Arzate a las ni\u00f1as, ni\u00f1os y j\u00f3venes que compiten en la Liga Formativa de B\u00e1squetbol CODEQ\",\"datePublished\":\"2025-06-27T16:25:36+00:00\",\"dateModified\":\"2025-06-27T16:25:37+00:00\",\"mainEntityOfPage\":{\"@id\":\"https:\/\/codeq.qroo.gob.mx\/index.php\/2025\/06\/27\/premian-elda-xix-y-jacobo-arzate-a-las-ninas-ninos-y-jovenes-que-compiten-en-la-liga-formativa-de-basquetbol-codeq\/\"},\"wordCount\":560,\"commentCount\":0,\"publisher\":{\"@id\":\"https:\/\/codeq.qroo.gob.mx\/#organization\"},\"image\":{\"@id\":\"https:\/\/codeq.qroo.gob.mx\/index.php\/2025\/06\/27\/premian-elda-xix-y-jacobo-arzate-a-las-ninas-ninos-y-jovenes-que-compiten-en-la-liga-formativa-de-basquetbol-codeq\/#primaryimage\"},\"thumbnailUrl\":\"https:\/\/codeq.qroo.gob.mx\/wp-content\/uploads\/2025\/06\/WhatsApp-Image-2025-06-27-at-11.22.17-AM1-scaled.jpeg\",\"articleSection\":[\"Noticias\"],\"inLanguage\":\"es\",\"potentialAction\":[{\"@type\":\"CommentAction\",\"name\":\"Comment\",\"target\":[\"https:\/\/codeq.qroo.gob.mx\/index.php\/2025\/06\/27\/premian-elda-xix-y-jacobo-arzate-a-las-ninas-ninos-y-jovenes-que-compiten-en-la-liga-formativa-de-basquetbol-codeq\/#respond\"]}]},{\"@type\":\"WebPage\",\"@id\":\"https:\/\/codeq.qroo.gob.mx\/index.php\/2025\/06\/27\/premian-elda-xix-y-jacobo-arzate-a-las-ninas-ninos-y-jovenes-que-compiten-en-la-liga-formativa-de-basquetbol-codeq\/\",\"url\":\"https:\/\/codeq.qroo.gob.mx\/index.php\/2025\/06\/27\/premian-elda-xix-y-jacobo-arzate-a-las-ninas-ninos-y-jovenes-que-compiten-en-la-liga-formativa-de-basquetbol-codeq\/\",\"name\":\"Premian Elda Xix y Jacobo Arzate a las ni\u00f1as, ni\u00f1os y j\u00f3venes que compiten en la Liga Formativa de B\u00e1squetbol CODEQ - Comisi\u00f3n del Deporte de Quintana Roo\",\"isPartOf\":{\"@id\":\"https:\/\/codeq.qroo.gob.mx\/#website\"},\"primaryImageOfPage\":{\"@id\":\"https:\/\/codeq.qroo.gob.mx\/index.php\/2025\/06\/27\/premian-elda-xix-y-jacobo-arzate-a-las-ninas-ninos-y-jovenes-que-compiten-en-la-liga-formativa-de-basquetbol-codeq\/#primaryimage\"},\"image\":{\"@id\":\"https:\/\/codeq.qroo.gob.mx\/index.php\/2025\/06\/27\/premian-elda-xix-y-jacobo-arzate-a-las-ninas-ninos-y-jovenes-que-compiten-en-la-liga-formativa-de-basquetbol-codeq\/#primaryimage\"},\"thumbnailUrl\":\"https:\/\/codeq.qroo.gob.mx\/wp-content\/uploads\/2025\/06\/WhatsApp-Image-2025-06-27-at-11.22.17-AM1-scaled.jpeg\",\"datePublished\":\"2025-06-27T16:25:36+00:00\",\"dateModified\":\"2025-06-27T16:25:37+00:00\",\"breadcrumb\":{\"@id\":\"https:\/\/codeq.qroo.gob.mx\/index.php\/2025\/06\/27\/premian-elda-xix-y-jacobo-arzate-a-las-ninas-ninos-y-jovenes-que-compiten-en-la-liga-formativa-de-basquetbol-codeq\/#breadcrumb\"},\"inLanguage\":\"es\",\"potentialAction\":[{\"@type\":\"ReadAction\",\"target\":[\"https:\/\/codeq.qroo.gob.mx\/index.php\/2025\/06\/27\/premian-elda-xix-y-jacobo-arzate-a-las-ninas-ninos-y-jovenes-que-compiten-en-la-liga-formativa-de-basquetbol-codeq\/\"]}]},{\"@type\":\"ImageObject\",\"inLanguage\":\"es\",\"@id\":\"https:\/\/codeq.qroo.gob.mx\/index.php\/2025\/06\/27\/premian-elda-xix-y-jacobo-arzate-a-las-ninas-ninos-y-jovenes-que-compiten-en-la-liga-formativa-de-basquetbol-codeq\/#primaryimage\",\"url\":\"https:\/\/codeq.qroo.gob.mx\/wp-content\/uploads\/2025\/06\/WhatsApp-Image-2025-06-27-at-11.22.17-AM1-scaled.jpeg\",\"contentUrl\":\"https:\/\/codeq.qroo.gob.mx\/wp-content\/uploads\/2025\/06\/WhatsApp-Image-2025-06-27-at-11.22.17-AM1-scaled.jpeg\",\"width\":2560,\"height\":1706},{\"@type\":\"BreadcrumbList\",\"@id\":\"https:\/\/codeq.qroo.gob.mx\/index.php\/2025\/06\/27\/premian-elda-xix-y-jacobo-arzate-a-las-ninas-ninos-y-jovenes-que-compiten-en-la-liga-formativa-de-basquetbol-codeq\/#breadcrumb\",\"itemListElement\":[{\"@type\":\"ListItem\",\"position\":1,\"name\":\"Inicio\",\"item\":\"https:\/\/codeq.qroo.gob.mx\/\"},{\"@type\":\"ListItem\",\"position\":2,\"name\":\"Premian Elda Xix y Jacobo Arzate a las ni\u00f1as, ni\u00f1os y j\u00f3venes que compiten en la Liga Formativa de B\u00e1squetbol CODEQ\"}]},{\"@type\":\"WebSite\",\"@id\":\"https:\/\/codeq.qroo.gob.mx\/#website\",\"url\":\"https:\/\/codeq.qroo.gob.mx\/\",\"name\":\"Comisi\u00f3n del Deporte de Quintana Roo\",\"description\":\"CODEQ\",\"publisher\":{\"@id\":\"https:\/\/codeq.qroo.gob.mx\/#organization\"},\"potentialAction\":[{\"@type\":\"SearchAction\",\"target\":{\"@type\":\"EntryPoint\",\"urlTemplate\":\"https:\/\/codeq.qroo.gob.mx\/?s={search_term_string}\"},\"query-input\":{\"@type\":\"PropertyValueSpecification\",\"valueRequired\":true,\"valueName\":\"search_term_string\"}}],\"inLanguage\":\"es\"},{\"@type\":\"Organization\",\"@id\":\"https:\/\/codeq.qroo.gob.mx\/#organization\",\"name\":\"Comisi\u00f3n del Deporte de Quintana Roo\",\"url\":\"https:\/\/codeq.qroo.gob.mx\/\",\"logo\":{\"@type\":\"ImageObject\",\"inLanguage\":\"es\",\"@id\":\"https:\/\/codeq.qroo.gob.mx\/#\/schema\/logo\/image\/\",\"url\":\"https:\/\/codeq.qroo.gob.mx\/wp-content\/uploads\/2024\/07\/CODEQ.png\",\"contentUrl\":\"https:\/\/codeq.qroo.gob.mx\/wp-content\/uploads\/2024\/07\/CODEQ.png\",\"width\":3000,\"height\":1688,\"caption\":\"Comisi\u00f3n del Deporte de Quintana Roo\"},\"image\":{\"@id\":\"https:\/\/codeq.qroo.gob.mx\/#\/schema\/logo\/image\/\"}},{\"@type\":\"Person\",\"@id\":\"https:\/\/codeq.qroo.gob.mx\/#\/schema\/person\/08f280f71ae6986a008ff55cb6d46160\",\"name\":\"Jorge Antonio Carvajal Maldonado\",\"image\":{\"@type\":\"ImageObject\",\"inLanguage\":\"es\",\"@id\":\"https:\/\/codeq.qroo.gob.mx\/#\/schema\/person\/image\/\",\"url\":\"https:\/\/secure.gravatar.com\/avatar\/e61cdf534226ddcecdaed9988ec080e5df82259aa9a3e3f50abf5a5f2b95122f?s=96&d=mm&r=g\",\"contentUrl\":\"https:\/\/secure.gravatar.com\/avatar\/e61cdf534226ddcecdaed9988ec080e5df82259aa9a3e3f50abf5a5f2b95122f?s=96&d=mm&r=g\",\"caption\":\"Jorge Antonio Carvajal Maldonado\"},\"url\":\"https:\/\/codeq.qroo.gob.mx\/index.php\/author\/antonio\/\"}]}<\/script>\n<!-- \/ Yoast SEO plugin. -->","yoast_head_json":{"title":"Premian Elda Xix y Jacobo Arzate a las ni\u00f1as, ni\u00f1os y j\u00f3venes que compiten en la Liga Formativa de B\u00e1squetbol CODEQ - Comisi\u00f3n del Deporte de Quintana Roo","robots":{"index":"index","follow":"follow","max-snippet":"max-snippet:-1","max-image-preview":"max-image-preview:large","max-video-preview":"max-video-preview:-1"},"canonical":"https:\/\/codeq.qroo.gob.mx\/index.php\/2025\/06\/27\/premian-elda-xix-y-jacobo-arzate-a-las-ninas-ninos-y-jovenes-que-compiten-en-la-liga-formativa-de-basquetbol-codeq\/","og_locale":"es_MX","og_type":"article","og_title":"Premian Elda Xix y Jacobo Arzate a las ni\u00f1as, ni\u00f1os y j\u00f3venes que compiten en la Liga Formativa de B\u00e1squetbol CODEQ - Comisi\u00f3n del Deporte de Quintana Roo","og_description":"En medio de una colorida ceremonia, ambientada por entusiastas ni\u00f1as, ni\u00f1os y j\u00f3venes en el renovado Gimnasio \u201cNohoch Suku\u2019n\u201d, se realiz\u00f3 con \u00e9xito la premiaci\u00f3n de la Liga Formativa de B\u00e1squetbol de la CODEQ, un espacio en el que compiten alrededor de 350 jugadores y que estuvo encabezado por Elda Xix Eu\u00e1n, secretaria de Educaci\u00f3n ... Leer m\u00e1s","og_url":"https:\/\/codeq.qroo.gob.mx\/index.php\/2025\/06\/27\/premian-elda-xix-y-jacobo-arzate-a-las-ninas-ninos-y-jovenes-que-compiten-en-la-liga-formativa-de-basquetbol-codeq\/","og_site_name":"Comisi\u00f3n del Deporte de Quintana Roo","article_published_time":"2025-06-27T16:25:36+00:00","article_modified_time":"2025-06-27T16:25:37+00:00","og_image":[{"width":2560,"height":1706,"url":"https:\/\/codeq.qroo.gob.mx\/wp-content\/uploads\/2025\/06\/WhatsApp-Image-2025-06-27-at-11.22.17-AM1-scaled.jpeg","type":"image\/jpeg"}],"author":"Jorge Antonio Carvajal Maldonado","twitter_card":"summary_large_image","twitter_misc":{"Escrito por":"Jorge Antonio Carvajal Maldonado","Tiempo de lectura":"5 minutos"},"schema":{"@context":"https:\/\/schema.org","@graph":[{"@type":"Article","@id":"https:\/\/codeq.qroo.gob.mx\/index.php\/2025\/06\/27\/premian-elda-xix-y-jacobo-arzate-a-las-ninas-ninos-y-jovenes-que-compiten-en-la-liga-formativa-de-basquetbol-codeq\/#article","isPartOf":{"@id":"https:\/\/codeq.qroo.gob.mx\/index.php\/2025\/06\/27\/premian-elda-xix-y-jacobo-arzate-a-las-ninas-ninos-y-jovenes-que-compiten-en-la-liga-formativa-de-basquetbol-codeq\/"},"author":{"name":"Jorge Antonio Carvajal Maldonado","@id":"https:\/\/codeq.qroo.gob.mx\/#\/schema\/person\/08f280f71ae6986a008ff55cb6d46160"},"headline":"Premian Elda Xix y Jacobo Arzate a las ni\u00f1as, ni\u00f1os y j\u00f3venes que compiten en la Liga Formativa de B\u00e1squetbol CODEQ","datePublished":"2025-06-27T16:25:36+00:00","dateModified":"2025-06-27T16:25:37+00:00","mainEntityOfPage":{"@id":"https:\/\/codeq.qroo.gob.mx\/index.php\/2025\/06\/27\/premian-elda-xix-y-jacobo-arzate-a-las-ninas-ninos-y-jovenes-que-compiten-en-la-liga-formativa-de-basquetbol-codeq\/"},"wordCount":560,"commentCount":0,"publisher":{"@id":"https:\/\/codeq.qroo.gob.mx\/#organization"},"image":{"@id":"https:\/\/codeq.qroo.gob.mx\/index.php\/2025\/06\/27\/premian-elda-xix-y-jacobo-arzate-a-las-ninas-ninos-y-jovenes-que-compiten-en-la-liga-formativa-de-basquetbol-codeq\/#primaryimage"},"thumbnailUrl":"https:\/\/codeq.qroo.gob.mx\/wp-content\/uploads\/2025\/06\/WhatsApp-Image-2025-06-27-at-11.22.17-AM1-scaled.jpeg","articleSection":["Noticias"],"inLanguage":"es","potentialAction":[{"@type":"CommentAction","name":"Comment","target":["https:\/\/codeq.qroo.gob.mx\/index.php\/2025\/06\/27\/premian-elda-xix-y-jacobo-arzate-a-las-ninas-ninos-y-jovenes-que-compiten-en-la-liga-formativa-de-basquetbol-codeq\/#respond"]}]},{"@type":"WebPage","@id":"https:\/\/codeq.qroo.gob.mx\/index.php\/2025\/06\/27\/premian-elda-xix-y-jacobo-arzate-a-las-ninas-ninos-y-jovenes-que-compiten-en-la-liga-formativa-de-basquetbol-codeq\/","url":"https:\/\/codeq.qroo.gob.mx\/index.php\/2025\/06\/27\/premian-elda-xix-y-jacobo-arzate-a-las-ninas-ninos-y-jovenes-que-compiten-en-la-liga-formativa-de-basquetbol-codeq\/","name":"Premian Elda Xix y Jacobo Arzate a las ni\u00f1as, ni\u00f1os y j\u00f3venes que compiten en la Liga Formativa de B\u00e1squetbol CODEQ - Comisi\u00f3n del Deporte de Quintana Roo","isPartOf":{"@id":"https:\/\/codeq.qroo.gob.mx\/#website"},"primaryImageOfPage":{"@id":"https:\/\/codeq.qroo.gob.mx\/index.php\/2025\/06\/27\/premian-elda-xix-y-jacobo-arzate-a-las-ninas-ninos-y-jovenes-que-compiten-en-la-liga-formativa-de-basquetbol-codeq\/#primaryimage"},"image":{"@id":"https:\/\/codeq.qroo.gob.mx\/index.php\/2025\/06\/27\/premian-elda-xix-y-jacobo-arzate-a-las-ninas-ninos-y-jovenes-que-compiten-en-la-liga-formativa-de-basquetbol-codeq\/#primaryimage"},"thumbnailUrl":"https:\/\/codeq.qroo.gob.mx\/wp-content\/uploads\/2025\/06\/WhatsApp-Image-2025-06-27-at-11.22.17-AM1-scaled.jpeg","datePublished":"2025-06-27T16:25:36+00:00","dateModified":"2025-06-27T16:25:37+00:00","breadcrumb":{"@id":"https:\/\/codeq.qroo.gob.mx\/index.php\/2025\/06\/27\/premian-elda-xix-y-jacobo-arzate-a-las-ninas-ninos-y-jovenes-que-compiten-en-la-liga-formativa-de-basquetbol-codeq\/#breadcrumb"},"inLanguage":"es","potentialAction":[{"@type":"ReadAction","target":["https:\/\/codeq.qroo.gob.mx\/index.php\/2025\/06\/27\/premian-elda-xix-y-jacobo-arzate-a-las-ninas-ninos-y-jovenes-que-compiten-en-la-liga-formativa-de-basquetbol-codeq\/"]}]},{"@type":"ImageObject","inLanguage":"es","@id":"https:\/\/codeq.qroo.gob.mx\/index.php\/2025\/06\/27\/premian-elda-xix-y-jacobo-arzate-a-las-ninas-ninos-y-jovenes-que-compiten-en-la-liga-formativa-de-basquetbol-codeq\/#primaryimage","url":"https:\/\/codeq.qroo.gob.mx\/wp-content\/uploads\/2025\/06\/WhatsApp-Image-2025-06-27-at-11.22.17-AM1-scaled.jpeg","contentUrl":"https:\/\/codeq.qroo.gob.mx\/wp-content\/uploads\/2025\/06\/WhatsApp-Image-2025-06-27-at-11.22.17-AM1-scaled.jpeg","width":2560,"height":1706},{"@type":"BreadcrumbList","@id":"https:\/\/codeq.qroo.gob.mx\/index.php\/2025\/06\/27\/premian-elda-xix-y-jacobo-arzate-a-las-ninas-ninos-y-jovenes-que-compiten-en-la-liga-formativa-de-basquetbol-codeq\/#breadcrumb","itemListElement":[{"@type":"ListItem","position":1,"name":"Inicio","item":"https:\/\/codeq.qroo.gob.mx\/"},{"@type":"ListItem","position":2,"name":"Premian Elda Xix y Jacobo Arzate a las ni\u00f1as, ni\u00f1os y j\u00f3venes que compiten en la Liga Formativa de B\u00e1squetbol CODEQ"}]},{"@type":"WebSite","@id":"https:\/\/codeq.qroo.gob.mx\/#website","url":"https:\/\/codeq.qroo.gob.mx\/","name":"Comisi\u00f3n del Deporte de Quintana Roo","description":"CODEQ","publisher":{"@id":"https:\/\/codeq.qroo.gob.mx\/#organization"},"potentialAction":[{"@type":"SearchAction","target":{"@type":"EntryPoint","urlTemplate":"https:\/\/codeq.qroo.gob.mx\/?s={search_term_string}"},"query-input":{"@type":"PropertyValueSpecification","valueRequired":true,"valueName":"search_term_string"}}],"inLanguage":"es"},{"@type":"Organization","@id":"https:\/\/codeq.qroo.gob.mx\/#organization","name":"Comisi\u00f3n del Deporte de Quintana Roo","url":"https:\/\/codeq.qroo.gob.mx\/","logo":{"@type":"ImageObject","inLanguage":"es","@id":"https:\/\/codeq.qroo.gob.mx\/#\/schema\/logo\/image\/","url":"https:\/\/codeq.qroo.gob.mx\/wp-content\/uploads\/2024\/07\/CODEQ.png","contentUrl":"https:\/\/codeq.qroo.gob.mx\/wp-content\/uploads\/2024\/07\/CODEQ.png","width":3000,"height":1688,"caption":"Comisi\u00f3n del Deporte de Quintana Roo"},"image":{"@id":"https:\/\/codeq.qroo.gob.mx\/#\/schema\/logo\/image\/"}},{"@type":"Person","@id":"https:\/\/codeq.qroo.gob.mx\/#\/schema\/person\/08f280f71ae6986a008ff55cb6d46160","name":"Jorge Antonio Carvajal Maldonado","image":{"@type":"ImageObject","inLanguage":"es","@id":"https:\/\/codeq.qroo.gob.mx\/#\/schema\/person\/image\/","url":"https:\/\/secure.gravatar.com\/avatar\/e61cdf534226ddcecdaed9988ec080e5df82259aa9a3e3f50abf5a5f2b95122f?s=96&d=mm&r=g","contentUrl":"https:\/\/secure.gravatar.com\/avatar\/e61cdf534226ddcecdaed9988ec080e5df82259aa9a3e3f50abf5a5f2b95122f?s=96&d=mm&r=g","caption":"Jorge Antonio Carvajal Maldonado"},"url":"https:\/\/codeq.qroo.gob.mx\/index.php\/author\/antonio\/"}]}},"_links":{"self":[{"href":"https:\/\/codeq.qroo.gob.mx\/index.php\/wp-json\/wp\/v2\/posts\/37496","targetHints":{"allow":["GET"]}}],"collection":[{"href":"https:\/\/codeq.qroo.gob.mx\/index.php\/wp-json\/wp\/v2\/posts"}],"about":[{"href":"https:\/\/codeq.qroo.gob.mx\/index.php\/wp-json\/wp\/v2\/types\/post"}],"author":[{"embeddable":true,"href":"https:\/\/codeq.qroo.gob.mx\/index.php\/wp-json\/wp\/v2\/users\/3"}],"replies":[{"embeddable":true,"href":"https:\/\/codeq.qroo.gob.mx\/index.php\/wp-json\/wp\/v2\/comments?post=37496"}],"version-history":[{"count":1,"href":"https:\/\/codeq.qroo.gob.mx\/index.php\/wp-json\/wp\/v2\/posts\/37496\/revisions"}],"predecessor-version":[{"id":37505,"href":"https:\/\/codeq.qroo.gob.mx\/index.php\/wp-json\/wp\/v2\/posts\/37496\/revisions\/37505"}],"wp:featuredmedia":[{"embeddable":true,"href":"https:\/\/codeq.qroo.gob.mx\/index.php\/wp-json\/wp\/v2\/media\/37497"}],"wp:attachment":[{"href":"https:\/\/codeq.qroo.gob.mx\/index.php\/wp-json\/wp\/v2\/media?parent=37496"}],"wp:term":[{"taxonomy":"category","embeddable":true,"href":"https:\/\/codeq.qroo.gob.mx\/index.php\/wp-json\/wp\/v2\/categories?post=37496"},{"taxonomy":"post_tag","embeddable":true,"href":"https:\/\/codeq.qroo.gob.mx\/index.php\/wp-json\/wp\/v2\/tags?post=37496"}],"curies":[{"name":"wp","href":"https:\/\/api.w.org\/{rel}","templated":true}]}}