{"id":37481,"date":"2025-06-26T15:09:35","date_gmt":"2025-06-26T20:09:35","guid":{"rendered":"https:\/\/codeq.qroo.gob.mx\/?p=37481"},"modified":"2025-06-26T15:09:35","modified_gmt":"2025-06-26T20:09:35","slug":"suma-quintana-roo-medalla-de-plata-al-continuar-con-la-actividad-del-atletismo-en-la-olimpiada-nacional-conade-2025","status":"publish","type":"post","link":"https:\/\/codeq.qroo.gob.mx\/index.php\/2025\/06\/26\/suma-quintana-roo-medalla-de-plata-al-continuar-con-la-actividad-del-atletismo-en-la-olimpiada-nacional-conade-2025\/","title":{"rendered":"Suma Quintana Roo medalla de plata al continuar con la actividad del atletismo en la Olimpiada Nacional CONADE 2025"},"content":{"rendered":"\n<p><\/p>\n\n\n\n<ul class=\"wp-block-list\">\n<li>Durante el segundo d\u00eda de competencias, el equipo estatal sum\u00f3 otra presea, la cual fue a trav\u00e9s de Mar\u00eda Fernanda Vargas en la prueba de salto de longitud<\/li>\n<\/ul>\n\n\n\n<p>La Selecci\u00f3n de Quintana Roo en la disciplina de atletismo contin\u00faa cosechando preseas en la Olimpiada Nacional CONADE 2025 en el Centro de Alto Rendimiento de Apizaco, donde resalt\u00f3 Mar\u00eda Fernanda Vargas Castro en la prueba de salto de longitud, al concretar un metal plateado durante la segunda jornada de competencias.<\/p>\n\n\n\n<p>Tal como lo marca el Nuevo Acuerdo por el Bienestar y Desarrollo, que impulsa la gobernadora Mara Lezama Espinosa, se prioriza que las y los atletas quintanarroenses cuenten con las herramientas necesarias para cumplir sus objetivos deportivos y, a trav\u00e9s de la Comisi\u00f3n del Deporte de Quintana Roo (CODEQ), que preside Jacobo Arzate Hop, se les brinda apoyo y respaldo.<\/p>\n\n\n\n<p>Fue en la prueba de salto de longitud femenil Sub-18 donde Mar\u00eda Fernanda Vargas Castro se alz\u00f3 con la medalla de plata tras lograr una destacada marca de 5.48 metros, coloc\u00e1ndose entre las mejores del pa\u00eds en su categor\u00eda.<\/p>\n\n\n\n<p>Por su parte, en otros resultados, el equipo de relevo 4&#215;200 metros femenil Sub-18, integrado por Devanni Deni Hern\u00e1ndez, Niory Paz, Victoria Ethel Amador y B\u00e1rbara Barajas, obtuvo el quinto lugar general con un tiempo oficial de 2:23.86 minutos, demostrando gran coordinaci\u00f3n y compromiso.<\/p>\n\n\n\n<p>En la prueba individual de 200 metros planos femenil, la atleta Daniela Schulz finaliz\u00f3 en la novena posici\u00f3n con un tiempo de 25.52 segundos, destacando entre las velocistas m\u00e1s fuertes de la competencia.<\/p>\n\n\n\n<p>El representativo quintanarroense contin\u00faa enfocado en alcanzar el podio y sumar m\u00e1s preseas para el estado. La Olimpiada Nacional 2025 sigue su curso, y el equipo mantiene la mira puesta en la tan ansiada medalla dorada.<\/p>\n\n\n\n<figure class=\"wp-block-gallery has-nested-images columns-default is-cropped wp-block-gallery-1 is-layout-flex wp-block-gallery-is-layout-flex\">\n<figure class=\"wp-block-image size-large\"><img fetchpriority=\"high\" decoding=\"async\" width=\"1024\" height=\"682\" data-id=\"37482\" src=\"https:\/\/codeq.qroo.gob.mx\/wp-content\/uploads\/2025\/06\/WhatsApp-Image-2025-06-26-at-2.58.16-PM-1024x682.jpeg\" alt=\"\" class=\"wp-image-37482\" srcset=\"https:\/\/codeq.qroo.gob.mx\/wp-content\/uploads\/2025\/06\/WhatsApp-Image-2025-06-26-at-2.58.16-PM-1024x682.jpeg 1024w, https:\/\/codeq.qroo.gob.mx\/wp-content\/uploads\/2025\/06\/WhatsApp-Image-2025-06-26-at-2.58.16-PM-300x200.jpeg 300w, https:\/\/codeq.qroo.gob.mx\/wp-content\/uploads\/2025\/06\/WhatsApp-Image-2025-06-26-at-2.58.16-PM-768x512.jpeg 768w, https:\/\/codeq.qroo.gob.mx\/wp-content\/uploads\/2025\/06\/WhatsApp-Image-2025-06-26-at-2.58.16-PM-1536x1023.jpeg 1536w, https:\/\/codeq.qroo.gob.mx\/wp-content\/uploads\/2025\/06\/WhatsApp-Image-2025-06-26-at-2.58.16-PM.jpeg 1600w\" sizes=\"(max-width: 1024px) 100vw, 1024px\" \/><\/figure>\n\n\n\n<figure class=\"wp-block-image size-large\"><img decoding=\"async\" width=\"1024\" height=\"712\" data-id=\"37484\" src=\"https:\/\/codeq.qroo.gob.mx\/wp-content\/uploads\/2025\/06\/WhatsApp-Image-2025-06-26-at-2.58.15-PM2-1024x712.jpeg\" alt=\"\" class=\"wp-image-37484\" srcset=\"https:\/\/codeq.qroo.gob.mx\/wp-content\/uploads\/2025\/06\/WhatsApp-Image-2025-06-26-at-2.58.15-PM2-1024x712.jpeg 1024w, https:\/\/codeq.qroo.gob.mx\/wp-content\/uploads\/2025\/06\/WhatsApp-Image-2025-06-26-at-2.58.15-PM2-300x209.jpeg 300w, https:\/\/codeq.qroo.gob.mx\/wp-content\/uploads\/2025\/06\/WhatsApp-Image-2025-06-26-at-2.58.15-PM2-768x534.jpeg 768w, https:\/\/codeq.qroo.gob.mx\/wp-content\/uploads\/2025\/06\/WhatsApp-Image-2025-06-26-at-2.58.15-PM2-1536x1068.jpeg 1536w, https:\/\/codeq.qroo.gob.mx\/wp-content\/uploads\/2025\/06\/WhatsApp-Image-2025-06-26-at-2.58.15-PM2.jpeg 1600w\" sizes=\"(max-width: 1024px) 100vw, 1024px\" \/><\/figure>\n\n\n\n<figure class=\"wp-block-image size-large\"><img decoding=\"async\" width=\"838\" height=\"1024\" data-id=\"37483\" src=\"https:\/\/codeq.qroo.gob.mx\/wp-content\/uploads\/2025\/06\/WhatsApp-Image-2025-06-26-at-2.58.15-PM1-838x1024.jpeg\" alt=\"\" class=\"wp-image-37483\" srcset=\"https:\/\/codeq.qroo.gob.mx\/wp-content\/uploads\/2025\/06\/WhatsApp-Image-2025-06-26-at-2.58.15-PM1-838x1024.jpeg 838w, https:\/\/codeq.qroo.gob.mx\/wp-content\/uploads\/2025\/06\/WhatsApp-Image-2025-06-26-at-2.58.15-PM1-245x300.jpeg 245w, https:\/\/codeq.qroo.gob.mx\/wp-content\/uploads\/2025\/06\/WhatsApp-Image-2025-06-26-at-2.58.15-PM1-768x939.jpeg 768w, https:\/\/codeq.qroo.gob.mx\/wp-content\/uploads\/2025\/06\/WhatsApp-Image-2025-06-26-at-2.58.15-PM1-1257x1536.jpeg 1257w, https:\/\/codeq.qroo.gob.mx\/wp-content\/uploads\/2025\/06\/WhatsApp-Image-2025-06-26-at-2.58.15-PM1.jpeg 1309w\" sizes=\"(max-width: 838px) 100vw, 838px\" \/><\/figure>\n\n\n\n<figure class=\"wp-block-image size-large\"><img loading=\"lazy\" decoding=\"async\" width=\"768\" height=\"1024\" data-id=\"37485\" src=\"https:\/\/codeq.qroo.gob.mx\/wp-content\/uploads\/2025\/06\/WhatsApp-Image-2025-06-26-at-2.58.15-PM-768x1024.jpeg\" alt=\"\" class=\"wp-image-37485\" srcset=\"https:\/\/codeq.qroo.gob.mx\/wp-content\/uploads\/2025\/06\/WhatsApp-Image-2025-06-26-at-2.58.15-PM-768x1024.jpeg 768w, https:\/\/codeq.qroo.gob.mx\/wp-content\/uploads\/2025\/06\/WhatsApp-Image-2025-06-26-at-2.58.15-PM-225x300.jpeg 225w, https:\/\/codeq.qroo.gob.mx\/wp-content\/uploads\/2025\/06\/WhatsApp-Image-2025-06-26-at-2.58.15-PM-1152x1536.jpeg 1152w, https:\/\/codeq.qroo.gob.mx\/wp-content\/uploads\/2025\/06\/WhatsApp-Image-2025-06-26-at-2.58.15-PM.jpeg 1200w\" sizes=\"(max-width: 768px) 100vw, 768px\" \/><\/figure>\n\n\n\n<figure class=\"wp-block-image size-large\"><img loading=\"lazy\" decoding=\"async\" width=\"869\" height=\"1024\" data-id=\"37486\" src=\"https:\/\/codeq.qroo.gob.mx\/wp-content\/uploads\/2025\/06\/WhatsApp-Image-2025-06-26-at-2.58.14-PM1-869x1024.jpeg\" alt=\"\" class=\"wp-image-37486\" srcset=\"https:\/\/codeq.qroo.gob.mx\/wp-content\/uploads\/2025\/06\/WhatsApp-Image-2025-06-26-at-2.58.14-PM1-869x1024.jpeg 869w, https:\/\/codeq.qroo.gob.mx\/wp-content\/uploads\/2025\/06\/WhatsApp-Image-2025-06-26-at-2.58.14-PM1-255x300.jpeg 255w, https:\/\/codeq.qroo.gob.mx\/wp-content\/uploads\/2025\/06\/WhatsApp-Image-2025-06-26-at-2.58.14-PM1-768x905.jpeg 768w, https:\/\/codeq.qroo.gob.mx\/wp-content\/uploads\/2025\/06\/WhatsApp-Image-2025-06-26-at-2.58.14-PM1-1304x1536.jpeg 1304w, https:\/\/codeq.qroo.gob.mx\/wp-content\/uploads\/2025\/06\/WhatsApp-Image-2025-06-26-at-2.58.14-PM1.jpeg 1358w\" sizes=\"(max-width: 869px) 100vw, 869px\" \/><\/figure>\n\n\n\n<figure class=\"wp-block-image size-large\"><img loading=\"lazy\" decoding=\"async\" width=\"768\" height=\"1024\" data-id=\"37487\" src=\"https:\/\/codeq.qroo.gob.mx\/wp-content\/uploads\/2025\/06\/WhatsApp-Image-2025-06-26-at-2.58.14-PM-768x1024.jpeg\" alt=\"\" class=\"wp-image-37487\" srcset=\"https:\/\/codeq.qroo.gob.mx\/wp-content\/uploads\/2025\/06\/WhatsApp-Image-2025-06-26-at-2.58.14-PM-768x1024.jpeg 768w, https:\/\/codeq.qroo.gob.mx\/wp-content\/uploads\/2025\/06\/WhatsApp-Image-2025-06-26-at-2.58.14-PM-225x300.jpeg 225w, https:\/\/codeq.qroo.gob.mx\/wp-content\/uploads\/2025\/06\/WhatsApp-Image-2025-06-26-at-2.58.14-PM-1152x1536.jpeg 1152w, https:\/\/codeq.qroo.gob.mx\/wp-content\/uploads\/2025\/06\/WhatsApp-Image-2025-06-26-at-2.58.14-PM.jpeg 1200w\" sizes=\"(max-width: 768px) 100vw, 768px\" \/><\/figure>\n<\/figure>\n","protected":false},"excerpt":{"rendered":"<p>La Selecci\u00f3n de Quintana Roo en la disciplina de atletismo contin\u00faa cosechando preseas en la Olimpiada Nacional CONADE 2025 en el Centro de Alto Rendimiento de Apizaco, donde resalt\u00f3 Mar\u00eda Fernanda Vargas Castro en la prueba de salto de longitud, al concretar un metal plateado durante la segunda jornada de competencias. Tal como lo marca &#8230; <a title=\"Suma Quintana Roo medalla de plata al continuar con la actividad del atletismo en la Olimpiada Nacional CONADE 2025\" class=\"read-more\" href=\"https:\/\/codeq.qroo.gob.mx\/index.php\/2025\/06\/26\/suma-quintana-roo-medalla-de-plata-al-continuar-con-la-actividad-del-atletismo-en-la-olimpiada-nacional-conade-2025\/\" aria-label=\"Leer m\u00e1s sobre Suma Quintana Roo medalla de plata al continuar con la actividad del atletismo en la Olimpiada Nacional CONADE 2025\">Leer m\u00e1s<\/a><\/p>\n","protected":false},"author":3,"featured_media":37484,"comment_status":"open","ping_status":"open","sticky":false,"template":"","format":"standard","meta":{"footnotes":""},"categories":[5],"tags":[],"class_list":["post-37481","post","type-post","status-publish","format-standard","has-post-thumbnail","hentry","category-noticias"],"yoast_head":"<!-- This site is optimized with the Yoast SEO plugin v25.5 - https:\/\/yoast.com\/wordpress\/plugins\/seo\/ -->\n<title>Suma Quintana Roo medalla de plata al continuar con la actividad del atletismo en la Olimpiada Nacional CONADE 2025 - Comisi\u00f3n del Deporte de Quintana Roo<\/title>\n<meta name=\"robots\" content=\"index, follow, max-snippet:-1, max-image-preview:large, max-video-preview:-1\" \/>\n<link rel=\"canonical\" href=\"https:\/\/codeq.qroo.gob.mx\/index.php\/2025\/06\/26\/suma-quintana-roo-medalla-de-plata-al-continuar-con-la-actividad-del-atletismo-en-la-olimpiada-nacional-conade-2025\/\" \/>\n<meta property=\"og:locale\" content=\"es_MX\" \/>\n<meta property=\"og:type\" content=\"article\" \/>\n<meta property=\"og:title\" content=\"Suma Quintana Roo medalla de plata al continuar con la actividad del atletismo en la Olimpiada Nacional CONADE 2025 - Comisi\u00f3n del Deporte de Quintana Roo\" \/>\n<meta property=\"og:description\" content=\"La Selecci\u00f3n de Quintana Roo en la disciplina de atletismo contin\u00faa cosechando preseas en la Olimpiada Nacional CONADE 2025 en el Centro de Alto Rendimiento de Apizaco, donde resalt\u00f3 Mar\u00eda Fernanda Vargas Castro en la prueba de salto de longitud, al concretar un metal plateado durante la segunda jornada de competencias. Tal como lo marca ... Leer m\u00e1s\" \/>\n<meta property=\"og:url\" content=\"https:\/\/codeq.qroo.gob.mx\/index.php\/2025\/06\/26\/suma-quintana-roo-medalla-de-plata-al-continuar-con-la-actividad-del-atletismo-en-la-olimpiada-nacional-conade-2025\/\" \/>\n<meta property=\"og:site_name\" content=\"Comisi\u00f3n del Deporte de Quintana Roo\" \/>\n<meta property=\"article:published_time\" content=\"2025-06-26T20:09:35+00:00\" \/>\n<meta property=\"og:image\" content=\"https:\/\/codeq.qroo.gob.mx\/wp-content\/uploads\/2025\/06\/WhatsApp-Image-2025-06-26-at-2.58.15-PM2.jpeg\" \/>\n\t<meta property=\"og:image:width\" content=\"1600\" \/>\n\t<meta property=\"og:image:height\" content=\"1113\" \/>\n\t<meta property=\"og:image:type\" content=\"image\/jpeg\" \/>\n<meta name=\"author\" content=\"Jorge Antonio Carvajal Maldonado\" \/>\n<meta name=\"twitter:card\" content=\"summary_large_image\" \/>\n<meta name=\"twitter:label1\" content=\"Escrito por\" \/>\n\t<meta name=\"twitter:data1\" content=\"Jorge Antonio Carvajal Maldonado\" \/>\n\t<meta name=\"twitter:label2\" content=\"Tiempo de lectura\" \/>\n\t<meta name=\"twitter:data2\" content=\"3 minutos\" \/>\n<script type=\"application\/ld+json\" class=\"yoast-schema-graph\">{\"@context\":\"https:\/\/schema.org\",\"@graph\":[{\"@type\":\"Article\",\"@id\":\"https:\/\/codeq.qroo.gob.mx\/index.php\/2025\/06\/26\/suma-quintana-roo-medalla-de-plata-al-continuar-con-la-actividad-del-atletismo-en-la-olimpiada-nacional-conade-2025\/#article\",\"isPartOf\":{\"@id\":\"https:\/\/codeq.qroo.gob.mx\/index.php\/2025\/06\/26\/suma-quintana-roo-medalla-de-plata-al-continuar-con-la-actividad-del-atletismo-en-la-olimpiada-nacional-conade-2025\/\"},\"author\":{\"name\":\"Jorge Antonio Carvajal Maldonado\",\"@id\":\"https:\/\/codeq.qroo.gob.mx\/#\/schema\/person\/08f280f71ae6986a008ff55cb6d46160\"},\"headline\":\"Suma Quintana Roo medalla de plata al continuar con la actividad del atletismo en la Olimpiada Nacional CONADE 2025\",\"datePublished\":\"2025-06-26T20:09:35+00:00\",\"mainEntityOfPage\":{\"@id\":\"https:\/\/codeq.qroo.gob.mx\/index.php\/2025\/06\/26\/suma-quintana-roo-medalla-de-plata-al-continuar-con-la-actividad-del-atletismo-en-la-olimpiada-nacional-conade-2025\/\"},\"wordCount\":322,\"commentCount\":0,\"publisher\":{\"@id\":\"https:\/\/codeq.qroo.gob.mx\/#organization\"},\"image\":{\"@id\":\"https:\/\/codeq.qroo.gob.mx\/index.php\/2025\/06\/26\/suma-quintana-roo-medalla-de-plata-al-continuar-con-la-actividad-del-atletismo-en-la-olimpiada-nacional-conade-2025\/#primaryimage\"},\"thumbnailUrl\":\"https:\/\/codeq.qroo.gob.mx\/wp-content\/uploads\/2025\/06\/WhatsApp-Image-2025-06-26-at-2.58.15-PM2.jpeg\",\"articleSection\":[\"Noticias\"],\"inLanguage\":\"es\",\"potentialAction\":[{\"@type\":\"CommentAction\",\"name\":\"Comment\",\"target\":[\"https:\/\/codeq.qroo.gob.mx\/index.php\/2025\/06\/26\/suma-quintana-roo-medalla-de-plata-al-continuar-con-la-actividad-del-atletismo-en-la-olimpiada-nacional-conade-2025\/#respond\"]}]},{\"@type\":\"WebPage\",\"@id\":\"https:\/\/codeq.qroo.gob.mx\/index.php\/2025\/06\/26\/suma-quintana-roo-medalla-de-plata-al-continuar-con-la-actividad-del-atletismo-en-la-olimpiada-nacional-conade-2025\/\",\"url\":\"https:\/\/codeq.qroo.gob.mx\/index.php\/2025\/06\/26\/suma-quintana-roo-medalla-de-plata-al-continuar-con-la-actividad-del-atletismo-en-la-olimpiada-nacional-conade-2025\/\",\"name\":\"Suma Quintana Roo medalla de plata al continuar con la actividad del atletismo en la Olimpiada Nacional CONADE 2025 - Comisi\u00f3n del Deporte de Quintana Roo\",\"isPartOf\":{\"@id\":\"https:\/\/codeq.qroo.gob.mx\/#website\"},\"primaryImageOfPage\":{\"@id\":\"https:\/\/codeq.qroo.gob.mx\/index.php\/2025\/06\/26\/suma-quintana-roo-medalla-de-plata-al-continuar-con-la-actividad-del-atletismo-en-la-olimpiada-nacional-conade-2025\/#primaryimage\"},\"image\":{\"@id\":\"https:\/\/codeq.qroo.gob.mx\/index.php\/2025\/06\/26\/suma-quintana-roo-medalla-de-plata-al-continuar-con-la-actividad-del-atletismo-en-la-olimpiada-nacional-conade-2025\/#primaryimage\"},\"thumbnailUrl\":\"https:\/\/codeq.qroo.gob.mx\/wp-content\/uploads\/2025\/06\/WhatsApp-Image-2025-06-26-at-2.58.15-PM2.jpeg\",\"datePublished\":\"2025-06-26T20:09:35+00:00\",\"breadcrumb\":{\"@id\":\"https:\/\/codeq.qroo.gob.mx\/index.php\/2025\/06\/26\/suma-quintana-roo-medalla-de-plata-al-continuar-con-la-actividad-del-atletismo-en-la-olimpiada-nacional-conade-2025\/#breadcrumb\"},\"inLanguage\":\"es\",\"potentialAction\":[{\"@type\":\"ReadAction\",\"target\":[\"https:\/\/codeq.qroo.gob.mx\/index.php\/2025\/06\/26\/suma-quintana-roo-medalla-de-plata-al-continuar-con-la-actividad-del-atletismo-en-la-olimpiada-nacional-conade-2025\/\"]}]},{\"@type\":\"ImageObject\",\"inLanguage\":\"es\",\"@id\":\"https:\/\/codeq.qroo.gob.mx\/index.php\/2025\/06\/26\/suma-quintana-roo-medalla-de-plata-al-continuar-con-la-actividad-del-atletismo-en-la-olimpiada-nacional-conade-2025\/#primaryimage\",\"url\":\"https:\/\/codeq.qroo.gob.mx\/wp-content\/uploads\/2025\/06\/WhatsApp-Image-2025-06-26-at-2.58.15-PM2.jpeg\",\"contentUrl\":\"https:\/\/codeq.qroo.gob.mx\/wp-content\/uploads\/2025\/06\/WhatsApp-Image-2025-06-26-at-2.58.15-PM2.jpeg\",\"width\":1600,\"height\":1113},{\"@type\":\"BreadcrumbList\",\"@id\":\"https:\/\/codeq.qroo.gob.mx\/index.php\/2025\/06\/26\/suma-quintana-roo-medalla-de-plata-al-continuar-con-la-actividad-del-atletismo-en-la-olimpiada-nacional-conade-2025\/#breadcrumb\",\"itemListElement\":[{\"@type\":\"ListItem\",\"position\":1,\"name\":\"Inicio\",\"item\":\"https:\/\/codeq.qroo.gob.mx\/\"},{\"@type\":\"ListItem\",\"position\":2,\"name\":\"Suma Quintana Roo medalla de plata al continuar con la actividad del atletismo en la Olimpiada Nacional CONADE 2025\"}]},{\"@type\":\"WebSite\",\"@id\":\"https:\/\/codeq.qroo.gob.mx\/#website\",\"url\":\"https:\/\/codeq.qroo.gob.mx\/\",\"name\":\"Comisi\u00f3n del Deporte de Quintana Roo\",\"description\":\"CODEQ\",\"publisher\":{\"@id\":\"https:\/\/codeq.qroo.gob.mx\/#organization\"},\"potentialAction\":[{\"@type\":\"SearchAction\",\"target\":{\"@type\":\"EntryPoint\",\"urlTemplate\":\"https:\/\/codeq.qroo.gob.mx\/?s={search_term_string}\"},\"query-input\":{\"@type\":\"PropertyValueSpecification\",\"valueRequired\":true,\"valueName\":\"search_term_string\"}}],\"inLanguage\":\"es\"},{\"@type\":\"Organization\",\"@id\":\"https:\/\/codeq.qroo.gob.mx\/#organization\",\"name\":\"Comisi\u00f3n del Deporte de Quintana Roo\",\"url\":\"https:\/\/codeq.qroo.gob.mx\/\",\"logo\":{\"@type\":\"ImageObject\",\"inLanguage\":\"es\",\"@id\":\"https:\/\/codeq.qroo.gob.mx\/#\/schema\/logo\/image\/\",\"url\":\"https:\/\/codeq.qroo.gob.mx\/wp-content\/uploads\/2024\/07\/CODEQ.png\",\"contentUrl\":\"https:\/\/codeq.qroo.gob.mx\/wp-content\/uploads\/2024\/07\/CODEQ.png\",\"width\":3000,\"height\":1688,\"caption\":\"Comisi\u00f3n del Deporte de Quintana Roo\"},\"image\":{\"@id\":\"https:\/\/codeq.qroo.gob.mx\/#\/schema\/logo\/image\/\"}},{\"@type\":\"Person\",\"@id\":\"https:\/\/codeq.qroo.gob.mx\/#\/schema\/person\/08f280f71ae6986a008ff55cb6d46160\",\"name\":\"Jorge Antonio Carvajal Maldonado\",\"image\":{\"@type\":\"ImageObject\",\"inLanguage\":\"es\",\"@id\":\"https:\/\/codeq.qroo.gob.mx\/#\/schema\/person\/image\/\",\"url\":\"https:\/\/secure.gravatar.com\/avatar\/e61cdf534226ddcecdaed9988ec080e5df82259aa9a3e3f50abf5a5f2b95122f?s=96&d=mm&r=g\",\"contentUrl\":\"https:\/\/secure.gravatar.com\/avatar\/e61cdf534226ddcecdaed9988ec080e5df82259aa9a3e3f50abf5a5f2b95122f?s=96&d=mm&r=g\",\"caption\":\"Jorge Antonio Carvajal Maldonado\"},\"url\":\"https:\/\/codeq.qroo.gob.mx\/index.php\/author\/antonio\/\"}]}<\/script>\n<!-- \/ Yoast SEO plugin. -->","yoast_head_json":{"title":"Suma Quintana Roo medalla de plata al continuar con la actividad del atletismo en la Olimpiada Nacional CONADE 2025 - Comisi\u00f3n del Deporte de Quintana Roo","robots":{"index":"index","follow":"follow","max-snippet":"max-snippet:-1","max-image-preview":"max-image-preview:large","max-video-preview":"max-video-preview:-1"},"canonical":"https:\/\/codeq.qroo.gob.mx\/index.php\/2025\/06\/26\/suma-quintana-roo-medalla-de-plata-al-continuar-con-la-actividad-del-atletismo-en-la-olimpiada-nacional-conade-2025\/","og_locale":"es_MX","og_type":"article","og_title":"Suma Quintana Roo medalla de plata al continuar con la actividad del atletismo en la Olimpiada Nacional CONADE 2025 - Comisi\u00f3n del Deporte de Quintana Roo","og_description":"La Selecci\u00f3n de Quintana Roo en la disciplina de atletismo contin\u00faa cosechando preseas en la Olimpiada Nacional CONADE 2025 en el Centro de Alto Rendimiento de Apizaco, donde resalt\u00f3 Mar\u00eda Fernanda Vargas Castro en la prueba de salto de longitud, al concretar un metal plateado durante la segunda jornada de competencias. Tal como lo marca ... Leer m\u00e1s","og_url":"https:\/\/codeq.qroo.gob.mx\/index.php\/2025\/06\/26\/suma-quintana-roo-medalla-de-plata-al-continuar-con-la-actividad-del-atletismo-en-la-olimpiada-nacional-conade-2025\/","og_site_name":"Comisi\u00f3n del Deporte de Quintana Roo","article_published_time":"2025-06-26T20:09:35+00:00","og_image":[{"width":1600,"height":1113,"url":"https:\/\/codeq.qroo.gob.mx\/wp-content\/uploads\/2025\/06\/WhatsApp-Image-2025-06-26-at-2.58.15-PM2.jpeg","type":"image\/jpeg"}],"author":"Jorge Antonio Carvajal Maldonado","twitter_card":"summary_large_image","twitter_misc":{"Escrito por":"Jorge Antonio Carvajal Maldonado","Tiempo de lectura":"3 minutos"},"schema":{"@context":"https:\/\/schema.org","@graph":[{"@type":"Article","@id":"https:\/\/codeq.qroo.gob.mx\/index.php\/2025\/06\/26\/suma-quintana-roo-medalla-de-plata-al-continuar-con-la-actividad-del-atletismo-en-la-olimpiada-nacional-conade-2025\/#article","isPartOf":{"@id":"https:\/\/codeq.qroo.gob.mx\/index.php\/2025\/06\/26\/suma-quintana-roo-medalla-de-plata-al-continuar-con-la-actividad-del-atletismo-en-la-olimpiada-nacional-conade-2025\/"},"author":{"name":"Jorge Antonio Carvajal Maldonado","@id":"https:\/\/codeq.qroo.gob.mx\/#\/schema\/person\/08f280f71ae6986a008ff55cb6d46160"},"headline":"Suma Quintana Roo medalla de plata al continuar con la actividad del atletismo en la Olimpiada Nacional CONADE 2025","datePublished":"2025-06-26T20:09:35+00:00","mainEntityOfPage":{"@id":"https:\/\/codeq.qroo.gob.mx\/index.php\/2025\/06\/26\/suma-quintana-roo-medalla-de-plata-al-continuar-con-la-actividad-del-atletismo-en-la-olimpiada-nacional-conade-2025\/"},"wordCount":322,"commentCount":0,"publisher":{"@id":"https:\/\/codeq.qroo.gob.mx\/#organization"},"image":{"@id":"https:\/\/codeq.qroo.gob.mx\/index.php\/2025\/06\/26\/suma-quintana-roo-medalla-de-plata-al-continuar-con-la-actividad-del-atletismo-en-la-olimpiada-nacional-conade-2025\/#primaryimage"},"thumbnailUrl":"https:\/\/codeq.qroo.gob.mx\/wp-content\/uploads\/2025\/06\/WhatsApp-Image-2025-06-26-at-2.58.15-PM2.jpeg","articleSection":["Noticias"],"inLanguage":"es","potentialAction":[{"@type":"CommentAction","name":"Comment","target":["https:\/\/codeq.qroo.gob.mx\/index.php\/2025\/06\/26\/suma-quintana-roo-medalla-de-plata-al-continuar-con-la-actividad-del-atletismo-en-la-olimpiada-nacional-conade-2025\/#respond"]}]},{"@type":"WebPage","@id":"https:\/\/codeq.qroo.gob.mx\/index.php\/2025\/06\/26\/suma-quintana-roo-medalla-de-plata-al-continuar-con-la-actividad-del-atletismo-en-la-olimpiada-nacional-conade-2025\/","url":"https:\/\/codeq.qroo.gob.mx\/index.php\/2025\/06\/26\/suma-quintana-roo-medalla-de-plata-al-continuar-con-la-actividad-del-atletismo-en-la-olimpiada-nacional-conade-2025\/","name":"Suma Quintana Roo medalla de plata al continuar con la actividad del atletismo en la Olimpiada Nacional CONADE 2025 - Comisi\u00f3n del Deporte de Quintana Roo","isPartOf":{"@id":"https:\/\/codeq.qroo.gob.mx\/#website"},"primaryImageOfPage":{"@id":"https:\/\/codeq.qroo.gob.mx\/index.php\/2025\/06\/26\/suma-quintana-roo-medalla-de-plata-al-continuar-con-la-actividad-del-atletismo-en-la-olimpiada-nacional-conade-2025\/#primaryimage"},"image":{"@id":"https:\/\/codeq.qroo.gob.mx\/index.php\/2025\/06\/26\/suma-quintana-roo-medalla-de-plata-al-continuar-con-la-actividad-del-atletismo-en-la-olimpiada-nacional-conade-2025\/#primaryimage"},"thumbnailUrl":"https:\/\/codeq.qroo.gob.mx\/wp-content\/uploads\/2025\/06\/WhatsApp-Image-2025-06-26-at-2.58.15-PM2.jpeg","datePublished":"2025-06-26T20:09:35+00:00","breadcrumb":{"@id":"https:\/\/codeq.qroo.gob.mx\/index.php\/2025\/06\/26\/suma-quintana-roo-medalla-de-plata-al-continuar-con-la-actividad-del-atletismo-en-la-olimpiada-nacional-conade-2025\/#breadcrumb"},"inLanguage":"es","potentialAction":[{"@type":"ReadAction","target":["https:\/\/codeq.qroo.gob.mx\/index.php\/2025\/06\/26\/suma-quintana-roo-medalla-de-plata-al-continuar-con-la-actividad-del-atletismo-en-la-olimpiada-nacional-conade-2025\/"]}]},{"@type":"ImageObject","inLanguage":"es","@id":"https:\/\/codeq.qroo.gob.mx\/index.php\/2025\/06\/26\/suma-quintana-roo-medalla-de-plata-al-continuar-con-la-actividad-del-atletismo-en-la-olimpiada-nacional-conade-2025\/#primaryimage","url":"https:\/\/codeq.qroo.gob.mx\/wp-content\/uploads\/2025\/06\/WhatsApp-Image-2025-06-26-at-2.58.15-PM2.jpeg","contentUrl":"https:\/\/codeq.qroo.gob.mx\/wp-content\/uploads\/2025\/06\/WhatsApp-Image-2025-06-26-at-2.58.15-PM2.jpeg","width":1600,"height":1113},{"@type":"BreadcrumbList","@id":"https:\/\/codeq.qroo.gob.mx\/index.php\/2025\/06\/26\/suma-quintana-roo-medalla-de-plata-al-continuar-con-la-actividad-del-atletismo-en-la-olimpiada-nacional-conade-2025\/#breadcrumb","itemListElement":[{"@type":"ListItem","position":1,"name":"Inicio","item":"https:\/\/codeq.qroo.gob.mx\/"},{"@type":"ListItem","position":2,"name":"Suma Quintana Roo medalla de plata al continuar con la actividad del atletismo en la Olimpiada Nacional CONADE 2025"}]},{"@type":"WebSite","@id":"https:\/\/codeq.qroo.gob.mx\/#website","url":"https:\/\/codeq.qroo.gob.mx\/","name":"Comisi\u00f3n del Deporte de Quintana Roo","description":"CODEQ","publisher":{"@id":"https:\/\/codeq.qroo.gob.mx\/#organization"},"potentialAction":[{"@type":"SearchAction","target":{"@type":"EntryPoint","urlTemplate":"https:\/\/codeq.qroo.gob.mx\/?s={search_term_string}"},"query-input":{"@type":"PropertyValueSpecification","valueRequired":true,"valueName":"search_term_string"}}],"inLanguage":"es"},{"@type":"Organization","@id":"https:\/\/codeq.qroo.gob.mx\/#organization","name":"Comisi\u00f3n del Deporte de Quintana Roo","url":"https:\/\/codeq.qroo.gob.mx\/","logo":{"@type":"ImageObject","inLanguage":"es","@id":"https:\/\/codeq.qroo.gob.mx\/#\/schema\/logo\/image\/","url":"https:\/\/codeq.qroo.gob.mx\/wp-content\/uploads\/2024\/07\/CODEQ.png","contentUrl":"https:\/\/codeq.qroo.gob.mx\/wp-content\/uploads\/2024\/07\/CODEQ.png","width":3000,"height":1688,"caption":"Comisi\u00f3n del Deporte de Quintana Roo"},"image":{"@id":"https:\/\/codeq.qroo.gob.mx\/#\/schema\/logo\/image\/"}},{"@type":"Person","@id":"https:\/\/codeq.qroo.gob.mx\/#\/schema\/person\/08f280f71ae6986a008ff55cb6d46160","name":"Jorge Antonio Carvajal Maldonado","image":{"@type":"ImageObject","inLanguage":"es","@id":"https:\/\/codeq.qroo.gob.mx\/#\/schema\/person\/image\/","url":"https:\/\/secure.gravatar.com\/avatar\/e61cdf534226ddcecdaed9988ec080e5df82259aa9a3e3f50abf5a5f2b95122f?s=96&d=mm&r=g","contentUrl":"https:\/\/secure.gravatar.com\/avatar\/e61cdf534226ddcecdaed9988ec080e5df82259aa9a3e3f50abf5a5f2b95122f?s=96&d=mm&r=g","caption":"Jorge Antonio Carvajal Maldonado"},"url":"https:\/\/codeq.qroo.gob.mx\/index.php\/author\/antonio\/"}]}},"_links":{"self":[{"href":"https:\/\/codeq.qroo.gob.mx\/index.php\/wp-json\/wp\/v2\/posts\/37481","targetHints":{"allow":["GET"]}}],"collection":[{"href":"https:\/\/codeq.qroo.gob.mx\/index.php\/wp-json\/wp\/v2\/posts"}],"about":[{"href":"https:\/\/codeq.qroo.gob.mx\/index.php\/wp-json\/wp\/v2\/types\/post"}],"author":[{"embeddable":true,"href":"https:\/\/codeq.qroo.gob.mx\/index.php\/wp-json\/wp\/v2\/users\/3"}],"replies":[{"embeddable":true,"href":"https:\/\/codeq.qroo.gob.mx\/index.php\/wp-json\/wp\/v2\/comments?post=37481"}],"version-history":[{"count":1,"href":"https:\/\/codeq.qroo.gob.mx\/index.php\/wp-json\/wp\/v2\/posts\/37481\/revisions"}],"predecessor-version":[{"id":37488,"href":"https:\/\/codeq.qroo.gob.mx\/index.php\/wp-json\/wp\/v2\/posts\/37481\/revisions\/37488"}],"wp:featuredmedia":[{"embeddable":true,"href":"https:\/\/codeq.qroo.gob.mx\/index.php\/wp-json\/wp\/v2\/media\/37484"}],"wp:attachment":[{"href":"https:\/\/codeq.qroo.gob.mx\/index.php\/wp-json\/wp\/v2\/media?parent=37481"}],"wp:term":[{"taxonomy":"category","embeddable":true,"href":"https:\/\/codeq.qroo.gob.mx\/index.php\/wp-json\/wp\/v2\/categories?post=37481"},{"taxonomy":"post_tag","embeddable":true,"href":"https:\/\/codeq.qroo.gob.mx\/index.php\/wp-json\/wp\/v2\/tags?post=37481"}],"curies":[{"name":"wp","href":"https:\/\/api.w.org\/{rel}","templated":true}]}}