{"id":37460,"date":"2025-06-24T14:56:58","date_gmt":"2025-06-24T19:56:58","guid":{"rendered":"https:\/\/codeq.qroo.gob.mx\/?p=37460"},"modified":"2025-06-24T14:56:58","modified_gmt":"2025-06-24T19:56:58","slug":"dorada-jornada-para-el-taekwondo-quintanarroense-en-la-olimpiada-nacional-conade-2025","status":"publish","type":"post","link":"https:\/\/codeq.qroo.gob.mx\/index.php\/2025\/06\/24\/dorada-jornada-para-el-taekwondo-quintanarroense-en-la-olimpiada-nacional-conade-2025\/","title":{"rendered":"Dorada jornada para el Taekwondo quintanarroense en la Olimpiada Nacional CONADE 2025"},"content":{"rendered":"\n<p><\/p>\n\n\n\n<ul class=\"wp-block-list\">\n<li>El equipo estatal conquist\u00f3 dos preseas doradas, una de plata y una m\u00e1s de bronce, en la modalidad Combate, en la actividad que se realiza en el CODE Alcalde de Guadalajara<\/li>\n<\/ul>\n\n\n\n<p>La Selecci\u00f3n de Quintana Roo en la disciplina de Taekwondo, tuvo una jornada muy productiva y adem\u00e1s fue dorada dentro de la Olimpiada Nacional CONADE 2025, esto luego de conquistar cuatro preseas m\u00e1s, las cuales fueron dos de oro, una de plata y una m\u00e1s de bronce, dentro de las actividades de la modalidad de Combate, que se realiza en el Domo del CODE Alcalde, en Guadalajara, Jalisco.<\/p>\n\n\n\n<p>Tal como lo marca el Nuevo Acuerdo por el Bienestar y Desarrollo, que impulsa la gobernadora Mara Lezama Espinosa, se trabaja para que las y los atletas quintanarroenses sean respaldados a trav\u00e9s de la Comisi\u00f3n del Deporte de Quintana Roo (CODEQ), presidida por Jacobo Arzate Hop y as\u00ed puedan cumplir con sus compromisos deportivos.<\/p>\n\n\n\n<p>Pasando a los resultados de la jornada, la primera medalla de oro lleg\u00f3 para el estado por conducto de Andrea Aguilar Gonz\u00e1lez, quien demostr\u00f3 su gran nivel al derrotar en la gran final a la representante de Chihuahua en un emocionante combate, dentro de la divisi\u00f3n de los menores de los 55 kilogramos de la categor\u00eda 12-14 a\u00f1os.<\/p>\n\n\n\n<p>Posteriormente lleg\u00f3 el turno para Valentina Barrios Casta\u00f1eda, quien, con mucha autoridad, derrot\u00f3 a Elvia Mac\u00edas de Baja California, en la gran final de la divisi\u00f3n de los 59 kilogramos de la categor\u00eda 12-14 a\u00f1os rama Femenil, y con ello la atleta quintanarroense subi\u00f3 hasta lo m\u00e1s alto del podio, para recibir su presea dorada.<\/p>\n\n\n\n<p>Por otro lado, el metal de plata fue conseguido por Jos\u00e9 de Jes\u00fas Bravo Ram\u00edrez, quien hizo un gran torneo para instalarse en la final de su categor\u00eda, donde cay\u00f3 ante el representante de Durango en un combate lleno de grandes momentos de la divisi\u00f3n de los menores de los 53 kilogramos de la categor\u00eda 12-14 a\u00f1os.<\/p>\n\n\n\n<p>Finalmente, Joshua Carde\u00f1a Moreno, tambi\u00e9n aport\u00f3 medalla para Quintana Roo, la cual fue de bronce dentro de la divisi\u00f3n de los menores de los 61 kilogramos, este tercer puesto lo comparti\u00f3 con el representante de Baja California, mientras que el oro fue para Nuevo Le\u00f3n y la plata para Nayarit.<\/p>\n\n\n\n<p>Con este resultado, el equipo de Taekwondo de Quintana Roo lleg\u00f3 al momento a ocho preseas obtenidas, con dos oros, tres platas y tres bronces; mientras que, en el medallero general de la justa, la entidad ya suma 158 metales, dejando las cifras en 44 oros, 60 de plata y 54 m\u00e1s de bronce.<\/p>\n\n\n\n<figure class=\"wp-block-gallery has-nested-images columns-default is-cropped wp-block-gallery-1 is-layout-flex wp-block-gallery-is-layout-flex\">\n<figure class=\"wp-block-image size-large\"><img fetchpriority=\"high\" decoding=\"async\" width=\"1024\" height=\"684\" data-id=\"37461\" src=\"https:\/\/codeq.qroo.gob.mx\/wp-content\/uploads\/2025\/06\/WhatsApp-Image-2025-06-24-at-1.52.43-PM2-1024x684.jpeg\" alt=\"\" class=\"wp-image-37461\" srcset=\"https:\/\/codeq.qroo.gob.mx\/wp-content\/uploads\/2025\/06\/WhatsApp-Image-2025-06-24-at-1.52.43-PM2-1024x684.jpeg 1024w, https:\/\/codeq.qroo.gob.mx\/wp-content\/uploads\/2025\/06\/WhatsApp-Image-2025-06-24-at-1.52.43-PM2-300x200.jpeg 300w, https:\/\/codeq.qroo.gob.mx\/wp-content\/uploads\/2025\/06\/WhatsApp-Image-2025-06-24-at-1.52.43-PM2-768x513.jpeg 768w, https:\/\/codeq.qroo.gob.mx\/wp-content\/uploads\/2025\/06\/WhatsApp-Image-2025-06-24-at-1.52.43-PM2-1536x1026.jpeg 1536w, https:\/\/codeq.qroo.gob.mx\/wp-content\/uploads\/2025\/06\/WhatsApp-Image-2025-06-24-at-1.52.43-PM2.jpeg 1600w\" sizes=\"(max-width: 1024px) 100vw, 1024px\" \/><\/figure>\n\n\n\n<figure class=\"wp-block-image size-large\"><img decoding=\"async\" width=\"1024\" height=\"684\" data-id=\"37464\" src=\"https:\/\/codeq.qroo.gob.mx\/wp-content\/uploads\/2025\/06\/WhatsApp-Image-2025-06-24-at-1.52.43-PM1-1024x684.jpeg\" alt=\"\" class=\"wp-image-37464\" srcset=\"https:\/\/codeq.qroo.gob.mx\/wp-content\/uploads\/2025\/06\/WhatsApp-Image-2025-06-24-at-1.52.43-PM1-1024x684.jpeg 1024w, https:\/\/codeq.qroo.gob.mx\/wp-content\/uploads\/2025\/06\/WhatsApp-Image-2025-06-24-at-1.52.43-PM1-300x200.jpeg 300w, https:\/\/codeq.qroo.gob.mx\/wp-content\/uploads\/2025\/06\/WhatsApp-Image-2025-06-24-at-1.52.43-PM1-768x513.jpeg 768w, https:\/\/codeq.qroo.gob.mx\/wp-content\/uploads\/2025\/06\/WhatsApp-Image-2025-06-24-at-1.52.43-PM1-1536x1026.jpeg 1536w, https:\/\/codeq.qroo.gob.mx\/wp-content\/uploads\/2025\/06\/WhatsApp-Image-2025-06-24-at-1.52.43-PM1.jpeg 1600w\" sizes=\"(max-width: 1024px) 100vw, 1024px\" \/><\/figure>\n\n\n\n<figure class=\"wp-block-image size-large\"><img decoding=\"async\" width=\"1024\" height=\"684\" data-id=\"37462\" src=\"https:\/\/codeq.qroo.gob.mx\/wp-content\/uploads\/2025\/06\/WhatsApp-Image-2025-06-24-at-1.52.43-PM-1024x684.jpeg\" alt=\"\" class=\"wp-image-37462\" srcset=\"https:\/\/codeq.qroo.gob.mx\/wp-content\/uploads\/2025\/06\/WhatsApp-Image-2025-06-24-at-1.52.43-PM-1024x684.jpeg 1024w, https:\/\/codeq.qroo.gob.mx\/wp-content\/uploads\/2025\/06\/WhatsApp-Image-2025-06-24-at-1.52.43-PM-300x200.jpeg 300w, https:\/\/codeq.qroo.gob.mx\/wp-content\/uploads\/2025\/06\/WhatsApp-Image-2025-06-24-at-1.52.43-PM-768x513.jpeg 768w, https:\/\/codeq.qroo.gob.mx\/wp-content\/uploads\/2025\/06\/WhatsApp-Image-2025-06-24-at-1.52.43-PM-1536x1026.jpeg 1536w, https:\/\/codeq.qroo.gob.mx\/wp-content\/uploads\/2025\/06\/WhatsApp-Image-2025-06-24-at-1.52.43-PM.jpeg 1600w\" sizes=\"(max-width: 1024px) 100vw, 1024px\" \/><\/figure>\n\n\n\n<figure class=\"wp-block-image size-large\"><img loading=\"lazy\" decoding=\"async\" width=\"1024\" height=\"684\" data-id=\"37466\" src=\"https:\/\/codeq.qroo.gob.mx\/wp-content\/uploads\/2025\/06\/WhatsApp-Image-2025-06-24-at-1.52.42-PM2-1024x684.jpeg\" alt=\"\" class=\"wp-image-37466\" srcset=\"https:\/\/codeq.qroo.gob.mx\/wp-content\/uploads\/2025\/06\/WhatsApp-Image-2025-06-24-at-1.52.42-PM2-1024x684.jpeg 1024w, https:\/\/codeq.qroo.gob.mx\/wp-content\/uploads\/2025\/06\/WhatsApp-Image-2025-06-24-at-1.52.42-PM2-300x200.jpeg 300w, https:\/\/codeq.qroo.gob.mx\/wp-content\/uploads\/2025\/06\/WhatsApp-Image-2025-06-24-at-1.52.42-PM2-768x513.jpeg 768w, https:\/\/codeq.qroo.gob.mx\/wp-content\/uploads\/2025\/06\/WhatsApp-Image-2025-06-24-at-1.52.42-PM2-1536x1026.jpeg 1536w, https:\/\/codeq.qroo.gob.mx\/wp-content\/uploads\/2025\/06\/WhatsApp-Image-2025-06-24-at-1.52.42-PM2.jpeg 1600w\" sizes=\"(max-width: 1024px) 100vw, 1024px\" \/><\/figure>\n\n\n\n<figure class=\"wp-block-image size-large\"><img loading=\"lazy\" decoding=\"async\" width=\"1024\" height=\"684\" data-id=\"37465\" src=\"https:\/\/codeq.qroo.gob.mx\/wp-content\/uploads\/2025\/06\/WhatsApp-Image-2025-06-24-at-1.52.42-PM1-1024x684.jpeg\" alt=\"\" class=\"wp-image-37465\" srcset=\"https:\/\/codeq.qroo.gob.mx\/wp-content\/uploads\/2025\/06\/WhatsApp-Image-2025-06-24-at-1.52.42-PM1-1024x684.jpeg 1024w, https:\/\/codeq.qroo.gob.mx\/wp-content\/uploads\/2025\/06\/WhatsApp-Image-2025-06-24-at-1.52.42-PM1-300x200.jpeg 300w, https:\/\/codeq.qroo.gob.mx\/wp-content\/uploads\/2025\/06\/WhatsApp-Image-2025-06-24-at-1.52.42-PM1-768x513.jpeg 768w, https:\/\/codeq.qroo.gob.mx\/wp-content\/uploads\/2025\/06\/WhatsApp-Image-2025-06-24-at-1.52.42-PM1-1536x1026.jpeg 1536w, https:\/\/codeq.qroo.gob.mx\/wp-content\/uploads\/2025\/06\/WhatsApp-Image-2025-06-24-at-1.52.42-PM1.jpeg 1600w\" sizes=\"(max-width: 1024px) 100vw, 1024px\" \/><\/figure>\n\n\n\n<figure class=\"wp-block-image size-large\"><img loading=\"lazy\" decoding=\"async\" width=\"1024\" height=\"684\" data-id=\"37463\" src=\"https:\/\/codeq.qroo.gob.mx\/wp-content\/uploads\/2025\/06\/WhatsApp-Image-2025-06-24-at-1.52.42-PM-1024x684.jpeg\" alt=\"\" class=\"wp-image-37463\" srcset=\"https:\/\/codeq.qroo.gob.mx\/wp-content\/uploads\/2025\/06\/WhatsApp-Image-2025-06-24-at-1.52.42-PM-1024x684.jpeg 1024w, https:\/\/codeq.qroo.gob.mx\/wp-content\/uploads\/2025\/06\/WhatsApp-Image-2025-06-24-at-1.52.42-PM-300x200.jpeg 300w, https:\/\/codeq.qroo.gob.mx\/wp-content\/uploads\/2025\/06\/WhatsApp-Image-2025-06-24-at-1.52.42-PM-768x513.jpeg 768w, https:\/\/codeq.qroo.gob.mx\/wp-content\/uploads\/2025\/06\/WhatsApp-Image-2025-06-24-at-1.52.42-PM-1536x1026.jpeg 1536w, https:\/\/codeq.qroo.gob.mx\/wp-content\/uploads\/2025\/06\/WhatsApp-Image-2025-06-24-at-1.52.42-PM.jpeg 1600w\" sizes=\"(max-width: 1024px) 100vw, 1024px\" \/><\/figure>\n<\/figure>\n","protected":false},"excerpt":{"rendered":"<p>La Selecci\u00f3n de Quintana Roo en la disciplina de Taekwondo, tuvo una jornada muy productiva y adem\u00e1s fue dorada dentro de la Olimpiada Nacional CONADE 2025, esto luego de conquistar cuatro preseas m\u00e1s, las cuales fueron dos de oro, una de plata y una m\u00e1s de bronce, dentro de las actividades de la modalidad de &#8230; <a title=\"Dorada jornada para el Taekwondo quintanarroense en la Olimpiada Nacional CONADE 2025\" class=\"read-more\" href=\"https:\/\/codeq.qroo.gob.mx\/index.php\/2025\/06\/24\/dorada-jornada-para-el-taekwondo-quintanarroense-en-la-olimpiada-nacional-conade-2025\/\" aria-label=\"Leer m\u00e1s sobre Dorada jornada para el Taekwondo quintanarroense en la Olimpiada Nacional CONADE 2025\">Leer m\u00e1s<\/a><\/p>\n","protected":false},"author":3,"featured_media":37466,"comment_status":"open","ping_status":"open","sticky":false,"template":"","format":"standard","meta":{"footnotes":""},"categories":[5],"tags":[],"class_list":["post-37460","post","type-post","status-publish","format-standard","has-post-thumbnail","hentry","category-noticias"],"yoast_head":"<!-- This site is optimized with the Yoast SEO plugin v25.5 - https:\/\/yoast.com\/wordpress\/plugins\/seo\/ -->\n<title>Dorada jornada para el Taekwondo quintanarroense en la Olimpiada Nacional CONADE 2025 - Comisi\u00f3n del Deporte de Quintana Roo<\/title>\n<meta name=\"robots\" content=\"index, follow, max-snippet:-1, max-image-preview:large, max-video-preview:-1\" \/>\n<link rel=\"canonical\" href=\"https:\/\/codeq.qroo.gob.mx\/index.php\/2025\/06\/24\/dorada-jornada-para-el-taekwondo-quintanarroense-en-la-olimpiada-nacional-conade-2025\/\" \/>\n<meta property=\"og:locale\" content=\"es_MX\" \/>\n<meta property=\"og:type\" content=\"article\" \/>\n<meta property=\"og:title\" content=\"Dorada jornada para el Taekwondo quintanarroense en la Olimpiada Nacional CONADE 2025 - Comisi\u00f3n del Deporte de Quintana Roo\" \/>\n<meta property=\"og:description\" content=\"La Selecci\u00f3n de Quintana Roo en la disciplina de Taekwondo, tuvo una jornada muy productiva y adem\u00e1s fue dorada dentro de la Olimpiada Nacional CONADE 2025, esto luego de conquistar cuatro preseas m\u00e1s, las cuales fueron dos de oro, una de plata y una m\u00e1s de bronce, dentro de las actividades de la modalidad de ... Leer m\u00e1s\" \/>\n<meta property=\"og:url\" content=\"https:\/\/codeq.qroo.gob.mx\/index.php\/2025\/06\/24\/dorada-jornada-para-el-taekwondo-quintanarroense-en-la-olimpiada-nacional-conade-2025\/\" \/>\n<meta property=\"og:site_name\" content=\"Comisi\u00f3n del Deporte de Quintana Roo\" \/>\n<meta property=\"article:published_time\" content=\"2025-06-24T19:56:58+00:00\" \/>\n<meta property=\"og:image\" content=\"https:\/\/codeq.qroo.gob.mx\/wp-content\/uploads\/2025\/06\/WhatsApp-Image-2025-06-24-at-1.52.42-PM2.jpeg\" \/>\n\t<meta property=\"og:image:width\" content=\"1600\" \/>\n\t<meta property=\"og:image:height\" content=\"1069\" \/>\n\t<meta property=\"og:image:type\" content=\"image\/jpeg\" \/>\n<meta name=\"author\" content=\"Jorge Antonio Carvajal Maldonado\" \/>\n<meta name=\"twitter:card\" content=\"summary_large_image\" \/>\n<meta name=\"twitter:label1\" content=\"Escrito por\" \/>\n\t<meta name=\"twitter:data1\" content=\"Jorge Antonio Carvajal Maldonado\" \/>\n\t<meta name=\"twitter:label2\" content=\"Tiempo de lectura\" \/>\n\t<meta name=\"twitter:data2\" content=\"4 minutos\" \/>\n<script type=\"application\/ld+json\" class=\"yoast-schema-graph\">{\"@context\":\"https:\/\/schema.org\",\"@graph\":[{\"@type\":\"Article\",\"@id\":\"https:\/\/codeq.qroo.gob.mx\/index.php\/2025\/06\/24\/dorada-jornada-para-el-taekwondo-quintanarroense-en-la-olimpiada-nacional-conade-2025\/#article\",\"isPartOf\":{\"@id\":\"https:\/\/codeq.qroo.gob.mx\/index.php\/2025\/06\/24\/dorada-jornada-para-el-taekwondo-quintanarroense-en-la-olimpiada-nacional-conade-2025\/\"},\"author\":{\"name\":\"Jorge Antonio Carvajal Maldonado\",\"@id\":\"https:\/\/codeq.qroo.gob.mx\/#\/schema\/person\/08f280f71ae6986a008ff55cb6d46160\"},\"headline\":\"Dorada jornada para el Taekwondo quintanarroense en la Olimpiada Nacional CONADE 2025\",\"datePublished\":\"2025-06-24T19:56:58+00:00\",\"mainEntityOfPage\":{\"@id\":\"https:\/\/codeq.qroo.gob.mx\/index.php\/2025\/06\/24\/dorada-jornada-para-el-taekwondo-quintanarroense-en-la-olimpiada-nacional-conade-2025\/\"},\"wordCount\":457,\"commentCount\":0,\"publisher\":{\"@id\":\"https:\/\/codeq.qroo.gob.mx\/#organization\"},\"image\":{\"@id\":\"https:\/\/codeq.qroo.gob.mx\/index.php\/2025\/06\/24\/dorada-jornada-para-el-taekwondo-quintanarroense-en-la-olimpiada-nacional-conade-2025\/#primaryimage\"},\"thumbnailUrl\":\"https:\/\/codeq.qroo.gob.mx\/wp-content\/uploads\/2025\/06\/WhatsApp-Image-2025-06-24-at-1.52.42-PM2.jpeg\",\"articleSection\":[\"Noticias\"],\"inLanguage\":\"es\",\"potentialAction\":[{\"@type\":\"CommentAction\",\"name\":\"Comment\",\"target\":[\"https:\/\/codeq.qroo.gob.mx\/index.php\/2025\/06\/24\/dorada-jornada-para-el-taekwondo-quintanarroense-en-la-olimpiada-nacional-conade-2025\/#respond\"]}]},{\"@type\":\"WebPage\",\"@id\":\"https:\/\/codeq.qroo.gob.mx\/index.php\/2025\/06\/24\/dorada-jornada-para-el-taekwondo-quintanarroense-en-la-olimpiada-nacional-conade-2025\/\",\"url\":\"https:\/\/codeq.qroo.gob.mx\/index.php\/2025\/06\/24\/dorada-jornada-para-el-taekwondo-quintanarroense-en-la-olimpiada-nacional-conade-2025\/\",\"name\":\"Dorada jornada para el Taekwondo quintanarroense en la Olimpiada Nacional CONADE 2025 - Comisi\u00f3n del Deporte de Quintana Roo\",\"isPartOf\":{\"@id\":\"https:\/\/codeq.qroo.gob.mx\/#website\"},\"primaryImageOfPage\":{\"@id\":\"https:\/\/codeq.qroo.gob.mx\/index.php\/2025\/06\/24\/dorada-jornada-para-el-taekwondo-quintanarroense-en-la-olimpiada-nacional-conade-2025\/#primaryimage\"},\"image\":{\"@id\":\"https:\/\/codeq.qroo.gob.mx\/index.php\/2025\/06\/24\/dorada-jornada-para-el-taekwondo-quintanarroense-en-la-olimpiada-nacional-conade-2025\/#primaryimage\"},\"thumbnailUrl\":\"https:\/\/codeq.qroo.gob.mx\/wp-content\/uploads\/2025\/06\/WhatsApp-Image-2025-06-24-at-1.52.42-PM2.jpeg\",\"datePublished\":\"2025-06-24T19:56:58+00:00\",\"breadcrumb\":{\"@id\":\"https:\/\/codeq.qroo.gob.mx\/index.php\/2025\/06\/24\/dorada-jornada-para-el-taekwondo-quintanarroense-en-la-olimpiada-nacional-conade-2025\/#breadcrumb\"},\"inLanguage\":\"es\",\"potentialAction\":[{\"@type\":\"ReadAction\",\"target\":[\"https:\/\/codeq.qroo.gob.mx\/index.php\/2025\/06\/24\/dorada-jornada-para-el-taekwondo-quintanarroense-en-la-olimpiada-nacional-conade-2025\/\"]}]},{\"@type\":\"ImageObject\",\"inLanguage\":\"es\",\"@id\":\"https:\/\/codeq.qroo.gob.mx\/index.php\/2025\/06\/24\/dorada-jornada-para-el-taekwondo-quintanarroense-en-la-olimpiada-nacional-conade-2025\/#primaryimage\",\"url\":\"https:\/\/codeq.qroo.gob.mx\/wp-content\/uploads\/2025\/06\/WhatsApp-Image-2025-06-24-at-1.52.42-PM2.jpeg\",\"contentUrl\":\"https:\/\/codeq.qroo.gob.mx\/wp-content\/uploads\/2025\/06\/WhatsApp-Image-2025-06-24-at-1.52.42-PM2.jpeg\",\"width\":1600,\"height\":1069},{\"@type\":\"BreadcrumbList\",\"@id\":\"https:\/\/codeq.qroo.gob.mx\/index.php\/2025\/06\/24\/dorada-jornada-para-el-taekwondo-quintanarroense-en-la-olimpiada-nacional-conade-2025\/#breadcrumb\",\"itemListElement\":[{\"@type\":\"ListItem\",\"position\":1,\"name\":\"Inicio\",\"item\":\"https:\/\/codeq.qroo.gob.mx\/\"},{\"@type\":\"ListItem\",\"position\":2,\"name\":\"Dorada jornada para el Taekwondo quintanarroense en la Olimpiada Nacional CONADE 2025\"}]},{\"@type\":\"WebSite\",\"@id\":\"https:\/\/codeq.qroo.gob.mx\/#website\",\"url\":\"https:\/\/codeq.qroo.gob.mx\/\",\"name\":\"Comisi\u00f3n del Deporte de Quintana Roo\",\"description\":\"CODEQ\",\"publisher\":{\"@id\":\"https:\/\/codeq.qroo.gob.mx\/#organization\"},\"potentialAction\":[{\"@type\":\"SearchAction\",\"target\":{\"@type\":\"EntryPoint\",\"urlTemplate\":\"https:\/\/codeq.qroo.gob.mx\/?s={search_term_string}\"},\"query-input\":{\"@type\":\"PropertyValueSpecification\",\"valueRequired\":true,\"valueName\":\"search_term_string\"}}],\"inLanguage\":\"es\"},{\"@type\":\"Organization\",\"@id\":\"https:\/\/codeq.qroo.gob.mx\/#organization\",\"name\":\"Comisi\u00f3n del Deporte de Quintana Roo\",\"url\":\"https:\/\/codeq.qroo.gob.mx\/\",\"logo\":{\"@type\":\"ImageObject\",\"inLanguage\":\"es\",\"@id\":\"https:\/\/codeq.qroo.gob.mx\/#\/schema\/logo\/image\/\",\"url\":\"https:\/\/codeq.qroo.gob.mx\/wp-content\/uploads\/2024\/07\/CODEQ.png\",\"contentUrl\":\"https:\/\/codeq.qroo.gob.mx\/wp-content\/uploads\/2024\/07\/CODEQ.png\",\"width\":3000,\"height\":1688,\"caption\":\"Comisi\u00f3n del Deporte de Quintana Roo\"},\"image\":{\"@id\":\"https:\/\/codeq.qroo.gob.mx\/#\/schema\/logo\/image\/\"}},{\"@type\":\"Person\",\"@id\":\"https:\/\/codeq.qroo.gob.mx\/#\/schema\/person\/08f280f71ae6986a008ff55cb6d46160\",\"name\":\"Jorge Antonio Carvajal Maldonado\",\"image\":{\"@type\":\"ImageObject\",\"inLanguage\":\"es\",\"@id\":\"https:\/\/codeq.qroo.gob.mx\/#\/schema\/person\/image\/\",\"url\":\"https:\/\/secure.gravatar.com\/avatar\/e61cdf534226ddcecdaed9988ec080e5df82259aa9a3e3f50abf5a5f2b95122f?s=96&d=mm&r=g\",\"contentUrl\":\"https:\/\/secure.gravatar.com\/avatar\/e61cdf534226ddcecdaed9988ec080e5df82259aa9a3e3f50abf5a5f2b95122f?s=96&d=mm&r=g\",\"caption\":\"Jorge Antonio Carvajal Maldonado\"},\"url\":\"https:\/\/codeq.qroo.gob.mx\/index.php\/author\/antonio\/\"}]}<\/script>\n<!-- \/ Yoast SEO plugin. -->","yoast_head_json":{"title":"Dorada jornada para el Taekwondo quintanarroense en la Olimpiada Nacional CONADE 2025 - Comisi\u00f3n del Deporte de Quintana Roo","robots":{"index":"index","follow":"follow","max-snippet":"max-snippet:-1","max-image-preview":"max-image-preview:large","max-video-preview":"max-video-preview:-1"},"canonical":"https:\/\/codeq.qroo.gob.mx\/index.php\/2025\/06\/24\/dorada-jornada-para-el-taekwondo-quintanarroense-en-la-olimpiada-nacional-conade-2025\/","og_locale":"es_MX","og_type":"article","og_title":"Dorada jornada para el Taekwondo quintanarroense en la Olimpiada Nacional CONADE 2025 - Comisi\u00f3n del Deporte de Quintana Roo","og_description":"La Selecci\u00f3n de Quintana Roo en la disciplina de Taekwondo, tuvo una jornada muy productiva y adem\u00e1s fue dorada dentro de la Olimpiada Nacional CONADE 2025, esto luego de conquistar cuatro preseas m\u00e1s, las cuales fueron dos de oro, una de plata y una m\u00e1s de bronce, dentro de las actividades de la modalidad de ... Leer m\u00e1s","og_url":"https:\/\/codeq.qroo.gob.mx\/index.php\/2025\/06\/24\/dorada-jornada-para-el-taekwondo-quintanarroense-en-la-olimpiada-nacional-conade-2025\/","og_site_name":"Comisi\u00f3n del Deporte de Quintana Roo","article_published_time":"2025-06-24T19:56:58+00:00","og_image":[{"width":1600,"height":1069,"url":"https:\/\/codeq.qroo.gob.mx\/wp-content\/uploads\/2025\/06\/WhatsApp-Image-2025-06-24-at-1.52.42-PM2.jpeg","type":"image\/jpeg"}],"author":"Jorge Antonio Carvajal Maldonado","twitter_card":"summary_large_image","twitter_misc":{"Escrito por":"Jorge Antonio Carvajal Maldonado","Tiempo de lectura":"4 minutos"},"schema":{"@context":"https:\/\/schema.org","@graph":[{"@type":"Article","@id":"https:\/\/codeq.qroo.gob.mx\/index.php\/2025\/06\/24\/dorada-jornada-para-el-taekwondo-quintanarroense-en-la-olimpiada-nacional-conade-2025\/#article","isPartOf":{"@id":"https:\/\/codeq.qroo.gob.mx\/index.php\/2025\/06\/24\/dorada-jornada-para-el-taekwondo-quintanarroense-en-la-olimpiada-nacional-conade-2025\/"},"author":{"name":"Jorge Antonio Carvajal Maldonado","@id":"https:\/\/codeq.qroo.gob.mx\/#\/schema\/person\/08f280f71ae6986a008ff55cb6d46160"},"headline":"Dorada jornada para el Taekwondo quintanarroense en la Olimpiada Nacional CONADE 2025","datePublished":"2025-06-24T19:56:58+00:00","mainEntityOfPage":{"@id":"https:\/\/codeq.qroo.gob.mx\/index.php\/2025\/06\/24\/dorada-jornada-para-el-taekwondo-quintanarroense-en-la-olimpiada-nacional-conade-2025\/"},"wordCount":457,"commentCount":0,"publisher":{"@id":"https:\/\/codeq.qroo.gob.mx\/#organization"},"image":{"@id":"https:\/\/codeq.qroo.gob.mx\/index.php\/2025\/06\/24\/dorada-jornada-para-el-taekwondo-quintanarroense-en-la-olimpiada-nacional-conade-2025\/#primaryimage"},"thumbnailUrl":"https:\/\/codeq.qroo.gob.mx\/wp-content\/uploads\/2025\/06\/WhatsApp-Image-2025-06-24-at-1.52.42-PM2.jpeg","articleSection":["Noticias"],"inLanguage":"es","potentialAction":[{"@type":"CommentAction","name":"Comment","target":["https:\/\/codeq.qroo.gob.mx\/index.php\/2025\/06\/24\/dorada-jornada-para-el-taekwondo-quintanarroense-en-la-olimpiada-nacional-conade-2025\/#respond"]}]},{"@type":"WebPage","@id":"https:\/\/codeq.qroo.gob.mx\/index.php\/2025\/06\/24\/dorada-jornada-para-el-taekwondo-quintanarroense-en-la-olimpiada-nacional-conade-2025\/","url":"https:\/\/codeq.qroo.gob.mx\/index.php\/2025\/06\/24\/dorada-jornada-para-el-taekwondo-quintanarroense-en-la-olimpiada-nacional-conade-2025\/","name":"Dorada jornada para el Taekwondo quintanarroense en la Olimpiada Nacional CONADE 2025 - Comisi\u00f3n del Deporte de Quintana Roo","isPartOf":{"@id":"https:\/\/codeq.qroo.gob.mx\/#website"},"primaryImageOfPage":{"@id":"https:\/\/codeq.qroo.gob.mx\/index.php\/2025\/06\/24\/dorada-jornada-para-el-taekwondo-quintanarroense-en-la-olimpiada-nacional-conade-2025\/#primaryimage"},"image":{"@id":"https:\/\/codeq.qroo.gob.mx\/index.php\/2025\/06\/24\/dorada-jornada-para-el-taekwondo-quintanarroense-en-la-olimpiada-nacional-conade-2025\/#primaryimage"},"thumbnailUrl":"https:\/\/codeq.qroo.gob.mx\/wp-content\/uploads\/2025\/06\/WhatsApp-Image-2025-06-24-at-1.52.42-PM2.jpeg","datePublished":"2025-06-24T19:56:58+00:00","breadcrumb":{"@id":"https:\/\/codeq.qroo.gob.mx\/index.php\/2025\/06\/24\/dorada-jornada-para-el-taekwondo-quintanarroense-en-la-olimpiada-nacional-conade-2025\/#breadcrumb"},"inLanguage":"es","potentialAction":[{"@type":"ReadAction","target":["https:\/\/codeq.qroo.gob.mx\/index.php\/2025\/06\/24\/dorada-jornada-para-el-taekwondo-quintanarroense-en-la-olimpiada-nacional-conade-2025\/"]}]},{"@type":"ImageObject","inLanguage":"es","@id":"https:\/\/codeq.qroo.gob.mx\/index.php\/2025\/06\/24\/dorada-jornada-para-el-taekwondo-quintanarroense-en-la-olimpiada-nacional-conade-2025\/#primaryimage","url":"https:\/\/codeq.qroo.gob.mx\/wp-content\/uploads\/2025\/06\/WhatsApp-Image-2025-06-24-at-1.52.42-PM2.jpeg","contentUrl":"https:\/\/codeq.qroo.gob.mx\/wp-content\/uploads\/2025\/06\/WhatsApp-Image-2025-06-24-at-1.52.42-PM2.jpeg","width":1600,"height":1069},{"@type":"BreadcrumbList","@id":"https:\/\/codeq.qroo.gob.mx\/index.php\/2025\/06\/24\/dorada-jornada-para-el-taekwondo-quintanarroense-en-la-olimpiada-nacional-conade-2025\/#breadcrumb","itemListElement":[{"@type":"ListItem","position":1,"name":"Inicio","item":"https:\/\/codeq.qroo.gob.mx\/"},{"@type":"ListItem","position":2,"name":"Dorada jornada para el Taekwondo quintanarroense en la Olimpiada Nacional CONADE 2025"}]},{"@type":"WebSite","@id":"https:\/\/codeq.qroo.gob.mx\/#website","url":"https:\/\/codeq.qroo.gob.mx\/","name":"Comisi\u00f3n del Deporte de Quintana Roo","description":"CODEQ","publisher":{"@id":"https:\/\/codeq.qroo.gob.mx\/#organization"},"potentialAction":[{"@type":"SearchAction","target":{"@type":"EntryPoint","urlTemplate":"https:\/\/codeq.qroo.gob.mx\/?s={search_term_string}"},"query-input":{"@type":"PropertyValueSpecification","valueRequired":true,"valueName":"search_term_string"}}],"inLanguage":"es"},{"@type":"Organization","@id":"https:\/\/codeq.qroo.gob.mx\/#organization","name":"Comisi\u00f3n del Deporte de Quintana Roo","url":"https:\/\/codeq.qroo.gob.mx\/","logo":{"@type":"ImageObject","inLanguage":"es","@id":"https:\/\/codeq.qroo.gob.mx\/#\/schema\/logo\/image\/","url":"https:\/\/codeq.qroo.gob.mx\/wp-content\/uploads\/2024\/07\/CODEQ.png","contentUrl":"https:\/\/codeq.qroo.gob.mx\/wp-content\/uploads\/2024\/07\/CODEQ.png","width":3000,"height":1688,"caption":"Comisi\u00f3n del Deporte de Quintana Roo"},"image":{"@id":"https:\/\/codeq.qroo.gob.mx\/#\/schema\/logo\/image\/"}},{"@type":"Person","@id":"https:\/\/codeq.qroo.gob.mx\/#\/schema\/person\/08f280f71ae6986a008ff55cb6d46160","name":"Jorge Antonio Carvajal Maldonado","image":{"@type":"ImageObject","inLanguage":"es","@id":"https:\/\/codeq.qroo.gob.mx\/#\/schema\/person\/image\/","url":"https:\/\/secure.gravatar.com\/avatar\/e61cdf534226ddcecdaed9988ec080e5df82259aa9a3e3f50abf5a5f2b95122f?s=96&d=mm&r=g","contentUrl":"https:\/\/secure.gravatar.com\/avatar\/e61cdf534226ddcecdaed9988ec080e5df82259aa9a3e3f50abf5a5f2b95122f?s=96&d=mm&r=g","caption":"Jorge Antonio Carvajal Maldonado"},"url":"https:\/\/codeq.qroo.gob.mx\/index.php\/author\/antonio\/"}]}},"_links":{"self":[{"href":"https:\/\/codeq.qroo.gob.mx\/index.php\/wp-json\/wp\/v2\/posts\/37460","targetHints":{"allow":["GET"]}}],"collection":[{"href":"https:\/\/codeq.qroo.gob.mx\/index.php\/wp-json\/wp\/v2\/posts"}],"about":[{"href":"https:\/\/codeq.qroo.gob.mx\/index.php\/wp-json\/wp\/v2\/types\/post"}],"author":[{"embeddable":true,"href":"https:\/\/codeq.qroo.gob.mx\/index.php\/wp-json\/wp\/v2\/users\/3"}],"replies":[{"embeddable":true,"href":"https:\/\/codeq.qroo.gob.mx\/index.php\/wp-json\/wp\/v2\/comments?post=37460"}],"version-history":[{"count":1,"href":"https:\/\/codeq.qroo.gob.mx\/index.php\/wp-json\/wp\/v2\/posts\/37460\/revisions"}],"predecessor-version":[{"id":37467,"href":"https:\/\/codeq.qroo.gob.mx\/index.php\/wp-json\/wp\/v2\/posts\/37460\/revisions\/37467"}],"wp:featuredmedia":[{"embeddable":true,"href":"https:\/\/codeq.qroo.gob.mx\/index.php\/wp-json\/wp\/v2\/media\/37466"}],"wp:attachment":[{"href":"https:\/\/codeq.qroo.gob.mx\/index.php\/wp-json\/wp\/v2\/media?parent=37460"}],"wp:term":[{"taxonomy":"category","embeddable":true,"href":"https:\/\/codeq.qroo.gob.mx\/index.php\/wp-json\/wp\/v2\/categories?post=37460"},{"taxonomy":"post_tag","embeddable":true,"href":"https:\/\/codeq.qroo.gob.mx\/index.php\/wp-json\/wp\/v2\/tags?post=37460"}],"curies":[{"name":"wp","href":"https:\/\/api.w.org\/{rel}","templated":true}]}}