{"id":37413,"date":"2025-06-10T16:26:18","date_gmt":"2025-06-10T21:26:18","guid":{"rendered":"https:\/\/codeq.qroo.gob.mx\/?p=37413"},"modified":"2025-06-10T16:26:20","modified_gmt":"2025-06-10T21:26:20","slug":"debuta-quintana-roo-en-luchas-asociadas-durante-la-olimpiada-nacional-conade-2025-sumando-dos-preseas","status":"publish","type":"post","link":"https:\/\/codeq.qroo.gob.mx\/index.php\/2025\/06\/10\/debuta-quintana-roo-en-luchas-asociadas-durante-la-olimpiada-nacional-conade-2025-sumando-dos-preseas\/","title":{"rendered":"Debuta Quintana Roo en Luchas Asociadas durante la Olimpiada Nacional CONADE 2025 sumando dos preseas"},"content":{"rendered":"\n<p><\/p>\n\n\n\n<ul class=\"wp-block-list\">\n<li>En lo que fue el primer d\u00eda de batallas, el equipo estatal logr\u00f3 una plata y un bronce, y con ello Quintana Roo lleg\u00f3 a 110 preseas en el medallero general de la justa<\/li>\n<\/ul>\n\n\n\n<p>La Selecci\u00f3n de Quintana Roo en la disciplina de Luchas Asociadas tuvo un debut muy productivo en la Olimpiada Nacional CONADE 2025 en Tlaxcala, donde concret\u00f3 dos preseas, una de plata y una de bronce, y con ello aport\u00f3 para que la entidad llegue a las primeras 110 preseas en el medallero general de la justa nacional.<\/p>\n\n\n\n<p>Las y los atletas de la entidad son la prioridad, y por eso desde la Comisi\u00f3n del Deporte de Quintana Roo (CODEQ), presidida por Jacobo Arzate Hop, se trabaja #ANivelDeCancha para dotarlos de las herramientas necesarias para su crecimiento deportivo. As\u00ed lo estipula el Nuevo Acuerdo por el Bienestar y Desarrollo, que impulsa la gobernadora Mara Lezama Espinosa.<\/p>\n\n\n\n<p>En esta actividad, que se realiza en el Centro de Convenciones de Tlaxcala, iniciaron las competencias de la categor\u00eda grecorromana.<\/p>\n\n\n\n<p>Los representantes de Quintana Roo salieron al tatami con gran determinaci\u00f3n y llevaron a los gladiadores a obtener valiosas medallas de plata y bronce, sumando m\u00e1s metales al medallero del estado.<\/p>\n\n\n\n<p>El primero en subir al podio fue Dami\u00e1n Adri\u00e1n Granados Oliva, quien protagoniz\u00f3 una destacada actuaci\u00f3n en la categor\u00eda Infantil 52 kilogramos. Con tres victorias consecutivas, lleg\u00f3 a la gran final, donde dej\u00f3 todo en el tatami para colgarse la medalla de plata.<\/p>\n\n\n\n<p>Por su parte, Leandro Emanuel Arg\u00fcelles Morales obtuvo la medalla de bronce en la categor\u00eda Juvenil 82 kilogramos. Su excelente desempe\u00f1o se vio limitado por una lesi\u00f3n que le impidi\u00f3 continuar en la competencia, pero su esfuerzo le bast\u00f3 para asegurar un lugar entre los mejores.<\/p>\n\n\n\n<figure class=\"wp-block-gallery has-nested-images columns-default is-cropped wp-block-gallery-1 is-layout-flex wp-block-gallery-is-layout-flex\">\n<figure class=\"wp-block-image size-large\"><img fetchpriority=\"high\" decoding=\"async\" width=\"1024\" height=\"849\" data-id=\"37416\" src=\"https:\/\/codeq.qroo.gob.mx\/wp-content\/uploads\/2025\/06\/WhatsApp-Image-2025-06-10-at-4.21.45-PM3-1024x849.jpeg\" alt=\"\" class=\"wp-image-37416\" srcset=\"https:\/\/codeq.qroo.gob.mx\/wp-content\/uploads\/2025\/06\/WhatsApp-Image-2025-06-10-at-4.21.45-PM3-1024x849.jpeg 1024w, https:\/\/codeq.qroo.gob.mx\/wp-content\/uploads\/2025\/06\/WhatsApp-Image-2025-06-10-at-4.21.45-PM3-300x249.jpeg 300w, https:\/\/codeq.qroo.gob.mx\/wp-content\/uploads\/2025\/06\/WhatsApp-Image-2025-06-10-at-4.21.45-PM3-768x637.jpeg 768w, https:\/\/codeq.qroo.gob.mx\/wp-content\/uploads\/2025\/06\/WhatsApp-Image-2025-06-10-at-4.21.45-PM3-1536x1274.jpeg 1536w, https:\/\/codeq.qroo.gob.mx\/wp-content\/uploads\/2025\/06\/WhatsApp-Image-2025-06-10-at-4.21.45-PM3.jpeg 1600w\" sizes=\"(max-width: 1024px) 100vw, 1024px\" \/><\/figure>\n\n\n\n<figure class=\"wp-block-image size-large\"><img decoding=\"async\" width=\"682\" height=\"1024\" data-id=\"37418\" src=\"https:\/\/codeq.qroo.gob.mx\/wp-content\/uploads\/2025\/06\/WhatsApp-Image-2025-06-10-at-4.21.45-PM2-682x1024.jpeg\" alt=\"\" class=\"wp-image-37418\" srcset=\"https:\/\/codeq.qroo.gob.mx\/wp-content\/uploads\/2025\/06\/WhatsApp-Image-2025-06-10-at-4.21.45-PM2-682x1024.jpeg 682w, https:\/\/codeq.qroo.gob.mx\/wp-content\/uploads\/2025\/06\/WhatsApp-Image-2025-06-10-at-4.21.45-PM2-200x300.jpeg 200w, https:\/\/codeq.qroo.gob.mx\/wp-content\/uploads\/2025\/06\/WhatsApp-Image-2025-06-10-at-4.21.45-PM2-768x1153.jpeg 768w, https:\/\/codeq.qroo.gob.mx\/wp-content\/uploads\/2025\/06\/WhatsApp-Image-2025-06-10-at-4.21.45-PM2-1023x1536.jpeg 1023w, https:\/\/codeq.qroo.gob.mx\/wp-content\/uploads\/2025\/06\/WhatsApp-Image-2025-06-10-at-4.21.45-PM2.jpeg 1066w\" sizes=\"(max-width: 682px) 100vw, 682px\" \/><\/figure>\n\n\n\n<figure class=\"wp-block-image size-large\"><img decoding=\"async\" width=\"1024\" height=\"476\" data-id=\"37415\" src=\"https:\/\/codeq.qroo.gob.mx\/wp-content\/uploads\/2025\/06\/WhatsApp-Image-2025-06-10-at-4.21.45-PM1-1024x476.jpeg\" alt=\"\" class=\"wp-image-37415\" srcset=\"https:\/\/codeq.qroo.gob.mx\/wp-content\/uploads\/2025\/06\/WhatsApp-Image-2025-06-10-at-4.21.45-PM1-1024x476.jpeg 1024w, https:\/\/codeq.qroo.gob.mx\/wp-content\/uploads\/2025\/06\/WhatsApp-Image-2025-06-10-at-4.21.45-PM1-300x140.jpeg 300w, https:\/\/codeq.qroo.gob.mx\/wp-content\/uploads\/2025\/06\/WhatsApp-Image-2025-06-10-at-4.21.45-PM1-768x357.jpeg 768w, https:\/\/codeq.qroo.gob.mx\/wp-content\/uploads\/2025\/06\/WhatsApp-Image-2025-06-10-at-4.21.45-PM1-1536x714.jpeg 1536w, https:\/\/codeq.qroo.gob.mx\/wp-content\/uploads\/2025\/06\/WhatsApp-Image-2025-06-10-at-4.21.45-PM1.jpeg 1600w\" sizes=\"(max-width: 1024px) 100vw, 1024px\" \/><\/figure>\n\n\n\n<figure class=\"wp-block-image size-large\"><img loading=\"lazy\" decoding=\"async\" width=\"1024\" height=\"682\" data-id=\"37414\" src=\"https:\/\/codeq.qroo.gob.mx\/wp-content\/uploads\/2025\/06\/WhatsApp-Image-2025-06-10-at-4.21.45-PM-1024x682.jpeg\" alt=\"\" class=\"wp-image-37414\" srcset=\"https:\/\/codeq.qroo.gob.mx\/wp-content\/uploads\/2025\/06\/WhatsApp-Image-2025-06-10-at-4.21.45-PM-1024x682.jpeg 1024w, https:\/\/codeq.qroo.gob.mx\/wp-content\/uploads\/2025\/06\/WhatsApp-Image-2025-06-10-at-4.21.45-PM-300x200.jpeg 300w, https:\/\/codeq.qroo.gob.mx\/wp-content\/uploads\/2025\/06\/WhatsApp-Image-2025-06-10-at-4.21.45-PM-768x512.jpeg 768w, https:\/\/codeq.qroo.gob.mx\/wp-content\/uploads\/2025\/06\/WhatsApp-Image-2025-06-10-at-4.21.45-PM-1536x1023.jpeg 1536w, https:\/\/codeq.qroo.gob.mx\/wp-content\/uploads\/2025\/06\/WhatsApp-Image-2025-06-10-at-4.21.45-PM.jpeg 1600w\" sizes=\"(max-width: 1024px) 100vw, 1024px\" \/><\/figure>\n\n\n\n<figure class=\"wp-block-image size-large\"><img loading=\"lazy\" decoding=\"async\" width=\"1024\" height=\"682\" data-id=\"37417\" src=\"https:\/\/codeq.qroo.gob.mx\/wp-content\/uploads\/2025\/06\/WhatsApp-Image-2025-06-10-at-4.21.44-PM1-1024x682.jpeg\" alt=\"\" class=\"wp-image-37417\" srcset=\"https:\/\/codeq.qroo.gob.mx\/wp-content\/uploads\/2025\/06\/WhatsApp-Image-2025-06-10-at-4.21.44-PM1-1024x682.jpeg 1024w, https:\/\/codeq.qroo.gob.mx\/wp-content\/uploads\/2025\/06\/WhatsApp-Image-2025-06-10-at-4.21.44-PM1-300x200.jpeg 300w, https:\/\/codeq.qroo.gob.mx\/wp-content\/uploads\/2025\/06\/WhatsApp-Image-2025-06-10-at-4.21.44-PM1-768x512.jpeg 768w, https:\/\/codeq.qroo.gob.mx\/wp-content\/uploads\/2025\/06\/WhatsApp-Image-2025-06-10-at-4.21.44-PM1-1536x1023.jpeg 1536w, https:\/\/codeq.qroo.gob.mx\/wp-content\/uploads\/2025\/06\/WhatsApp-Image-2025-06-10-at-4.21.44-PM1.jpeg 1600w\" sizes=\"(max-width: 1024px) 100vw, 1024px\" \/><\/figure>\n\n\n\n<figure class=\"wp-block-image size-large\"><img loading=\"lazy\" decoding=\"async\" width=\"1024\" height=\"741\" data-id=\"37419\" src=\"https:\/\/codeq.qroo.gob.mx\/wp-content\/uploads\/2025\/06\/WhatsApp-Image-2025-06-10-at-4.21.44-PM-1024x741.jpeg\" alt=\"\" class=\"wp-image-37419\" srcset=\"https:\/\/codeq.qroo.gob.mx\/wp-content\/uploads\/2025\/06\/WhatsApp-Image-2025-06-10-at-4.21.44-PM-1024x741.jpeg 1024w, https:\/\/codeq.qroo.gob.mx\/wp-content\/uploads\/2025\/06\/WhatsApp-Image-2025-06-10-at-4.21.44-PM-300x217.jpeg 300w, https:\/\/codeq.qroo.gob.mx\/wp-content\/uploads\/2025\/06\/WhatsApp-Image-2025-06-10-at-4.21.44-PM-768x556.jpeg 768w, https:\/\/codeq.qroo.gob.mx\/wp-content\/uploads\/2025\/06\/WhatsApp-Image-2025-06-10-at-4.21.44-PM-1536x1112.jpeg 1536w, https:\/\/codeq.qroo.gob.mx\/wp-content\/uploads\/2025\/06\/WhatsApp-Image-2025-06-10-at-4.21.44-PM-2048x1483.jpeg 2048w\" sizes=\"(max-width: 1024px) 100vw, 1024px\" \/><\/figure>\n<\/figure>\n","protected":false},"excerpt":{"rendered":"<p>La Selecci\u00f3n de Quintana Roo en la disciplina de Luchas Asociadas tuvo un debut muy productivo en la Olimpiada Nacional CONADE 2025 en Tlaxcala, donde concret\u00f3 dos preseas, una de plata y una de bronce, y con ello aport\u00f3 para que la entidad llegue a las primeras 110 preseas en el medallero general de la &#8230; <a title=\"Debuta Quintana Roo en Luchas Asociadas durante la Olimpiada Nacional CONADE 2025 sumando dos preseas\" class=\"read-more\" href=\"https:\/\/codeq.qroo.gob.mx\/index.php\/2025\/06\/10\/debuta-quintana-roo-en-luchas-asociadas-durante-la-olimpiada-nacional-conade-2025-sumando-dos-preseas\/\" aria-label=\"Leer m\u00e1s sobre Debuta Quintana Roo en Luchas Asociadas durante la Olimpiada Nacional CONADE 2025 sumando dos preseas\">Leer m\u00e1s<\/a><\/p>\n","protected":false},"author":3,"featured_media":37419,"comment_status":"open","ping_status":"open","sticky":false,"template":"","format":"standard","meta":{"footnotes":""},"categories":[5],"tags":[],"class_list":["post-37413","post","type-post","status-publish","format-standard","has-post-thumbnail","hentry","category-noticias"],"yoast_head":"<!-- This site is optimized with the Yoast SEO plugin v25.5 - https:\/\/yoast.com\/wordpress\/plugins\/seo\/ -->\n<title>Debuta Quintana Roo en Luchas Asociadas durante la Olimpiada Nacional CONADE 2025 sumando dos preseas - Comisi\u00f3n del Deporte de Quintana Roo<\/title>\n<meta name=\"robots\" content=\"index, follow, max-snippet:-1, max-image-preview:large, max-video-preview:-1\" \/>\n<link rel=\"canonical\" href=\"https:\/\/codeq.qroo.gob.mx\/index.php\/2025\/06\/10\/debuta-quintana-roo-en-luchas-asociadas-durante-la-olimpiada-nacional-conade-2025-sumando-dos-preseas\/\" \/>\n<meta property=\"og:locale\" content=\"es_MX\" \/>\n<meta property=\"og:type\" content=\"article\" \/>\n<meta property=\"og:title\" content=\"Debuta Quintana Roo en Luchas Asociadas durante la Olimpiada Nacional CONADE 2025 sumando dos preseas - Comisi\u00f3n del Deporte de Quintana Roo\" \/>\n<meta property=\"og:description\" content=\"La Selecci\u00f3n de Quintana Roo en la disciplina de Luchas Asociadas tuvo un debut muy productivo en la Olimpiada Nacional CONADE 2025 en Tlaxcala, donde concret\u00f3 dos preseas, una de plata y una de bronce, y con ello aport\u00f3 para que la entidad llegue a las primeras 110 preseas en el medallero general de la ... Leer m\u00e1s\" \/>\n<meta property=\"og:url\" content=\"https:\/\/codeq.qroo.gob.mx\/index.php\/2025\/06\/10\/debuta-quintana-roo-en-luchas-asociadas-durante-la-olimpiada-nacional-conade-2025-sumando-dos-preseas\/\" \/>\n<meta property=\"og:site_name\" content=\"Comisi\u00f3n del Deporte de Quintana Roo\" \/>\n<meta property=\"article:published_time\" content=\"2025-06-10T21:26:18+00:00\" \/>\n<meta property=\"article:modified_time\" content=\"2025-06-10T21:26:20+00:00\" \/>\n<meta property=\"og:image\" content=\"https:\/\/codeq.qroo.gob.mx\/wp-content\/uploads\/2025\/06\/WhatsApp-Image-2025-06-10-at-4.21.44-PM.jpeg\" \/>\n\t<meta property=\"og:image:width\" content=\"2356\" \/>\n\t<meta property=\"og:image:height\" content=\"1706\" \/>\n\t<meta property=\"og:image:type\" content=\"image\/jpeg\" \/>\n<meta name=\"author\" content=\"Jorge Antonio Carvajal Maldonado\" \/>\n<meta name=\"twitter:card\" content=\"summary_large_image\" \/>\n<meta name=\"twitter:label1\" content=\"Escrito por\" \/>\n\t<meta name=\"twitter:data1\" content=\"Jorge Antonio Carvajal Maldonado\" \/>\n\t<meta name=\"twitter:label2\" content=\"Tiempo de lectura\" \/>\n\t<meta name=\"twitter:data2\" content=\"3 minutos\" \/>\n<script type=\"application\/ld+json\" class=\"yoast-schema-graph\">{\"@context\":\"https:\/\/schema.org\",\"@graph\":[{\"@type\":\"Article\",\"@id\":\"https:\/\/codeq.qroo.gob.mx\/index.php\/2025\/06\/10\/debuta-quintana-roo-en-luchas-asociadas-durante-la-olimpiada-nacional-conade-2025-sumando-dos-preseas\/#article\",\"isPartOf\":{\"@id\":\"https:\/\/codeq.qroo.gob.mx\/index.php\/2025\/06\/10\/debuta-quintana-roo-en-luchas-asociadas-durante-la-olimpiada-nacional-conade-2025-sumando-dos-preseas\/\"},\"author\":{\"name\":\"Jorge Antonio Carvajal Maldonado\",\"@id\":\"https:\/\/codeq.qroo.gob.mx\/#\/schema\/person\/08f280f71ae6986a008ff55cb6d46160\"},\"headline\":\"Debuta Quintana Roo en Luchas Asociadas durante la Olimpiada Nacional CONADE 2025 sumando dos preseas\",\"datePublished\":\"2025-06-10T21:26:18+00:00\",\"dateModified\":\"2025-06-10T21:26:20+00:00\",\"mainEntityOfPage\":{\"@id\":\"https:\/\/codeq.qroo.gob.mx\/index.php\/2025\/06\/10\/debuta-quintana-roo-en-luchas-asociadas-durante-la-olimpiada-nacional-conade-2025-sumando-dos-preseas\/\"},\"wordCount\":312,\"commentCount\":0,\"publisher\":{\"@id\":\"https:\/\/codeq.qroo.gob.mx\/#organization\"},\"image\":{\"@id\":\"https:\/\/codeq.qroo.gob.mx\/index.php\/2025\/06\/10\/debuta-quintana-roo-en-luchas-asociadas-durante-la-olimpiada-nacional-conade-2025-sumando-dos-preseas\/#primaryimage\"},\"thumbnailUrl\":\"https:\/\/codeq.qroo.gob.mx\/wp-content\/uploads\/2025\/06\/WhatsApp-Image-2025-06-10-at-4.21.44-PM.jpeg\",\"articleSection\":[\"Noticias\"],\"inLanguage\":\"es\",\"potentialAction\":[{\"@type\":\"CommentAction\",\"name\":\"Comment\",\"target\":[\"https:\/\/codeq.qroo.gob.mx\/index.php\/2025\/06\/10\/debuta-quintana-roo-en-luchas-asociadas-durante-la-olimpiada-nacional-conade-2025-sumando-dos-preseas\/#respond\"]}]},{\"@type\":\"WebPage\",\"@id\":\"https:\/\/codeq.qroo.gob.mx\/index.php\/2025\/06\/10\/debuta-quintana-roo-en-luchas-asociadas-durante-la-olimpiada-nacional-conade-2025-sumando-dos-preseas\/\",\"url\":\"https:\/\/codeq.qroo.gob.mx\/index.php\/2025\/06\/10\/debuta-quintana-roo-en-luchas-asociadas-durante-la-olimpiada-nacional-conade-2025-sumando-dos-preseas\/\",\"name\":\"Debuta Quintana Roo en Luchas Asociadas durante la Olimpiada Nacional CONADE 2025 sumando dos preseas - Comisi\u00f3n del Deporte de Quintana Roo\",\"isPartOf\":{\"@id\":\"https:\/\/codeq.qroo.gob.mx\/#website\"},\"primaryImageOfPage\":{\"@id\":\"https:\/\/codeq.qroo.gob.mx\/index.php\/2025\/06\/10\/debuta-quintana-roo-en-luchas-asociadas-durante-la-olimpiada-nacional-conade-2025-sumando-dos-preseas\/#primaryimage\"},\"image\":{\"@id\":\"https:\/\/codeq.qroo.gob.mx\/index.php\/2025\/06\/10\/debuta-quintana-roo-en-luchas-asociadas-durante-la-olimpiada-nacional-conade-2025-sumando-dos-preseas\/#primaryimage\"},\"thumbnailUrl\":\"https:\/\/codeq.qroo.gob.mx\/wp-content\/uploads\/2025\/06\/WhatsApp-Image-2025-06-10-at-4.21.44-PM.jpeg\",\"datePublished\":\"2025-06-10T21:26:18+00:00\",\"dateModified\":\"2025-06-10T21:26:20+00:00\",\"breadcrumb\":{\"@id\":\"https:\/\/codeq.qroo.gob.mx\/index.php\/2025\/06\/10\/debuta-quintana-roo-en-luchas-asociadas-durante-la-olimpiada-nacional-conade-2025-sumando-dos-preseas\/#breadcrumb\"},\"inLanguage\":\"es\",\"potentialAction\":[{\"@type\":\"ReadAction\",\"target\":[\"https:\/\/codeq.qroo.gob.mx\/index.php\/2025\/06\/10\/debuta-quintana-roo-en-luchas-asociadas-durante-la-olimpiada-nacional-conade-2025-sumando-dos-preseas\/\"]}]},{\"@type\":\"ImageObject\",\"inLanguage\":\"es\",\"@id\":\"https:\/\/codeq.qroo.gob.mx\/index.php\/2025\/06\/10\/debuta-quintana-roo-en-luchas-asociadas-durante-la-olimpiada-nacional-conade-2025-sumando-dos-preseas\/#primaryimage\",\"url\":\"https:\/\/codeq.qroo.gob.mx\/wp-content\/uploads\/2025\/06\/WhatsApp-Image-2025-06-10-at-4.21.44-PM.jpeg\",\"contentUrl\":\"https:\/\/codeq.qroo.gob.mx\/wp-content\/uploads\/2025\/06\/WhatsApp-Image-2025-06-10-at-4.21.44-PM.jpeg\",\"width\":2356,\"height\":1706},{\"@type\":\"BreadcrumbList\",\"@id\":\"https:\/\/codeq.qroo.gob.mx\/index.php\/2025\/06\/10\/debuta-quintana-roo-en-luchas-asociadas-durante-la-olimpiada-nacional-conade-2025-sumando-dos-preseas\/#breadcrumb\",\"itemListElement\":[{\"@type\":\"ListItem\",\"position\":1,\"name\":\"Inicio\",\"item\":\"https:\/\/codeq.qroo.gob.mx\/\"},{\"@type\":\"ListItem\",\"position\":2,\"name\":\"Debuta Quintana Roo en Luchas Asociadas durante la Olimpiada Nacional CONADE 2025 sumando dos preseas\"}]},{\"@type\":\"WebSite\",\"@id\":\"https:\/\/codeq.qroo.gob.mx\/#website\",\"url\":\"https:\/\/codeq.qroo.gob.mx\/\",\"name\":\"Comisi\u00f3n del Deporte de Quintana Roo\",\"description\":\"CODEQ\",\"publisher\":{\"@id\":\"https:\/\/codeq.qroo.gob.mx\/#organization\"},\"potentialAction\":[{\"@type\":\"SearchAction\",\"target\":{\"@type\":\"EntryPoint\",\"urlTemplate\":\"https:\/\/codeq.qroo.gob.mx\/?s={search_term_string}\"},\"query-input\":{\"@type\":\"PropertyValueSpecification\",\"valueRequired\":true,\"valueName\":\"search_term_string\"}}],\"inLanguage\":\"es\"},{\"@type\":\"Organization\",\"@id\":\"https:\/\/codeq.qroo.gob.mx\/#organization\",\"name\":\"Comisi\u00f3n del Deporte de Quintana Roo\",\"url\":\"https:\/\/codeq.qroo.gob.mx\/\",\"logo\":{\"@type\":\"ImageObject\",\"inLanguage\":\"es\",\"@id\":\"https:\/\/codeq.qroo.gob.mx\/#\/schema\/logo\/image\/\",\"url\":\"https:\/\/codeq.qroo.gob.mx\/wp-content\/uploads\/2024\/07\/CODEQ.png\",\"contentUrl\":\"https:\/\/codeq.qroo.gob.mx\/wp-content\/uploads\/2024\/07\/CODEQ.png\",\"width\":3000,\"height\":1688,\"caption\":\"Comisi\u00f3n del Deporte de Quintana Roo\"},\"image\":{\"@id\":\"https:\/\/codeq.qroo.gob.mx\/#\/schema\/logo\/image\/\"}},{\"@type\":\"Person\",\"@id\":\"https:\/\/codeq.qroo.gob.mx\/#\/schema\/person\/08f280f71ae6986a008ff55cb6d46160\",\"name\":\"Jorge Antonio Carvajal Maldonado\",\"image\":{\"@type\":\"ImageObject\",\"inLanguage\":\"es\",\"@id\":\"https:\/\/codeq.qroo.gob.mx\/#\/schema\/person\/image\/\",\"url\":\"https:\/\/secure.gravatar.com\/avatar\/e61cdf534226ddcecdaed9988ec080e5df82259aa9a3e3f50abf5a5f2b95122f?s=96&d=mm&r=g\",\"contentUrl\":\"https:\/\/secure.gravatar.com\/avatar\/e61cdf534226ddcecdaed9988ec080e5df82259aa9a3e3f50abf5a5f2b95122f?s=96&d=mm&r=g\",\"caption\":\"Jorge Antonio Carvajal Maldonado\"},\"url\":\"https:\/\/codeq.qroo.gob.mx\/index.php\/author\/antonio\/\"}]}<\/script>\n<!-- \/ Yoast SEO plugin. -->","yoast_head_json":{"title":"Debuta Quintana Roo en Luchas Asociadas durante la Olimpiada Nacional CONADE 2025 sumando dos preseas - Comisi\u00f3n del Deporte de Quintana Roo","robots":{"index":"index","follow":"follow","max-snippet":"max-snippet:-1","max-image-preview":"max-image-preview:large","max-video-preview":"max-video-preview:-1"},"canonical":"https:\/\/codeq.qroo.gob.mx\/index.php\/2025\/06\/10\/debuta-quintana-roo-en-luchas-asociadas-durante-la-olimpiada-nacional-conade-2025-sumando-dos-preseas\/","og_locale":"es_MX","og_type":"article","og_title":"Debuta Quintana Roo en Luchas Asociadas durante la Olimpiada Nacional CONADE 2025 sumando dos preseas - Comisi\u00f3n del Deporte de Quintana Roo","og_description":"La Selecci\u00f3n de Quintana Roo en la disciplina de Luchas Asociadas tuvo un debut muy productivo en la Olimpiada Nacional CONADE 2025 en Tlaxcala, donde concret\u00f3 dos preseas, una de plata y una de bronce, y con ello aport\u00f3 para que la entidad llegue a las primeras 110 preseas en el medallero general de la ... Leer m\u00e1s","og_url":"https:\/\/codeq.qroo.gob.mx\/index.php\/2025\/06\/10\/debuta-quintana-roo-en-luchas-asociadas-durante-la-olimpiada-nacional-conade-2025-sumando-dos-preseas\/","og_site_name":"Comisi\u00f3n del Deporte de Quintana Roo","article_published_time":"2025-06-10T21:26:18+00:00","article_modified_time":"2025-06-10T21:26:20+00:00","og_image":[{"width":2356,"height":1706,"url":"https:\/\/codeq.qroo.gob.mx\/wp-content\/uploads\/2025\/06\/WhatsApp-Image-2025-06-10-at-4.21.44-PM.jpeg","type":"image\/jpeg"}],"author":"Jorge Antonio Carvajal Maldonado","twitter_card":"summary_large_image","twitter_misc":{"Escrito por":"Jorge Antonio Carvajal Maldonado","Tiempo de lectura":"3 minutos"},"schema":{"@context":"https:\/\/schema.org","@graph":[{"@type":"Article","@id":"https:\/\/codeq.qroo.gob.mx\/index.php\/2025\/06\/10\/debuta-quintana-roo-en-luchas-asociadas-durante-la-olimpiada-nacional-conade-2025-sumando-dos-preseas\/#article","isPartOf":{"@id":"https:\/\/codeq.qroo.gob.mx\/index.php\/2025\/06\/10\/debuta-quintana-roo-en-luchas-asociadas-durante-la-olimpiada-nacional-conade-2025-sumando-dos-preseas\/"},"author":{"name":"Jorge Antonio Carvajal Maldonado","@id":"https:\/\/codeq.qroo.gob.mx\/#\/schema\/person\/08f280f71ae6986a008ff55cb6d46160"},"headline":"Debuta Quintana Roo en Luchas Asociadas durante la Olimpiada Nacional CONADE 2025 sumando dos preseas","datePublished":"2025-06-10T21:26:18+00:00","dateModified":"2025-06-10T21:26:20+00:00","mainEntityOfPage":{"@id":"https:\/\/codeq.qroo.gob.mx\/index.php\/2025\/06\/10\/debuta-quintana-roo-en-luchas-asociadas-durante-la-olimpiada-nacional-conade-2025-sumando-dos-preseas\/"},"wordCount":312,"commentCount":0,"publisher":{"@id":"https:\/\/codeq.qroo.gob.mx\/#organization"},"image":{"@id":"https:\/\/codeq.qroo.gob.mx\/index.php\/2025\/06\/10\/debuta-quintana-roo-en-luchas-asociadas-durante-la-olimpiada-nacional-conade-2025-sumando-dos-preseas\/#primaryimage"},"thumbnailUrl":"https:\/\/codeq.qroo.gob.mx\/wp-content\/uploads\/2025\/06\/WhatsApp-Image-2025-06-10-at-4.21.44-PM.jpeg","articleSection":["Noticias"],"inLanguage":"es","potentialAction":[{"@type":"CommentAction","name":"Comment","target":["https:\/\/codeq.qroo.gob.mx\/index.php\/2025\/06\/10\/debuta-quintana-roo-en-luchas-asociadas-durante-la-olimpiada-nacional-conade-2025-sumando-dos-preseas\/#respond"]}]},{"@type":"WebPage","@id":"https:\/\/codeq.qroo.gob.mx\/index.php\/2025\/06\/10\/debuta-quintana-roo-en-luchas-asociadas-durante-la-olimpiada-nacional-conade-2025-sumando-dos-preseas\/","url":"https:\/\/codeq.qroo.gob.mx\/index.php\/2025\/06\/10\/debuta-quintana-roo-en-luchas-asociadas-durante-la-olimpiada-nacional-conade-2025-sumando-dos-preseas\/","name":"Debuta Quintana Roo en Luchas Asociadas durante la Olimpiada Nacional CONADE 2025 sumando dos preseas - Comisi\u00f3n del Deporte de Quintana Roo","isPartOf":{"@id":"https:\/\/codeq.qroo.gob.mx\/#website"},"primaryImageOfPage":{"@id":"https:\/\/codeq.qroo.gob.mx\/index.php\/2025\/06\/10\/debuta-quintana-roo-en-luchas-asociadas-durante-la-olimpiada-nacional-conade-2025-sumando-dos-preseas\/#primaryimage"},"image":{"@id":"https:\/\/codeq.qroo.gob.mx\/index.php\/2025\/06\/10\/debuta-quintana-roo-en-luchas-asociadas-durante-la-olimpiada-nacional-conade-2025-sumando-dos-preseas\/#primaryimage"},"thumbnailUrl":"https:\/\/codeq.qroo.gob.mx\/wp-content\/uploads\/2025\/06\/WhatsApp-Image-2025-06-10-at-4.21.44-PM.jpeg","datePublished":"2025-06-10T21:26:18+00:00","dateModified":"2025-06-10T21:26:20+00:00","breadcrumb":{"@id":"https:\/\/codeq.qroo.gob.mx\/index.php\/2025\/06\/10\/debuta-quintana-roo-en-luchas-asociadas-durante-la-olimpiada-nacional-conade-2025-sumando-dos-preseas\/#breadcrumb"},"inLanguage":"es","potentialAction":[{"@type":"ReadAction","target":["https:\/\/codeq.qroo.gob.mx\/index.php\/2025\/06\/10\/debuta-quintana-roo-en-luchas-asociadas-durante-la-olimpiada-nacional-conade-2025-sumando-dos-preseas\/"]}]},{"@type":"ImageObject","inLanguage":"es","@id":"https:\/\/codeq.qroo.gob.mx\/index.php\/2025\/06\/10\/debuta-quintana-roo-en-luchas-asociadas-durante-la-olimpiada-nacional-conade-2025-sumando-dos-preseas\/#primaryimage","url":"https:\/\/codeq.qroo.gob.mx\/wp-content\/uploads\/2025\/06\/WhatsApp-Image-2025-06-10-at-4.21.44-PM.jpeg","contentUrl":"https:\/\/codeq.qroo.gob.mx\/wp-content\/uploads\/2025\/06\/WhatsApp-Image-2025-06-10-at-4.21.44-PM.jpeg","width":2356,"height":1706},{"@type":"BreadcrumbList","@id":"https:\/\/codeq.qroo.gob.mx\/index.php\/2025\/06\/10\/debuta-quintana-roo-en-luchas-asociadas-durante-la-olimpiada-nacional-conade-2025-sumando-dos-preseas\/#breadcrumb","itemListElement":[{"@type":"ListItem","position":1,"name":"Inicio","item":"https:\/\/codeq.qroo.gob.mx\/"},{"@type":"ListItem","position":2,"name":"Debuta Quintana Roo en Luchas Asociadas durante la Olimpiada Nacional CONADE 2025 sumando dos preseas"}]},{"@type":"WebSite","@id":"https:\/\/codeq.qroo.gob.mx\/#website","url":"https:\/\/codeq.qroo.gob.mx\/","name":"Comisi\u00f3n del Deporte de Quintana Roo","description":"CODEQ","publisher":{"@id":"https:\/\/codeq.qroo.gob.mx\/#organization"},"potentialAction":[{"@type":"SearchAction","target":{"@type":"EntryPoint","urlTemplate":"https:\/\/codeq.qroo.gob.mx\/?s={search_term_string}"},"query-input":{"@type":"PropertyValueSpecification","valueRequired":true,"valueName":"search_term_string"}}],"inLanguage":"es"},{"@type":"Organization","@id":"https:\/\/codeq.qroo.gob.mx\/#organization","name":"Comisi\u00f3n del Deporte de Quintana Roo","url":"https:\/\/codeq.qroo.gob.mx\/","logo":{"@type":"ImageObject","inLanguage":"es","@id":"https:\/\/codeq.qroo.gob.mx\/#\/schema\/logo\/image\/","url":"https:\/\/codeq.qroo.gob.mx\/wp-content\/uploads\/2024\/07\/CODEQ.png","contentUrl":"https:\/\/codeq.qroo.gob.mx\/wp-content\/uploads\/2024\/07\/CODEQ.png","width":3000,"height":1688,"caption":"Comisi\u00f3n del Deporte de Quintana Roo"},"image":{"@id":"https:\/\/codeq.qroo.gob.mx\/#\/schema\/logo\/image\/"}},{"@type":"Person","@id":"https:\/\/codeq.qroo.gob.mx\/#\/schema\/person\/08f280f71ae6986a008ff55cb6d46160","name":"Jorge Antonio Carvajal Maldonado","image":{"@type":"ImageObject","inLanguage":"es","@id":"https:\/\/codeq.qroo.gob.mx\/#\/schema\/person\/image\/","url":"https:\/\/secure.gravatar.com\/avatar\/e61cdf534226ddcecdaed9988ec080e5df82259aa9a3e3f50abf5a5f2b95122f?s=96&d=mm&r=g","contentUrl":"https:\/\/secure.gravatar.com\/avatar\/e61cdf534226ddcecdaed9988ec080e5df82259aa9a3e3f50abf5a5f2b95122f?s=96&d=mm&r=g","caption":"Jorge Antonio Carvajal Maldonado"},"url":"https:\/\/codeq.qroo.gob.mx\/index.php\/author\/antonio\/"}]}},"_links":{"self":[{"href":"https:\/\/codeq.qroo.gob.mx\/index.php\/wp-json\/wp\/v2\/posts\/37413","targetHints":{"allow":["GET"]}}],"collection":[{"href":"https:\/\/codeq.qroo.gob.mx\/index.php\/wp-json\/wp\/v2\/posts"}],"about":[{"href":"https:\/\/codeq.qroo.gob.mx\/index.php\/wp-json\/wp\/v2\/types\/post"}],"author":[{"embeddable":true,"href":"https:\/\/codeq.qroo.gob.mx\/index.php\/wp-json\/wp\/v2\/users\/3"}],"replies":[{"embeddable":true,"href":"https:\/\/codeq.qroo.gob.mx\/index.php\/wp-json\/wp\/v2\/comments?post=37413"}],"version-history":[{"count":1,"href":"https:\/\/codeq.qroo.gob.mx\/index.php\/wp-json\/wp\/v2\/posts\/37413\/revisions"}],"predecessor-version":[{"id":37420,"href":"https:\/\/codeq.qroo.gob.mx\/index.php\/wp-json\/wp\/v2\/posts\/37413\/revisions\/37420"}],"wp:featuredmedia":[{"embeddable":true,"href":"https:\/\/codeq.qroo.gob.mx\/index.php\/wp-json\/wp\/v2\/media\/37419"}],"wp:attachment":[{"href":"https:\/\/codeq.qroo.gob.mx\/index.php\/wp-json\/wp\/v2\/media?parent=37413"}],"wp:term":[{"taxonomy":"category","embeddable":true,"href":"https:\/\/codeq.qroo.gob.mx\/index.php\/wp-json\/wp\/v2\/categories?post=37413"},{"taxonomy":"post_tag","embeddable":true,"href":"https:\/\/codeq.qroo.gob.mx\/index.php\/wp-json\/wp\/v2\/tags?post=37413"}],"curies":[{"name":"wp","href":"https:\/\/api.w.org\/{rel}","templated":true}]}}