{"id":37349,"date":"2025-05-23T16:06:54","date_gmt":"2025-05-23T21:06:54","guid":{"rendered":"https:\/\/codeq.qroo.gob.mx\/?p=37349"},"modified":"2025-05-23T16:06:55","modified_gmt":"2025-05-23T21:06:55","slug":"conquista-el-nadador-iker-galindo-medalla-de-oro-para-quintana-roo-y-mexico-en-los-panam-aquatics-2025-codeq","status":"publish","type":"post","link":"https:\/\/codeq.qroo.gob.mx\/index.php\/2025\/05\/23\/conquista-el-nadador-iker-galindo-medalla-de-oro-para-quintana-roo-y-mexico-en-los-panam-aquatics-2025-codeq\/","title":{"rendered":"Conquista el nadador Iker Galindo medalla de oro para Quintana Roo y M\u00e9xico en los Panam Aquatics 2025: CODEQ"},"content":{"rendered":"\n<p><\/p>\n\n\n\n<ul class=\"wp-block-list\">\n<li>Con gran actuaci\u00f3n el atleta estatal, se proclam\u00f3 campe\u00f3n en la prueba de Aguas Abiertas de los 3 kil\u00f3metros de la categor\u00eda 12-13 a\u00f1os<\/li>\n<\/ul>\n\n\n\n<p>El joven nadador Iker Galindo Garc\u00eda, hizo muestra de su talento poniendo el nombre de Quintana Roo y de M\u00e9xico en lo m\u00e1s alto de la disciplina de Aguas Abiertas, al proclamarse campe\u00f3n en la prueba de los 3 kil\u00f3metros de la categor\u00eda 12-13 a\u00f1os del campeonato internacional \u201cPanam Aquatics 2025\u201d, certamen que se celebr\u00f3 en Medell\u00edn, Colombia.<\/p>\n\n\n\n<p>El atleta originario de Canc\u00fan viaj\u00f3 para compartir en este certamen de talla internacional, bajo el respaldo de la Comisi\u00f3n del Deporte de Quintana Roo (CODEQ), que preside Jacobo Arzate Hop y que, adem\u00e1s, forma parte de las acciones que busca promover el talento local, tal como lo marca el Nuevo Acuerdo por el Bienestar y Desarrollo, que impulsa la gobernadora Mara Lezama Espinosa.<\/p>\n\n\n\n<p>El nadador quintanarroense, que tambi\u00e9n represent\u00f3 a M\u00e9xico, tuvo una gran participaci\u00f3n, ya que conquist\u00f3 las aguas de la Laguna Guatap\u00e9, al quedarse con el primer puesto de su prueba; y es que, adem\u00e1s, logr\u00f3 superar una intensa y emocionante competencia, al cumplir con \u00e9xito el objetivo de quedarse con el primer puesto y por ende alzarse como campe\u00f3n.<\/p>\n\n\n\n<p>El hoy campe\u00f3n Panamericano domin\u00f3 la categor\u00eda 12-13 a\u00f1os varonil, dejando una marca de 39 minutos y 35 segundos; mientras que el segundo lugar fue para el atleta del Estado de M\u00e9xico, Miguel Ortega Esp\u00edritu con un tiempo de 40 minutos y 15 segundos.<\/p>\n\n\n\n<p>Cabe resaltar que en este importante evento participaron 19 pa\u00edses y la delegaci\u00f3n mexicana estuvo integrada por 21 atletas y 6 entrenadores; por lo que el quintanarroense Iker Galindo al lograr el oro hizo que M\u00e9xico supere a los anfitriones de Colombia en el medallero, logrando un total de 47 medallas de oro.<\/p>\n\n\n\n<figure class=\"wp-block-gallery has-nested-images columns-default is-cropped wp-block-gallery-1 is-layout-flex wp-block-gallery-is-layout-flex\">\n<figure class=\"wp-block-image size-large\"><img fetchpriority=\"high\" decoding=\"async\" width=\"461\" height=\"1024\" data-id=\"37350\" src=\"https:\/\/codeq.qroo.gob.mx\/wp-content\/uploads\/2025\/05\/WhatsApp-Image-2025-05-23-at-4.03.25-PM3-461x1024.jpeg\" alt=\"\" class=\"wp-image-37350\" srcset=\"https:\/\/codeq.qroo.gob.mx\/wp-content\/uploads\/2025\/05\/WhatsApp-Image-2025-05-23-at-4.03.25-PM3-461x1024.jpeg 461w, https:\/\/codeq.qroo.gob.mx\/wp-content\/uploads\/2025\/05\/WhatsApp-Image-2025-05-23-at-4.03.25-PM3-135x300.jpeg 135w, https:\/\/codeq.qroo.gob.mx\/wp-content\/uploads\/2025\/05\/WhatsApp-Image-2025-05-23-at-4.03.25-PM3-691x1536.jpeg 691w, https:\/\/codeq.qroo.gob.mx\/wp-content\/uploads\/2025\/05\/WhatsApp-Image-2025-05-23-at-4.03.25-PM3.jpeg 720w\" sizes=\"(max-width: 461px) 100vw, 461px\" \/><\/figure>\n\n\n\n<figure class=\"wp-block-image size-large\"><img decoding=\"async\" width=\"461\" height=\"1024\" data-id=\"37351\" src=\"https:\/\/codeq.qroo.gob.mx\/wp-content\/uploads\/2025\/05\/WhatsApp-Image-2025-05-23-at-4.03.25-PM2-461x1024.jpeg\" alt=\"\" class=\"wp-image-37351\" srcset=\"https:\/\/codeq.qroo.gob.mx\/wp-content\/uploads\/2025\/05\/WhatsApp-Image-2025-05-23-at-4.03.25-PM2-461x1024.jpeg 461w, https:\/\/codeq.qroo.gob.mx\/wp-content\/uploads\/2025\/05\/WhatsApp-Image-2025-05-23-at-4.03.25-PM2-135x300.jpeg 135w, https:\/\/codeq.qroo.gob.mx\/wp-content\/uploads\/2025\/05\/WhatsApp-Image-2025-05-23-at-4.03.25-PM2-691x1536.jpeg 691w, https:\/\/codeq.qroo.gob.mx\/wp-content\/uploads\/2025\/05\/WhatsApp-Image-2025-05-23-at-4.03.25-PM2.jpeg 720w\" sizes=\"(max-width: 461px) 100vw, 461px\" \/><\/figure>\n\n\n\n<figure class=\"wp-block-image size-large\"><img decoding=\"async\" width=\"461\" height=\"1024\" data-id=\"37352\" src=\"https:\/\/codeq.qroo.gob.mx\/wp-content\/uploads\/2025\/05\/WhatsApp-Image-2025-05-23-at-4.03.25-PM1-461x1024.jpeg\" alt=\"\" class=\"wp-image-37352\" srcset=\"https:\/\/codeq.qroo.gob.mx\/wp-content\/uploads\/2025\/05\/WhatsApp-Image-2025-05-23-at-4.03.25-PM1-461x1024.jpeg 461w, https:\/\/codeq.qroo.gob.mx\/wp-content\/uploads\/2025\/05\/WhatsApp-Image-2025-05-23-at-4.03.25-PM1-135x300.jpeg 135w, https:\/\/codeq.qroo.gob.mx\/wp-content\/uploads\/2025\/05\/WhatsApp-Image-2025-05-23-at-4.03.25-PM1-691x1536.jpeg 691w, https:\/\/codeq.qroo.gob.mx\/wp-content\/uploads\/2025\/05\/WhatsApp-Image-2025-05-23-at-4.03.25-PM1.jpeg 720w\" sizes=\"(max-width: 461px) 100vw, 461px\" \/><\/figure>\n\n\n\n<figure class=\"wp-block-image size-large\"><img loading=\"lazy\" decoding=\"async\" width=\"1024\" height=\"461\" data-id=\"37353\" src=\"https:\/\/codeq.qroo.gob.mx\/wp-content\/uploads\/2025\/05\/WhatsApp-Image-2025-05-23-at-4.03.25-PM-1024x461.jpeg\" alt=\"\" class=\"wp-image-37353\" srcset=\"https:\/\/codeq.qroo.gob.mx\/wp-content\/uploads\/2025\/05\/WhatsApp-Image-2025-05-23-at-4.03.25-PM-1024x461.jpeg 1024w, https:\/\/codeq.qroo.gob.mx\/wp-content\/uploads\/2025\/05\/WhatsApp-Image-2025-05-23-at-4.03.25-PM-300x135.jpeg 300w, https:\/\/codeq.qroo.gob.mx\/wp-content\/uploads\/2025\/05\/WhatsApp-Image-2025-05-23-at-4.03.25-PM-768x346.jpeg 768w, https:\/\/codeq.qroo.gob.mx\/wp-content\/uploads\/2025\/05\/WhatsApp-Image-2025-05-23-at-4.03.25-PM-1536x691.jpeg 1536w, https:\/\/codeq.qroo.gob.mx\/wp-content\/uploads\/2025\/05\/WhatsApp-Image-2025-05-23-at-4.03.25-PM.jpeg 1600w\" sizes=\"(max-width: 1024px) 100vw, 1024px\" \/><\/figure>\n<\/figure>\n","protected":false},"excerpt":{"rendered":"<p>El joven nadador Iker Galindo Garc\u00eda, hizo muestra de su talento poniendo el nombre de Quintana Roo y de M\u00e9xico en lo m\u00e1s alto de la disciplina de Aguas Abiertas, al proclamarse campe\u00f3n en la prueba de los 3 kil\u00f3metros de la categor\u00eda 12-13 a\u00f1os del campeonato internacional \u201cPanam Aquatics 2025\u201d, certamen que se celebr\u00f3 &#8230; <a title=\"Conquista el nadador Iker Galindo medalla de oro para Quintana Roo y M\u00e9xico en los Panam Aquatics 2025: CODEQ\" class=\"read-more\" href=\"https:\/\/codeq.qroo.gob.mx\/index.php\/2025\/05\/23\/conquista-el-nadador-iker-galindo-medalla-de-oro-para-quintana-roo-y-mexico-en-los-panam-aquatics-2025-codeq\/\" aria-label=\"Leer m\u00e1s sobre Conquista el nadador Iker Galindo medalla de oro para Quintana Roo y M\u00e9xico en los Panam Aquatics 2025: CODEQ\">Leer m\u00e1s<\/a><\/p>\n","protected":false},"author":3,"featured_media":37353,"comment_status":"open","ping_status":"open","sticky":false,"template":"","format":"standard","meta":{"footnotes":""},"categories":[5],"tags":[],"class_list":["post-37349","post","type-post","status-publish","format-standard","has-post-thumbnail","hentry","category-noticias"],"yoast_head":"<!-- This site is optimized with the Yoast SEO plugin v25.5 - https:\/\/yoast.com\/wordpress\/plugins\/seo\/ -->\n<title>Conquista el nadador Iker Galindo medalla de oro para Quintana Roo y M\u00e9xico en los Panam Aquatics 2025: CODEQ - Comisi\u00f3n del Deporte de Quintana Roo<\/title>\n<meta name=\"robots\" content=\"index, follow, max-snippet:-1, max-image-preview:large, max-video-preview:-1\" \/>\n<link rel=\"canonical\" href=\"https:\/\/codeq.qroo.gob.mx\/index.php\/2025\/05\/23\/conquista-el-nadador-iker-galindo-medalla-de-oro-para-quintana-roo-y-mexico-en-los-panam-aquatics-2025-codeq\/\" \/>\n<meta property=\"og:locale\" content=\"es_MX\" \/>\n<meta property=\"og:type\" content=\"article\" \/>\n<meta property=\"og:title\" content=\"Conquista el nadador Iker Galindo medalla de oro para Quintana Roo y M\u00e9xico en los Panam Aquatics 2025: CODEQ - Comisi\u00f3n del Deporte de Quintana Roo\" \/>\n<meta property=\"og:description\" content=\"El joven nadador Iker Galindo Garc\u00eda, hizo muestra de su talento poniendo el nombre de Quintana Roo y de M\u00e9xico en lo m\u00e1s alto de la disciplina de Aguas Abiertas, al proclamarse campe\u00f3n en la prueba de los 3 kil\u00f3metros de la categor\u00eda 12-13 a\u00f1os del campeonato internacional \u201cPanam Aquatics 2025\u201d, certamen que se celebr\u00f3 ... Leer m\u00e1s\" \/>\n<meta property=\"og:url\" content=\"https:\/\/codeq.qroo.gob.mx\/index.php\/2025\/05\/23\/conquista-el-nadador-iker-galindo-medalla-de-oro-para-quintana-roo-y-mexico-en-los-panam-aquatics-2025-codeq\/\" \/>\n<meta property=\"og:site_name\" content=\"Comisi\u00f3n del Deporte de Quintana Roo\" \/>\n<meta property=\"article:published_time\" content=\"2025-05-23T21:06:54+00:00\" \/>\n<meta property=\"article:modified_time\" content=\"2025-05-23T21:06:55+00:00\" \/>\n<meta property=\"og:image\" content=\"https:\/\/codeq.qroo.gob.mx\/wp-content\/uploads\/2025\/05\/WhatsApp-Image-2025-05-23-at-4.03.25-PM.jpeg\" \/>\n\t<meta property=\"og:image:width\" content=\"1600\" \/>\n\t<meta property=\"og:image:height\" content=\"720\" \/>\n\t<meta property=\"og:image:type\" content=\"image\/jpeg\" \/>\n<meta name=\"author\" content=\"Jorge Antonio Carvajal Maldonado\" \/>\n<meta name=\"twitter:card\" content=\"summary_large_image\" \/>\n<meta name=\"twitter:label1\" content=\"Escrito por\" \/>\n\t<meta name=\"twitter:data1\" content=\"Jorge Antonio Carvajal Maldonado\" \/>\n\t<meta name=\"twitter:label2\" content=\"Tiempo de lectura\" \/>\n\t<meta name=\"twitter:data2\" content=\"3 minutos\" \/>\n<script type=\"application\/ld+json\" class=\"yoast-schema-graph\">{\"@context\":\"https:\/\/schema.org\",\"@graph\":[{\"@type\":\"Article\",\"@id\":\"https:\/\/codeq.qroo.gob.mx\/index.php\/2025\/05\/23\/conquista-el-nadador-iker-galindo-medalla-de-oro-para-quintana-roo-y-mexico-en-los-panam-aquatics-2025-codeq\/#article\",\"isPartOf\":{\"@id\":\"https:\/\/codeq.qroo.gob.mx\/index.php\/2025\/05\/23\/conquista-el-nadador-iker-galindo-medalla-de-oro-para-quintana-roo-y-mexico-en-los-panam-aquatics-2025-codeq\/\"},\"author\":{\"name\":\"Jorge Antonio Carvajal Maldonado\",\"@id\":\"https:\/\/codeq.qroo.gob.mx\/#\/schema\/person\/08f280f71ae6986a008ff55cb6d46160\"},\"headline\":\"Conquista el nadador Iker Galindo medalla de oro para Quintana Roo y M\u00e9xico en los Panam Aquatics 2025: CODEQ\",\"datePublished\":\"2025-05-23T21:06:54+00:00\",\"dateModified\":\"2025-05-23T21:06:55+00:00\",\"mainEntityOfPage\":{\"@id\":\"https:\/\/codeq.qroo.gob.mx\/index.php\/2025\/05\/23\/conquista-el-nadador-iker-galindo-medalla-de-oro-para-quintana-roo-y-mexico-en-los-panam-aquatics-2025-codeq\/\"},\"wordCount\":339,\"commentCount\":0,\"publisher\":{\"@id\":\"https:\/\/codeq.qroo.gob.mx\/#organization\"},\"image\":{\"@id\":\"https:\/\/codeq.qroo.gob.mx\/index.php\/2025\/05\/23\/conquista-el-nadador-iker-galindo-medalla-de-oro-para-quintana-roo-y-mexico-en-los-panam-aquatics-2025-codeq\/#primaryimage\"},\"thumbnailUrl\":\"https:\/\/codeq.qroo.gob.mx\/wp-content\/uploads\/2025\/05\/WhatsApp-Image-2025-05-23-at-4.03.25-PM.jpeg\",\"articleSection\":[\"Noticias\"],\"inLanguage\":\"es\",\"potentialAction\":[{\"@type\":\"CommentAction\",\"name\":\"Comment\",\"target\":[\"https:\/\/codeq.qroo.gob.mx\/index.php\/2025\/05\/23\/conquista-el-nadador-iker-galindo-medalla-de-oro-para-quintana-roo-y-mexico-en-los-panam-aquatics-2025-codeq\/#respond\"]}]},{\"@type\":\"WebPage\",\"@id\":\"https:\/\/codeq.qroo.gob.mx\/index.php\/2025\/05\/23\/conquista-el-nadador-iker-galindo-medalla-de-oro-para-quintana-roo-y-mexico-en-los-panam-aquatics-2025-codeq\/\",\"url\":\"https:\/\/codeq.qroo.gob.mx\/index.php\/2025\/05\/23\/conquista-el-nadador-iker-galindo-medalla-de-oro-para-quintana-roo-y-mexico-en-los-panam-aquatics-2025-codeq\/\",\"name\":\"Conquista el nadador Iker Galindo medalla de oro para Quintana Roo y M\u00e9xico en los Panam Aquatics 2025: CODEQ - Comisi\u00f3n del Deporte de Quintana Roo\",\"isPartOf\":{\"@id\":\"https:\/\/codeq.qroo.gob.mx\/#website\"},\"primaryImageOfPage\":{\"@id\":\"https:\/\/codeq.qroo.gob.mx\/index.php\/2025\/05\/23\/conquista-el-nadador-iker-galindo-medalla-de-oro-para-quintana-roo-y-mexico-en-los-panam-aquatics-2025-codeq\/#primaryimage\"},\"image\":{\"@id\":\"https:\/\/codeq.qroo.gob.mx\/index.php\/2025\/05\/23\/conquista-el-nadador-iker-galindo-medalla-de-oro-para-quintana-roo-y-mexico-en-los-panam-aquatics-2025-codeq\/#primaryimage\"},\"thumbnailUrl\":\"https:\/\/codeq.qroo.gob.mx\/wp-content\/uploads\/2025\/05\/WhatsApp-Image-2025-05-23-at-4.03.25-PM.jpeg\",\"datePublished\":\"2025-05-23T21:06:54+00:00\",\"dateModified\":\"2025-05-23T21:06:55+00:00\",\"breadcrumb\":{\"@id\":\"https:\/\/codeq.qroo.gob.mx\/index.php\/2025\/05\/23\/conquista-el-nadador-iker-galindo-medalla-de-oro-para-quintana-roo-y-mexico-en-los-panam-aquatics-2025-codeq\/#breadcrumb\"},\"inLanguage\":\"es\",\"potentialAction\":[{\"@type\":\"ReadAction\",\"target\":[\"https:\/\/codeq.qroo.gob.mx\/index.php\/2025\/05\/23\/conquista-el-nadador-iker-galindo-medalla-de-oro-para-quintana-roo-y-mexico-en-los-panam-aquatics-2025-codeq\/\"]}]},{\"@type\":\"ImageObject\",\"inLanguage\":\"es\",\"@id\":\"https:\/\/codeq.qroo.gob.mx\/index.php\/2025\/05\/23\/conquista-el-nadador-iker-galindo-medalla-de-oro-para-quintana-roo-y-mexico-en-los-panam-aquatics-2025-codeq\/#primaryimage\",\"url\":\"https:\/\/codeq.qroo.gob.mx\/wp-content\/uploads\/2025\/05\/WhatsApp-Image-2025-05-23-at-4.03.25-PM.jpeg\",\"contentUrl\":\"https:\/\/codeq.qroo.gob.mx\/wp-content\/uploads\/2025\/05\/WhatsApp-Image-2025-05-23-at-4.03.25-PM.jpeg\",\"width\":1600,\"height\":720},{\"@type\":\"BreadcrumbList\",\"@id\":\"https:\/\/codeq.qroo.gob.mx\/index.php\/2025\/05\/23\/conquista-el-nadador-iker-galindo-medalla-de-oro-para-quintana-roo-y-mexico-en-los-panam-aquatics-2025-codeq\/#breadcrumb\",\"itemListElement\":[{\"@type\":\"ListItem\",\"position\":1,\"name\":\"Inicio\",\"item\":\"https:\/\/codeq.qroo.gob.mx\/\"},{\"@type\":\"ListItem\",\"position\":2,\"name\":\"Conquista el nadador Iker Galindo medalla de oro para Quintana Roo y M\u00e9xico en los Panam Aquatics 2025: CODEQ\"}]},{\"@type\":\"WebSite\",\"@id\":\"https:\/\/codeq.qroo.gob.mx\/#website\",\"url\":\"https:\/\/codeq.qroo.gob.mx\/\",\"name\":\"Comisi\u00f3n del Deporte de Quintana Roo\",\"description\":\"CODEQ\",\"publisher\":{\"@id\":\"https:\/\/codeq.qroo.gob.mx\/#organization\"},\"potentialAction\":[{\"@type\":\"SearchAction\",\"target\":{\"@type\":\"EntryPoint\",\"urlTemplate\":\"https:\/\/codeq.qroo.gob.mx\/?s={search_term_string}\"},\"query-input\":{\"@type\":\"PropertyValueSpecification\",\"valueRequired\":true,\"valueName\":\"search_term_string\"}}],\"inLanguage\":\"es\"},{\"@type\":\"Organization\",\"@id\":\"https:\/\/codeq.qroo.gob.mx\/#organization\",\"name\":\"Comisi\u00f3n del Deporte de Quintana Roo\",\"url\":\"https:\/\/codeq.qroo.gob.mx\/\",\"logo\":{\"@type\":\"ImageObject\",\"inLanguage\":\"es\",\"@id\":\"https:\/\/codeq.qroo.gob.mx\/#\/schema\/logo\/image\/\",\"url\":\"https:\/\/codeq.qroo.gob.mx\/wp-content\/uploads\/2024\/07\/CODEQ.png\",\"contentUrl\":\"https:\/\/codeq.qroo.gob.mx\/wp-content\/uploads\/2024\/07\/CODEQ.png\",\"width\":3000,\"height\":1688,\"caption\":\"Comisi\u00f3n del Deporte de Quintana Roo\"},\"image\":{\"@id\":\"https:\/\/codeq.qroo.gob.mx\/#\/schema\/logo\/image\/\"}},{\"@type\":\"Person\",\"@id\":\"https:\/\/codeq.qroo.gob.mx\/#\/schema\/person\/08f280f71ae6986a008ff55cb6d46160\",\"name\":\"Jorge Antonio Carvajal Maldonado\",\"image\":{\"@type\":\"ImageObject\",\"inLanguage\":\"es\",\"@id\":\"https:\/\/codeq.qroo.gob.mx\/#\/schema\/person\/image\/\",\"url\":\"https:\/\/secure.gravatar.com\/avatar\/e61cdf534226ddcecdaed9988ec080e5df82259aa9a3e3f50abf5a5f2b95122f?s=96&d=mm&r=g\",\"contentUrl\":\"https:\/\/secure.gravatar.com\/avatar\/e61cdf534226ddcecdaed9988ec080e5df82259aa9a3e3f50abf5a5f2b95122f?s=96&d=mm&r=g\",\"caption\":\"Jorge Antonio Carvajal Maldonado\"},\"url\":\"https:\/\/codeq.qroo.gob.mx\/index.php\/author\/antonio\/\"}]}<\/script>\n<!-- \/ Yoast SEO plugin. -->","yoast_head_json":{"title":"Conquista el nadador Iker Galindo medalla de oro para Quintana Roo y M\u00e9xico en los Panam Aquatics 2025: CODEQ - Comisi\u00f3n del Deporte de Quintana Roo","robots":{"index":"index","follow":"follow","max-snippet":"max-snippet:-1","max-image-preview":"max-image-preview:large","max-video-preview":"max-video-preview:-1"},"canonical":"https:\/\/codeq.qroo.gob.mx\/index.php\/2025\/05\/23\/conquista-el-nadador-iker-galindo-medalla-de-oro-para-quintana-roo-y-mexico-en-los-panam-aquatics-2025-codeq\/","og_locale":"es_MX","og_type":"article","og_title":"Conquista el nadador Iker Galindo medalla de oro para Quintana Roo y M\u00e9xico en los Panam Aquatics 2025: CODEQ - Comisi\u00f3n del Deporte de Quintana Roo","og_description":"El joven nadador Iker Galindo Garc\u00eda, hizo muestra de su talento poniendo el nombre de Quintana Roo y de M\u00e9xico en lo m\u00e1s alto de la disciplina de Aguas Abiertas, al proclamarse campe\u00f3n en la prueba de los 3 kil\u00f3metros de la categor\u00eda 12-13 a\u00f1os del campeonato internacional \u201cPanam Aquatics 2025\u201d, certamen que se celebr\u00f3 ... Leer m\u00e1s","og_url":"https:\/\/codeq.qroo.gob.mx\/index.php\/2025\/05\/23\/conquista-el-nadador-iker-galindo-medalla-de-oro-para-quintana-roo-y-mexico-en-los-panam-aquatics-2025-codeq\/","og_site_name":"Comisi\u00f3n del Deporte de Quintana Roo","article_published_time":"2025-05-23T21:06:54+00:00","article_modified_time":"2025-05-23T21:06:55+00:00","og_image":[{"width":1600,"height":720,"url":"https:\/\/codeq.qroo.gob.mx\/wp-content\/uploads\/2025\/05\/WhatsApp-Image-2025-05-23-at-4.03.25-PM.jpeg","type":"image\/jpeg"}],"author":"Jorge Antonio Carvajal Maldonado","twitter_card":"summary_large_image","twitter_misc":{"Escrito por":"Jorge Antonio Carvajal Maldonado","Tiempo de lectura":"3 minutos"},"schema":{"@context":"https:\/\/schema.org","@graph":[{"@type":"Article","@id":"https:\/\/codeq.qroo.gob.mx\/index.php\/2025\/05\/23\/conquista-el-nadador-iker-galindo-medalla-de-oro-para-quintana-roo-y-mexico-en-los-panam-aquatics-2025-codeq\/#article","isPartOf":{"@id":"https:\/\/codeq.qroo.gob.mx\/index.php\/2025\/05\/23\/conquista-el-nadador-iker-galindo-medalla-de-oro-para-quintana-roo-y-mexico-en-los-panam-aquatics-2025-codeq\/"},"author":{"name":"Jorge Antonio Carvajal Maldonado","@id":"https:\/\/codeq.qroo.gob.mx\/#\/schema\/person\/08f280f71ae6986a008ff55cb6d46160"},"headline":"Conquista el nadador Iker Galindo medalla de oro para Quintana Roo y M\u00e9xico en los Panam Aquatics 2025: CODEQ","datePublished":"2025-05-23T21:06:54+00:00","dateModified":"2025-05-23T21:06:55+00:00","mainEntityOfPage":{"@id":"https:\/\/codeq.qroo.gob.mx\/index.php\/2025\/05\/23\/conquista-el-nadador-iker-galindo-medalla-de-oro-para-quintana-roo-y-mexico-en-los-panam-aquatics-2025-codeq\/"},"wordCount":339,"commentCount":0,"publisher":{"@id":"https:\/\/codeq.qroo.gob.mx\/#organization"},"image":{"@id":"https:\/\/codeq.qroo.gob.mx\/index.php\/2025\/05\/23\/conquista-el-nadador-iker-galindo-medalla-de-oro-para-quintana-roo-y-mexico-en-los-panam-aquatics-2025-codeq\/#primaryimage"},"thumbnailUrl":"https:\/\/codeq.qroo.gob.mx\/wp-content\/uploads\/2025\/05\/WhatsApp-Image-2025-05-23-at-4.03.25-PM.jpeg","articleSection":["Noticias"],"inLanguage":"es","potentialAction":[{"@type":"CommentAction","name":"Comment","target":["https:\/\/codeq.qroo.gob.mx\/index.php\/2025\/05\/23\/conquista-el-nadador-iker-galindo-medalla-de-oro-para-quintana-roo-y-mexico-en-los-panam-aquatics-2025-codeq\/#respond"]}]},{"@type":"WebPage","@id":"https:\/\/codeq.qroo.gob.mx\/index.php\/2025\/05\/23\/conquista-el-nadador-iker-galindo-medalla-de-oro-para-quintana-roo-y-mexico-en-los-panam-aquatics-2025-codeq\/","url":"https:\/\/codeq.qroo.gob.mx\/index.php\/2025\/05\/23\/conquista-el-nadador-iker-galindo-medalla-de-oro-para-quintana-roo-y-mexico-en-los-panam-aquatics-2025-codeq\/","name":"Conquista el nadador Iker Galindo medalla de oro para Quintana Roo y M\u00e9xico en los Panam Aquatics 2025: CODEQ - Comisi\u00f3n del Deporte de Quintana Roo","isPartOf":{"@id":"https:\/\/codeq.qroo.gob.mx\/#website"},"primaryImageOfPage":{"@id":"https:\/\/codeq.qroo.gob.mx\/index.php\/2025\/05\/23\/conquista-el-nadador-iker-galindo-medalla-de-oro-para-quintana-roo-y-mexico-en-los-panam-aquatics-2025-codeq\/#primaryimage"},"image":{"@id":"https:\/\/codeq.qroo.gob.mx\/index.php\/2025\/05\/23\/conquista-el-nadador-iker-galindo-medalla-de-oro-para-quintana-roo-y-mexico-en-los-panam-aquatics-2025-codeq\/#primaryimage"},"thumbnailUrl":"https:\/\/codeq.qroo.gob.mx\/wp-content\/uploads\/2025\/05\/WhatsApp-Image-2025-05-23-at-4.03.25-PM.jpeg","datePublished":"2025-05-23T21:06:54+00:00","dateModified":"2025-05-23T21:06:55+00:00","breadcrumb":{"@id":"https:\/\/codeq.qroo.gob.mx\/index.php\/2025\/05\/23\/conquista-el-nadador-iker-galindo-medalla-de-oro-para-quintana-roo-y-mexico-en-los-panam-aquatics-2025-codeq\/#breadcrumb"},"inLanguage":"es","potentialAction":[{"@type":"ReadAction","target":["https:\/\/codeq.qroo.gob.mx\/index.php\/2025\/05\/23\/conquista-el-nadador-iker-galindo-medalla-de-oro-para-quintana-roo-y-mexico-en-los-panam-aquatics-2025-codeq\/"]}]},{"@type":"ImageObject","inLanguage":"es","@id":"https:\/\/codeq.qroo.gob.mx\/index.php\/2025\/05\/23\/conquista-el-nadador-iker-galindo-medalla-de-oro-para-quintana-roo-y-mexico-en-los-panam-aquatics-2025-codeq\/#primaryimage","url":"https:\/\/codeq.qroo.gob.mx\/wp-content\/uploads\/2025\/05\/WhatsApp-Image-2025-05-23-at-4.03.25-PM.jpeg","contentUrl":"https:\/\/codeq.qroo.gob.mx\/wp-content\/uploads\/2025\/05\/WhatsApp-Image-2025-05-23-at-4.03.25-PM.jpeg","width":1600,"height":720},{"@type":"BreadcrumbList","@id":"https:\/\/codeq.qroo.gob.mx\/index.php\/2025\/05\/23\/conquista-el-nadador-iker-galindo-medalla-de-oro-para-quintana-roo-y-mexico-en-los-panam-aquatics-2025-codeq\/#breadcrumb","itemListElement":[{"@type":"ListItem","position":1,"name":"Inicio","item":"https:\/\/codeq.qroo.gob.mx\/"},{"@type":"ListItem","position":2,"name":"Conquista el nadador Iker Galindo medalla de oro para Quintana Roo y M\u00e9xico en los Panam Aquatics 2025: CODEQ"}]},{"@type":"WebSite","@id":"https:\/\/codeq.qroo.gob.mx\/#website","url":"https:\/\/codeq.qroo.gob.mx\/","name":"Comisi\u00f3n del Deporte de Quintana Roo","description":"CODEQ","publisher":{"@id":"https:\/\/codeq.qroo.gob.mx\/#organization"},"potentialAction":[{"@type":"SearchAction","target":{"@type":"EntryPoint","urlTemplate":"https:\/\/codeq.qroo.gob.mx\/?s={search_term_string}"},"query-input":{"@type":"PropertyValueSpecification","valueRequired":true,"valueName":"search_term_string"}}],"inLanguage":"es"},{"@type":"Organization","@id":"https:\/\/codeq.qroo.gob.mx\/#organization","name":"Comisi\u00f3n del Deporte de Quintana Roo","url":"https:\/\/codeq.qroo.gob.mx\/","logo":{"@type":"ImageObject","inLanguage":"es","@id":"https:\/\/codeq.qroo.gob.mx\/#\/schema\/logo\/image\/","url":"https:\/\/codeq.qroo.gob.mx\/wp-content\/uploads\/2024\/07\/CODEQ.png","contentUrl":"https:\/\/codeq.qroo.gob.mx\/wp-content\/uploads\/2024\/07\/CODEQ.png","width":3000,"height":1688,"caption":"Comisi\u00f3n del Deporte de Quintana Roo"},"image":{"@id":"https:\/\/codeq.qroo.gob.mx\/#\/schema\/logo\/image\/"}},{"@type":"Person","@id":"https:\/\/codeq.qroo.gob.mx\/#\/schema\/person\/08f280f71ae6986a008ff55cb6d46160","name":"Jorge Antonio Carvajal Maldonado","image":{"@type":"ImageObject","inLanguage":"es","@id":"https:\/\/codeq.qroo.gob.mx\/#\/schema\/person\/image\/","url":"https:\/\/secure.gravatar.com\/avatar\/e61cdf534226ddcecdaed9988ec080e5df82259aa9a3e3f50abf5a5f2b95122f?s=96&d=mm&r=g","contentUrl":"https:\/\/secure.gravatar.com\/avatar\/e61cdf534226ddcecdaed9988ec080e5df82259aa9a3e3f50abf5a5f2b95122f?s=96&d=mm&r=g","caption":"Jorge Antonio Carvajal Maldonado"},"url":"https:\/\/codeq.qroo.gob.mx\/index.php\/author\/antonio\/"}]}},"_links":{"self":[{"href":"https:\/\/codeq.qroo.gob.mx\/index.php\/wp-json\/wp\/v2\/posts\/37349","targetHints":{"allow":["GET"]}}],"collection":[{"href":"https:\/\/codeq.qroo.gob.mx\/index.php\/wp-json\/wp\/v2\/posts"}],"about":[{"href":"https:\/\/codeq.qroo.gob.mx\/index.php\/wp-json\/wp\/v2\/types\/post"}],"author":[{"embeddable":true,"href":"https:\/\/codeq.qroo.gob.mx\/index.php\/wp-json\/wp\/v2\/users\/3"}],"replies":[{"embeddable":true,"href":"https:\/\/codeq.qroo.gob.mx\/index.php\/wp-json\/wp\/v2\/comments?post=37349"}],"version-history":[{"count":1,"href":"https:\/\/codeq.qroo.gob.mx\/index.php\/wp-json\/wp\/v2\/posts\/37349\/revisions"}],"predecessor-version":[{"id":37354,"href":"https:\/\/codeq.qroo.gob.mx\/index.php\/wp-json\/wp\/v2\/posts\/37349\/revisions\/37354"}],"wp:featuredmedia":[{"embeddable":true,"href":"https:\/\/codeq.qroo.gob.mx\/index.php\/wp-json\/wp\/v2\/media\/37353"}],"wp:attachment":[{"href":"https:\/\/codeq.qroo.gob.mx\/index.php\/wp-json\/wp\/v2\/media?parent=37349"}],"wp:term":[{"taxonomy":"category","embeddable":true,"href":"https:\/\/codeq.qroo.gob.mx\/index.php\/wp-json\/wp\/v2\/categories?post=37349"},{"taxonomy":"post_tag","embeddable":true,"href":"https:\/\/codeq.qroo.gob.mx\/index.php\/wp-json\/wp\/v2\/tags?post=37349"}],"curies":[{"name":"wp","href":"https:\/\/api.w.org\/{rel}","templated":true}]}}