{"id":37314,"date":"2025-05-15T16:46:34","date_gmt":"2025-05-15T21:46:34","guid":{"rendered":"https:\/\/codeq.qroo.gob.mx\/?p=37314"},"modified":"2025-05-15T16:46:34","modified_gmt":"2025-05-15T21:46:34","slug":"conquista-el-paratleta-quintanarroense-edson-arce-cruz-medalla-de-oro-e-impone-record-en-paratletismo-del-grand-prix-jalisco-2025-codeq","status":"publish","type":"post","link":"https:\/\/codeq.qroo.gob.mx\/index.php\/2025\/05\/15\/conquista-el-paratleta-quintanarroense-edson-arce-cruz-medalla-de-oro-e-impone-record-en-paratletismo-del-grand-prix-jalisco-2025-codeq\/","title":{"rendered":"Conquista el paratleta quintanarroense Edson Arce Cruz medalla de oro e impone r\u00e9cord en paratletismo del Grand Prix Jalisco 2025: CODEQ"},"content":{"rendered":"\n<p><\/p>\n\n\n\n<ul class=\"wp-block-list\">\n<li>El oriundo de Felipe Carrillo Puerto dej\u00f3 una marca de 1.56 metros en Salto de Altura T44, para quedarse con el primer puesto y con ello poner en alto el nombre del estado y de M\u00e9xico<\/li>\n<\/ul>\n\n\n\n<p>Con una marca de 1.56 metros, el quintanarroense Edson Arce Cruz se adjudic\u00f3 la medalla de oro para Quintana Roo y M\u00e9xico e impuso un r\u00e9cord nacional, durante su participaci\u00f3n en el Grand Prix Jalisco 2025 de deporte adaptado en la prueba Salto de Altura T44, durante la acci\u00f3n que se escenific\u00f3 en el Polideportivo \u201cRevoluci\u00f3n\u201d de Guadalajara, Jalisco.<\/p>\n\n\n\n<p>El paratleta oriundo de Felipe Carrillo Puerto asisti\u00f3 a esta competencia de car\u00e1cter internacional, con el apoyo y respaldo de la Comisi\u00f3n del Deporte de Quintana Roo (CODEQ), presidida por Jacobo Arzate Hop, como parte de las acciones que tienen como objetivo impulsar el talento local de todos los sectores del estado, como se establece en el Nuevo Acuerdo por el Bienestar y Desarrollo, que impulsa la gobernadora Mara Lezama Espinosa.<\/p>\n\n\n\n<p>Cabe resaltar que, en este certamen, participaron otros paratletas quintanarroenses, lograron positivos resultados como otras tres preseas doradas y dos de plata m\u00e1s, dejando un total seis metales, 4 oros y 2 platas.<\/p>\n\n\n\n<p>Durante este certamen, la delegaci\u00f3n quintanarroense ha logrado excelentes resultados, entre ellos la multimedallista Johanna Can Gonz\u00e1lez, quien logr\u00f3 medalla de plata en impulso de bala F42 con 4 kilogramos, -cabe mencionar que el impulso de bala en Paraolimpiada Nacional es con un peso de 3 kilogramos-. Y de igual forma logr\u00f3 el primer lugar en la modalidad de los 100 metros planos de la modalidad T42.<\/p>\n\n\n\n<p>Por otro lado, una destacada deportista que busca hacer historia en el paratletismo nacional es Milagros Witzil, quien se alz\u00f3 con el t\u00edtulo al culminar en primer lugar impuso de bala, quedando con el segundo puesto en lanzamiento de disco y qued\u00e1ndose tambi\u00e9n con el campeonato en la modalidad de 100 metros libres T64.<\/p>\n\n\n\n<p>Todos ellos han logrado excelentes resultados gracias al esfuerzo de sus familias y por su puesto entrenadores y quienes agradecieron el apoyo de la gobernadora Mara Lezama, por estar en esta magna justa, que adem\u00e1s sirvi\u00f3 de fogueo para las y los paratletas que ya encuentran alist\u00e1ndose en su proceso con miras a la Paraolimpiada Nacional CONADE 2025.<\/p>\n","protected":false},"excerpt":{"rendered":"<p>Con una marca de 1.56 metros, el quintanarroense Edson Arce Cruz se adjudic\u00f3 la medalla de oro para Quintana Roo y M\u00e9xico e impuso un r\u00e9cord nacional, durante su participaci\u00f3n en el Grand Prix Jalisco 2025 de deporte adaptado en la prueba Salto de Altura T44, durante la acci\u00f3n que se escenific\u00f3 en el Polideportivo &#8230; <a title=\"Conquista el paratleta quintanarroense Edson Arce Cruz medalla de oro e impone r\u00e9cord en paratletismo del Grand Prix Jalisco 2025: CODEQ\" class=\"read-more\" href=\"https:\/\/codeq.qroo.gob.mx\/index.php\/2025\/05\/15\/conquista-el-paratleta-quintanarroense-edson-arce-cruz-medalla-de-oro-e-impone-record-en-paratletismo-del-grand-prix-jalisco-2025-codeq\/\" aria-label=\"Leer m\u00e1s sobre Conquista el paratleta quintanarroense Edson Arce Cruz medalla de oro e impone r\u00e9cord en paratletismo del Grand Prix Jalisco 2025: CODEQ\">Leer m\u00e1s<\/a><\/p>\n","protected":false},"author":3,"featured_media":37315,"comment_status":"open","ping_status":"open","sticky":false,"template":"","format":"standard","meta":{"footnotes":""},"categories":[5],"tags":[],"class_list":["post-37314","post","type-post","status-publish","format-standard","has-post-thumbnail","hentry","category-noticias"],"yoast_head":"<!-- This site is optimized with the Yoast SEO plugin v25.5 - https:\/\/yoast.com\/wordpress\/plugins\/seo\/ -->\n<title>Conquista el paratleta quintanarroense Edson Arce Cruz medalla de oro e impone r\u00e9cord en paratletismo del Grand Prix Jalisco 2025: CODEQ - Comisi\u00f3n del Deporte de Quintana Roo<\/title>\n<meta name=\"robots\" content=\"index, follow, max-snippet:-1, max-image-preview:large, max-video-preview:-1\" \/>\n<link rel=\"canonical\" href=\"https:\/\/codeq.qroo.gob.mx\/index.php\/2025\/05\/15\/conquista-el-paratleta-quintanarroense-edson-arce-cruz-medalla-de-oro-e-impone-record-en-paratletismo-del-grand-prix-jalisco-2025-codeq\/\" \/>\n<meta property=\"og:locale\" content=\"es_MX\" \/>\n<meta property=\"og:type\" content=\"article\" \/>\n<meta property=\"og:title\" content=\"Conquista el paratleta quintanarroense Edson Arce Cruz medalla de oro e impone r\u00e9cord en paratletismo del Grand Prix Jalisco 2025: CODEQ - Comisi\u00f3n del Deporte de Quintana Roo\" \/>\n<meta property=\"og:description\" content=\"Con una marca de 1.56 metros, el quintanarroense Edson Arce Cruz se adjudic\u00f3 la medalla de oro para Quintana Roo y M\u00e9xico e impuso un r\u00e9cord nacional, durante su participaci\u00f3n en el Grand Prix Jalisco 2025 de deporte adaptado en la prueba Salto de Altura T44, durante la acci\u00f3n que se escenific\u00f3 en el Polideportivo ... Leer m\u00e1s\" \/>\n<meta property=\"og:url\" content=\"https:\/\/codeq.qroo.gob.mx\/index.php\/2025\/05\/15\/conquista-el-paratleta-quintanarroense-edson-arce-cruz-medalla-de-oro-e-impone-record-en-paratletismo-del-grand-prix-jalisco-2025-codeq\/\" \/>\n<meta property=\"og:site_name\" content=\"Comisi\u00f3n del Deporte de Quintana Roo\" \/>\n<meta property=\"article:published_time\" content=\"2025-05-15T21:46:34+00:00\" \/>\n<meta property=\"og:image\" content=\"https:\/\/codeq.qroo.gob.mx\/wp-content\/uploads\/2025\/05\/WhatsApp-Image-2025-05-15-at-4.08.44-PM.jpeg\" \/>\n\t<meta property=\"og:image:width\" content=\"1600\" \/>\n\t<meta property=\"og:image:height\" content=\"1200\" \/>\n\t<meta property=\"og:image:type\" content=\"image\/jpeg\" \/>\n<meta name=\"author\" content=\"Jorge Antonio Carvajal Maldonado\" \/>\n<meta name=\"twitter:card\" content=\"summary_large_image\" \/>\n<meta name=\"twitter:label1\" content=\"Escrito por\" \/>\n\t<meta name=\"twitter:data1\" content=\"Jorge Antonio Carvajal Maldonado\" \/>\n\t<meta name=\"twitter:label2\" content=\"Tiempo de lectura\" \/>\n\t<meta name=\"twitter:data2\" content=\"2 minutos\" \/>\n<script type=\"application\/ld+json\" class=\"yoast-schema-graph\">{\"@context\":\"https:\/\/schema.org\",\"@graph\":[{\"@type\":\"Article\",\"@id\":\"https:\/\/codeq.qroo.gob.mx\/index.php\/2025\/05\/15\/conquista-el-paratleta-quintanarroense-edson-arce-cruz-medalla-de-oro-e-impone-record-en-paratletismo-del-grand-prix-jalisco-2025-codeq\/#article\",\"isPartOf\":{\"@id\":\"https:\/\/codeq.qroo.gob.mx\/index.php\/2025\/05\/15\/conquista-el-paratleta-quintanarroense-edson-arce-cruz-medalla-de-oro-e-impone-record-en-paratletismo-del-grand-prix-jalisco-2025-codeq\/\"},\"author\":{\"name\":\"Jorge Antonio Carvajal Maldonado\",\"@id\":\"https:\/\/codeq.qroo.gob.mx\/#\/schema\/person\/08f280f71ae6986a008ff55cb6d46160\"},\"headline\":\"Conquista el paratleta quintanarroense Edson Arce Cruz medalla de oro e impone r\u00e9cord en paratletismo del Grand Prix Jalisco 2025: CODEQ\",\"datePublished\":\"2025-05-15T21:46:34+00:00\",\"mainEntityOfPage\":{\"@id\":\"https:\/\/codeq.qroo.gob.mx\/index.php\/2025\/05\/15\/conquista-el-paratleta-quintanarroense-edson-arce-cruz-medalla-de-oro-e-impone-record-en-paratletismo-del-grand-prix-jalisco-2025-codeq\/\"},\"wordCount\":405,\"commentCount\":0,\"publisher\":{\"@id\":\"https:\/\/codeq.qroo.gob.mx\/#organization\"},\"image\":{\"@id\":\"https:\/\/codeq.qroo.gob.mx\/index.php\/2025\/05\/15\/conquista-el-paratleta-quintanarroense-edson-arce-cruz-medalla-de-oro-e-impone-record-en-paratletismo-del-grand-prix-jalisco-2025-codeq\/#primaryimage\"},\"thumbnailUrl\":\"https:\/\/codeq.qroo.gob.mx\/wp-content\/uploads\/2025\/05\/WhatsApp-Image-2025-05-15-at-4.08.44-PM.jpeg\",\"articleSection\":[\"Noticias\"],\"inLanguage\":\"es\",\"potentialAction\":[{\"@type\":\"CommentAction\",\"name\":\"Comment\",\"target\":[\"https:\/\/codeq.qroo.gob.mx\/index.php\/2025\/05\/15\/conquista-el-paratleta-quintanarroense-edson-arce-cruz-medalla-de-oro-e-impone-record-en-paratletismo-del-grand-prix-jalisco-2025-codeq\/#respond\"]}]},{\"@type\":\"WebPage\",\"@id\":\"https:\/\/codeq.qroo.gob.mx\/index.php\/2025\/05\/15\/conquista-el-paratleta-quintanarroense-edson-arce-cruz-medalla-de-oro-e-impone-record-en-paratletismo-del-grand-prix-jalisco-2025-codeq\/\",\"url\":\"https:\/\/codeq.qroo.gob.mx\/index.php\/2025\/05\/15\/conquista-el-paratleta-quintanarroense-edson-arce-cruz-medalla-de-oro-e-impone-record-en-paratletismo-del-grand-prix-jalisco-2025-codeq\/\",\"name\":\"Conquista el paratleta quintanarroense Edson Arce Cruz medalla de oro e impone r\u00e9cord en paratletismo del Grand Prix Jalisco 2025: CODEQ - Comisi\u00f3n del Deporte de Quintana Roo\",\"isPartOf\":{\"@id\":\"https:\/\/codeq.qroo.gob.mx\/#website\"},\"primaryImageOfPage\":{\"@id\":\"https:\/\/codeq.qroo.gob.mx\/index.php\/2025\/05\/15\/conquista-el-paratleta-quintanarroense-edson-arce-cruz-medalla-de-oro-e-impone-record-en-paratletismo-del-grand-prix-jalisco-2025-codeq\/#primaryimage\"},\"image\":{\"@id\":\"https:\/\/codeq.qroo.gob.mx\/index.php\/2025\/05\/15\/conquista-el-paratleta-quintanarroense-edson-arce-cruz-medalla-de-oro-e-impone-record-en-paratletismo-del-grand-prix-jalisco-2025-codeq\/#primaryimage\"},\"thumbnailUrl\":\"https:\/\/codeq.qroo.gob.mx\/wp-content\/uploads\/2025\/05\/WhatsApp-Image-2025-05-15-at-4.08.44-PM.jpeg\",\"datePublished\":\"2025-05-15T21:46:34+00:00\",\"breadcrumb\":{\"@id\":\"https:\/\/codeq.qroo.gob.mx\/index.php\/2025\/05\/15\/conquista-el-paratleta-quintanarroense-edson-arce-cruz-medalla-de-oro-e-impone-record-en-paratletismo-del-grand-prix-jalisco-2025-codeq\/#breadcrumb\"},\"inLanguage\":\"es\",\"potentialAction\":[{\"@type\":\"ReadAction\",\"target\":[\"https:\/\/codeq.qroo.gob.mx\/index.php\/2025\/05\/15\/conquista-el-paratleta-quintanarroense-edson-arce-cruz-medalla-de-oro-e-impone-record-en-paratletismo-del-grand-prix-jalisco-2025-codeq\/\"]}]},{\"@type\":\"ImageObject\",\"inLanguage\":\"es\",\"@id\":\"https:\/\/codeq.qroo.gob.mx\/index.php\/2025\/05\/15\/conquista-el-paratleta-quintanarroense-edson-arce-cruz-medalla-de-oro-e-impone-record-en-paratletismo-del-grand-prix-jalisco-2025-codeq\/#primaryimage\",\"url\":\"https:\/\/codeq.qroo.gob.mx\/wp-content\/uploads\/2025\/05\/WhatsApp-Image-2025-05-15-at-4.08.44-PM.jpeg\",\"contentUrl\":\"https:\/\/codeq.qroo.gob.mx\/wp-content\/uploads\/2025\/05\/WhatsApp-Image-2025-05-15-at-4.08.44-PM.jpeg\",\"width\":1600,\"height\":1200},{\"@type\":\"BreadcrumbList\",\"@id\":\"https:\/\/codeq.qroo.gob.mx\/index.php\/2025\/05\/15\/conquista-el-paratleta-quintanarroense-edson-arce-cruz-medalla-de-oro-e-impone-record-en-paratletismo-del-grand-prix-jalisco-2025-codeq\/#breadcrumb\",\"itemListElement\":[{\"@type\":\"ListItem\",\"position\":1,\"name\":\"Inicio\",\"item\":\"https:\/\/codeq.qroo.gob.mx\/\"},{\"@type\":\"ListItem\",\"position\":2,\"name\":\"Conquista el paratleta quintanarroense Edson Arce Cruz medalla de oro e impone r\u00e9cord en paratletismo del Grand Prix Jalisco 2025: CODEQ\"}]},{\"@type\":\"WebSite\",\"@id\":\"https:\/\/codeq.qroo.gob.mx\/#website\",\"url\":\"https:\/\/codeq.qroo.gob.mx\/\",\"name\":\"Comisi\u00f3n del Deporte de Quintana Roo\",\"description\":\"CODEQ\",\"publisher\":{\"@id\":\"https:\/\/codeq.qroo.gob.mx\/#organization\"},\"potentialAction\":[{\"@type\":\"SearchAction\",\"target\":{\"@type\":\"EntryPoint\",\"urlTemplate\":\"https:\/\/codeq.qroo.gob.mx\/?s={search_term_string}\"},\"query-input\":{\"@type\":\"PropertyValueSpecification\",\"valueRequired\":true,\"valueName\":\"search_term_string\"}}],\"inLanguage\":\"es\"},{\"@type\":\"Organization\",\"@id\":\"https:\/\/codeq.qroo.gob.mx\/#organization\",\"name\":\"Comisi\u00f3n del Deporte de Quintana Roo\",\"url\":\"https:\/\/codeq.qroo.gob.mx\/\",\"logo\":{\"@type\":\"ImageObject\",\"inLanguage\":\"es\",\"@id\":\"https:\/\/codeq.qroo.gob.mx\/#\/schema\/logo\/image\/\",\"url\":\"https:\/\/codeq.qroo.gob.mx\/wp-content\/uploads\/2024\/07\/CODEQ.png\",\"contentUrl\":\"https:\/\/codeq.qroo.gob.mx\/wp-content\/uploads\/2024\/07\/CODEQ.png\",\"width\":3000,\"height\":1688,\"caption\":\"Comisi\u00f3n del Deporte de Quintana Roo\"},\"image\":{\"@id\":\"https:\/\/codeq.qroo.gob.mx\/#\/schema\/logo\/image\/\"}},{\"@type\":\"Person\",\"@id\":\"https:\/\/codeq.qroo.gob.mx\/#\/schema\/person\/08f280f71ae6986a008ff55cb6d46160\",\"name\":\"Jorge Antonio Carvajal Maldonado\",\"image\":{\"@type\":\"ImageObject\",\"inLanguage\":\"es\",\"@id\":\"https:\/\/codeq.qroo.gob.mx\/#\/schema\/person\/image\/\",\"url\":\"https:\/\/secure.gravatar.com\/avatar\/e61cdf534226ddcecdaed9988ec080e5df82259aa9a3e3f50abf5a5f2b95122f?s=96&d=mm&r=g\",\"contentUrl\":\"https:\/\/secure.gravatar.com\/avatar\/e61cdf534226ddcecdaed9988ec080e5df82259aa9a3e3f50abf5a5f2b95122f?s=96&d=mm&r=g\",\"caption\":\"Jorge Antonio Carvajal Maldonado\"},\"url\":\"https:\/\/codeq.qroo.gob.mx\/index.php\/author\/antonio\/\"}]}<\/script>\n<!-- \/ Yoast SEO plugin. -->","yoast_head_json":{"title":"Conquista el paratleta quintanarroense Edson Arce Cruz medalla de oro e impone r\u00e9cord en paratletismo del Grand Prix Jalisco 2025: CODEQ - Comisi\u00f3n del Deporte de Quintana Roo","robots":{"index":"index","follow":"follow","max-snippet":"max-snippet:-1","max-image-preview":"max-image-preview:large","max-video-preview":"max-video-preview:-1"},"canonical":"https:\/\/codeq.qroo.gob.mx\/index.php\/2025\/05\/15\/conquista-el-paratleta-quintanarroense-edson-arce-cruz-medalla-de-oro-e-impone-record-en-paratletismo-del-grand-prix-jalisco-2025-codeq\/","og_locale":"es_MX","og_type":"article","og_title":"Conquista el paratleta quintanarroense Edson Arce Cruz medalla de oro e impone r\u00e9cord en paratletismo del Grand Prix Jalisco 2025: CODEQ - Comisi\u00f3n del Deporte de Quintana Roo","og_description":"Con una marca de 1.56 metros, el quintanarroense Edson Arce Cruz se adjudic\u00f3 la medalla de oro para Quintana Roo y M\u00e9xico e impuso un r\u00e9cord nacional, durante su participaci\u00f3n en el Grand Prix Jalisco 2025 de deporte adaptado en la prueba Salto de Altura T44, durante la acci\u00f3n que se escenific\u00f3 en el Polideportivo ... Leer m\u00e1s","og_url":"https:\/\/codeq.qroo.gob.mx\/index.php\/2025\/05\/15\/conquista-el-paratleta-quintanarroense-edson-arce-cruz-medalla-de-oro-e-impone-record-en-paratletismo-del-grand-prix-jalisco-2025-codeq\/","og_site_name":"Comisi\u00f3n del Deporte de Quintana Roo","article_published_time":"2025-05-15T21:46:34+00:00","og_image":[{"width":1600,"height":1200,"url":"https:\/\/codeq.qroo.gob.mx\/wp-content\/uploads\/2025\/05\/WhatsApp-Image-2025-05-15-at-4.08.44-PM.jpeg","type":"image\/jpeg"}],"author":"Jorge Antonio Carvajal Maldonado","twitter_card":"summary_large_image","twitter_misc":{"Escrito por":"Jorge Antonio Carvajal Maldonado","Tiempo de lectura":"2 minutos"},"schema":{"@context":"https:\/\/schema.org","@graph":[{"@type":"Article","@id":"https:\/\/codeq.qroo.gob.mx\/index.php\/2025\/05\/15\/conquista-el-paratleta-quintanarroense-edson-arce-cruz-medalla-de-oro-e-impone-record-en-paratletismo-del-grand-prix-jalisco-2025-codeq\/#article","isPartOf":{"@id":"https:\/\/codeq.qroo.gob.mx\/index.php\/2025\/05\/15\/conquista-el-paratleta-quintanarroense-edson-arce-cruz-medalla-de-oro-e-impone-record-en-paratletismo-del-grand-prix-jalisco-2025-codeq\/"},"author":{"name":"Jorge Antonio Carvajal Maldonado","@id":"https:\/\/codeq.qroo.gob.mx\/#\/schema\/person\/08f280f71ae6986a008ff55cb6d46160"},"headline":"Conquista el paratleta quintanarroense Edson Arce Cruz medalla de oro e impone r\u00e9cord en paratletismo del Grand Prix Jalisco 2025: CODEQ","datePublished":"2025-05-15T21:46:34+00:00","mainEntityOfPage":{"@id":"https:\/\/codeq.qroo.gob.mx\/index.php\/2025\/05\/15\/conquista-el-paratleta-quintanarroense-edson-arce-cruz-medalla-de-oro-e-impone-record-en-paratletismo-del-grand-prix-jalisco-2025-codeq\/"},"wordCount":405,"commentCount":0,"publisher":{"@id":"https:\/\/codeq.qroo.gob.mx\/#organization"},"image":{"@id":"https:\/\/codeq.qroo.gob.mx\/index.php\/2025\/05\/15\/conquista-el-paratleta-quintanarroense-edson-arce-cruz-medalla-de-oro-e-impone-record-en-paratletismo-del-grand-prix-jalisco-2025-codeq\/#primaryimage"},"thumbnailUrl":"https:\/\/codeq.qroo.gob.mx\/wp-content\/uploads\/2025\/05\/WhatsApp-Image-2025-05-15-at-4.08.44-PM.jpeg","articleSection":["Noticias"],"inLanguage":"es","potentialAction":[{"@type":"CommentAction","name":"Comment","target":["https:\/\/codeq.qroo.gob.mx\/index.php\/2025\/05\/15\/conquista-el-paratleta-quintanarroense-edson-arce-cruz-medalla-de-oro-e-impone-record-en-paratletismo-del-grand-prix-jalisco-2025-codeq\/#respond"]}]},{"@type":"WebPage","@id":"https:\/\/codeq.qroo.gob.mx\/index.php\/2025\/05\/15\/conquista-el-paratleta-quintanarroense-edson-arce-cruz-medalla-de-oro-e-impone-record-en-paratletismo-del-grand-prix-jalisco-2025-codeq\/","url":"https:\/\/codeq.qroo.gob.mx\/index.php\/2025\/05\/15\/conquista-el-paratleta-quintanarroense-edson-arce-cruz-medalla-de-oro-e-impone-record-en-paratletismo-del-grand-prix-jalisco-2025-codeq\/","name":"Conquista el paratleta quintanarroense Edson Arce Cruz medalla de oro e impone r\u00e9cord en paratletismo del Grand Prix Jalisco 2025: CODEQ - Comisi\u00f3n del Deporte de Quintana Roo","isPartOf":{"@id":"https:\/\/codeq.qroo.gob.mx\/#website"},"primaryImageOfPage":{"@id":"https:\/\/codeq.qroo.gob.mx\/index.php\/2025\/05\/15\/conquista-el-paratleta-quintanarroense-edson-arce-cruz-medalla-de-oro-e-impone-record-en-paratletismo-del-grand-prix-jalisco-2025-codeq\/#primaryimage"},"image":{"@id":"https:\/\/codeq.qroo.gob.mx\/index.php\/2025\/05\/15\/conquista-el-paratleta-quintanarroense-edson-arce-cruz-medalla-de-oro-e-impone-record-en-paratletismo-del-grand-prix-jalisco-2025-codeq\/#primaryimage"},"thumbnailUrl":"https:\/\/codeq.qroo.gob.mx\/wp-content\/uploads\/2025\/05\/WhatsApp-Image-2025-05-15-at-4.08.44-PM.jpeg","datePublished":"2025-05-15T21:46:34+00:00","breadcrumb":{"@id":"https:\/\/codeq.qroo.gob.mx\/index.php\/2025\/05\/15\/conquista-el-paratleta-quintanarroense-edson-arce-cruz-medalla-de-oro-e-impone-record-en-paratletismo-del-grand-prix-jalisco-2025-codeq\/#breadcrumb"},"inLanguage":"es","potentialAction":[{"@type":"ReadAction","target":["https:\/\/codeq.qroo.gob.mx\/index.php\/2025\/05\/15\/conquista-el-paratleta-quintanarroense-edson-arce-cruz-medalla-de-oro-e-impone-record-en-paratletismo-del-grand-prix-jalisco-2025-codeq\/"]}]},{"@type":"ImageObject","inLanguage":"es","@id":"https:\/\/codeq.qroo.gob.mx\/index.php\/2025\/05\/15\/conquista-el-paratleta-quintanarroense-edson-arce-cruz-medalla-de-oro-e-impone-record-en-paratletismo-del-grand-prix-jalisco-2025-codeq\/#primaryimage","url":"https:\/\/codeq.qroo.gob.mx\/wp-content\/uploads\/2025\/05\/WhatsApp-Image-2025-05-15-at-4.08.44-PM.jpeg","contentUrl":"https:\/\/codeq.qroo.gob.mx\/wp-content\/uploads\/2025\/05\/WhatsApp-Image-2025-05-15-at-4.08.44-PM.jpeg","width":1600,"height":1200},{"@type":"BreadcrumbList","@id":"https:\/\/codeq.qroo.gob.mx\/index.php\/2025\/05\/15\/conquista-el-paratleta-quintanarroense-edson-arce-cruz-medalla-de-oro-e-impone-record-en-paratletismo-del-grand-prix-jalisco-2025-codeq\/#breadcrumb","itemListElement":[{"@type":"ListItem","position":1,"name":"Inicio","item":"https:\/\/codeq.qroo.gob.mx\/"},{"@type":"ListItem","position":2,"name":"Conquista el paratleta quintanarroense Edson Arce Cruz medalla de oro e impone r\u00e9cord en paratletismo del Grand Prix Jalisco 2025: CODEQ"}]},{"@type":"WebSite","@id":"https:\/\/codeq.qroo.gob.mx\/#website","url":"https:\/\/codeq.qroo.gob.mx\/","name":"Comisi\u00f3n del Deporte de Quintana Roo","description":"CODEQ","publisher":{"@id":"https:\/\/codeq.qroo.gob.mx\/#organization"},"potentialAction":[{"@type":"SearchAction","target":{"@type":"EntryPoint","urlTemplate":"https:\/\/codeq.qroo.gob.mx\/?s={search_term_string}"},"query-input":{"@type":"PropertyValueSpecification","valueRequired":true,"valueName":"search_term_string"}}],"inLanguage":"es"},{"@type":"Organization","@id":"https:\/\/codeq.qroo.gob.mx\/#organization","name":"Comisi\u00f3n del Deporte de Quintana Roo","url":"https:\/\/codeq.qroo.gob.mx\/","logo":{"@type":"ImageObject","inLanguage":"es","@id":"https:\/\/codeq.qroo.gob.mx\/#\/schema\/logo\/image\/","url":"https:\/\/codeq.qroo.gob.mx\/wp-content\/uploads\/2024\/07\/CODEQ.png","contentUrl":"https:\/\/codeq.qroo.gob.mx\/wp-content\/uploads\/2024\/07\/CODEQ.png","width":3000,"height":1688,"caption":"Comisi\u00f3n del Deporte de Quintana Roo"},"image":{"@id":"https:\/\/codeq.qroo.gob.mx\/#\/schema\/logo\/image\/"}},{"@type":"Person","@id":"https:\/\/codeq.qroo.gob.mx\/#\/schema\/person\/08f280f71ae6986a008ff55cb6d46160","name":"Jorge Antonio Carvajal Maldonado","image":{"@type":"ImageObject","inLanguage":"es","@id":"https:\/\/codeq.qroo.gob.mx\/#\/schema\/person\/image\/","url":"https:\/\/secure.gravatar.com\/avatar\/e61cdf534226ddcecdaed9988ec080e5df82259aa9a3e3f50abf5a5f2b95122f?s=96&d=mm&r=g","contentUrl":"https:\/\/secure.gravatar.com\/avatar\/e61cdf534226ddcecdaed9988ec080e5df82259aa9a3e3f50abf5a5f2b95122f?s=96&d=mm&r=g","caption":"Jorge Antonio Carvajal Maldonado"},"url":"https:\/\/codeq.qroo.gob.mx\/index.php\/author\/antonio\/"}]}},"_links":{"self":[{"href":"https:\/\/codeq.qroo.gob.mx\/index.php\/wp-json\/wp\/v2\/posts\/37314","targetHints":{"allow":["GET"]}}],"collection":[{"href":"https:\/\/codeq.qroo.gob.mx\/index.php\/wp-json\/wp\/v2\/posts"}],"about":[{"href":"https:\/\/codeq.qroo.gob.mx\/index.php\/wp-json\/wp\/v2\/types\/post"}],"author":[{"embeddable":true,"href":"https:\/\/codeq.qroo.gob.mx\/index.php\/wp-json\/wp\/v2\/users\/3"}],"replies":[{"embeddable":true,"href":"https:\/\/codeq.qroo.gob.mx\/index.php\/wp-json\/wp\/v2\/comments?post=37314"}],"version-history":[{"count":1,"href":"https:\/\/codeq.qroo.gob.mx\/index.php\/wp-json\/wp\/v2\/posts\/37314\/revisions"}],"predecessor-version":[{"id":37316,"href":"https:\/\/codeq.qroo.gob.mx\/index.php\/wp-json\/wp\/v2\/posts\/37314\/revisions\/37316"}],"wp:featuredmedia":[{"embeddable":true,"href":"https:\/\/codeq.qroo.gob.mx\/index.php\/wp-json\/wp\/v2\/media\/37315"}],"wp:attachment":[{"href":"https:\/\/codeq.qroo.gob.mx\/index.php\/wp-json\/wp\/v2\/media?parent=37314"}],"wp:term":[{"taxonomy":"category","embeddable":true,"href":"https:\/\/codeq.qroo.gob.mx\/index.php\/wp-json\/wp\/v2\/categories?post=37314"},{"taxonomy":"post_tag","embeddable":true,"href":"https:\/\/codeq.qroo.gob.mx\/index.php\/wp-json\/wp\/v2\/tags?post=37314"}],"curies":[{"name":"wp","href":"https:\/\/api.w.org\/{rel}","templated":true}]}}