{"id":37301,"date":"2025-05-15T16:45:48","date_gmt":"2025-05-15T21:45:48","guid":{"rendered":"https:\/\/codeq.qroo.gob.mx\/?p=37301"},"modified":"2025-05-15T16:45:50","modified_gmt":"2025-05-15T21:45:50","slug":"abandera-mara-lezama-a-la-delegacion-de-727-atletas-que-participara-en-la-olimpiada-y-paraolimpiada-nacional-conade-2025","status":"publish","type":"post","link":"https:\/\/codeq.qroo.gob.mx\/index.php\/2025\/05\/15\/abandera-mara-lezama-a-la-delegacion-de-727-atletas-que-participara-en-la-olimpiada-y-paraolimpiada-nacional-conade-2025\/","title":{"rendered":"Abandera Mara Lezama a la delegaci\u00f3n de 727 atletas que participar\u00e1 en la Olimpiada y Paraolimpiada Nacional CONADE 2025"},"content":{"rendered":"\n<p><\/p>\n\n\n\n<ul class=\"wp-block-list\">\n<li>Son orgullo de esta tierra y pueden llegar tan lejos como quieran, les dijo la Gobernadora<\/li>\n\n\n\n<li>Quintana Roo se convierte en potencia deportiva regional, por encima de estados como Yucat\u00e1n, Campeche, Veracruz, Tabasco, Chiapas, Oaxaca y Puebla<\/li>\n<\/ul>\n\n\n\n<p>Un total de 727 atletas quintanarroenses, 329 mujeres y 398 hombres, rindieron protesta ante la gobernadora Mara Lezama Espinosa en emotiva ceremonia que tuvo lugar en el Poliforum de Benito Ju\u00e1rez, integrantes todos de la delegaci\u00f3n que nos representar\u00e1 en la Olimpiada y Paraolimpiada Nacional CONADE 2025.<\/p>\n\n\n\n<p>\u201cHoy venimos a decirles que ustedes son el orgullo de esta tierra, la inspiraci\u00f3n de miles de ni\u00f1as y ni\u00f1os que sue\u00f1an con llegar tan lejos como ustedes. Esta bandera que hoy reciben al mismo tiempo paratletas, as\u00ed como atletas convencionales, es la historia de su esfuerzo, de sus entrenamientos bajo el sol, de las veces que se cayeron y<br>se levantaron, es el resultado de una verdadera inclusi\u00f3n, de transformar las diferencias en fortalezas, y hacer del respeto a la diversidad el verdadero motor del cambio\u201d, les expres\u00f3 la Gobernadora.<\/p>\n\n\n\n<p>Las y los deportistas quintanarroenses participar\u00e1n en las competencias que se desarrollan desde hoy hasta el 13 de julio en 5 sedes: Jalisco, Tlaxcala, Yucat\u00e1n, Colima y Puebla. Quintana Roo competir\u00e1 en 36 disciplinas en Olimpiada. En paraolimpiada, 56 paratletas participar\u00e1n en 6 disciplinas. Este a\u00f1o se tuvo un incremento del 24% en participaci\u00f3n respecto al 2024 (589 atletas).<\/p>\n\n\n\n<p>Al respecto, la gobernadora Mara Lezama dijo que aunque los n\u00fameros no lo dicen todo, s\u00ed reflejan algo muy importante: vamos creciendo, vamos incluyendo, vamos rompiendo barreras.<\/p>\n\n\n\n<p>La titular del Ejecutivo, acompa\u00f1ada de la presidenta municipal Ana Paty Peralta de la Pe\u00f1a, y del director de la CODEQ, Jacob Adri\u00e1n Arzate Hop, destac\u00f3 que para este gobierno humanista con coraz\u00f3n feminista el deporte es prioridad, no solo en el discurso, son hechos.<\/p>\n\n\n\n<p>Y cit\u00f3 que las becas para los deportistas est\u00e1n al d\u00eda, luego de recibir una deuda de m\u00e1s de 5 millones; se abri\u00f3 una convocatoria p\u00fablica, transparente, y ya se tienen 268 atletas becados por m\u00e9rito propio, por disciplina y entrega.<\/p>\n\n\n\n<p>Mara Lezama inform\u00f3 que este gobierno diferente ha invertido 380 millones de pesos en rehabilitar y rescatar espacios deportivos en el estado, como \u00e9ste reci\u00e9n rehabilitado Poliforum de Canc\u00fan.<\/p>\n\n\n\n<p>Ante las y los atletas abanderados, la gobernadora Mara Lezama afirm\u00f3 que Quintana Roo ya es potencia en la regi\u00f3n, por encima de Campeche, Yucat\u00e1n, Veracruz, Tabasco, Chiapas, Oaxaca y Puebla.<\/p>\n\n\n\n<p>En el mismo evento, la Gobernadora se dirigi\u00f3 a los pap\u00e1s, a las mam\u00e1s, a las y los entrenadores, felicit\u00e1ndolos porque estos logros son tambi\u00e9n de ellos. \u201cHoy, con esta bandera en alto, declaramos que en Quintana Roo el deporte es justicia, es inclusi\u00f3n, es esperanza. Porque aqu\u00ed construimos el segundo piso de la Cuarta Transformaci\u00f3n con fuerza, con<br>pasi\u00f3n y con ustedes, nuestras y nuestros campeones\u201d, puntualiz\u00f3.<\/p>\n\n\n\n<p>Recibieron la bandera de Quintana Roo de manos de la gobernadora Mara Lezama Goretti del Carmen Sosa Gamboa, medallista de paranataci\u00f3n, y Jer\u00f3nimo Abogado Irish Stephenson, medallista de vela.<\/p>\n\n\n\n<p>Participaron en el evento la presidenta honoraria del Sistema DIF Quintana Roo, Ver\u00f3nica Lezama Espinosa; la presidenta municipal Ana Paty Peralta de la Pe\u00f1a; los diputados locales Eric Arcila Arjona y Alexa Murgu\u00eda Trujillo; el s\u00edndico del ayuntamiento de Benito Ju\u00e1rez, Miguel \u00c1ngel Zenteno; y el secretario general del Ayuntamiento, Pablo Guti\u00e9rrez.<\/p>\n\n\n\n<figure class=\"wp-block-gallery has-nested-images columns-default is-cropped wp-block-gallery-1 is-layout-flex wp-block-gallery-is-layout-flex\">\n<figure class=\"wp-block-image size-large\"><img fetchpriority=\"high\" decoding=\"async\" width=\"1024\" height=\"683\" data-id=\"37302\" src=\"https:\/\/codeq.qroo.gob.mx\/wp-content\/uploads\/2025\/05\/WhatsApp-Image-2025-05-14-at-8.25.27-PM-1024x683.jpeg\" alt=\"\" class=\"wp-image-37302\" srcset=\"https:\/\/codeq.qroo.gob.mx\/wp-content\/uploads\/2025\/05\/WhatsApp-Image-2025-05-14-at-8.25.27-PM-1024x683.jpeg 1024w, https:\/\/codeq.qroo.gob.mx\/wp-content\/uploads\/2025\/05\/WhatsApp-Image-2025-05-14-at-8.25.27-PM-300x200.jpeg 300w, https:\/\/codeq.qroo.gob.mx\/wp-content\/uploads\/2025\/05\/WhatsApp-Image-2025-05-14-at-8.25.27-PM-768x512.jpeg 768w, https:\/\/codeq.qroo.gob.mx\/wp-content\/uploads\/2025\/05\/WhatsApp-Image-2025-05-14-at-8.25.27-PM-1536x1024.jpeg 1536w, https:\/\/codeq.qroo.gob.mx\/wp-content\/uploads\/2025\/05\/WhatsApp-Image-2025-05-14-at-8.25.27-PM-2048x1366.jpeg 2048w\" sizes=\"(max-width: 1024px) 100vw, 1024px\" \/><\/figure>\n\n\n\n<figure class=\"wp-block-image size-large\"><img decoding=\"async\" width=\"1024\" height=\"683\" data-id=\"37310\" src=\"https:\/\/codeq.qroo.gob.mx\/wp-content\/uploads\/2025\/05\/WhatsApp-Image-2025-05-14-at-8.25.26-PM2-1024x683.jpeg\" alt=\"\" class=\"wp-image-37310\" srcset=\"https:\/\/codeq.qroo.gob.mx\/wp-content\/uploads\/2025\/05\/WhatsApp-Image-2025-05-14-at-8.25.26-PM2-1024x683.jpeg 1024w, https:\/\/codeq.qroo.gob.mx\/wp-content\/uploads\/2025\/05\/WhatsApp-Image-2025-05-14-at-8.25.26-PM2-300x200.jpeg 300w, https:\/\/codeq.qroo.gob.mx\/wp-content\/uploads\/2025\/05\/WhatsApp-Image-2025-05-14-at-8.25.26-PM2-768x512.jpeg 768w, https:\/\/codeq.qroo.gob.mx\/wp-content\/uploads\/2025\/05\/WhatsApp-Image-2025-05-14-at-8.25.26-PM2-1536x1024.jpeg 1536w, https:\/\/codeq.qroo.gob.mx\/wp-content\/uploads\/2025\/05\/WhatsApp-Image-2025-05-14-at-8.25.26-PM2-2048x1366.jpeg 2048w\" sizes=\"(max-width: 1024px) 100vw, 1024px\" \/><\/figure>\n\n\n\n<figure class=\"wp-block-image size-large\"><img decoding=\"async\" width=\"1024\" height=\"683\" data-id=\"37307\" src=\"https:\/\/codeq.qroo.gob.mx\/wp-content\/uploads\/2025\/05\/WhatsApp-Image-2025-05-14-at-8.25.26-PM1-1024x683.jpeg\" alt=\"\" class=\"wp-image-37307\" srcset=\"https:\/\/codeq.qroo.gob.mx\/wp-content\/uploads\/2025\/05\/WhatsApp-Image-2025-05-14-at-8.25.26-PM1-1024x683.jpeg 1024w, https:\/\/codeq.qroo.gob.mx\/wp-content\/uploads\/2025\/05\/WhatsApp-Image-2025-05-14-at-8.25.26-PM1-300x200.jpeg 300w, https:\/\/codeq.qroo.gob.mx\/wp-content\/uploads\/2025\/05\/WhatsApp-Image-2025-05-14-at-8.25.26-PM1-768x512.jpeg 768w, https:\/\/codeq.qroo.gob.mx\/wp-content\/uploads\/2025\/05\/WhatsApp-Image-2025-05-14-at-8.25.26-PM1-1536x1024.jpeg 1536w, https:\/\/codeq.qroo.gob.mx\/wp-content\/uploads\/2025\/05\/WhatsApp-Image-2025-05-14-at-8.25.26-PM1-2048x1366.jpeg 2048w\" sizes=\"(max-width: 1024px) 100vw, 1024px\" \/><\/figure>\n\n\n\n<figure class=\"wp-block-image size-large\"><img loading=\"lazy\" decoding=\"async\" width=\"1024\" height=\"683\" data-id=\"37306\" src=\"https:\/\/codeq.qroo.gob.mx\/wp-content\/uploads\/2025\/05\/WhatsApp-Image-2025-05-14-at-8.25.26-PM-1024x683.jpeg\" alt=\"\" class=\"wp-image-37306\" srcset=\"https:\/\/codeq.qroo.gob.mx\/wp-content\/uploads\/2025\/05\/WhatsApp-Image-2025-05-14-at-8.25.26-PM-1024x683.jpeg 1024w, https:\/\/codeq.qroo.gob.mx\/wp-content\/uploads\/2025\/05\/WhatsApp-Image-2025-05-14-at-8.25.26-PM-300x200.jpeg 300w, https:\/\/codeq.qroo.gob.mx\/wp-content\/uploads\/2025\/05\/WhatsApp-Image-2025-05-14-at-8.25.26-PM-768x512.jpeg 768w, https:\/\/codeq.qroo.gob.mx\/wp-content\/uploads\/2025\/05\/WhatsApp-Image-2025-05-14-at-8.25.26-PM-1536x1024.jpeg 1536w, https:\/\/codeq.qroo.gob.mx\/wp-content\/uploads\/2025\/05\/WhatsApp-Image-2025-05-14-at-8.25.26-PM-2048x1366.jpeg 2048w\" sizes=\"(max-width: 1024px) 100vw, 1024px\" \/><\/figure>\n\n\n\n<figure class=\"wp-block-image size-large\"><img loading=\"lazy\" decoding=\"async\" width=\"1024\" height=\"576\" data-id=\"37308\" src=\"https:\/\/codeq.qroo.gob.mx\/wp-content\/uploads\/2025\/05\/WhatsApp-Image-2025-05-14-at-8.25.25-PM1-1024x576.jpeg\" alt=\"\" class=\"wp-image-37308\" srcset=\"https:\/\/codeq.qroo.gob.mx\/wp-content\/uploads\/2025\/05\/WhatsApp-Image-2025-05-14-at-8.25.25-PM1-1024x576.jpeg 1024w, https:\/\/codeq.qroo.gob.mx\/wp-content\/uploads\/2025\/05\/WhatsApp-Image-2025-05-14-at-8.25.25-PM1-300x169.jpeg 300w, https:\/\/codeq.qroo.gob.mx\/wp-content\/uploads\/2025\/05\/WhatsApp-Image-2025-05-14-at-8.25.25-PM1-768x432.jpeg 768w, https:\/\/codeq.qroo.gob.mx\/wp-content\/uploads\/2025\/05\/WhatsApp-Image-2025-05-14-at-8.25.25-PM1-1536x864.jpeg 1536w, https:\/\/codeq.qroo.gob.mx\/wp-content\/uploads\/2025\/05\/WhatsApp-Image-2025-05-14-at-8.25.25-PM1-2048x1152.jpeg 2048w\" sizes=\"(max-width: 1024px) 100vw, 1024px\" \/><\/figure>\n\n\n\n<figure class=\"wp-block-image size-large\"><img loading=\"lazy\" decoding=\"async\" width=\"1024\" height=\"683\" data-id=\"37311\" src=\"https:\/\/codeq.qroo.gob.mx\/wp-content\/uploads\/2025\/05\/WhatsApp-Image-2025-05-14-at-8.25.25-PM-1024x683.jpeg\" alt=\"\" class=\"wp-image-37311\" srcset=\"https:\/\/codeq.qroo.gob.mx\/wp-content\/uploads\/2025\/05\/WhatsApp-Image-2025-05-14-at-8.25.25-PM-1024x683.jpeg 1024w, https:\/\/codeq.qroo.gob.mx\/wp-content\/uploads\/2025\/05\/WhatsApp-Image-2025-05-14-at-8.25.25-PM-300x200.jpeg 300w, https:\/\/codeq.qroo.gob.mx\/wp-content\/uploads\/2025\/05\/WhatsApp-Image-2025-05-14-at-8.25.25-PM-768x512.jpeg 768w, https:\/\/codeq.qroo.gob.mx\/wp-content\/uploads\/2025\/05\/WhatsApp-Image-2025-05-14-at-8.25.25-PM-1536x1024.jpeg 1536w, https:\/\/codeq.qroo.gob.mx\/wp-content\/uploads\/2025\/05\/WhatsApp-Image-2025-05-14-at-8.25.25-PM-2048x1366.jpeg 2048w\" sizes=\"(max-width: 1024px) 100vw, 1024px\" \/><\/figure>\n\n\n\n<figure class=\"wp-block-image size-large\"><img loading=\"lazy\" decoding=\"async\" width=\"1024\" height=\"683\" data-id=\"37303\" src=\"https:\/\/codeq.qroo.gob.mx\/wp-content\/uploads\/2025\/05\/WhatsApp-Image-2025-05-14-at-8.25.24-PM-1024x683.jpeg\" alt=\"\" class=\"wp-image-37303\" srcset=\"https:\/\/codeq.qroo.gob.mx\/wp-content\/uploads\/2025\/05\/WhatsApp-Image-2025-05-14-at-8.25.24-PM-1024x683.jpeg 1024w, https:\/\/codeq.qroo.gob.mx\/wp-content\/uploads\/2025\/05\/WhatsApp-Image-2025-05-14-at-8.25.24-PM-300x200.jpeg 300w, https:\/\/codeq.qroo.gob.mx\/wp-content\/uploads\/2025\/05\/WhatsApp-Image-2025-05-14-at-8.25.24-PM-768x512.jpeg 768w, https:\/\/codeq.qroo.gob.mx\/wp-content\/uploads\/2025\/05\/WhatsApp-Image-2025-05-14-at-8.25.24-PM-1536x1024.jpeg 1536w, https:\/\/codeq.qroo.gob.mx\/wp-content\/uploads\/2025\/05\/WhatsApp-Image-2025-05-14-at-8.25.24-PM-2048x1366.jpeg 2048w\" sizes=\"(max-width: 1024px) 100vw, 1024px\" \/><\/figure>\n\n\n\n<figure class=\"wp-block-image size-large\"><img loading=\"lazy\" decoding=\"async\" width=\"1024\" height=\"683\" data-id=\"37304\" src=\"https:\/\/codeq.qroo.gob.mx\/wp-content\/uploads\/2025\/05\/WhatsApp-Image-2025-05-14-at-8.25.23-PM-1024x683.jpeg\" alt=\"\" class=\"wp-image-37304\" srcset=\"https:\/\/codeq.qroo.gob.mx\/wp-content\/uploads\/2025\/05\/WhatsApp-Image-2025-05-14-at-8.25.23-PM-1024x683.jpeg 1024w, https:\/\/codeq.qroo.gob.mx\/wp-content\/uploads\/2025\/05\/WhatsApp-Image-2025-05-14-at-8.25.23-PM-300x200.jpeg 300w, https:\/\/codeq.qroo.gob.mx\/wp-content\/uploads\/2025\/05\/WhatsApp-Image-2025-05-14-at-8.25.23-PM-768x512.jpeg 768w, https:\/\/codeq.qroo.gob.mx\/wp-content\/uploads\/2025\/05\/WhatsApp-Image-2025-05-14-at-8.25.23-PM-1536x1024.jpeg 1536w, https:\/\/codeq.qroo.gob.mx\/wp-content\/uploads\/2025\/05\/WhatsApp-Image-2025-05-14-at-8.25.23-PM-2048x1366.jpeg 2048w\" sizes=\"(max-width: 1024px) 100vw, 1024px\" \/><\/figure>\n\n\n\n<figure class=\"wp-block-image size-large\"><img loading=\"lazy\" decoding=\"async\" width=\"1024\" height=\"683\" data-id=\"37309\" src=\"https:\/\/codeq.qroo.gob.mx\/wp-content\/uploads\/2025\/05\/WhatsApp-Image-2025-05-14-at-8.25.22-PM1-1024x683.jpeg\" alt=\"\" class=\"wp-image-37309\" srcset=\"https:\/\/codeq.qroo.gob.mx\/wp-content\/uploads\/2025\/05\/WhatsApp-Image-2025-05-14-at-8.25.22-PM1-1024x683.jpeg 1024w, https:\/\/codeq.qroo.gob.mx\/wp-content\/uploads\/2025\/05\/WhatsApp-Image-2025-05-14-at-8.25.22-PM1-300x200.jpeg 300w, https:\/\/codeq.qroo.gob.mx\/wp-content\/uploads\/2025\/05\/WhatsApp-Image-2025-05-14-at-8.25.22-PM1-768x512.jpeg 768w, https:\/\/codeq.qroo.gob.mx\/wp-content\/uploads\/2025\/05\/WhatsApp-Image-2025-05-14-at-8.25.22-PM1-1536x1024.jpeg 1536w, https:\/\/codeq.qroo.gob.mx\/wp-content\/uploads\/2025\/05\/WhatsApp-Image-2025-05-14-at-8.25.22-PM1-2048x1366.jpeg 2048w\" sizes=\"(max-width: 1024px) 100vw, 1024px\" \/><\/figure>\n\n\n\n<figure class=\"wp-block-image size-large\"><img loading=\"lazy\" decoding=\"async\" width=\"1024\" height=\"683\" data-id=\"37305\" src=\"https:\/\/codeq.qroo.gob.mx\/wp-content\/uploads\/2025\/05\/WhatsApp-Image-2025-05-14-at-8.25.22-PM-1024x683.jpeg\" alt=\"\" class=\"wp-image-37305\" srcset=\"https:\/\/codeq.qroo.gob.mx\/wp-content\/uploads\/2025\/05\/WhatsApp-Image-2025-05-14-at-8.25.22-PM-1024x683.jpeg 1024w, https:\/\/codeq.qroo.gob.mx\/wp-content\/uploads\/2025\/05\/WhatsApp-Image-2025-05-14-at-8.25.22-PM-300x200.jpeg 300w, https:\/\/codeq.qroo.gob.mx\/wp-content\/uploads\/2025\/05\/WhatsApp-Image-2025-05-14-at-8.25.22-PM-768x512.jpeg 768w, https:\/\/codeq.qroo.gob.mx\/wp-content\/uploads\/2025\/05\/WhatsApp-Image-2025-05-14-at-8.25.22-PM-1536x1024.jpeg 1536w, https:\/\/codeq.qroo.gob.mx\/wp-content\/uploads\/2025\/05\/WhatsApp-Image-2025-05-14-at-8.25.22-PM-2048x1366.jpeg 2048w\" sizes=\"(max-width: 1024px) 100vw, 1024px\" \/><\/figure>\n\n\n\n<figure class=\"wp-block-image size-large\"><img loading=\"lazy\" decoding=\"async\" width=\"1024\" height=\"683\" data-id=\"37312\" src=\"https:\/\/codeq.qroo.gob.mx\/wp-content\/uploads\/2025\/05\/WhatsApp-Image-2025-05-14-at-8.25.21-PM-1024x683.jpeg\" alt=\"\" class=\"wp-image-37312\" srcset=\"https:\/\/codeq.qroo.gob.mx\/wp-content\/uploads\/2025\/05\/WhatsApp-Image-2025-05-14-at-8.25.21-PM-1024x683.jpeg 1024w, https:\/\/codeq.qroo.gob.mx\/wp-content\/uploads\/2025\/05\/WhatsApp-Image-2025-05-14-at-8.25.21-PM-300x200.jpeg 300w, https:\/\/codeq.qroo.gob.mx\/wp-content\/uploads\/2025\/05\/WhatsApp-Image-2025-05-14-at-8.25.21-PM-768x512.jpeg 768w, https:\/\/codeq.qroo.gob.mx\/wp-content\/uploads\/2025\/05\/WhatsApp-Image-2025-05-14-at-8.25.21-PM-1536x1024.jpeg 1536w, https:\/\/codeq.qroo.gob.mx\/wp-content\/uploads\/2025\/05\/WhatsApp-Image-2025-05-14-at-8.25.21-PM-2048x1366.jpeg 2048w\" sizes=\"(max-width: 1024px) 100vw, 1024px\" \/><\/figure>\n<\/figure>\n","protected":false},"excerpt":{"rendered":"<p>Un total de 727 atletas quintanarroenses, 329 mujeres y 398 hombres, rindieron protesta ante la gobernadora Mara Lezama Espinosa en emotiva ceremonia que tuvo lugar en el Poliforum de Benito Ju\u00e1rez, integrantes todos de la delegaci\u00f3n que nos representar\u00e1 en la Olimpiada y Paraolimpiada Nacional CONADE 2025. \u201cHoy venimos a decirles que ustedes son el &#8230; <a title=\"Abandera Mara Lezama a la delegaci\u00f3n de 727 atletas que participar\u00e1 en la Olimpiada y Paraolimpiada Nacional CONADE 2025\" class=\"read-more\" href=\"https:\/\/codeq.qroo.gob.mx\/index.php\/2025\/05\/15\/abandera-mara-lezama-a-la-delegacion-de-727-atletas-que-participara-en-la-olimpiada-y-paraolimpiada-nacional-conade-2025\/\" aria-label=\"Leer m\u00e1s sobre Abandera Mara Lezama a la delegaci\u00f3n de 727 atletas que participar\u00e1 en la Olimpiada y Paraolimpiada Nacional CONADE 2025\">Leer m\u00e1s<\/a><\/p>\n","protected":false},"author":3,"featured_media":37312,"comment_status":"open","ping_status":"open","sticky":false,"template":"","format":"standard","meta":{"footnotes":""},"categories":[5],"tags":[],"class_list":["post-37301","post","type-post","status-publish","format-standard","has-post-thumbnail","hentry","category-noticias"],"yoast_head":"<!-- This site is optimized with the Yoast SEO plugin v25.5 - https:\/\/yoast.com\/wordpress\/plugins\/seo\/ -->\n<title>Abandera Mara Lezama a la delegaci\u00f3n de 727 atletas que participar\u00e1 en la Olimpiada y Paraolimpiada Nacional CONADE 2025 - Comisi\u00f3n del Deporte de Quintana Roo<\/title>\n<meta name=\"robots\" content=\"index, follow, max-snippet:-1, max-image-preview:large, max-video-preview:-1\" \/>\n<link rel=\"canonical\" href=\"https:\/\/codeq.qroo.gob.mx\/index.php\/2025\/05\/15\/abandera-mara-lezama-a-la-delegacion-de-727-atletas-que-participara-en-la-olimpiada-y-paraolimpiada-nacional-conade-2025\/\" \/>\n<meta property=\"og:locale\" content=\"es_MX\" \/>\n<meta property=\"og:type\" content=\"article\" \/>\n<meta property=\"og:title\" content=\"Abandera Mara Lezama a la delegaci\u00f3n de 727 atletas que participar\u00e1 en la Olimpiada y Paraolimpiada Nacional CONADE 2025 - Comisi\u00f3n del Deporte de Quintana Roo\" \/>\n<meta property=\"og:description\" content=\"Un total de 727 atletas quintanarroenses, 329 mujeres y 398 hombres, rindieron protesta ante la gobernadora Mara Lezama Espinosa en emotiva ceremonia que tuvo lugar en el Poliforum de Benito Ju\u00e1rez, integrantes todos de la delegaci\u00f3n que nos representar\u00e1 en la Olimpiada y Paraolimpiada Nacional CONADE 2025. \u201cHoy venimos a decirles que ustedes son el ... Leer m\u00e1s\" \/>\n<meta property=\"og:url\" content=\"https:\/\/codeq.qroo.gob.mx\/index.php\/2025\/05\/15\/abandera-mara-lezama-a-la-delegacion-de-727-atletas-que-participara-en-la-olimpiada-y-paraolimpiada-nacional-conade-2025\/\" \/>\n<meta property=\"og:site_name\" content=\"Comisi\u00f3n del Deporte de Quintana Roo\" \/>\n<meta property=\"article:published_time\" content=\"2025-05-15T21:45:48+00:00\" \/>\n<meta property=\"article:modified_time\" content=\"2025-05-15T21:45:50+00:00\" \/>\n<meta property=\"og:image\" content=\"https:\/\/codeq.qroo.gob.mx\/wp-content\/uploads\/2025\/05\/WhatsApp-Image-2025-05-14-at-8.25.21-PM-scaled.jpeg\" \/>\n\t<meta property=\"og:image:width\" content=\"2560\" \/>\n\t<meta property=\"og:image:height\" content=\"1707\" \/>\n\t<meta property=\"og:image:type\" content=\"image\/jpeg\" \/>\n<meta name=\"author\" content=\"Jorge Antonio Carvajal Maldonado\" \/>\n<meta name=\"twitter:card\" content=\"summary_large_image\" \/>\n<meta name=\"twitter:label1\" content=\"Escrito por\" \/>\n\t<meta name=\"twitter:data1\" content=\"Jorge Antonio Carvajal Maldonado\" \/>\n\t<meta name=\"twitter:label2\" content=\"Tiempo de lectura\" \/>\n\t<meta name=\"twitter:data2\" content=\"5 minutos\" \/>\n<script type=\"application\/ld+json\" class=\"yoast-schema-graph\">{\"@context\":\"https:\/\/schema.org\",\"@graph\":[{\"@type\":\"Article\",\"@id\":\"https:\/\/codeq.qroo.gob.mx\/index.php\/2025\/05\/15\/abandera-mara-lezama-a-la-delegacion-de-727-atletas-que-participara-en-la-olimpiada-y-paraolimpiada-nacional-conade-2025\/#article\",\"isPartOf\":{\"@id\":\"https:\/\/codeq.qroo.gob.mx\/index.php\/2025\/05\/15\/abandera-mara-lezama-a-la-delegacion-de-727-atletas-que-participara-en-la-olimpiada-y-paraolimpiada-nacional-conade-2025\/\"},\"author\":{\"name\":\"Jorge Antonio Carvajal Maldonado\",\"@id\":\"https:\/\/codeq.qroo.gob.mx\/#\/schema\/person\/08f280f71ae6986a008ff55cb6d46160\"},\"headline\":\"Abandera Mara Lezama a la delegaci\u00f3n de 727 atletas que participar\u00e1 en la Olimpiada y Paraolimpiada Nacional CONADE 2025\",\"datePublished\":\"2025-05-15T21:45:48+00:00\",\"dateModified\":\"2025-05-15T21:45:50+00:00\",\"mainEntityOfPage\":{\"@id\":\"https:\/\/codeq.qroo.gob.mx\/index.php\/2025\/05\/15\/abandera-mara-lezama-a-la-delegacion-de-727-atletas-que-participara-en-la-olimpiada-y-paraolimpiada-nacional-conade-2025\/\"},\"wordCount\":599,\"commentCount\":0,\"publisher\":{\"@id\":\"https:\/\/codeq.qroo.gob.mx\/#organization\"},\"image\":{\"@id\":\"https:\/\/codeq.qroo.gob.mx\/index.php\/2025\/05\/15\/abandera-mara-lezama-a-la-delegacion-de-727-atletas-que-participara-en-la-olimpiada-y-paraolimpiada-nacional-conade-2025\/#primaryimage\"},\"thumbnailUrl\":\"https:\/\/codeq.qroo.gob.mx\/wp-content\/uploads\/2025\/05\/WhatsApp-Image-2025-05-14-at-8.25.21-PM-scaled.jpeg\",\"articleSection\":[\"Noticias\"],\"inLanguage\":\"es\",\"potentialAction\":[{\"@type\":\"CommentAction\",\"name\":\"Comment\",\"target\":[\"https:\/\/codeq.qroo.gob.mx\/index.php\/2025\/05\/15\/abandera-mara-lezama-a-la-delegacion-de-727-atletas-que-participara-en-la-olimpiada-y-paraolimpiada-nacional-conade-2025\/#respond\"]}]},{\"@type\":\"WebPage\",\"@id\":\"https:\/\/codeq.qroo.gob.mx\/index.php\/2025\/05\/15\/abandera-mara-lezama-a-la-delegacion-de-727-atletas-que-participara-en-la-olimpiada-y-paraolimpiada-nacional-conade-2025\/\",\"url\":\"https:\/\/codeq.qroo.gob.mx\/index.php\/2025\/05\/15\/abandera-mara-lezama-a-la-delegacion-de-727-atletas-que-participara-en-la-olimpiada-y-paraolimpiada-nacional-conade-2025\/\",\"name\":\"Abandera Mara Lezama a la delegaci\u00f3n de 727 atletas que participar\u00e1 en la Olimpiada y Paraolimpiada Nacional CONADE 2025 - Comisi\u00f3n del Deporte de Quintana Roo\",\"isPartOf\":{\"@id\":\"https:\/\/codeq.qroo.gob.mx\/#website\"},\"primaryImageOfPage\":{\"@id\":\"https:\/\/codeq.qroo.gob.mx\/index.php\/2025\/05\/15\/abandera-mara-lezama-a-la-delegacion-de-727-atletas-que-participara-en-la-olimpiada-y-paraolimpiada-nacional-conade-2025\/#primaryimage\"},\"image\":{\"@id\":\"https:\/\/codeq.qroo.gob.mx\/index.php\/2025\/05\/15\/abandera-mara-lezama-a-la-delegacion-de-727-atletas-que-participara-en-la-olimpiada-y-paraolimpiada-nacional-conade-2025\/#primaryimage\"},\"thumbnailUrl\":\"https:\/\/codeq.qroo.gob.mx\/wp-content\/uploads\/2025\/05\/WhatsApp-Image-2025-05-14-at-8.25.21-PM-scaled.jpeg\",\"datePublished\":\"2025-05-15T21:45:48+00:00\",\"dateModified\":\"2025-05-15T21:45:50+00:00\",\"breadcrumb\":{\"@id\":\"https:\/\/codeq.qroo.gob.mx\/index.php\/2025\/05\/15\/abandera-mara-lezama-a-la-delegacion-de-727-atletas-que-participara-en-la-olimpiada-y-paraolimpiada-nacional-conade-2025\/#breadcrumb\"},\"inLanguage\":\"es\",\"potentialAction\":[{\"@type\":\"ReadAction\",\"target\":[\"https:\/\/codeq.qroo.gob.mx\/index.php\/2025\/05\/15\/abandera-mara-lezama-a-la-delegacion-de-727-atletas-que-participara-en-la-olimpiada-y-paraolimpiada-nacional-conade-2025\/\"]}]},{\"@type\":\"ImageObject\",\"inLanguage\":\"es\",\"@id\":\"https:\/\/codeq.qroo.gob.mx\/index.php\/2025\/05\/15\/abandera-mara-lezama-a-la-delegacion-de-727-atletas-que-participara-en-la-olimpiada-y-paraolimpiada-nacional-conade-2025\/#primaryimage\",\"url\":\"https:\/\/codeq.qroo.gob.mx\/wp-content\/uploads\/2025\/05\/WhatsApp-Image-2025-05-14-at-8.25.21-PM-scaled.jpeg\",\"contentUrl\":\"https:\/\/codeq.qroo.gob.mx\/wp-content\/uploads\/2025\/05\/WhatsApp-Image-2025-05-14-at-8.25.21-PM-scaled.jpeg\",\"width\":2560,\"height\":1707},{\"@type\":\"BreadcrumbList\",\"@id\":\"https:\/\/codeq.qroo.gob.mx\/index.php\/2025\/05\/15\/abandera-mara-lezama-a-la-delegacion-de-727-atletas-que-participara-en-la-olimpiada-y-paraolimpiada-nacional-conade-2025\/#breadcrumb\",\"itemListElement\":[{\"@type\":\"ListItem\",\"position\":1,\"name\":\"Inicio\",\"item\":\"https:\/\/codeq.qroo.gob.mx\/\"},{\"@type\":\"ListItem\",\"position\":2,\"name\":\"Abandera Mara Lezama a la delegaci\u00f3n de 727 atletas que participar\u00e1 en la Olimpiada y Paraolimpiada Nacional CONADE 2025\"}]},{\"@type\":\"WebSite\",\"@id\":\"https:\/\/codeq.qroo.gob.mx\/#website\",\"url\":\"https:\/\/codeq.qroo.gob.mx\/\",\"name\":\"Comisi\u00f3n del Deporte de Quintana Roo\",\"description\":\"CODEQ\",\"publisher\":{\"@id\":\"https:\/\/codeq.qroo.gob.mx\/#organization\"},\"potentialAction\":[{\"@type\":\"SearchAction\",\"target\":{\"@type\":\"EntryPoint\",\"urlTemplate\":\"https:\/\/codeq.qroo.gob.mx\/?s={search_term_string}\"},\"query-input\":{\"@type\":\"PropertyValueSpecification\",\"valueRequired\":true,\"valueName\":\"search_term_string\"}}],\"inLanguage\":\"es\"},{\"@type\":\"Organization\",\"@id\":\"https:\/\/codeq.qroo.gob.mx\/#organization\",\"name\":\"Comisi\u00f3n del Deporte de Quintana Roo\",\"url\":\"https:\/\/codeq.qroo.gob.mx\/\",\"logo\":{\"@type\":\"ImageObject\",\"inLanguage\":\"es\",\"@id\":\"https:\/\/codeq.qroo.gob.mx\/#\/schema\/logo\/image\/\",\"url\":\"https:\/\/codeq.qroo.gob.mx\/wp-content\/uploads\/2024\/07\/CODEQ.png\",\"contentUrl\":\"https:\/\/codeq.qroo.gob.mx\/wp-content\/uploads\/2024\/07\/CODEQ.png\",\"width\":3000,\"height\":1688,\"caption\":\"Comisi\u00f3n del Deporte de Quintana Roo\"},\"image\":{\"@id\":\"https:\/\/codeq.qroo.gob.mx\/#\/schema\/logo\/image\/\"}},{\"@type\":\"Person\",\"@id\":\"https:\/\/codeq.qroo.gob.mx\/#\/schema\/person\/08f280f71ae6986a008ff55cb6d46160\",\"name\":\"Jorge Antonio Carvajal Maldonado\",\"image\":{\"@type\":\"ImageObject\",\"inLanguage\":\"es\",\"@id\":\"https:\/\/codeq.qroo.gob.mx\/#\/schema\/person\/image\/\",\"url\":\"https:\/\/secure.gravatar.com\/avatar\/e61cdf534226ddcecdaed9988ec080e5df82259aa9a3e3f50abf5a5f2b95122f?s=96&d=mm&r=g\",\"contentUrl\":\"https:\/\/secure.gravatar.com\/avatar\/e61cdf534226ddcecdaed9988ec080e5df82259aa9a3e3f50abf5a5f2b95122f?s=96&d=mm&r=g\",\"caption\":\"Jorge Antonio Carvajal Maldonado\"},\"url\":\"https:\/\/codeq.qroo.gob.mx\/index.php\/author\/antonio\/\"}]}<\/script>\n<!-- \/ Yoast SEO plugin. -->","yoast_head_json":{"title":"Abandera Mara Lezama a la delegaci\u00f3n de 727 atletas que participar\u00e1 en la Olimpiada y Paraolimpiada Nacional CONADE 2025 - Comisi\u00f3n del Deporte de Quintana Roo","robots":{"index":"index","follow":"follow","max-snippet":"max-snippet:-1","max-image-preview":"max-image-preview:large","max-video-preview":"max-video-preview:-1"},"canonical":"https:\/\/codeq.qroo.gob.mx\/index.php\/2025\/05\/15\/abandera-mara-lezama-a-la-delegacion-de-727-atletas-que-participara-en-la-olimpiada-y-paraolimpiada-nacional-conade-2025\/","og_locale":"es_MX","og_type":"article","og_title":"Abandera Mara Lezama a la delegaci\u00f3n de 727 atletas que participar\u00e1 en la Olimpiada y Paraolimpiada Nacional CONADE 2025 - Comisi\u00f3n del Deporte de Quintana Roo","og_description":"Un total de 727 atletas quintanarroenses, 329 mujeres y 398 hombres, rindieron protesta ante la gobernadora Mara Lezama Espinosa en emotiva ceremonia que tuvo lugar en el Poliforum de Benito Ju\u00e1rez, integrantes todos de la delegaci\u00f3n que nos representar\u00e1 en la Olimpiada y Paraolimpiada Nacional CONADE 2025. \u201cHoy venimos a decirles que ustedes son el ... Leer m\u00e1s","og_url":"https:\/\/codeq.qroo.gob.mx\/index.php\/2025\/05\/15\/abandera-mara-lezama-a-la-delegacion-de-727-atletas-que-participara-en-la-olimpiada-y-paraolimpiada-nacional-conade-2025\/","og_site_name":"Comisi\u00f3n del Deporte de Quintana Roo","article_published_time":"2025-05-15T21:45:48+00:00","article_modified_time":"2025-05-15T21:45:50+00:00","og_image":[{"width":2560,"height":1707,"url":"https:\/\/codeq.qroo.gob.mx\/wp-content\/uploads\/2025\/05\/WhatsApp-Image-2025-05-14-at-8.25.21-PM-scaled.jpeg","type":"image\/jpeg"}],"author":"Jorge Antonio Carvajal Maldonado","twitter_card":"summary_large_image","twitter_misc":{"Escrito por":"Jorge Antonio Carvajal Maldonado","Tiempo de lectura":"5 minutos"},"schema":{"@context":"https:\/\/schema.org","@graph":[{"@type":"Article","@id":"https:\/\/codeq.qroo.gob.mx\/index.php\/2025\/05\/15\/abandera-mara-lezama-a-la-delegacion-de-727-atletas-que-participara-en-la-olimpiada-y-paraolimpiada-nacional-conade-2025\/#article","isPartOf":{"@id":"https:\/\/codeq.qroo.gob.mx\/index.php\/2025\/05\/15\/abandera-mara-lezama-a-la-delegacion-de-727-atletas-que-participara-en-la-olimpiada-y-paraolimpiada-nacional-conade-2025\/"},"author":{"name":"Jorge Antonio Carvajal Maldonado","@id":"https:\/\/codeq.qroo.gob.mx\/#\/schema\/person\/08f280f71ae6986a008ff55cb6d46160"},"headline":"Abandera Mara Lezama a la delegaci\u00f3n de 727 atletas que participar\u00e1 en la Olimpiada y Paraolimpiada Nacional CONADE 2025","datePublished":"2025-05-15T21:45:48+00:00","dateModified":"2025-05-15T21:45:50+00:00","mainEntityOfPage":{"@id":"https:\/\/codeq.qroo.gob.mx\/index.php\/2025\/05\/15\/abandera-mara-lezama-a-la-delegacion-de-727-atletas-que-participara-en-la-olimpiada-y-paraolimpiada-nacional-conade-2025\/"},"wordCount":599,"commentCount":0,"publisher":{"@id":"https:\/\/codeq.qroo.gob.mx\/#organization"},"image":{"@id":"https:\/\/codeq.qroo.gob.mx\/index.php\/2025\/05\/15\/abandera-mara-lezama-a-la-delegacion-de-727-atletas-que-participara-en-la-olimpiada-y-paraolimpiada-nacional-conade-2025\/#primaryimage"},"thumbnailUrl":"https:\/\/codeq.qroo.gob.mx\/wp-content\/uploads\/2025\/05\/WhatsApp-Image-2025-05-14-at-8.25.21-PM-scaled.jpeg","articleSection":["Noticias"],"inLanguage":"es","potentialAction":[{"@type":"CommentAction","name":"Comment","target":["https:\/\/codeq.qroo.gob.mx\/index.php\/2025\/05\/15\/abandera-mara-lezama-a-la-delegacion-de-727-atletas-que-participara-en-la-olimpiada-y-paraolimpiada-nacional-conade-2025\/#respond"]}]},{"@type":"WebPage","@id":"https:\/\/codeq.qroo.gob.mx\/index.php\/2025\/05\/15\/abandera-mara-lezama-a-la-delegacion-de-727-atletas-que-participara-en-la-olimpiada-y-paraolimpiada-nacional-conade-2025\/","url":"https:\/\/codeq.qroo.gob.mx\/index.php\/2025\/05\/15\/abandera-mara-lezama-a-la-delegacion-de-727-atletas-que-participara-en-la-olimpiada-y-paraolimpiada-nacional-conade-2025\/","name":"Abandera Mara Lezama a la delegaci\u00f3n de 727 atletas que participar\u00e1 en la Olimpiada y Paraolimpiada Nacional CONADE 2025 - Comisi\u00f3n del Deporte de Quintana Roo","isPartOf":{"@id":"https:\/\/codeq.qroo.gob.mx\/#website"},"primaryImageOfPage":{"@id":"https:\/\/codeq.qroo.gob.mx\/index.php\/2025\/05\/15\/abandera-mara-lezama-a-la-delegacion-de-727-atletas-que-participara-en-la-olimpiada-y-paraolimpiada-nacional-conade-2025\/#primaryimage"},"image":{"@id":"https:\/\/codeq.qroo.gob.mx\/index.php\/2025\/05\/15\/abandera-mara-lezama-a-la-delegacion-de-727-atletas-que-participara-en-la-olimpiada-y-paraolimpiada-nacional-conade-2025\/#primaryimage"},"thumbnailUrl":"https:\/\/codeq.qroo.gob.mx\/wp-content\/uploads\/2025\/05\/WhatsApp-Image-2025-05-14-at-8.25.21-PM-scaled.jpeg","datePublished":"2025-05-15T21:45:48+00:00","dateModified":"2025-05-15T21:45:50+00:00","breadcrumb":{"@id":"https:\/\/codeq.qroo.gob.mx\/index.php\/2025\/05\/15\/abandera-mara-lezama-a-la-delegacion-de-727-atletas-que-participara-en-la-olimpiada-y-paraolimpiada-nacional-conade-2025\/#breadcrumb"},"inLanguage":"es","potentialAction":[{"@type":"ReadAction","target":["https:\/\/codeq.qroo.gob.mx\/index.php\/2025\/05\/15\/abandera-mara-lezama-a-la-delegacion-de-727-atletas-que-participara-en-la-olimpiada-y-paraolimpiada-nacional-conade-2025\/"]}]},{"@type":"ImageObject","inLanguage":"es","@id":"https:\/\/codeq.qroo.gob.mx\/index.php\/2025\/05\/15\/abandera-mara-lezama-a-la-delegacion-de-727-atletas-que-participara-en-la-olimpiada-y-paraolimpiada-nacional-conade-2025\/#primaryimage","url":"https:\/\/codeq.qroo.gob.mx\/wp-content\/uploads\/2025\/05\/WhatsApp-Image-2025-05-14-at-8.25.21-PM-scaled.jpeg","contentUrl":"https:\/\/codeq.qroo.gob.mx\/wp-content\/uploads\/2025\/05\/WhatsApp-Image-2025-05-14-at-8.25.21-PM-scaled.jpeg","width":2560,"height":1707},{"@type":"BreadcrumbList","@id":"https:\/\/codeq.qroo.gob.mx\/index.php\/2025\/05\/15\/abandera-mara-lezama-a-la-delegacion-de-727-atletas-que-participara-en-la-olimpiada-y-paraolimpiada-nacional-conade-2025\/#breadcrumb","itemListElement":[{"@type":"ListItem","position":1,"name":"Inicio","item":"https:\/\/codeq.qroo.gob.mx\/"},{"@type":"ListItem","position":2,"name":"Abandera Mara Lezama a la delegaci\u00f3n de 727 atletas que participar\u00e1 en la Olimpiada y Paraolimpiada Nacional CONADE 2025"}]},{"@type":"WebSite","@id":"https:\/\/codeq.qroo.gob.mx\/#website","url":"https:\/\/codeq.qroo.gob.mx\/","name":"Comisi\u00f3n del Deporte de Quintana Roo","description":"CODEQ","publisher":{"@id":"https:\/\/codeq.qroo.gob.mx\/#organization"},"potentialAction":[{"@type":"SearchAction","target":{"@type":"EntryPoint","urlTemplate":"https:\/\/codeq.qroo.gob.mx\/?s={search_term_string}"},"query-input":{"@type":"PropertyValueSpecification","valueRequired":true,"valueName":"search_term_string"}}],"inLanguage":"es"},{"@type":"Organization","@id":"https:\/\/codeq.qroo.gob.mx\/#organization","name":"Comisi\u00f3n del Deporte de Quintana Roo","url":"https:\/\/codeq.qroo.gob.mx\/","logo":{"@type":"ImageObject","inLanguage":"es","@id":"https:\/\/codeq.qroo.gob.mx\/#\/schema\/logo\/image\/","url":"https:\/\/codeq.qroo.gob.mx\/wp-content\/uploads\/2024\/07\/CODEQ.png","contentUrl":"https:\/\/codeq.qroo.gob.mx\/wp-content\/uploads\/2024\/07\/CODEQ.png","width":3000,"height":1688,"caption":"Comisi\u00f3n del Deporte de Quintana Roo"},"image":{"@id":"https:\/\/codeq.qroo.gob.mx\/#\/schema\/logo\/image\/"}},{"@type":"Person","@id":"https:\/\/codeq.qroo.gob.mx\/#\/schema\/person\/08f280f71ae6986a008ff55cb6d46160","name":"Jorge Antonio Carvajal Maldonado","image":{"@type":"ImageObject","inLanguage":"es","@id":"https:\/\/codeq.qroo.gob.mx\/#\/schema\/person\/image\/","url":"https:\/\/secure.gravatar.com\/avatar\/e61cdf534226ddcecdaed9988ec080e5df82259aa9a3e3f50abf5a5f2b95122f?s=96&d=mm&r=g","contentUrl":"https:\/\/secure.gravatar.com\/avatar\/e61cdf534226ddcecdaed9988ec080e5df82259aa9a3e3f50abf5a5f2b95122f?s=96&d=mm&r=g","caption":"Jorge Antonio Carvajal Maldonado"},"url":"https:\/\/codeq.qroo.gob.mx\/index.php\/author\/antonio\/"}]}},"_links":{"self":[{"href":"https:\/\/codeq.qroo.gob.mx\/index.php\/wp-json\/wp\/v2\/posts\/37301","targetHints":{"allow":["GET"]}}],"collection":[{"href":"https:\/\/codeq.qroo.gob.mx\/index.php\/wp-json\/wp\/v2\/posts"}],"about":[{"href":"https:\/\/codeq.qroo.gob.mx\/index.php\/wp-json\/wp\/v2\/types\/post"}],"author":[{"embeddable":true,"href":"https:\/\/codeq.qroo.gob.mx\/index.php\/wp-json\/wp\/v2\/users\/3"}],"replies":[{"embeddable":true,"href":"https:\/\/codeq.qroo.gob.mx\/index.php\/wp-json\/wp\/v2\/comments?post=37301"}],"version-history":[{"count":1,"href":"https:\/\/codeq.qroo.gob.mx\/index.php\/wp-json\/wp\/v2\/posts\/37301\/revisions"}],"predecessor-version":[{"id":37313,"href":"https:\/\/codeq.qroo.gob.mx\/index.php\/wp-json\/wp\/v2\/posts\/37301\/revisions\/37313"}],"wp:featuredmedia":[{"embeddable":true,"href":"https:\/\/codeq.qroo.gob.mx\/index.php\/wp-json\/wp\/v2\/media\/37312"}],"wp:attachment":[{"href":"https:\/\/codeq.qroo.gob.mx\/index.php\/wp-json\/wp\/v2\/media?parent=37301"}],"wp:term":[{"taxonomy":"category","embeddable":true,"href":"https:\/\/codeq.qroo.gob.mx\/index.php\/wp-json\/wp\/v2\/categories?post=37301"},{"taxonomy":"post_tag","embeddable":true,"href":"https:\/\/codeq.qroo.gob.mx\/index.php\/wp-json\/wp\/v2\/tags?post=37301"}],"curies":[{"name":"wp","href":"https:\/\/api.w.org\/{rel}","templated":true}]}}